{"id":167471,"date":"2015-04-07T18:53:56","date_gmt":"2015-04-07T18:53:56","guid":{"rendered":"https:\/\/www.meydan.tv\/article\/arqamuntun-bakiya-seferi-texire-dusub\/"},"modified":"2015-04-07T18:53:56","modified_gmt":"2015-04-07T18:53:56","slug":"arqamuntun-bakiya-seferi-texire-dusub","status":"publish","type":"post","link":"https:\/\/www.meydan.tv\/az\/article\/arqamuntun-bakiya-seferi-texire-dusub\/","title":{"rendered":"Arqamuntun Bak\u0131ya s\u0259f\u0259ri t\u0259xir\u0259 d\u00fc\u015f\u00fcb"},"content":{"rendered":"<figure class=\"wp-block-image size-large\">\n  <img decoding=\"async\" src=\"https:\/\/www.meydan.tv\/az\/22436\/\" alt=\"\" class=\"wp-image-22436\"\/><figcaption><\/figcaption><\/figure>\n<figure class=\"wp-block-image size-large\">\n  <img decoding=\"async\" src=\"https:\/\/www.meydan.tv\/az\/22436\/\" alt=\"\" class=\"wp-image-22436\"\/><figcaption><\/figcaption><\/figure>\n<p>\n  <i><br \/>\n    A\u015ePA \u00fczv\u00fc haz\u0131rlad\u0131\u011f\u0131 m\u0259ruz\u0259 il\u0259 \u0259laq\u0259d\u0259r Az\u0259rbaycana g\u0259lm\u0259li idi<br \/>\n  <\/i>\n<\/p>\n<div>\n<p>\n      A\u015ePA \u00fczv\u00fc, ispaniyal\u0131 deputat Pedro Aqramunt Bak\u0131ya aprelin 8-9-da n\u0259z\u0259rd\u0259 tutulan s\u0259f\u0259rini l\u0259\u011fv edib.\n    <\/p>\n<p>\n      &#8220;S\u0259f\u0259r g\u00f6zl\u0259nilm\u0259y\u0259n hallarla \u0259laq\u0259dar t\u0259xir\u0259 sal\u0131n\u0131b&#8221;, &#8211; dey\u0259 Avropa \u015euras\u0131n\u0131n Twitter-d\u0259ki r\u0259smi s\u0259hif\u0259sind\u0259 yerl\u0259\u015fdirilmi\u015f m\u0259lumatda bildirilir.\n    <\/p>\n<p>\n      Aqramuntun missiyas\u0131 A\u015ePA-n\u0131n h\u00fcquq m\u0259s\u0259l\u0259l\u0259ri v\u0259 insan h\u00fcquqlar\u0131 \u00fczr\u0259 komit\u0259si \u00fc\u00e7\u00fcn \u201cAz\u0259rbaycan\u0131n Avropa \u015euras\u0131na s\u0259drliyi: insan h\u00fcquqlar\u0131na h\u00f6rm\u0259t sah\u0259sind\u0259 hans\u0131 t\u0259dbirl\u0259r g\u00f6r\u00fcl\u00fcb?\u201d m\u00f6vzusunda m\u0259ruz\u0259 haz\u0131rlamas\u0131 il\u0259 \u0259laq\u0259dar planla\u015fd\u0131r\u0131l\u0131rd\u0131.\n    <\/p>\n<p>\n      A\u015ePA komit\u0259si Aqramunta m\u0259ruz\u0259 haz\u0131rlama\u011f\u0131 h\u0259l\u0259 2014-c\u00fc ilin iyununda, yerli f\u0259allar\u0131n siyasi m\u0259hbuslar problemi il\u0259 ba\u011fl\u0131 \u00e7oxsayl\u0131 m\u00fcraci\u0259tl\u0259rind\u0259n sonra tap\u015f\u0131rm\u0131\u015fd\u0131.\n    <\/p>\n<p>\n      Bu, Az\u0259rbaycan\u0131n A\u015e Nazirl\u0259r Komit\u0259sin\u0259 s\u0259drliyinin ba\u015flan\u011f\u0131c\u0131 il\u0259 eyni vaxta t\u0259sad\u00fcf edib.\n    <\/p>\n<p>\n      Az\u0259rbaycan\u0131n s\u0259drliyi d\u00f6vr\u00fcnd\u0259 v\u0259ziyy\u0259t n\u0259inki yax\u015f\u0131la\u015fmay\u0131b, \u0259ksin\u0259, pisl\u0259\u015fib: Avropa \u015euras\u0131na siyasi m\u0259hbuslar problemi haqq\u0131nda m\u0259lumat ver\u0259n h\u00fcquq m\u00fcdafi\u0259\u00e7il\u0259rinin h\u0259bsl\u0259ri davam edib.\n    <\/p>\n<p>\n      B\u00fct\u00fcn bu m\u00fcdd\u0259t \u0259rzind\u0259 Aqramunt m\u00fcnasib\u0259t bildirm\u0259yib v\u0259 bir d\u0259f\u0259 d\u0259 Az\u0259rbaycana g\u0259lm\u0259yib. Yaln\u0131z martda o, A\u015ePA Monitorinq Komit\u0259sinin dig\u0259r h\u0259mm\u0259ruz\u0259\u00e7isi, Pol\u015fal\u0131 h\u0259mkar\u0131 Tadeu\u015f \u0130vinski il\u0259 birlikd\u0259 Az\u0259rbaycana q\u0131sa s\u0259f\u0259r edib.\n    <\/p>\n<p>\n      Bu zaman h\u0259r iki m\u0259ruz\u0259\u00e7i ictimai b\u0259yanatlardan uzaq durublar v\u0259 m\u0259tbuat konfrans\u0131 ke\u00e7irm\u0259yibl\u0259r. (&#8220;Turan&#8221; \u0130A)\n    <\/p>\n<\/p><\/div><\/p>\n","protected":false},"excerpt":{"rendered":"<p>A\u015ePA \u00fczv\u00fc haz\u0131rlad\u0131\u011f\u0131 m\u0259ruz\u0259 il\u0259 \u0259laq\u0259d\u0259r Az\u0259rbaycana g\u0259lm\u0259li idi<\/p>\n","protected":false},"author":11,"featured_media":22436,"comment_status":"closed","ping_status":"open","sticky":false,"template":"","format":"standard","meta":{"_acf_changed":false,"_sitemap_exclude":false,"_sitemap_priority":"","_sitemap_frequency":"","footnotes":""},"categories":[56],"tags":[],"class_list":["post-167471","post","type-post","status-publish","format-standard","has-post-thumbnail","hentry","category-xeberler","infinite-scroll-item","generate-columns","tablet-grid-50","mobile-grid-100","grid-parent","grid-33","no-featured-image-padding"],"acf":[],"yoast_head":"<!-- This site is optimized with the Yoast SEO plugin v28.4 - https:\/\/yoast.com\/product\/yoast-seo-wordpress\/ -->\n<title>Arqamuntun Bak\u0131ya s\u0259f\u0259ri t\u0259xir\u0259 d\u00fc\u015f\u00fcb - MEYDAN.TV<\/title>\n<meta name=\"robots\" content=\"index, follow, max-snippet:-1, max-image-preview:large, max-video-preview:-1\" \/>\n<link rel=\"canonical\" href=\"https:\/\/www.meydan.tv\/az\/article\/arqamuntun-bakiya-seferi-texire-dusub\/\" \/>\n<meta property=\"og:locale\" content=\"az_AZ\" \/>\n<meta property=\"og:type\" content=\"article\" \/>\n<meta property=\"og:title\" content=\"Arqamuntun Bak\u0131ya s\u0259f\u0259ri t\u0259xir\u0259 d\u00fc\u015f\u00fcb - MEYDAN.TV\" \/>\n<meta property=\"og:description\" content=\"A\u015ePA \u00fczv\u00fc haz\u0131rlad\u0131\u011f\u0131 m\u0259ruz\u0259 il\u0259 \u0259laq\u0259d\u0259r Az\u0259rbaycana g\u0259lm\u0259li idi\" \/>\n<meta property=\"og:url\" content=\"https:\/\/www.meydan.tv\/az\/article\/arqamuntun-bakiya-seferi-texire-dusub\/\" \/>\n<meta property=\"og:site_name\" content=\"MEYDAN.TV\" \/>\n<meta property=\"article:published_time\" content=\"2015-04-07T18:53:56+00:00\" \/>\n<meta property=\"og:image\" content=\"https:\/\/www.meydan.tv\/wp-content\/uploads\/8139.jpg\" \/>\n\t<meta property=\"og:image:width\" content=\"400\" \/>\n\t<meta property=\"og:image:height\" content=\"300\" \/>\n\t<meta property=\"og:image:type\" content=\"image\/jpeg\" \/>\n<meta name=\"twitter:card\" content=\"summary_large_image\" \/>\n<!-- \/ Yoast SEO plugin. -->","yoast_head_json":{"title":"Arqamuntun Bak\u0131ya s\u0259f\u0259ri t\u0259xir\u0259 d\u00fc\u015f\u00fcb - MEYDAN.TV","robots":{"index":"index","follow":"follow","max-snippet":"max-snippet:-1","max-image-preview":"max-image-preview:large","max-video-preview":"max-video-preview:-1"},"canonical":"https:\/\/www.meydan.tv\/az\/article\/arqamuntun-bakiya-seferi-texire-dusub\/","og_locale":"az_AZ","og_type":"article","og_title":"Arqamuntun Bak\u0131ya s\u0259f\u0259ri t\u0259xir\u0259 d\u00fc\u015f\u00fcb - MEYDAN.TV","og_description":"A\u015ePA \u00fczv\u00fc haz\u0131rlad\u0131\u011f\u0131 m\u0259ruz\u0259 il\u0259 \u0259laq\u0259d\u0259r Az\u0259rbaycana g\u0259lm\u0259li idi","og_url":"https:\/\/www.meydan.tv\/az\/article\/arqamuntun-bakiya-seferi-texire-dusub\/","og_site_name":"MEYDAN.TV","article_published_time":"2015-04-07T18:53:56+00:00","og_image":[{"width":400,"height":300,"url":"https:\/\/www.meydan.tv\/wp-content\/uploads\/8139.jpg","type":"image\/jpeg"}],"twitter_card":"summary_large_image","schema":{"@context":"https:\/\/schema.org","@graph":[{"@type":"Article","@id":"https:\/\/www.meydan.tv\/az\/article\/arqamuntun-bakiya-seferi-texire-dusub\/#article","isPartOf":{"@id":"https:\/\/www.meydan.tv\/az\/article\/arqamuntun-bakiya-seferi-texire-dusub\/"},"author":{"name":"user-manager","@id":"https:\/\/www.meydan.tv\/az\/#\/schema\/person\/10d11eccf6da3662cf5fdab9806ea91a"},"headline":"Arqamuntun Bak\u0131ya s\u0259f\u0259ri t\u0259xir\u0259 d\u00fc\u015f\u00fcb","datePublished":"2015-04-07T18:53:56+00:00","mainEntityOfPage":{"@id":"https:\/\/www.meydan.tv\/az\/article\/arqamuntun-bakiya-seferi-texire-dusub\/"},"wordCount":320,"publisher":{"@id":"https:\/\/www.meydan.tv\/az\/#organization"},"image":{"@id":"https:\/\/www.meydan.tv\/az\/article\/arqamuntun-bakiya-seferi-texire-dusub\/#primaryimage"},"thumbnailUrl":"https:\/\/www.meydan.tv\/wp-content\/uploads\/8139.jpg","articleSection":["X\u0259b\u0259rl\u0259r"],"inLanguage":"az"},{"@type":"WebPage","@id":"https:\/\/www.meydan.tv\/az\/article\/arqamuntun-bakiya-seferi-texire-dusub\/","url":"https:\/\/www.meydan.tv\/az\/article\/arqamuntun-bakiya-seferi-texire-dusub\/","name":"Arqamuntun Bak\u0131ya s\u0259f\u0259ri t\u0259xir\u0259 d\u00fc\u015f\u00fcb - MEYDAN.TV","isPartOf":{"@id":"https:\/\/www.meydan.tv\/az\/#website"},"primaryImageOfPage":{"@id":"https:\/\/www.meydan.tv\/az\/article\/arqamuntun-bakiya-seferi-texire-dusub\/#primaryimage"},"image":{"@id":"https:\/\/www.meydan.tv\/az\/article\/arqamuntun-bakiya-seferi-texire-dusub\/#primaryimage"},"thumbnailUrl":"https:\/\/www.meydan.tv\/wp-content\/uploads\/8139.jpg","datePublished":"2015-04-07T18:53:56+00:00","breadcrumb":{"@id":"https:\/\/www.meydan.tv\/az\/article\/arqamuntun-bakiya-seferi-texire-dusub\/#breadcrumb"},"inLanguage":"az","potentialAction":[{"@type":"ReadAction","target":["https:\/\/www.meydan.tv\/az\/article\/arqamuntun-bakiya-seferi-texire-dusub\/"]}]},{"@type":"ImageObject","inLanguage":"az","@id":"https:\/\/www.meydan.tv\/az\/article\/arqamuntun-bakiya-seferi-texire-dusub\/#primaryimage","url":"https:\/\/www.meydan.tv\/wp-content\/uploads\/8139.jpg","contentUrl":"https:\/\/www.meydan.tv\/wp-content\/uploads\/8139.jpg","width":400,"height":300,"caption":"Source:"},{"@type":"BreadcrumbList","@id":"https:\/\/www.meydan.tv\/az\/article\/arqamuntun-bakiya-seferi-texire-dusub\/#breadcrumb","itemListElement":[{"@type":"ListItem","position":1,"name":"Ana s\u0259hif\u0259","item":"https:\/\/www.meydan.tv\/az\/"},{"@type":"ListItem","position":2,"name":"X\u0259b\u0259rl\u0259r","item":"https:\/\/www.meydan.tv\/az\/section\/xeberler\/"},{"@type":"ListItem","position":3,"name":"Arqamuntun Bak\u0131ya s\u0259f\u0259ri t\u0259xir\u0259 d\u00fc\u015f\u00fcb"}]},{"@type":"WebSite","@id":"https:\/\/www.meydan.tv\/az\/#website","url":"https:\/\/www.meydan.tv\/az\/","name":"MEYDAN.TV","description":"Meydan TV Az\u0259rbaycan\u0131n media m\u0259kan\u0131ndak\u0131 alternativ s\u0259sidir","publisher":{"@id":"https:\/\/www.meydan.tv\/az\/#organization"},"potentialAction":[{"@type":"SearchAction","target":{"@type":"EntryPoint","urlTemplate":"https:\/\/www.meydan.tv\/az\/?s={search_term_string}"},"query-input":{"@type":"PropertyValueSpecification","valueRequired":true,"valueName":"search_term_string"}}],"inLanguage":"az"},{"@type":"Organization","@id":"https:\/\/www.meydan.tv\/az\/#organization","name":"Meydan TV","url":"https:\/\/www.meydan.tv\/az\/","logo":{"@type":"ImageObject","inLanguage":"az","@id":"https:\/\/www.meydan.tv\/az\/#\/schema\/logo\/image\/","url":"https:\/\/www.meydan.tv\/wp-content\/uploads\/2021\/07\/meydan-logo.svg","contentUrl":"https:\/\/www.meydan.tv\/wp-content\/uploads\/2021\/07\/meydan-logo.svg","width":195,"height":46,"caption":"Meydan TV"},"image":{"@id":"https:\/\/www.meydan.tv\/az\/#\/schema\/logo\/image\/"}},{"@type":"Person","@id":"https:\/\/www.meydan.tv\/az\/#\/schema\/person\/10d11eccf6da3662cf5fdab9806ea91a","name":"user-manager"}]}},"_links":{"self":[{"href":"https:\/\/www.meydan.tv\/az\/wp-json\/wp\/v2\/posts\/167471","targetHints":{"allow":["GET"]}}],"collection":[{"href":"https:\/\/www.meydan.tv\/az\/wp-json\/wp\/v2\/posts"}],"about":[{"href":"https:\/\/www.meydan.tv\/az\/wp-json\/wp\/v2\/types\/post"}],"author":[{"embeddable":true,"href":"https:\/\/www.meydan.tv\/az\/wp-json\/wp\/v2\/users\/11"}],"replies":[{"embeddable":true,"href":"https:\/\/www.meydan.tv\/az\/wp-json\/wp\/v2\/comments?post=167471"}],"version-history":[{"count":0,"href":"https:\/\/www.meydan.tv\/az\/wp-json\/wp\/v2\/posts\/167471\/revisions"}],"wp:featuredmedia":[{"embeddable":true,"href":"https:\/\/www.meydan.tv\/az\/wp-json\/wp\/v2\/media\/22436"}],"wp:attachment":[{"href":"https:\/\/www.meydan.tv\/az\/wp-json\/wp\/v2\/media?parent=167471"}],"wp:term":[{"taxonomy":"category","embeddable":true,"href":"https:\/\/www.meydan.tv\/az\/wp-json\/wp\/v2\/categories?post=167471"},{"taxonomy":"post_tag","embeddable":true,"href":"https:\/\/www.meydan.tv\/az\/wp-json\/wp\/v2\/tags?post=167471"}],"curies":[{"name":"wp","href":"https:\/\/api.w.org\/{rel}","templated":true}]}}