{"id":167469,"date":"2015-04-07T18:18:50","date_gmt":"2015-04-07T18:18:50","guid":{"rendered":"https:\/\/www.meydan.tv\/article\/intiqam-eliyev-cixarilacaq-qerari-bilirem\/"},"modified":"2015-04-07T18:18:50","modified_gmt":"2015-04-07T18:18:50","slug":"intiqam-eliyev-cixarilacaq-qerari-bilirem","status":"publish","type":"post","link":"https:\/\/www.meydan.tv\/az\/article\/intiqam-eliyev-cixarilacaq-qerari-bilirem\/","title":{"rendered":"\u0130ntiqam \u018fliyev: \u201c\u00c7\u0131xar\u0131lacaq q\u0259rar\u0131 bilir\u0259m\u201d"},"content":{"rendered":"<figure class=\"wp-block-image size-large\">\n  <img decoding=\"async\" src=\"https:\/\/www.meydan.tv\/az\/22427\/\" alt=\"\" class=\"wp-image-22427\"\/><figcaption><\/figcaption><\/figure>\n<p>\n  Rasim Sad\u0131qovun s\u0259drliyi il\u0259 ke\u00e7\u0259n m\u0259hk\u0259m\u0259d\u0259 \u015fahid qismind\u0259 \u0130yan\u0259H\u0259bibova ifad\u0259 verib. O, ifad\u0259sind\u0259 bildirib ki, m\u00fchasib olub v\u0259 bundan ba\u015fqa m\u00fcxt\u0259lif m\u00fcqavil\u0259l\u0259rin haz\u0131rlanmas\u0131n\u0131 h\u0259yata ke\u00e7irib. D\u00f6vl\u0259t ittiham\u00e7\u0131s\u0131n\u0131n \u201cH\u00fcquq Maarif\u00e7iliyi C\u0259miyy\u0259ti\u201dnin m\u00f6h\u00fcr\u00fcn\u00fcn olub-olmamas\u0131 il\u0259 ba\u011fl\u0131 verdiyi suala \u0130yan\u0259H\u0259bibova \u201colub\u201d cavab\u0131n\u0131 verib. D\u00f6vl\u0259t ittiham\u00e7\u0131s\u0131n\u0131n n\u00f6vb\u0259ti sual\u0131\u0130ntiqam \u018fliyevin v\u0259 m\u00fchasibl\u0259rin ayr\u0131ca ota\u011f\u0131n\u0131n olub-olmamas\u0131 v\u0259 s\u0259n\u0259dl\u0259rin saxland\u0131\u011f\u0131 seyfin kimin ota\u011f\u0131nda olmas\u0131 il\u0259 ba\u011fl\u0131 olub. \u015eahid h\u0259min seyfin \u0130ntiqam \u018fliyevin ota\u011f\u0131nda oldu\u011funu deyib.\n<\/p>\n<p>\n  D\u00f6vl\u0259t ittiham\u00e7\u0131s\u0131n\u0131n qrant layih\u0259l\u0259ri il\u0259 ba\u011fl\u0131 verdiyi suallara \u0130ntiqam \u018fliyev etiraz edib.O, 2014-c\u00fc ild\u0259 yaln\u0131z bir layih\u0259nin \u018fdliyy\u0259 Nazirliyind\u0259 qeydiyyata al\u0131nmad\u0131\u011f\u0131 \u00fc\u00e7\u00fcn h\u0259yata ke\u00e7irilm\u0259diyini v\u0259 ayr\u0131lan pulun h\u0259l\u0259 d\u0259 bankda oldu\u011funu bildirib.\n<\/p>\n<p>\n  D\u00f6vl\u0259t ittiham\u00e7\u0131s\u0131n\u0131n n\u00f6vb\u0259ti sual\u0131n\u0131 cavabland\u0131ran\u0130yan\u0259H\u0259bibova s\u0259n\u0259dl\u0259rd\u0259ki imzalar\u0131n ona m\u0259xsus oldu\u011funu t\u0259sdiql\u0259yib.\n<\/p>\n<p>\n  M\u0259hk\u0259m\u0259nin davam\u0131ndad\u00f6vl\u0259t ittiham\u00e7\u0131s\u0131 v\u0259sat\u0259t qald\u0131raraq, prosesd\u0259n uzaqla\u015fd\u0131r\u0131lan v\u0259kill\u0259rin yenid\u0259n \u015fahid qismind\u0259 ifad\u0259 verm\u0259l\u0259rini ist\u0259yib. \u0130ntiqam \u018fliyev v\u0259sat\u0259t\u0259 etiraz edib v\u0259 bel\u0259 bir \u015feyin he\u00e7 vaxt praktikada olmad\u0131\u011f\u0131n\u0131 vur\u011fulay\u0131b.\n<\/p>\n<p>\n  Prosesd\u0259 z\u0259r\u0259r\u00e7\u0259k\u0259n kimi tan\u0131nan Sadiq Ba\u011f\u0131rov m\u0259hk\u0259m\u0259d\u0259n x\u0259tt\u015f\u00fcnasl\u0131q ekspertizas\u0131n\u0131n t\u0259yin eilm\u0259sini xahi\u015f edib. Buna \u0130ntiqam \u018fliyev d\u0259 d\u0259st\u0259k olub. O bildirib ki, \u201cProses \u00e7ox uzan\u0131r v\u0259 m\u0259n evim\u0259-e\u015fiyim\u0259 getm\u0259k ist\u0259yir\u0259m. Ev-e\u015fik dey\u0259nd\u0259 K\u00fcrd\u0259xan\u0131n\u0131 n\u0259z\u0259rd\u0259 tuturam. Art\u0131q uzun ill\u0259rdir ki, vicdanl\u0131 insanl\u0131ar\u0131n evin\u0259 \u00e7evrilib h\u0259min h\u0259bsxana. M\u0259n d\u0259 ora, \u00f6z dostlar\u0131m\u0131n yan\u0131na getm\u0259k ist\u0259yir\u0259m\u201d.\n<\/p>\n<p>\n  Hakim v\u0259sat\u0259tl\u0259ri t\u0259min etm\u0259yib. X\u0259tt\u015f\u00fcnasl\u0131q ekspertizas\u0131 is\u0259 t\u0259yin olunub.\n<\/p>\n<p>\n  M\u0259hk\u0259m\u0259 aprelin 14-\u00fc, saat 14:00-da davam ed\u0259c\u0259k.<\/p>\n","protected":false},"excerpt":{"rendered":"<p>Aprelin 7-d\u0259 h\u00fcquqm\u00fcdafi\u0259\u00e7isi \u0130ntiqam \u018fliyevin n\u00f6vb\u0259ti m\u0259hk\u0259m\u0259 prosesi ke\u00e7irilib.<\/p>\n","protected":false},"author":11,"featured_media":22427,"comment_status":"closed","ping_status":"open","sticky":false,"template":"","format":"standard","meta":{"_acf_changed":false,"_sitemap_exclude":false,"_sitemap_priority":"","_sitemap_frequency":"","footnotes":""},"categories":[56],"tags":[],"class_list":["post-167469","post","type-post","status-publish","format-standard","has-post-thumbnail","hentry","category-xeberler","infinite-scroll-item","generate-columns","tablet-grid-50","mobile-grid-100","grid-parent","grid-33","no-featured-image-padding"],"acf":[],"yoast_head":"<!-- This site is optimized with the Yoast SEO plugin v28.4 - https:\/\/yoast.com\/product\/yoast-seo-wordpress\/ -->\n<title>\u0130ntiqam \u018fliyev: \u201c\u00c7\u0131xar\u0131lacaq q\u0259rar\u0131 bilir\u0259m\u201d - MEYDAN.TV<\/title>\n<meta name=\"robots\" content=\"index, follow, max-snippet:-1, max-image-preview:large, max-video-preview:-1\" \/>\n<link rel=\"canonical\" href=\"https:\/\/www.meydan.tv\/az\/article\/intiqam-eliyev-cixarilacaq-qerari-bilirem\/\" \/>\n<meta property=\"og:locale\" content=\"az_AZ\" \/>\n<meta property=\"og:type\" content=\"article\" \/>\n<meta property=\"og:title\" content=\"\u0130ntiqam \u018fliyev: \u201c\u00c7\u0131xar\u0131lacaq q\u0259rar\u0131 bilir\u0259m\u201d - MEYDAN.TV\" \/>\n<meta property=\"og:description\" content=\"Aprelin 7-d\u0259 h\u00fcquqm\u00fcdafi\u0259\u00e7isi \u0130ntiqam \u018fliyevin n\u00f6vb\u0259ti m\u0259hk\u0259m\u0259 prosesi ke\u00e7irilib.\" \/>\n<meta property=\"og:url\" content=\"https:\/\/www.meydan.tv\/az\/article\/intiqam-eliyev-cixarilacaq-qerari-bilirem\/\" \/>\n<meta property=\"og:site_name\" content=\"MEYDAN.TV\" \/>\n<meta property=\"article:published_time\" content=\"2015-04-07T18:18:50+00:00\" \/>\n<meta property=\"og:image\" content=\"https:\/\/www.meydan.tv\/wp-content\/uploads\/8137.jpg\" \/>\n\t<meta property=\"og:image:width\" content=\"960\" \/>\n\t<meta property=\"og:image:height\" content=\"640\" \/>\n\t<meta property=\"og:image:type\" content=\"image\/jpeg\" \/>\n<meta name=\"twitter:card\" content=\"summary_large_image\" \/>\n<!-- \/ Yoast SEO plugin. -->","yoast_head_json":{"title":"\u0130ntiqam \u018fliyev: \u201c\u00c7\u0131xar\u0131lacaq q\u0259rar\u0131 bilir\u0259m\u201d - MEYDAN.TV","robots":{"index":"index","follow":"follow","max-snippet":"max-snippet:-1","max-image-preview":"max-image-preview:large","max-video-preview":"max-video-preview:-1"},"canonical":"https:\/\/www.meydan.tv\/az\/article\/intiqam-eliyev-cixarilacaq-qerari-bilirem\/","og_locale":"az_AZ","og_type":"article","og_title":"\u0130ntiqam \u018fliyev: \u201c\u00c7\u0131xar\u0131lacaq q\u0259rar\u0131 bilir\u0259m\u201d - MEYDAN.TV","og_description":"Aprelin 7-d\u0259 h\u00fcquqm\u00fcdafi\u0259\u00e7isi \u0130ntiqam \u018fliyevin n\u00f6vb\u0259ti m\u0259hk\u0259m\u0259 prosesi ke\u00e7irilib.","og_url":"https:\/\/www.meydan.tv\/az\/article\/intiqam-eliyev-cixarilacaq-qerari-bilirem\/","og_site_name":"MEYDAN.TV","article_published_time":"2015-04-07T18:18:50+00:00","og_image":[{"width":960,"height":640,"url":"https:\/\/www.meydan.tv\/wp-content\/uploads\/8137.jpg","type":"image\/jpeg"}],"twitter_card":"summary_large_image","schema":{"@context":"https:\/\/schema.org","@graph":[{"@type":"Article","@id":"https:\/\/www.meydan.tv\/az\/article\/intiqam-eliyev-cixarilacaq-qerari-bilirem\/#article","isPartOf":{"@id":"https:\/\/www.meydan.tv\/az\/article\/intiqam-eliyev-cixarilacaq-qerari-bilirem\/"},"author":{"name":"user-manager","@id":"https:\/\/www.meydan.tv\/az\/#\/schema\/person\/10d11eccf6da3662cf5fdab9806ea91a"},"headline":"\u0130ntiqam \u018fliyev: \u201c\u00c7\u0131xar\u0131lacaq q\u0259rar\u0131 bilir\u0259m\u201d","datePublished":"2015-04-07T18:18:50+00:00","mainEntityOfPage":{"@id":"https:\/\/www.meydan.tv\/az\/article\/intiqam-eliyev-cixarilacaq-qerari-bilirem\/"},"wordCount":398,"publisher":{"@id":"https:\/\/www.meydan.tv\/az\/#organization"},"image":{"@id":"https:\/\/www.meydan.tv\/az\/article\/intiqam-eliyev-cixarilacaq-qerari-bilirem\/#primaryimage"},"thumbnailUrl":"https:\/\/www.meydan.tv\/wp-content\/uploads\/8137.jpg","articleSection":["X\u0259b\u0259rl\u0259r"],"inLanguage":"az"},{"@type":"WebPage","@id":"https:\/\/www.meydan.tv\/az\/article\/intiqam-eliyev-cixarilacaq-qerari-bilirem\/","url":"https:\/\/www.meydan.tv\/az\/article\/intiqam-eliyev-cixarilacaq-qerari-bilirem\/","name":"\u0130ntiqam \u018fliyev: \u201c\u00c7\u0131xar\u0131lacaq q\u0259rar\u0131 bilir\u0259m\u201d - MEYDAN.TV","isPartOf":{"@id":"https:\/\/www.meydan.tv\/az\/#website"},"primaryImageOfPage":{"@id":"https:\/\/www.meydan.tv\/az\/article\/intiqam-eliyev-cixarilacaq-qerari-bilirem\/#primaryimage"},"image":{"@id":"https:\/\/www.meydan.tv\/az\/article\/intiqam-eliyev-cixarilacaq-qerari-bilirem\/#primaryimage"},"thumbnailUrl":"https:\/\/www.meydan.tv\/wp-content\/uploads\/8137.jpg","datePublished":"2015-04-07T18:18:50+00:00","breadcrumb":{"@id":"https:\/\/www.meydan.tv\/az\/article\/intiqam-eliyev-cixarilacaq-qerari-bilirem\/#breadcrumb"},"inLanguage":"az","potentialAction":[{"@type":"ReadAction","target":["https:\/\/www.meydan.tv\/az\/article\/intiqam-eliyev-cixarilacaq-qerari-bilirem\/"]}]},{"@type":"ImageObject","inLanguage":"az","@id":"https:\/\/www.meydan.tv\/az\/article\/intiqam-eliyev-cixarilacaq-qerari-bilirem\/#primaryimage","url":"https:\/\/www.meydan.tv\/wp-content\/uploads\/8137.jpg","contentUrl":"https:\/\/www.meydan.tv\/wp-content\/uploads\/8137.jpg","width":960,"height":640,"caption":"Source:"},{"@type":"BreadcrumbList","@id":"https:\/\/www.meydan.tv\/az\/article\/intiqam-eliyev-cixarilacaq-qerari-bilirem\/#breadcrumb","itemListElement":[{"@type":"ListItem","position":1,"name":"Ana s\u0259hif\u0259","item":"https:\/\/www.meydan.tv\/az\/"},{"@type":"ListItem","position":2,"name":"X\u0259b\u0259rl\u0259r","item":"https:\/\/www.meydan.tv\/az\/section\/xeberler\/"},{"@type":"ListItem","position":3,"name":"\u0130ntiqam \u018fliyev: \u201c\u00c7\u0131xar\u0131lacaq q\u0259rar\u0131 bilir\u0259m\u201d"}]},{"@type":"WebSite","@id":"https:\/\/www.meydan.tv\/az\/#website","url":"https:\/\/www.meydan.tv\/az\/","name":"MEYDAN.TV","description":"Meydan TV Az\u0259rbaycan\u0131n media m\u0259kan\u0131ndak\u0131 alternativ s\u0259sidir","publisher":{"@id":"https:\/\/www.meydan.tv\/az\/#organization"},"potentialAction":[{"@type":"SearchAction","target":{"@type":"EntryPoint","urlTemplate":"https:\/\/www.meydan.tv\/az\/?s={search_term_string}"},"query-input":{"@type":"PropertyValueSpecification","valueRequired":true,"valueName":"search_term_string"}}],"inLanguage":"az"},{"@type":"Organization","@id":"https:\/\/www.meydan.tv\/az\/#organization","name":"Meydan TV","url":"https:\/\/www.meydan.tv\/az\/","logo":{"@type":"ImageObject","inLanguage":"az","@id":"https:\/\/www.meydan.tv\/az\/#\/schema\/logo\/image\/","url":"https:\/\/www.meydan.tv\/wp-content\/uploads\/2021\/07\/meydan-logo.svg","contentUrl":"https:\/\/www.meydan.tv\/wp-content\/uploads\/2021\/07\/meydan-logo.svg","width":195,"height":46,"caption":"Meydan TV"},"image":{"@id":"https:\/\/www.meydan.tv\/az\/#\/schema\/logo\/image\/"}},{"@type":"Person","@id":"https:\/\/www.meydan.tv\/az\/#\/schema\/person\/10d11eccf6da3662cf5fdab9806ea91a","name":"user-manager"}]}},"_links":{"self":[{"href":"https:\/\/www.meydan.tv\/az\/wp-json\/wp\/v2\/posts\/167469","targetHints":{"allow":["GET"]}}],"collection":[{"href":"https:\/\/www.meydan.tv\/az\/wp-json\/wp\/v2\/posts"}],"about":[{"href":"https:\/\/www.meydan.tv\/az\/wp-json\/wp\/v2\/types\/post"}],"author":[{"embeddable":true,"href":"https:\/\/www.meydan.tv\/az\/wp-json\/wp\/v2\/users\/11"}],"replies":[{"embeddable":true,"href":"https:\/\/www.meydan.tv\/az\/wp-json\/wp\/v2\/comments?post=167469"}],"version-history":[{"count":0,"href":"https:\/\/www.meydan.tv\/az\/wp-json\/wp\/v2\/posts\/167469\/revisions"}],"wp:featuredmedia":[{"embeddable":true,"href":"https:\/\/www.meydan.tv\/az\/wp-json\/wp\/v2\/media\/22427"}],"wp:attachment":[{"href":"https:\/\/www.meydan.tv\/az\/wp-json\/wp\/v2\/media?parent=167469"}],"wp:term":[{"taxonomy":"category","embeddable":true,"href":"https:\/\/www.meydan.tv\/az\/wp-json\/wp\/v2\/categories?post=167469"},{"taxonomy":"post_tag","embeddable":true,"href":"https:\/\/www.meydan.tv\/az\/wp-json\/wp\/v2\/tags?post=167469"}],"curies":[{"name":"wp","href":"https:\/\/api.w.org\/{rel}","templated":true}]}}