{"id":167468,"date":"2015-04-07T18:04:13","date_gmt":"2015-04-07T18:04:13","guid":{"rendered":"https:\/\/www.meydan.tv\/article\/aztv-nin-rehberliyinde-temsil-olunanlar-isden-cixdi\/"},"modified":"2015-04-07T18:04:13","modified_gmt":"2015-04-07T18:04:13","slug":"aztv-nin-rehberliyinde-temsil-olunanlar-isden-cixdi","status":"publish","type":"post","link":"https:\/\/www.meydan.tv\/az\/article\/aztv-nin-rehberliyinde-temsil-olunanlar-isden-cixdi\/","title":{"rendered":"AzTV-nin r\u0259hb\u0259rliyind\u0259 t\u0259msil olunanlar i\u015fd\u0259n \u00e7\u0131xd\u0131"},"content":{"rendered":"<figure class=\"wp-block-image size-large\">\n  <img decoding=\"async\" src=\"https:\/\/www.meydan.tv\/az\/22421\/\" alt=\"\" class=\"wp-image-22421\"\/><figcaption><\/figcaption><\/figure>\n<figure class=\"wp-block-image size-large\">\n  <img decoding=\"async\" src=\"https:\/\/www.meydan.tv\/az\/22421\/\" alt=\"\" class=\"wp-image-22421\"\/><figcaption><\/figcaption><\/figure>\n<p><div>\n    <i><br \/>\n      Xatir\u0259 Qas\u0131mova: &#8220;Onlar\u0131n h\u0259r \u00fc\u00e7\u00fc \u00f6z \u0259riz\u0259si il\u0259 i\u015fd\u0259n gedibl\u0259r&#8221;<br \/>\n    <\/i>\n  <\/div>\n<\/p>\n<p><div><\/div>\n<\/p>\n<p><div>\n    Aprelin 7-d\u0259 AzTV-nin b\u0259dii r\u0259hb\u0259ri Etibar Babayev, rejissor Elnur M\u0259mm\u0259dov v\u0259 &#8220;S\u0259h\u0259r\u201d musiqili informasiya proqram\u0131n\u0131n ba\u015f rejissoru R\u0259sul \u018fl\u0259kb\u0259rov i\u015fd\u0259n k\u0259narla\u015fd\u0131r\u0131l\u0131b. Bu bar\u0259d\u0259 m\u0259lumat\u0131 qurumun ke\u00e7mi\u015f \u0259m\u0259kda\u015f\u0131, rejissor Kamal Almuradl\u0131 \u00f6z Facebook s\u0259hif\u0259sind\u0259 yay\u0131b. Onun s\u00f6zl\u0259rin\u0259 g\u00f6r\u0259, hadis\u0259nin n\u0259 \u00fc\u00e7\u00fcn ba\u015f verdiyi h\u0259l\u0259lik m\u0259lum deyil: &#8220;Bu \u015f\u0259xsl\u0259r televiziyada \u0259n \u00e7ox maa\u015f alan i\u015f\u00e7il\u0259rdir. Bird\u0259n-bir\u0259 televizyadan bu \u00fc\u00e7 \u00f6n\u0259mli \u015f\u0259xsin \u00e7\u0131xar\u0131lmas\u0131 bir daha s\u00fcbut edir ki Aztv-d\u0259 ciddi probleml\u0259r var. Probleml\u0259rin k\u00f6k\u00fcnd\u0259 is\u0259 z\u0259if idar\u0259etm\u0259 durur. \u018fg\u0259r bel\u0259 davam ed\u0259rs\u0259, yax\u0131n zamanda televiziyada ciddi naraz\u0131lar ordusunun yaranaca\u011f\u0131 \u015f\u00fcbh\u0259sizdir. Art\u0131q bunun ilkin f\u0259sadlar\u0131 \u00f6z\u00fcn\u00fc biruz\u0259 verir&#8221;.\n  <\/div>\n<\/p>\n<p><div>\n    Kamal Almuradl\u0131 bir m\u00fcdd\u0259t \u00f6nc\u0259\u00a0Aztv-d\u0259 ciddi ixtisarlar\u0131n olaca\u011f\u0131n\u0131 da yazm\u0131\u015fd\u0131. Onun s\u00f6zl\u0259rin\u0259 g\u00f6r\u0259, yeni t\u0259yin olunmu\u015f ba\u015f proqram direktoru Elsev\u0259r D\u00fcnyamal\u0131yev g\u00f6st\u0259ri\u015f verib ki, h\u0259r redaksiyadan 50 faiz i\u015f\u00e7i ixtisar olunsun. H\u0259m\u00e7inin yerd\u0259 qalan i\u015f\u00e7il\u0259rin maa\u015flar\u0131ndan 50-80 manat aras\u0131 pul tutulsun.\n  <\/div>\n<\/p>\n<div>\n<div>\n      Az\u0259rbaycan Televiziya v\u0259 Radio Verili\u015fl\u0259ri Qapal\u0131 S\u0259hmdar C\u0259miyy\u0259tinin m\u0259tbuat katibi Xatir\u0259 Qas\u0131ml\u0131 Meydan TV-y\u0259 Kamal Almuradl\u0131n\u0131n fikirl\u0259rini \u015f\u0259rh etm\u0259k ist\u0259m\u0259yib: &#8220;Kamal bizim ke\u00e7mi\u015f i\u015f\u00e7i olub v\u0259 i\u015fd\u0259n d\u0259 \u00e7\u0131x\u0131b. Onun AzTV il\u0259 ba\u011fl\u0131 harada n\u0259 yazmas\u0131 bizi maraqland\u0131rm\u0131r. Ad\u0131n\u0131 \u00e7\u0259kdiyi adamlar\u0131n he\u00e7 biri d\u0259 i\u015fd\u0259n \u00e7\u0131xar\u0131lmay\u0131b. Onlar\u0131n h\u0259r \u00fc\u00e7\u00fc \u00f6z \u0259riz\u0259si il\u0259 i\u015fd\u0259n gedibl\u0259r&#8221;.\n    <\/div>\n<\/p><\/div><\/p>\n","protected":false},"excerpt":{"rendered":"<p>Xatir\u0259 Qas\u0131mova: &#8220;Onlar\u0131n h\u0259r \u00fc\u00e7\u00fc \u00f6z \u0259riz\u0259si il\u0259 i\u015fd\u0259n gedibl\u0259r&#8221;<\/p>\n","protected":false},"author":11,"featured_media":22421,"comment_status":"closed","ping_status":"open","sticky":false,"template":"","format":"standard","meta":{"_acf_changed":false,"_sitemap_exclude":false,"_sitemap_priority":"","_sitemap_frequency":"","footnotes":""},"categories":[56],"tags":[],"class_list":["post-167468","post","type-post","status-publish","format-standard","has-post-thumbnail","hentry","category-xeberler","infinite-scroll-item","generate-columns","tablet-grid-50","mobile-grid-100","grid-parent","grid-33","no-featured-image-padding"],"acf":[],"yoast_head":"<!-- This site is optimized with the Yoast SEO plugin v28.4 - https:\/\/yoast.com\/product\/yoast-seo-wordpress\/ -->\n<title>AzTV-nin r\u0259hb\u0259rliyind\u0259 t\u0259msil olunanlar i\u015fd\u0259n \u00e7\u0131xd\u0131 - MEYDAN.TV<\/title>\n<meta name=\"robots\" content=\"index, follow, max-snippet:-1, max-image-preview:large, max-video-preview:-1\" \/>\n<link rel=\"canonical\" href=\"https:\/\/www.meydan.tv\/az\/article\/aztv-nin-rehberliyinde-temsil-olunanlar-isden-cixdi\/\" \/>\n<meta property=\"og:locale\" content=\"az_AZ\" \/>\n<meta property=\"og:type\" content=\"article\" \/>\n<meta property=\"og:title\" content=\"AzTV-nin r\u0259hb\u0259rliyind\u0259 t\u0259msil olunanlar i\u015fd\u0259n \u00e7\u0131xd\u0131 - MEYDAN.TV\" \/>\n<meta property=\"og:description\" content=\"Xatir\u0259 Qas\u0131mova: &quot;Onlar\u0131n h\u0259r \u00fc\u00e7\u00fc \u00f6z \u0259riz\u0259si il\u0259 i\u015fd\u0259n gedibl\u0259r&quot;\" \/>\n<meta property=\"og:url\" content=\"https:\/\/www.meydan.tv\/az\/article\/aztv-nin-rehberliyinde-temsil-olunanlar-isden-cixdi\/\" \/>\n<meta property=\"og:site_name\" content=\"MEYDAN.TV\" \/>\n<meta property=\"article:published_time\" content=\"2015-04-07T18:04:13+00:00\" \/>\n<meta property=\"og:image\" content=\"https:\/\/www.meydan.tv\/wp-content\/uploads\/8136.jpg\" \/>\n\t<meta property=\"og:image:width\" content=\"500\" \/>\n\t<meta property=\"og:image:height\" content=\"303\" \/>\n\t<meta property=\"og:image:type\" content=\"image\/jpeg\" \/>\n<meta name=\"twitter:card\" content=\"summary_large_image\" \/>\n<!-- \/ Yoast SEO plugin. -->","yoast_head_json":{"title":"AzTV-nin r\u0259hb\u0259rliyind\u0259 t\u0259msil olunanlar i\u015fd\u0259n \u00e7\u0131xd\u0131 - MEYDAN.TV","robots":{"index":"index","follow":"follow","max-snippet":"max-snippet:-1","max-image-preview":"max-image-preview:large","max-video-preview":"max-video-preview:-1"},"canonical":"https:\/\/www.meydan.tv\/az\/article\/aztv-nin-rehberliyinde-temsil-olunanlar-isden-cixdi\/","og_locale":"az_AZ","og_type":"article","og_title":"AzTV-nin r\u0259hb\u0259rliyind\u0259 t\u0259msil olunanlar i\u015fd\u0259n \u00e7\u0131xd\u0131 - MEYDAN.TV","og_description":"Xatir\u0259 Qas\u0131mova: \"Onlar\u0131n h\u0259r \u00fc\u00e7\u00fc \u00f6z \u0259riz\u0259si il\u0259 i\u015fd\u0259n gedibl\u0259r\"","og_url":"https:\/\/www.meydan.tv\/az\/article\/aztv-nin-rehberliyinde-temsil-olunanlar-isden-cixdi\/","og_site_name":"MEYDAN.TV","article_published_time":"2015-04-07T18:04:13+00:00","og_image":[{"width":500,"height":303,"url":"https:\/\/www.meydan.tv\/wp-content\/uploads\/8136.jpg","type":"image\/jpeg"}],"twitter_card":"summary_large_image","schema":{"@context":"https:\/\/schema.org","@graph":[{"@type":"Article","@id":"https:\/\/www.meydan.tv\/az\/article\/aztv-nin-rehberliyinde-temsil-olunanlar-isden-cixdi\/#article","isPartOf":{"@id":"https:\/\/www.meydan.tv\/az\/article\/aztv-nin-rehberliyinde-temsil-olunanlar-isden-cixdi\/"},"author":{"name":"user-manager","@id":"https:\/\/www.meydan.tv\/az\/#\/schema\/person\/10d11eccf6da3662cf5fdab9806ea91a"},"headline":"AzTV-nin r\u0259hb\u0259rliyind\u0259 t\u0259msil olunanlar i\u015fd\u0259n \u00e7\u0131xd\u0131","datePublished":"2015-04-07T18:04:13+00:00","mainEntityOfPage":{"@id":"https:\/\/www.meydan.tv\/az\/article\/aztv-nin-rehberliyinde-temsil-olunanlar-isden-cixdi\/"},"wordCount":324,"publisher":{"@id":"https:\/\/www.meydan.tv\/az\/#organization"},"image":{"@id":"https:\/\/www.meydan.tv\/az\/article\/aztv-nin-rehberliyinde-temsil-olunanlar-isden-cixdi\/#primaryimage"},"thumbnailUrl":"https:\/\/www.meydan.tv\/wp-content\/uploads\/8136.jpg","articleSection":["X\u0259b\u0259rl\u0259r"],"inLanguage":"az"},{"@type":"WebPage","@id":"https:\/\/www.meydan.tv\/az\/article\/aztv-nin-rehberliyinde-temsil-olunanlar-isden-cixdi\/","url":"https:\/\/www.meydan.tv\/az\/article\/aztv-nin-rehberliyinde-temsil-olunanlar-isden-cixdi\/","name":"AzTV-nin r\u0259hb\u0259rliyind\u0259 t\u0259msil olunanlar i\u015fd\u0259n \u00e7\u0131xd\u0131 - MEYDAN.TV","isPartOf":{"@id":"https:\/\/www.meydan.tv\/az\/#website"},"primaryImageOfPage":{"@id":"https:\/\/www.meydan.tv\/az\/article\/aztv-nin-rehberliyinde-temsil-olunanlar-isden-cixdi\/#primaryimage"},"image":{"@id":"https:\/\/www.meydan.tv\/az\/article\/aztv-nin-rehberliyinde-temsil-olunanlar-isden-cixdi\/#primaryimage"},"thumbnailUrl":"https:\/\/www.meydan.tv\/wp-content\/uploads\/8136.jpg","datePublished":"2015-04-07T18:04:13+00:00","breadcrumb":{"@id":"https:\/\/www.meydan.tv\/az\/article\/aztv-nin-rehberliyinde-temsil-olunanlar-isden-cixdi\/#breadcrumb"},"inLanguage":"az","potentialAction":[{"@type":"ReadAction","target":["https:\/\/www.meydan.tv\/az\/article\/aztv-nin-rehberliyinde-temsil-olunanlar-isden-cixdi\/"]}]},{"@type":"ImageObject","inLanguage":"az","@id":"https:\/\/www.meydan.tv\/az\/article\/aztv-nin-rehberliyinde-temsil-olunanlar-isden-cixdi\/#primaryimage","url":"https:\/\/www.meydan.tv\/wp-content\/uploads\/8136.jpg","contentUrl":"https:\/\/www.meydan.tv\/wp-content\/uploads\/8136.jpg","width":500,"height":303,"caption":"Source:"},{"@type":"BreadcrumbList","@id":"https:\/\/www.meydan.tv\/az\/article\/aztv-nin-rehberliyinde-temsil-olunanlar-isden-cixdi\/#breadcrumb","itemListElement":[{"@type":"ListItem","position":1,"name":"Ana s\u0259hif\u0259","item":"https:\/\/www.meydan.tv\/az\/"},{"@type":"ListItem","position":2,"name":"X\u0259b\u0259rl\u0259r","item":"https:\/\/www.meydan.tv\/az\/section\/xeberler\/"},{"@type":"ListItem","position":3,"name":"AzTV-nin r\u0259hb\u0259rliyind\u0259 t\u0259msil olunanlar i\u015fd\u0259n \u00e7\u0131xd\u0131"}]},{"@type":"WebSite","@id":"https:\/\/www.meydan.tv\/az\/#website","url":"https:\/\/www.meydan.tv\/az\/","name":"MEYDAN.TV","description":"Meydan TV Az\u0259rbaycan\u0131n media m\u0259kan\u0131ndak\u0131 alternativ s\u0259sidir","publisher":{"@id":"https:\/\/www.meydan.tv\/az\/#organization"},"potentialAction":[{"@type":"SearchAction","target":{"@type":"EntryPoint","urlTemplate":"https:\/\/www.meydan.tv\/az\/?s={search_term_string}"},"query-input":{"@type":"PropertyValueSpecification","valueRequired":true,"valueName":"search_term_string"}}],"inLanguage":"az"},{"@type":"Organization","@id":"https:\/\/www.meydan.tv\/az\/#organization","name":"Meydan TV","url":"https:\/\/www.meydan.tv\/az\/","logo":{"@type":"ImageObject","inLanguage":"az","@id":"https:\/\/www.meydan.tv\/az\/#\/schema\/logo\/image\/","url":"https:\/\/www.meydan.tv\/wp-content\/uploads\/2021\/07\/meydan-logo.svg","contentUrl":"https:\/\/www.meydan.tv\/wp-content\/uploads\/2021\/07\/meydan-logo.svg","width":195,"height":46,"caption":"Meydan TV"},"image":{"@id":"https:\/\/www.meydan.tv\/az\/#\/schema\/logo\/image\/"}},{"@type":"Person","@id":"https:\/\/www.meydan.tv\/az\/#\/schema\/person\/10d11eccf6da3662cf5fdab9806ea91a","name":"user-manager"}]}},"_links":{"self":[{"href":"https:\/\/www.meydan.tv\/az\/wp-json\/wp\/v2\/posts\/167468","targetHints":{"allow":["GET"]}}],"collection":[{"href":"https:\/\/www.meydan.tv\/az\/wp-json\/wp\/v2\/posts"}],"about":[{"href":"https:\/\/www.meydan.tv\/az\/wp-json\/wp\/v2\/types\/post"}],"author":[{"embeddable":true,"href":"https:\/\/www.meydan.tv\/az\/wp-json\/wp\/v2\/users\/11"}],"replies":[{"embeddable":true,"href":"https:\/\/www.meydan.tv\/az\/wp-json\/wp\/v2\/comments?post=167468"}],"version-history":[{"count":0,"href":"https:\/\/www.meydan.tv\/az\/wp-json\/wp\/v2\/posts\/167468\/revisions"}],"wp:featuredmedia":[{"embeddable":true,"href":"https:\/\/www.meydan.tv\/az\/wp-json\/wp\/v2\/media\/22421"}],"wp:attachment":[{"href":"https:\/\/www.meydan.tv\/az\/wp-json\/wp\/v2\/media?parent=167468"}],"wp:term":[{"taxonomy":"category","embeddable":true,"href":"https:\/\/www.meydan.tv\/az\/wp-json\/wp\/v2\/categories?post=167468"},{"taxonomy":"post_tag","embeddable":true,"href":"https:\/\/www.meydan.tv\/az\/wp-json\/wp\/v2\/tags?post=167468"}],"curies":[{"name":"wp","href":"https:\/\/api.w.org\/{rel}","templated":true}]}}