{"id":167467,"date":"2015-04-07T17:28:55","date_gmt":"2015-04-07T17:28:55","guid":{"rendered":"https:\/\/www.meydan.tv\/article\/ermeni-kesfiyyatcisinin-mehkemesi-baslayib\/"},"modified":"2015-04-07T17:28:55","modified_gmt":"2015-04-07T17:28:55","slug":"ermeni-kesfiyyatcisinin-mehkemesi-baslayib","status":"publish","type":"post","link":"https:\/\/www.meydan.tv\/az\/article\/ermeni-kesfiyyatcisinin-mehkemesi-baslayib\/","title":{"rendered":"Erm\u0259ni k\u0259\u015ffiyyat\u00e7\u0131s\u0131n\u0131n m\u0259hk\u0259m\u0259si ba\u015flay\u0131b"},"content":{"rendered":"<figure class=\"wp-block-image size-large\">\n  <img decoding=\"async\" src=\"https:\/\/www.meydan.tv\/az\/22415\/\" alt=\"\" class=\"wp-image-22415\"\/><figcaption><\/figcaption><\/figure>\n<figure class=\"wp-block-image size-large\">\n  <img decoding=\"async\" src=\"https:\/\/www.meydan.tv\/az\/22415\/\" alt=\"\" class=\"wp-image-22415\"\/><figcaption><\/figcaption><\/figure>\n<p><div>\n    Arsen Baqdasaryan A\u011fdam rayonu istiqam\u0259tind\u0259 qo\u015funlar\u0131n t\u0259mas x\u0259ttini ke\u00e7\u0259rk\u0259n saxlan\u0131l\u0131b\n  <\/div>\n<\/p>\n<p><div><\/div>\n<\/p>\n<p><div>\n    Aprelin 7-d\u0259 G\u0259nc\u0259 A\u011f\u0131r Cinay\u0259tl\u0259r M\u0259hk\u0259m\u0259sind\u0259 \u00f6t\u0259n il dekabr\u0131n 26-da c\u0259bh\u0259nin A\u011fdam rayonu istiqam\u0259tind\u0259 qo\u015funlar\u0131n t\u0259mas x\u0259ttini ke\u00e7\u0259n erm\u0259ni k\u0259\u015ffiyyat\u00e7\u0131 Baqdasaryan Arsen Eduardovi\u00e7in cinay\u0259t i\u015fi \u00fczr\u0259 m\u0259hk\u0259m\u0259nin haz\u0131rl\u0131q iclas\u0131 ke\u00e7irilib.\n  <\/div>\n<\/p>\n<p>\n  <a href=\"https:\/\/apa.az\/\"><br \/>\n    APA<br \/>\n  <\/a><br \/>\n  -n\u0131n m\u0259lumat\u0131na g\u00f6r\u0259, hakim Elb\u0259y Allahverdiyevin s\u0259drlik etdiyi prosesd\u0259 d\u00f6vl\u0259t ittiham\u00e7\u0131s\u0131 Anar Mirki\u015fiyev\u00a0\u00e7\u0131x\u0131\u015f ed\u0259r\u0259k istintaq zaman\u0131 h\u0259r hans\u0131 qanun pozuntusuna yol verilm\u0259diyini bildirib. Daha sonra t\u0259qsirl\u0259ndiril\u0259n \u015f\u0259xs\u0259 s\u00f6z verilib. \u00d6z\u00fc haqda m\u0259lumat ver\u0259n Arsen Baqdasaryan h\u0259r hans\u0131 etiraz\u0131n\u0131n olmad\u0131\u011f\u0131n\u0131 deyib.\n<\/p>\n<p>\n  Prosesin bax\u0131\u015f iclas\u0131 aprelin 13-n\u0259 t\u0259yin edilib. M\u0259hk\u0259m\u0259nin qapal\u0131 ke\u00e7irilm\u0259si q\u0259rara al\u0131n\u0131b.\n<\/p>\n<p>\n  M\u0259hk\u0259m\u0259d\u0259 A. Baqdasaryan\u0131n h\u00fcquqlar\u0131n\u0131 v\u0259kil Ramiz Abdullayev m\u00fcdafi\u0259 edir.\n<\/p>\n<p>\n  Respublika H\u0259rbi Prokurorlu\u011funun yayd\u0131\u011f\u0131 m\u0259lumata g\u00f6r\u0259, \u00f6t\u0259n il dekabr\u0131n 26-da c\u0259bh\u0259nin\u00a0A\u011fdam\u00a0rayonu istiqam\u0259tind\u0259 qo\u015funlar\u0131n t\u0259mas x\u0259ttini ke\u00e7\u0259n erm\u0259nil\u0259rin k\u0259\u015ffiyyat-t\u0259xribat qrupunun \u00fczv\u00fc olan pe\u015f\u0259kar h\u0259rbi qulluq\u00e7u Baqdasaryan Arsen Eduardovi\u00e7 Az\u0259rbaycan Silahl\u0131 Q\u00fcvv\u0259l\u0259rinin h\u0259rbi qulluq\u00e7ular\u0131n\u0131n say\u0131ql\u0131\u011f\u0131 n\u0259tic\u0259sind\u0259 yaxalan\u0131b v\u0259 h\u00fcquq m\u00fchafiz\u0259 orqanlar\u0131na t\u0259hvil verilib.\n<\/p>\n<p>\n  \u00a0H\u0259min fakt \u00fczr\u0259 Az\u0259rbaycan Respublikas\u0131 H\u0259rbi Prokurorlu\u011funda Cinay\u0259t M\u0259c\u0259ll\u0259sinin 29,120.2.7-ci, 29,120.2.12-ci v\u0259 29,282.2-ci madd\u0259l\u0259ri il\u0259 cinay\u0259t i\u015fi ba\u015flan\u0131b v\u0259 istintaq apar\u0131l\u0131b.\n<\/p>\n<p>\n  \u0130stintaqla m\u00fc\u0259yy\u0259n olunub ki, Erm\u0259nistanda x\u00fcsusi t\u0259lim ke\u00e7\u0259n Arsen Baqdasaryan Az\u0259rbaycan Respublikas\u0131n\u0131n Erm\u0259nistan Respublikas\u0131 t\u0259r\u0259find\u0259n i\u015f\u011fal alt\u0131nda saxlan\u0131lan\u00a0A\u011fd\u0259r\u0259\u00a0rayonu \u0259razisind\u0259 yerl\u0259\u015fdiril\u0259n Erm\u0259nistan silahl\u0131 q\u00fcvv\u0259l\u0259rinin t\u0259rkib hiss\u0259si olan 49971 sayl\u0131 h\u0259rbi hiss\u0259d\u0259 m\u00fcqavil\u0259 \u0259sas\u0131nda ba\u015f \u00e7avu\u015f h\u0259rbi r\u00fctb\u0259sind\u0259 k\u0259\u015ffiyyat b\u00f6l\u00fcy\u00fcn\u00fcn ta\u011f\u0131m komandiri v\u0259zif\u0259sind\u0259 f\u0259aliyy\u0259t g\u00f6st\u0259rdiyi zaman h\u0259rbi hiss\u0259 komandirind\u0259n (ad\u0131 v\u0259 soyad\u0131 b\u0259llidir) Az\u0259rbaycan Respublikas\u0131n\u0131n v\u0259t\u0259nda\u015flar\u0131n\u0131 milli \u0259dav\u0259t v\u0259 d\u00fc\u015fm\u0259n\u00e7ilik niyy\u0259ti il\u0259 q\u0259sd\u0259n \u00f6ld\u00fcrm\u0259k, Az\u0259rbaycan\u0131n m\u00fcdafi\u0259 qabiliyy\u0259tini z\u0259ifl\u0259tm\u0259k m\u0259qs\u0259dil\u0259 Silahl\u0131 Q\u00fcvv\u0259l\u0259rin m\u00fcdafi\u0259 m\u00f6vqel\u0259rin\u0259 t\u0259r\u0259f ke\u00e7ib s\u0259ng\u0259rl\u0259rd\u0259 partlay\u0131\u015flar t\u00f6r\u0259tm\u0259k \u00fc\u00e7\u00fcn mina basd\u0131r\u0131lmas\u0131 bar\u0259d\u0259 g\u00f6st\u0259ri\u015fl\u0259r al\u0131b. Arsen Baqdasaryan bu m\u0259qs\u0259dl\u0259 cinay\u0259tkar birliyin dig\u0259r \u00fczvl\u0259ri il\u0259 birlikd\u0259 (onlar\u0131n adlar\u0131 v\u0259 soyadlar\u0131 istintaqa b\u0259llidir) 2014-c\u00fc il dekabr\u0131n 26-da saat 15 rad\u0259l\u0259rind\u0259 qo\u015funlar\u0131n t\u0259mas x\u0259ttini gizli olaraq ke\u00e7\u0259r\u0259k, Az\u0259rbaycan Silahl\u0131 Q\u00fcvv\u0259l\u0259rinin m\u00fcdafi\u0259 m\u00f6vqel\u0259rind\u0259 \u00f6zl\u0259ri il\u0259 g\u00f6t\u00fcrd\u00fckl\u0259ri 7 \u0259d\u0259d \u201cfuqas\u201d tipli piyada \u0259leyhin\u0259 minalardan 3 \u0259d\u0259dini Az\u0259rbaycan h\u0259rbi qulluq\u00e7ular\u0131n\u0131n daha \u00e7ox gedib-g\u0259ldiyi s\u0259ng\u0259r yollar\u0131nda yerl\u0259\u015fdirdikd\u0259n sonra geri qay\u0131tmaq ist\u0259y\u0259rk\u0259n tutulub. Cinay\u0259t t\u00f6r\u0259tm\u0259kd\u0259 \u0259sasl\u0131 \u015f\u00fcbh\u0259l\u0259r oldu\u011fundan Arsen Baqdasaryan bar\u0259sind\u0259 Bak\u0131 H\u0259rbi M\u0259hk\u0259m\u0259si t\u0259r\u0259find\u0259n h\u0259bs q\u0259timkan t\u0259dbiri se\u00e7ilib.\n<\/p>\n<p>\n  \u0130\u015f \u00fczr\u0259 z\u0259ruri istintaq h\u0259r\u0259k\u0259tl\u0259ri apar\u0131laraq hadis\u0259 yerin\u0259, habel\u0259 Arsen Baqdasaryan\u0131n \u00fcz\u0259rind\u0259n g\u00f6t\u00fcr\u00fclm\u00fc\u015f soyuq silaha v\u0259 dig\u0259r \u0259\u015fyalara, torpa\u011fa basd\u0131r\u0131lm\u0131\u015f minalardan birin\u0259, h\u0259m\u00e7inin dig\u0259r iki minan\u0131n partlad\u0131lmaqla z\u0259r\u0259rsizl\u0259\u015fdirildiyi yer\u0259 bax\u0131\u015f ke\u00e7irilm\u0259kl\u0259, m\u0259hk\u0259m\u0259-tibbi, kompleks m\u0259hk\u0259m\u0259 psixiatrik v\u0259 psixoloji, m\u0259hk\u0259m\u0259 partlay\u0131\u015f-texniki v\u0259 s. ekspertizalar\u0131 t\u0259yin edil\u0259r\u0259k r\u0259yl\u0259r al\u0131n\u0131b, hadis\u0259nin \u015fahidl\u0259ri dindirilib.\n<\/p>\n<p>\n  Arsen Baqdasaryan ilkin istintaq zaman\u0131 v\u0259 istintaq\u0131n sonrak\u0131 gedi\u015find\u0259 t\u0259kzibolunmaz s\u00fcbutlar\u0131n t\u0259siri alt\u0131nda t\u00f6r\u0259tdiyi cinay\u0259tl\u0259ri k\u00f6n\u00fcll\u00fc etiraf edib v\u0259 i\u015fin hallar\u0131 il\u0259 ba\u011fl\u0131 istintaqa \u0259trafl\u0131 m\u0259lumat verib.\n<\/p>\n<p>\n  T\u00f6r\u0259tdiyi \u0259m\u0259ll\u0259r\u0259 g\u00f6r\u0259 Arsen Baqdasaryan\u0131n Az\u0259rbaycan Cinay\u0259t M\u0259c\u0259ll\u0259sinin 218.2-ci (Cinay\u0259tkar birlik-t\u0259\u015fkilatda i\u015ftirak etm\u0259), 29,120.2.1-ci (Cinay\u0259tkar birlik &#8211; t\u0259\u015fkilat t\u0259r\u0259find\u0259n q\u0259sd\u0259n adam \u00f6ld\u00fcrm\u0259y\u0259 c\u0259hd etm\u0259), 29,120.2.7-ci (\u0130ki v\u0259 daha \u00e7ox \u015f\u0259xsi q\u0259sd\u0259n \u00f6ld\u00fcrm\u0259y\u0259 c\u0259hd etm\u0259), 29,120.2.12 (Milli, irqi, dini, \u0259dav\u0259t v\u0259 ya d\u00fc\u015fm\u0259n\u00e7ilik niyy\u0259ti il\u0259 q\u0259sd\u0259n adam \u00f6ld\u00fcrm\u0259y\u0259 c\u0259hd etm\u0259), 29,282.2-ci (T\u0259xribat, y\u0259ni m\u00fct\u0259\u015f\u0259kkil d\u0259st\u0259 t\u0259r\u0259find\u0259n Az\u0259rbaycan Respublikas\u0131n\u0131n m\u00fcdafi\u0259 qabiliyy\u0259tini v\u0259 iqtisadi t\u0259hl\u00fck\u0259sizliyini z\u0259ifl\u0259tm\u0259k m\u0259qs\u0259dil\u0259 m\u00fc\u0259ssis\u0259l\u0259rin, qur\u011fular\u0131n, yollar\u0131n, \u0259laq\u0259 v\u0259 rabit\u0259 vasit\u0259l\u0259rinin, \u0259halinin h\u0259yat t\u0259minat\u0131 obyektl\u0259rinin da\u011f\u0131d\u0131lmas\u0131na, yaxud z\u0259d\u0259l\u0259nm\u0259sin\u0259 y\u00f6n\u0259ldil\u0259n partlay\u0131\u015flar, yan\u011f\u0131nlar v\u0259 sair h\u0259r\u0259k\u0259tl\u0259r t\u00f6r\u0259tm\u0259y\u0259 c\u0259hd) v\u0259 dig\u0259r madd\u0259l\u0259ri il\u0259 ittiham olunmas\u0131na dair cinay\u0259t i\u015finin istintaq\u0131 tamamlanaraq bax\u0131lmas\u0131 \u00fc\u00e7\u00fcn m\u0259hk\u0259m\u0259y\u0259 g\u00f6nd\u0259rilib.\n<\/p>\n<p>\n  \u00a0Haz\u0131rda Respublika H\u0259rbi Prokurorlu\u011funda cinay\u0259tkar birliyin dig\u0259r \u00fczvl\u0259ri bar\u0259sind\u0259 cinay\u0259t i\u015fi ayr\u0131lmaqla, ibtidai istintaq davam etdirilir.<\/p>\n","protected":false},"excerpt":{"rendered":"<p>Arsen Baqdasaryan A\u011fdam rayonu istiqam\u0259tind\u0259 qo\u015funlar\u0131n t\u0259mas x\u0259ttini ke\u00e7\u0259rk\u0259n saxlan\u0131l\u0131b<\/p>\n","protected":false},"author":11,"featured_media":22415,"comment_status":"closed","ping_status":"open","sticky":false,"template":"","format":"standard","meta":{"_acf_changed":false,"_sitemap_exclude":false,"_sitemap_priority":"","_sitemap_frequency":"","footnotes":""},"categories":[56],"tags":[],"class_list":["post-167467","post","type-post","status-publish","format-standard","has-post-thumbnail","hentry","category-xeberler","infinite-scroll-item","generate-columns","tablet-grid-50","mobile-grid-100","grid-parent","grid-33","no-featured-image-padding"],"acf":[],"yoast_head":"<!-- This site is optimized with the Yoast SEO plugin v28.4 - https:\/\/yoast.com\/product\/yoast-seo-wordpress\/ -->\n<title>Erm\u0259ni k\u0259\u015ffiyyat\u00e7\u0131s\u0131n\u0131n m\u0259hk\u0259m\u0259si ba\u015flay\u0131b - MEYDAN.TV<\/title>\n<meta name=\"robots\" content=\"index, follow, max-snippet:-1, max-image-preview:large, max-video-preview:-1\" \/>\n<link rel=\"canonical\" href=\"https:\/\/www.meydan.tv\/az\/article\/ermeni-kesfiyyatcisinin-mehkemesi-baslayib\/\" \/>\n<meta property=\"og:locale\" content=\"az_AZ\" \/>\n<meta property=\"og:type\" content=\"article\" \/>\n<meta property=\"og:title\" content=\"Erm\u0259ni k\u0259\u015ffiyyat\u00e7\u0131s\u0131n\u0131n m\u0259hk\u0259m\u0259si ba\u015flay\u0131b - MEYDAN.TV\" \/>\n<meta property=\"og:description\" content=\"Arsen Baqdasaryan A\u011fdam rayonu istiqam\u0259tind\u0259 qo\u015funlar\u0131n t\u0259mas x\u0259ttini ke\u00e7\u0259rk\u0259n saxlan\u0131l\u0131b\" \/>\n<meta property=\"og:url\" content=\"https:\/\/www.meydan.tv\/az\/article\/ermeni-kesfiyyatcisinin-mehkemesi-baslayib\/\" \/>\n<meta property=\"og:site_name\" content=\"MEYDAN.TV\" \/>\n<meta property=\"article:published_time\" content=\"2015-04-07T17:28:55+00:00\" \/>\n<meta property=\"og:image\" content=\"https:\/\/www.meydan.tv\/wp-content\/uploads\/8135.jpg\" \/>\n\t<meta property=\"og:image:width\" content=\"635\" \/>\n\t<meta property=\"og:image:height\" content=\"475\" \/>\n\t<meta property=\"og:image:type\" content=\"image\/jpeg\" \/>\n<meta name=\"twitter:card\" content=\"summary_large_image\" \/>\n<!-- \/ Yoast SEO plugin. -->","yoast_head_json":{"title":"Erm\u0259ni k\u0259\u015ffiyyat\u00e7\u0131s\u0131n\u0131n m\u0259hk\u0259m\u0259si ba\u015flay\u0131b - MEYDAN.TV","robots":{"index":"index","follow":"follow","max-snippet":"max-snippet:-1","max-image-preview":"max-image-preview:large","max-video-preview":"max-video-preview:-1"},"canonical":"https:\/\/www.meydan.tv\/az\/article\/ermeni-kesfiyyatcisinin-mehkemesi-baslayib\/","og_locale":"az_AZ","og_type":"article","og_title":"Erm\u0259ni k\u0259\u015ffiyyat\u00e7\u0131s\u0131n\u0131n m\u0259hk\u0259m\u0259si ba\u015flay\u0131b - MEYDAN.TV","og_description":"Arsen Baqdasaryan A\u011fdam rayonu istiqam\u0259tind\u0259 qo\u015funlar\u0131n t\u0259mas x\u0259ttini ke\u00e7\u0259rk\u0259n saxlan\u0131l\u0131b","og_url":"https:\/\/www.meydan.tv\/az\/article\/ermeni-kesfiyyatcisinin-mehkemesi-baslayib\/","og_site_name":"MEYDAN.TV","article_published_time":"2015-04-07T17:28:55+00:00","og_image":[{"width":635,"height":475,"url":"https:\/\/www.meydan.tv\/wp-content\/uploads\/8135.jpg","type":"image\/jpeg"}],"twitter_card":"summary_large_image","schema":{"@context":"https:\/\/schema.org","@graph":[{"@type":"Article","@id":"https:\/\/www.meydan.tv\/az\/article\/ermeni-kesfiyyatcisinin-mehkemesi-baslayib\/#article","isPartOf":{"@id":"https:\/\/www.meydan.tv\/az\/article\/ermeni-kesfiyyatcisinin-mehkemesi-baslayib\/"},"author":{"name":"user-manager","@id":"https:\/\/www.meydan.tv\/az\/#\/schema\/person\/10d11eccf6da3662cf5fdab9806ea91a"},"headline":"Erm\u0259ni k\u0259\u015ffiyyat\u00e7\u0131s\u0131n\u0131n m\u0259hk\u0259m\u0259si ba\u015flay\u0131b","datePublished":"2015-04-07T17:28:55+00:00","mainEntityOfPage":{"@id":"https:\/\/www.meydan.tv\/az\/article\/ermeni-kesfiyyatcisinin-mehkemesi-baslayib\/"},"wordCount":995,"publisher":{"@id":"https:\/\/www.meydan.tv\/az\/#organization"},"image":{"@id":"https:\/\/www.meydan.tv\/az\/article\/ermeni-kesfiyyatcisinin-mehkemesi-baslayib\/#primaryimage"},"thumbnailUrl":"https:\/\/www.meydan.tv\/wp-content\/uploads\/8135.jpg","articleSection":["X\u0259b\u0259rl\u0259r"],"inLanguage":"az"},{"@type":"WebPage","@id":"https:\/\/www.meydan.tv\/az\/article\/ermeni-kesfiyyatcisinin-mehkemesi-baslayib\/","url":"https:\/\/www.meydan.tv\/az\/article\/ermeni-kesfiyyatcisinin-mehkemesi-baslayib\/","name":"Erm\u0259ni k\u0259\u015ffiyyat\u00e7\u0131s\u0131n\u0131n m\u0259hk\u0259m\u0259si ba\u015flay\u0131b - MEYDAN.TV","isPartOf":{"@id":"https:\/\/www.meydan.tv\/az\/#website"},"primaryImageOfPage":{"@id":"https:\/\/www.meydan.tv\/az\/article\/ermeni-kesfiyyatcisinin-mehkemesi-baslayib\/#primaryimage"},"image":{"@id":"https:\/\/www.meydan.tv\/az\/article\/ermeni-kesfiyyatcisinin-mehkemesi-baslayib\/#primaryimage"},"thumbnailUrl":"https:\/\/www.meydan.tv\/wp-content\/uploads\/8135.jpg","datePublished":"2015-04-07T17:28:55+00:00","breadcrumb":{"@id":"https:\/\/www.meydan.tv\/az\/article\/ermeni-kesfiyyatcisinin-mehkemesi-baslayib\/#breadcrumb"},"inLanguage":"az","potentialAction":[{"@type":"ReadAction","target":["https:\/\/www.meydan.tv\/az\/article\/ermeni-kesfiyyatcisinin-mehkemesi-baslayib\/"]}]},{"@type":"ImageObject","inLanguage":"az","@id":"https:\/\/www.meydan.tv\/az\/article\/ermeni-kesfiyyatcisinin-mehkemesi-baslayib\/#primaryimage","url":"https:\/\/www.meydan.tv\/wp-content\/uploads\/8135.jpg","contentUrl":"https:\/\/www.meydan.tv\/wp-content\/uploads\/8135.jpg","width":635,"height":475,"caption":"Source:"},{"@type":"BreadcrumbList","@id":"https:\/\/www.meydan.tv\/az\/article\/ermeni-kesfiyyatcisinin-mehkemesi-baslayib\/#breadcrumb","itemListElement":[{"@type":"ListItem","position":1,"name":"Ana s\u0259hif\u0259","item":"https:\/\/www.meydan.tv\/az\/"},{"@type":"ListItem","position":2,"name":"X\u0259b\u0259rl\u0259r","item":"https:\/\/www.meydan.tv\/az\/section\/xeberler\/"},{"@type":"ListItem","position":3,"name":"Erm\u0259ni k\u0259\u015ffiyyat\u00e7\u0131s\u0131n\u0131n m\u0259hk\u0259m\u0259si ba\u015flay\u0131b"}]},{"@type":"WebSite","@id":"https:\/\/www.meydan.tv\/az\/#website","url":"https:\/\/www.meydan.tv\/az\/","name":"MEYDAN.TV","description":"Meydan TV Az\u0259rbaycan\u0131n media m\u0259kan\u0131ndak\u0131 alternativ s\u0259sidir","publisher":{"@id":"https:\/\/www.meydan.tv\/az\/#organization"},"potentialAction":[{"@type":"SearchAction","target":{"@type":"EntryPoint","urlTemplate":"https:\/\/www.meydan.tv\/az\/?s={search_term_string}"},"query-input":{"@type":"PropertyValueSpecification","valueRequired":true,"valueName":"search_term_string"}}],"inLanguage":"az"},{"@type":"Organization","@id":"https:\/\/www.meydan.tv\/az\/#organization","name":"Meydan TV","url":"https:\/\/www.meydan.tv\/az\/","logo":{"@type":"ImageObject","inLanguage":"az","@id":"https:\/\/www.meydan.tv\/az\/#\/schema\/logo\/image\/","url":"https:\/\/www.meydan.tv\/wp-content\/uploads\/2021\/07\/meydan-logo.svg","contentUrl":"https:\/\/www.meydan.tv\/wp-content\/uploads\/2021\/07\/meydan-logo.svg","width":195,"height":46,"caption":"Meydan TV"},"image":{"@id":"https:\/\/www.meydan.tv\/az\/#\/schema\/logo\/image\/"}},{"@type":"Person","@id":"https:\/\/www.meydan.tv\/az\/#\/schema\/person\/10d11eccf6da3662cf5fdab9806ea91a","name":"user-manager"}]}},"_links":{"self":[{"href":"https:\/\/www.meydan.tv\/az\/wp-json\/wp\/v2\/posts\/167467","targetHints":{"allow":["GET"]}}],"collection":[{"href":"https:\/\/www.meydan.tv\/az\/wp-json\/wp\/v2\/posts"}],"about":[{"href":"https:\/\/www.meydan.tv\/az\/wp-json\/wp\/v2\/types\/post"}],"author":[{"embeddable":true,"href":"https:\/\/www.meydan.tv\/az\/wp-json\/wp\/v2\/users\/11"}],"replies":[{"embeddable":true,"href":"https:\/\/www.meydan.tv\/az\/wp-json\/wp\/v2\/comments?post=167467"}],"version-history":[{"count":0,"href":"https:\/\/www.meydan.tv\/az\/wp-json\/wp\/v2\/posts\/167467\/revisions"}],"wp:featuredmedia":[{"embeddable":true,"href":"https:\/\/www.meydan.tv\/az\/wp-json\/wp\/v2\/media\/22415"}],"wp:attachment":[{"href":"https:\/\/www.meydan.tv\/az\/wp-json\/wp\/v2\/media?parent=167467"}],"wp:term":[{"taxonomy":"category","embeddable":true,"href":"https:\/\/www.meydan.tv\/az\/wp-json\/wp\/v2\/categories?post=167467"},{"taxonomy":"post_tag","embeddable":true,"href":"https:\/\/www.meydan.tv\/az\/wp-json\/wp\/v2\/tags?post=167467"}],"curies":[{"name":"wp","href":"https:\/\/api.w.org\/{rel}","templated":true}]}}