{"id":167466,"date":"2015-04-07T15:15:53","date_gmt":"2015-04-07T15:15:53","guid":{"rendered":"https:\/\/www.meydan.tv\/article\/amerikanin-azerbaycana-gondereceyi-herbi-texnikanin-siyasi-ehemiyyeti-var\/"},"modified":"2015-04-07T15:15:53","modified_gmt":"2015-04-07T15:15:53","slug":"amerikanin-azerbaycana-gondereceyi-herbi-texnikanin-siyasi-ehemiyyeti-var","status":"publish","type":"post","link":"https:\/\/www.meydan.tv\/az\/article\/amerikanin-azerbaycana-gondereceyi-herbi-texnikanin-siyasi-ehemiyyeti-var\/","title":{"rendered":"&#8220;Amerikan\u0131n Az\u0259rbaycana g\u00f6nd\u0259r\u0259c\u0259yi h\u0259rbi texnikan\u0131n siyasi \u0259h\u0259miyy\u0259ti var&#8221;"},"content":{"rendered":"<figure class=\"wp-block-image size-large\">\n  <img decoding=\"async\" src=\"https:\/\/www.meydan.tv\/az\/22397\/\" alt=\"\" class=\"wp-image-22397\"\/><figcaption><\/figcaption><\/figure>\n<figure class=\"wp-block-image size-large\">\n  <img decoding=\"async\" src=\"https:\/\/www.meydan.tv\/az\/22397\/\" alt=\"\" class=\"wp-image-22397\"\/><figcaption><\/figcaption><\/figure>\n<p>\n  <i><br \/>\n    Elxan \u015eahino\u011flu: &#8220;Az\u0259rbaycan hakimiyy\u0259ti Rusiyan\u0131n m\u00f6vqeyind\u0259n \u00e7\u0259kinm\u0259m\u0259lidir&#8221;<br \/>\n  <\/i>\n<\/p>\n<p>\n  AB\u015e Senat\u0131nda Az\u0259rbaycan\u0131n da t\u0259hl\u00fck\u0259sizliyinin t\u0259min olunmas\u0131n\u0131 n\u0259z\u0259rd\u0259 tutan yeni qanun layih\u0259si q\u0259bul edilib. Qanun layih\u0259sind\u0259 \u00f6lk\u0259 prezidentin\u0259 bir s\u0131ra \u00f6lk\u0259l\u0259rl\u0259 h\u0259rbi \u0259m\u0259kda\u015fl\u0131\u011f\u0131n geni\u015fl\u0259ndirilm\u0259si h\u00fcququnun verilm\u0259si n\u0259z\u0259rd\u0259 tutulub. Layih\u0259d\u0259 bildirilir ki, AB\u015e v\u0259 NATO Az\u0259rbaycan, Ukrayna, G\u00fcrc\u00fcstan, Moldova, Bosniya v\u0259 Hersoqvina, Makedoniya, \u00c7ernoqoriya v\u0259 Serbiya Silahl\u0131 Q\u00fcvv\u0259l\u0259rin\u0259 yard\u0131m ed\u0259c\u0259k v\u0259 bu \u00f6lk\u0259l\u0259rin t\u0259hl\u00fck\u0259sizliyini t\u0259min ed\u0259c\u0259k.\n<\/p>\n<p>\n  &#8220;Atlas&#8221; Ara\u015fd\u0131rmalar M\u0259rk\u0259zinin r\u0259hb\u0259ri Elxan \u015eahino\u011flunun fikrinc\u0259, AB\u015e Senat\u0131n\u0131n prezident\u0259 bir s\u0131ra \u00f6lk\u0259l\u0259r\u0259 silah g\u00f6nd\u0259rm\u0259y\u0259 ya\u015f\u0131l i\u015f\u0131q yand\u0131rmas\u0131 Az\u0259rbaycan\u0131n da xeyirdir: &#8220;\u018flb\u0259tt\u0259, bu g\u00fcn Va\u015finqtonun \u0259sas h\u0259d\u0259fi Ukraynan\u0131 qorumaq v\u0259 bu \u00f6lk\u0259y\u0259 h\u0259rbi d\u0259st\u0259k verm\u0259kdir. Ancaq Va\u015finqtonun Ukrayna il\u0259 yana\u015f\u0131 G\u00fcrc\u00fcstan, Moldova v\u0259 Az\u0259rbaycan\u0131n Silahl\u0131 Q\u00fcvv\u0259l\u0259rin\u0259 yard\u0131m etm\u0259si ondan x\u0259b\u0259r verir ki, A\u011f Ev bu \u00f6lk\u0259l\u0259ri d\u0259 Rusiyan\u0131n m\u00fcmk\u00fcn t\u0259sirl\u0259rind\u0259n qorumaq ist\u0259yir&#8221;.\n<\/p>\n<p>\n  Politoloq hesab edir ki, Rusiyan\u0131n ekspansiyas\u0131n\u0131 geni\u015fl\u0259ndirm\u0259si b\u00f6lg\u0259 \u00f6lk\u0259l\u0259ri \u00fc\u00e7\u00fcn real t\u0259hl\u00fck\u0259dir: &#8220;Rusiya 2008-ci ild\u0259 G\u00fcrc\u00fcstanla m\u00fcharib\u0259 etdi, Abxaziya v\u0259 C\u0259nubi Osetiyan\u0131n \u201cm\u00fcst\u0259qillikl\u0259rini\u201d tan\u0131d\u0131, bu b\u00f6lg\u0259l\u0259rd\u0259 silahl\u0131 q\u00fcvv\u0259l\u0259rini yerl\u0259\u015fdirdi. Rusiya bunun ard\u0131nca Kr\u0131m\u0131 i\u015f\u011fal etdi v\u0259 indi Ukraynan\u0131 par\u00e7alama\u011fa \u00e7al\u0131\u015f\u0131r. Kreml Dnestr b\u00f6lg\u0259sin\u0259 d\u0259 h\u0259rt\u0259r\u0259fli d\u0259st\u0259k verir.\n<\/p>\n<p>\n  Bel\u0259likl\u0259, Kremlin b\u00f6lg\u0259d\u0259ki maraqlar\u0131n\u0131 n\u0259z\u0259r\u0259 almayan v\u0259 Rusiyaya qon\u015fu olan ist\u0259nil\u0259n d\u00f6vl\u0259ti t\u0259hl\u00fck\u0259 g\u00f6zl\u0259yir&#8221;.\n<\/p>\n<figure class=\"wp-block-image size-large\">\n  <img decoding=\"async\" src=\"https:\/\/www.meydan.tv\/az\/22400\/\" alt=\"\" class=\"wp-image-22400\"\/><figcaption><\/figcaption><\/figure>\n<p>\n  Elxan \u015eahino\u011flu deyir ki, Az\u0259rbaycan \u00fc\u00e7\u00fcn Rusiya t\u0259hl\u00fck\u0259sind\u0259n qorunma\u011f\u0131n iki yolu var:\n<\/p>\n<p>\n  Birinci yol Rusiya il\u0259 m\u00fcnasib\u0259tl\u0259rd\u0259 g\u0259rginliy\u0259 yol verm\u0259m\u0259k, dostluq m\u00fcnasib\u0259tl\u0259rini davam etdirm\u0259kdir.\n<\/p>\n<p>\n  \u0130kinci yol AB\u015e, NATO v\u0259 T\u00fcrkiy\u0259 il\u0259 h\u0259rbi \u0259m\u0259kda\u015fl\u0131q imkanlar\u0131n\u0131 geni\u015fl\u0259ndirm\u0259kdir.\n<\/p>\n<p>\n  &#8220;AB\u015e Senat\u0131n\u0131n q\u0259rar\u0131 o dem\u0259k deyil ki, Va\u015finqton yax\u0131n m\u00fcdd\u0259td\u0259 Az\u0259rbaycana m\u00fcasir silahlar g\u00f6nd\u0259r\u0259c\u0259k. S\u00f6hb\u0259t b\u00f6y\u00fck ehtimalla xidm\u0259ti m\u00fcdd\u0259tini ba\u015fa vurmu\u015f v\u0259 Amerika \u00fc\u00e7\u00fcn x\u00fcsusi \u0259h\u0259miyy\u0259t k\u0259sb etm\u0259y\u0259n silahlar\u0131n v\u0259 h\u0259rbi texnikan\u0131n ad\u0131 \u00e7\u0259kil\u0259n \u00f6lk\u0259l\u0259r\u0259, o c\u00fcml\u0259d\u0259n Az\u0259rbaycana g\u00f6nd\u0259rilm\u0259sind\u0259n gedir. M\u0259s\u0259l\u0259n, Ukrayna strateji m\u0259nada Amerikaya Az\u0259rbaycandan daha yax\u0131n \u00f6lk\u0259dir. Va\u015finqton Ukraynaya g\u00f6r\u0259 Kremll\u0259 m\u00fcnasib\u0259tl\u0259rini k\u0259skinl\u0259\u015fdirib. AB\u015e Ukraynaya NATO-dan k\u0259nar m\u00fctt\u0259fiqlik statusu verib.\n<\/p>\n<p>\n  Buna baxmayaraq, A\u011f Ev Ukraynaya m\u00fcasir silahlar g\u00f6nd\u0259rm\u0259yi h\u0259l\u0259 laz\u0131m bilmir, g\u00f6nd\u0259rdiyi zirehli ma\u015f\u0131nlard\u0131r ki, onlar da d\u00f6y\u00fc\u015f b\u00f6lg\u0259sind\u0259 \u00fcst\u00fcnl\u00fck yaradacaq texnika deyil. Ukraynan\u0131n uzaq m\u0259nzilli raketl\u0259r\u0259, pilotsuz t\u0259yyar\u0259l\u0259r\u0259, son modern tanklara ehtiyac\u0131 var ki, A\u011f Ev bu silahlar\u0131 Ukraynaya g\u00f6nd\u0259rm\u0259y\u0259 t\u0259l\u0259smir. Ona g\u00f6r\u0259 d\u0259 \u0259g\u0259r Va\u015finqton n\u0259 vaxtsa Az\u0259rbaycana silah ver\u0259c\u0259ks\u0259, bu da istifad\u0259 edilmi\u015f v\u0259 modern silahlar olmayacaq. Daha m\u00fcasirini Az\u0259rbaycan Rusiya v\u0259 \u0130sraild\u0259n pulla al\u0131r. O ki qald\u0131, zirehli texnikaya h\u0259min texnikan\u0131 Az\u0259rbaycan \u00f6z\u00fc d\u0259 istehsal edir, T\u00fcrkiy\u0259 il\u0259 birg\u0259 h\u0259rbi istehsal sah\u0259l\u0259rini geni\u015fl\u0259ndirir&#8221; &#8211; dey\u0259, o bildirir.\n<\/p>\n<p>\n  Elxan \u015eahino\u011flu hesab edir ki, Amerikan\u0131n Az\u0259rbaycana g\u00f6nd\u0259r\u0259c\u0259yi h\u0259rbi texnikan\u0131n siyasi \u0259h\u0259miyy\u0259ti var:\n<\/p>\n<p>\n  &#8220;Birinci \u0259h\u0259miyy\u0259ti odur ki, AB\u015e Senat\u0131n\u0131n siyah\u0131s\u0131nda Erm\u0259nistan\u0131n ad\u0131 yoxdur. Bu is\u0259 o dem\u0259kdir ki, erm\u0259ni lobbisinin b\u00f6y\u00fck t\u0259siri oldu\u011fu Konqres bel\u0259 Erm\u0259nistan\u0131n Rusiyadan as\u0131l\u0131l\u0131\u011f\u0131n\u0131 etiraf edir. R\u0259smi Bak\u0131 Va\u015finqtonla m\u00fcnasib\u0259tl\u0259rd\u0259 bu faktordan \u00f6z xeyrin\u0259 istifad\u0259 ed\u0259 bil\u0259r.\n<\/p>\n<p>\n  AB\u015e-\u0131n Az\u0259rbaycana silah g\u00f6nd\u0259rm\u0259sinin bir ba\u015fqa \u0259h\u0259miyy\u0259ti d\u0259 var. AB\u015e AT\u018fT-in Da\u011fl\u0131q Qaraba\u011f \u00fczr\u0259 Minsk Qrupunun 3 h\u0259ms\u0259dr d\u00f6vl\u0259tind\u0259n biridir. H\u0259ms\u0259drl\u0259rd\u0259n birinin Az\u0259rbayacana silah g\u00f6nd\u0259rm\u0259si o dem\u0259kdir ki, Va\u015finqton Da\u011fl\u0131q Qaraba\u011f m\u0259s\u0259l\u0259sind\u0259 Az\u0259rbaycan\u0131n haql\u0131 m\u00f6vqeyini q\u0259bul edir.\n<\/p>\n<p>\n  \u018flb\u0259tt\u0259, AB\u015e-\u0131n Az\u0259rbaycana silah g\u00f6nd\u0259rm\u0259si Rusiyann\u0131 xo\u015funa g\u00f6lm\u0259y\u0259c\u0259k. Ancaq Az\u0259rbaycan hakimiyy\u0259ti Rusiyan\u0131n m\u00f6vqeyind\u0259n \u00e7\u0259kinm\u0259m\u0259lidir. R\u0259smi Bak\u0131 Amerikadan silah\u0131 pulla almayacaq. Bel\u0259 olan halda bu c\u00fcr h\u0259diyy\u0259d\u0259n imtina etm\u0259nin m\u0259nas\u0131 yoxdur. AB\u015e \u0259vv\u0259lki ill\u0259rd\u0259 d\u0259 Az\u0259rbaycana pulsuz olaraq h\u0259rbi katerl\u0259r v\u0259 radarlar verib v\u0259 r\u0259smi Bak\u0131 bundan he\u00e7 zaman imtina etm\u0259yib. R\u0259smi Bak\u0131 Rusiyan\u0131n Erm\u0259nistan\u0131 silahland\u0131rmas\u0131 siyas\u0259tin\u0259 qar\u0131\u015fm\u0131r, k\u0259skin a\u00e7\u0131qlama vermir. Ona g\u00f6r\u0259 Moskvan\u0131n da Amerikan\u0131n Az\u0259rbaycana silah g\u00f6nd\u0259rm\u0259sin\u0259 qar\u0131\u015fmas\u0131 m\u0259ntiqi deyil.\n<\/p>\n<p>\n  Erm\u0259nistan v\u0259 erm\u0259ni lobbisi AB\u015e-\u0131n Az\u0259rbaycana silah g\u00f6nd\u0259rm\u0259sind\u0259n narahat olacaq. Bu faktor da Az\u0259rbaycan\u0131n xeyrin\u0259dir. \u00c7\u00fcnki bununla AB\u015e-\u0131n C\u0259nubi Qafqaz b\u00f6lg\u0259sind\u0259 G\u00fcrc\u00fcstanla v\u0259 Az\u0259rbaycanla \u0259m\u0259kda\u015fl\u0131\u011fa \u00fcst\u00fcnl\u00fck verdiyi g\u00f6rs\u0259n\u0259c\u0259k&#8221;.\n<\/p>\n<p>\n  Politoloq deyir ki, Rusiya prezidenti Vladimir Putin aprelin 24-d\u0259 Erm\u0259nistana s\u0259f\u0259r ed\u0259r\u0259k \u201cerm\u0259ni soyq\u0131r\u0131m\u0131n\u0131n\u201d 100 illik t\u0259dbirl\u0259rin\u0259 qat\u0131lacaq. Putinin bu add\u0131m\u0131 Bak\u0131n\u0131n s\u0259ssiz etiraz\u0131na s\u0259b\u0259b olacaq: &#8220;Putin \u0130r\u0259vanda Da\u011fl\u0131q Qaraba\u011f m\u00fcnaqi\u015f\u0259si il\u0259 ba\u011fl\u0131 erm\u0259ni h\u0259mkar\u0131 Serj S\u0259rkisyanla fikir m\u00fcbadil\u0259si aparacaq. Fransa prezidenti Fransua Olland da eyni tarixd\u0259 \u0130r\u0259vanda olacaq. Ancaq Olland Putind\u0259n f\u0259rqli olaraq, \u0130r\u0259vandan sonra Bak\u0131ya g\u0259l\u0259c\u0259k. Bununla Fransa prezidenti Erm\u0259nistanla Az\u0259rbaycan aras\u0131nda balansa \u00fcst\u00fcnl\u00fck verdiyini g\u00f6st\u0259rmi\u015f olacaq. Putin is\u0259 \u0130r\u0259vandan sonra birba\u015fa Moskvaya qay\u0131dacaq&#8221;.<\/p>\n","protected":false},"excerpt":{"rendered":"<p>Elxan \u015eahino\u011flu: &#8220;Az\u0259rbaycan hakimiyy\u0259ti Rusiyan\u0131n m\u00f6vqeyind\u0259n \u00e7\u0259kinm\u0259m\u0259lidir&#8221;<\/p>\n","protected":false},"author":11,"featured_media":22397,"comment_status":"closed","ping_status":"open","sticky":false,"template":"","format":"standard","meta":{"_acf_changed":false,"_sitemap_exclude":false,"_sitemap_priority":"","_sitemap_frequency":"","footnotes":""},"categories":[56],"tags":[],"class_list":["post-167466","post","type-post","status-publish","format-standard","has-post-thumbnail","hentry","category-xeberler","infinite-scroll-item","generate-columns","tablet-grid-50","mobile-grid-100","grid-parent","grid-33","no-featured-image-padding"],"acf":[],"yoast_head":"<!-- This site is optimized with the Yoast SEO plugin v28.4 - https:\/\/yoast.com\/product\/yoast-seo-wordpress\/ -->\n<title>&quot;Amerikan\u0131n Az\u0259rbaycana g\u00f6nd\u0259r\u0259c\u0259yi h\u0259rbi texnikan\u0131n siyasi \u0259h\u0259miyy\u0259ti var&quot; - MEYDAN.TV<\/title>\n<meta name=\"robots\" content=\"index, follow, max-snippet:-1, max-image-preview:large, max-video-preview:-1\" \/>\n<link rel=\"canonical\" href=\"https:\/\/www.meydan.tv\/az\/article\/amerikanin-azerbaycana-gondereceyi-herbi-texnikanin-siyasi-ehemiyyeti-var\/\" \/>\n<meta property=\"og:locale\" content=\"az_AZ\" \/>\n<meta property=\"og:type\" content=\"article\" \/>\n<meta property=\"og:title\" content=\"&quot;Amerikan\u0131n Az\u0259rbaycana g\u00f6nd\u0259r\u0259c\u0259yi h\u0259rbi texnikan\u0131n siyasi \u0259h\u0259miyy\u0259ti var&quot; - MEYDAN.TV\" \/>\n<meta property=\"og:description\" content=\"Elxan \u015eahino\u011flu: &quot;Az\u0259rbaycan hakimiyy\u0259ti Rusiyan\u0131n m\u00f6vqeyind\u0259n \u00e7\u0259kinm\u0259m\u0259lidir&quot;\" \/>\n<meta property=\"og:url\" content=\"https:\/\/www.meydan.tv\/az\/article\/amerikanin-azerbaycana-gondereceyi-herbi-texnikanin-siyasi-ehemiyyeti-var\/\" \/>\n<meta property=\"og:site_name\" content=\"MEYDAN.TV\" \/>\n<meta property=\"article:published_time\" content=\"2015-04-07T15:15:53+00:00\" \/>\n<meta property=\"og:image\" content=\"https:\/\/www.meydan.tv\/wp-content\/uploads\/8133.jpg\" \/>\n\t<meta property=\"og:image:width\" content=\"601\" \/>\n\t<meta property=\"og:image:height\" content=\"400\" \/>\n\t<meta property=\"og:image:type\" content=\"image\/jpeg\" \/>\n<meta name=\"twitter:card\" content=\"summary_large_image\" \/>\n<!-- \/ Yoast SEO plugin. -->","yoast_head_json":{"title":"\"Amerikan\u0131n Az\u0259rbaycana g\u00f6nd\u0259r\u0259c\u0259yi h\u0259rbi texnikan\u0131n siyasi \u0259h\u0259miyy\u0259ti var\" - MEYDAN.TV","robots":{"index":"index","follow":"follow","max-snippet":"max-snippet:-1","max-image-preview":"max-image-preview:large","max-video-preview":"max-video-preview:-1"},"canonical":"https:\/\/www.meydan.tv\/az\/article\/amerikanin-azerbaycana-gondereceyi-herbi-texnikanin-siyasi-ehemiyyeti-var\/","og_locale":"az_AZ","og_type":"article","og_title":"\"Amerikan\u0131n Az\u0259rbaycana g\u00f6nd\u0259r\u0259c\u0259yi h\u0259rbi texnikan\u0131n siyasi \u0259h\u0259miyy\u0259ti var\" - MEYDAN.TV","og_description":"Elxan \u015eahino\u011flu: \"Az\u0259rbaycan hakimiyy\u0259ti Rusiyan\u0131n m\u00f6vqeyind\u0259n \u00e7\u0259kinm\u0259m\u0259lidir\"","og_url":"https:\/\/www.meydan.tv\/az\/article\/amerikanin-azerbaycana-gondereceyi-herbi-texnikanin-siyasi-ehemiyyeti-var\/","og_site_name":"MEYDAN.TV","article_published_time":"2015-04-07T15:15:53+00:00","og_image":[{"width":601,"height":400,"url":"https:\/\/www.meydan.tv\/wp-content\/uploads\/8133.jpg","type":"image\/jpeg"}],"twitter_card":"summary_large_image","schema":{"@context":"https:\/\/schema.org","@graph":[{"@type":"Article","@id":"https:\/\/www.meydan.tv\/az\/article\/amerikanin-azerbaycana-gondereceyi-herbi-texnikanin-siyasi-ehemiyyeti-var\/#article","isPartOf":{"@id":"https:\/\/www.meydan.tv\/az\/article\/amerikanin-azerbaycana-gondereceyi-herbi-texnikanin-siyasi-ehemiyyeti-var\/"},"author":{"name":"user-manager","@id":"https:\/\/www.meydan.tv\/az\/#\/schema\/person\/10d11eccf6da3662cf5fdab9806ea91a"},"headline":"&#8220;Amerikan\u0131n Az\u0259rbaycana g\u00f6nd\u0259r\u0259c\u0259yi h\u0259rbi texnikan\u0131n siyasi \u0259h\u0259miyy\u0259ti var&#8221;","datePublished":"2015-04-07T15:15:53+00:00","mainEntityOfPage":{"@id":"https:\/\/www.meydan.tv\/az\/article\/amerikanin-azerbaycana-gondereceyi-herbi-texnikanin-siyasi-ehemiyyeti-var\/"},"wordCount":1142,"publisher":{"@id":"https:\/\/www.meydan.tv\/az\/#organization"},"image":{"@id":"https:\/\/www.meydan.tv\/az\/article\/amerikanin-azerbaycana-gondereceyi-herbi-texnikanin-siyasi-ehemiyyeti-var\/#primaryimage"},"thumbnailUrl":"https:\/\/www.meydan.tv\/wp-content\/uploads\/8133.jpg","articleSection":["X\u0259b\u0259rl\u0259r"],"inLanguage":"az"},{"@type":"WebPage","@id":"https:\/\/www.meydan.tv\/az\/article\/amerikanin-azerbaycana-gondereceyi-herbi-texnikanin-siyasi-ehemiyyeti-var\/","url":"https:\/\/www.meydan.tv\/az\/article\/amerikanin-azerbaycana-gondereceyi-herbi-texnikanin-siyasi-ehemiyyeti-var\/","name":"\"Amerikan\u0131n Az\u0259rbaycana g\u00f6nd\u0259r\u0259c\u0259yi h\u0259rbi texnikan\u0131n siyasi \u0259h\u0259miyy\u0259ti var\" - MEYDAN.TV","isPartOf":{"@id":"https:\/\/www.meydan.tv\/az\/#website"},"primaryImageOfPage":{"@id":"https:\/\/www.meydan.tv\/az\/article\/amerikanin-azerbaycana-gondereceyi-herbi-texnikanin-siyasi-ehemiyyeti-var\/#primaryimage"},"image":{"@id":"https:\/\/www.meydan.tv\/az\/article\/amerikanin-azerbaycana-gondereceyi-herbi-texnikanin-siyasi-ehemiyyeti-var\/#primaryimage"},"thumbnailUrl":"https:\/\/www.meydan.tv\/wp-content\/uploads\/8133.jpg","datePublished":"2015-04-07T15:15:53+00:00","breadcrumb":{"@id":"https:\/\/www.meydan.tv\/az\/article\/amerikanin-azerbaycana-gondereceyi-herbi-texnikanin-siyasi-ehemiyyeti-var\/#breadcrumb"},"inLanguage":"az","potentialAction":[{"@type":"ReadAction","target":["https:\/\/www.meydan.tv\/az\/article\/amerikanin-azerbaycana-gondereceyi-herbi-texnikanin-siyasi-ehemiyyeti-var\/"]}]},{"@type":"ImageObject","inLanguage":"az","@id":"https:\/\/www.meydan.tv\/az\/article\/amerikanin-azerbaycana-gondereceyi-herbi-texnikanin-siyasi-ehemiyyeti-var\/#primaryimage","url":"https:\/\/www.meydan.tv\/wp-content\/uploads\/8133.jpg","contentUrl":"https:\/\/www.meydan.tv\/wp-content\/uploads\/8133.jpg","width":601,"height":400,"caption":"Source:"},{"@type":"BreadcrumbList","@id":"https:\/\/www.meydan.tv\/az\/article\/amerikanin-azerbaycana-gondereceyi-herbi-texnikanin-siyasi-ehemiyyeti-var\/#breadcrumb","itemListElement":[{"@type":"ListItem","position":1,"name":"Ana s\u0259hif\u0259","item":"https:\/\/www.meydan.tv\/az\/"},{"@type":"ListItem","position":2,"name":"X\u0259b\u0259rl\u0259r","item":"https:\/\/www.meydan.tv\/az\/section\/xeberler\/"},{"@type":"ListItem","position":3,"name":"&#8220;Amerikan\u0131n Az\u0259rbaycana g\u00f6nd\u0259r\u0259c\u0259yi h\u0259rbi texnikan\u0131n siyasi \u0259h\u0259miyy\u0259ti var&#8221;"}]},{"@type":"WebSite","@id":"https:\/\/www.meydan.tv\/az\/#website","url":"https:\/\/www.meydan.tv\/az\/","name":"MEYDAN.TV","description":"Meydan TV Az\u0259rbaycan\u0131n media m\u0259kan\u0131ndak\u0131 alternativ s\u0259sidir","publisher":{"@id":"https:\/\/www.meydan.tv\/az\/#organization"},"potentialAction":[{"@type":"SearchAction","target":{"@type":"EntryPoint","urlTemplate":"https:\/\/www.meydan.tv\/az\/?s={search_term_string}"},"query-input":{"@type":"PropertyValueSpecification","valueRequired":true,"valueName":"search_term_string"}}],"inLanguage":"az"},{"@type":"Organization","@id":"https:\/\/www.meydan.tv\/az\/#organization","name":"Meydan TV","url":"https:\/\/www.meydan.tv\/az\/","logo":{"@type":"ImageObject","inLanguage":"az","@id":"https:\/\/www.meydan.tv\/az\/#\/schema\/logo\/image\/","url":"https:\/\/www.meydan.tv\/wp-content\/uploads\/2021\/07\/meydan-logo.svg","contentUrl":"https:\/\/www.meydan.tv\/wp-content\/uploads\/2021\/07\/meydan-logo.svg","width":195,"height":46,"caption":"Meydan TV"},"image":{"@id":"https:\/\/www.meydan.tv\/az\/#\/schema\/logo\/image\/"}},{"@type":"Person","@id":"https:\/\/www.meydan.tv\/az\/#\/schema\/person\/10d11eccf6da3662cf5fdab9806ea91a","name":"user-manager"}]}},"_links":{"self":[{"href":"https:\/\/www.meydan.tv\/az\/wp-json\/wp\/v2\/posts\/167466","targetHints":{"allow":["GET"]}}],"collection":[{"href":"https:\/\/www.meydan.tv\/az\/wp-json\/wp\/v2\/posts"}],"about":[{"href":"https:\/\/www.meydan.tv\/az\/wp-json\/wp\/v2\/types\/post"}],"author":[{"embeddable":true,"href":"https:\/\/www.meydan.tv\/az\/wp-json\/wp\/v2\/users\/11"}],"replies":[{"embeddable":true,"href":"https:\/\/www.meydan.tv\/az\/wp-json\/wp\/v2\/comments?post=167466"}],"version-history":[{"count":0,"href":"https:\/\/www.meydan.tv\/az\/wp-json\/wp\/v2\/posts\/167466\/revisions"}],"wp:featuredmedia":[{"embeddable":true,"href":"https:\/\/www.meydan.tv\/az\/wp-json\/wp\/v2\/media\/22397"}],"wp:attachment":[{"href":"https:\/\/www.meydan.tv\/az\/wp-json\/wp\/v2\/media?parent=167466"}],"wp:term":[{"taxonomy":"category","embeddable":true,"href":"https:\/\/www.meydan.tv\/az\/wp-json\/wp\/v2\/categories?post=167466"},{"taxonomy":"post_tag","embeddable":true,"href":"https:\/\/www.meydan.tv\/az\/wp-json\/wp\/v2\/tags?post=167466"}],"curies":[{"name":"wp","href":"https:\/\/api.w.org\/{rel}","templated":true}]}}