{"id":167463,"date":"2015-04-07T11:46:48","date_gmt":"2015-04-07T11:46:48","guid":{"rendered":"https:\/\/www.meydan.tv\/article\/hebsler-i-avropa-oyunlarini-lekeleye-biler\/"},"modified":"2015-04-07T11:46:48","modified_gmt":"2015-04-07T11:46:48","slug":"hebsler-i-avropa-oyunlarini-lekeleye-biler","status":"publish","type":"post","link":"https:\/\/www.meydan.tv\/az\/article\/hebsler-i-avropa-oyunlarini-lekeleye-biler\/","title":{"rendered":"H\u0259bsl\u0259r I Avropa Oyunlar\u0131n\u0131 l\u0259k\u0259l\u0259y\u0259 bil\u0259r"},"content":{"rendered":"<figure class=\"wp-block-image size-large\">\n  <img decoding=\"async\" src=\"https:\/\/www.meydan.tv\/az\/22403\/\" alt=\"\" class=\"wp-image-22403\"\/><figcaption><\/figcaption><\/figure>\n<figure class=\"wp-block-image size-large\">\n  <img decoding=\"async\" src=\"https:\/\/www.meydan.tv\/az\/22403\/\" alt=\"\" class=\"wp-image-22403\"\/><figcaption><\/figcaption><\/figure>\n<p>\n  <i><br \/>\n    \u0130dman v\u0259 \u0130nsan Haqlar\u0131 Alyans\u0131 Az\u0259rbaycan hakimiyy\u0259tin\u0259 \u00e7a\u011f\u0131r\u0131\u015f edib<br \/>\n  <\/i>\n<\/p>\n<p>\n  &#8220;\u0130nsan haqlar\u0131 pozuntular\u0131 I Avropa Oyunlar\u0131n\u0131 l\u0259k\u0259l\u0259y\u0259 bil\u0259r. Avropa Olimpiya Komit\u0259l\u0259ri v\u0259 \u0259sas Milli Olimpiya Komit\u0259l\u0259ri Az\u0259rbaycan h\u00f6kum\u0259tini \u00e7a\u011f\u0131rmal\u0131d\u0131r ki, haqs\u0131z yer\u0259 h\u0259bs olunmu\u015f jurnalistl\u0259ri v\u0259 f\u0259allar\u0131 azadl\u0131\u011fa buraxs\u0131n&#8221;.\n<\/p>\n<p>\n  &#8220;Azadl\u0131q&#8221; radiosunun m\u0259lumat\u0131na g\u00f6r\u0259, bu b\u0259yanatla aprelin 7-d\u0259 \u0130dman v\u0259 \u0130nsan Haqlar\u0131 Alyans\u0131 \u00e7\u0131x\u0131\u015f edib.\n<\/p>\n<p>\n  I Avropa Oyunlar\u0131 Az\u0259rbaycanda iyunun 12-d\u0259n 28-d\u0259k ke\u00e7iril\u0259c\u0259k. 50 \u00f6lk\u0259d\u0259n 6 min atlet 20 idman n\u00f6v\u00fc \u00fczr\u0259 yar\u0131\u015facaq. Oyunlar Olimpiya H\u0259r\u0259kat\u0131n\u0131n himay\u0259si alt\u0131nda t\u0259\u015fkil olunur.\n<\/p>\n<p>\n  \u201cAvropa Olimpiya Komit\u0259l\u0259rinin \u00f6z\u0259l m\u00f6vqeyi onlara Prezident \u018fliyev qar\u015f\u0131s\u0131nda insan haqlar\u0131 probleml\u0259rini qald\u0131rma\u011fa imkan verir,\u201d &#8211; &#8220;Amnesty International&#8221; t\u0259\u015fkilat\u0131n\u0131n Niderland \u00fczr\u0259 direktoru Eduard Nazarski deyir. \u201cAvropa Olimpiya Komit\u0259l\u0259rinin susqunlu\u011funun riski odur ki, Az\u0259rbaycan h\u00f6kum\u0259ti bunu t\u0259nqid\u00e7il\u0259rini susdurmaq mesaj\u0131 kimi q\u0259bul edir. Olimpiya Xartiyas\u0131na g\u00f6r\u0259, bu idman t\u0259dbiri c\u0259miyy\u0259tin harmonik inki\u015faf\u0131n\u0131n m\u0259rk\u0259zind\u0259 duraraq insan l\u0259yaq\u0259tini v\u0259 idman\u0131 t\u0259bli\u011f etm\u0259lidir\u201d.\n<\/p>\n<p>\n  &#8220;dman v\u0259 \u0130nsan Haqlar\u0131 Alyans\u0131 bu yax\u0131nlarda yarad\u0131lm\u0131\u015f koalisiyad\u0131r. T\u0259rkibin\u0259 &#8220;Amnesty International&#8221;, &#8220;Human Rights Watch&#8221; h\u00fcquq-m\u00fcdafi\u0259 t\u0259\u015fkilatlar\u0131, FIFPro \u2013 D\u00fcnya Oyun\u00e7ular Birliyi (World Players\u2019 Union), Avropa Futbol T\u0259r\u0259fdarlar\u0131 (Football Supporters Europe), &#8220;Supporters Direct Europe&#8221;, &#8220;Terre des Hommes&#8221;, v\u0259 &#8220;Transparency International&#8221; t\u0259\u015fkilat\u0131n\u0131n Almaniya b\u00f6lm\u0259si daxildir. Alyans\u0131n m\u0259qs\u0259di meqa idman t\u0259dbirl\u0259ri ke\u00e7ir\u0259n \u00f6lk\u0259l\u0259rd\u0259 insan haqlar\u0131, \u0259traf m\u00fchit v\u0259 anti-korrupsiya qaydalar\u0131na \u0259m\u0259l olunmas\u0131n\u0131 t\u0259min etm\u0259kdir.\n<\/p>\n<p>\n  Bu yax\u0131nlarda alyans Avropa Olimpiya Komit\u0259l\u0259rinin prezidenti Patrick Hickey-\u0259 g\u00f6nd\u0259rdiyi m\u0259ktubda komit\u0259l\u0259ri \u00e7a\u011f\u0131r\u0131rd\u0131 ki, Az\u0259rbaycanda h\u00f6kum\u0259t t\u0259nqid\u00e7il\u0259rin\u0259 t\u0259zyiql\u0259ri, media azadl\u0131\u011f\u0131 m\u00fchitinin pisl\u0259\u015fm\u0259sini q\u0131nas\u0131n. Qurum b\u00fct\u00fcn bunlar\u0131n Olimpiya Xartiyas\u0131n\u0131n \u0259sas prinsipl\u0259ri il\u0259 ziddiyy\u0259t t\u0259\u015fkil etdiyini bildirirdi.\n<\/p>\n<p>\n  \u200b Alyans vur\u011fulay\u0131r ki, Az\u0259rbaycanda apar\u0131c\u0131 jurnalistl\u0259rin v\u0259 insan haqlar\u0131 f\u0259allar\u0131n\u0131n h\u0259bsi, media orqanlar\u0131n\u0131n, t\u0259\u015fkilatlar\u0131n\u0131n, insan haqlar\u0131 qruplar\u0131n\u0131n t\u0259qibi Olimpiya Xartiyas\u0131 il\u0259 \u00fcst-\u00fcst\u0259 d\u00fc\u015fm\u00fcr. Bu t\u0259zyiql\u0259r Bak\u0131 Oyunlar\u0131n\u0131 i\u015f\u0131qland\u0131ran minl\u0259rl\u0259 jurnalistin i\u015fin\u0259 d\u0259 m\u0259nfi t\u0259sir g\u00f6st\u0259r\u0259 bil\u0259r.\n<\/p>\n<figure class=\"wp-block-image size-large\">\n  <img decoding=\"async\" src=\"https:\/\/www.meydan.tv\/az\/22406\/\" alt=\"\" class=\"wp-image-22406\"\/><figcaption><\/figcaption><\/figure>\n<p>\n  3 T\u018fL\u018fB\n<\/p>\n<p>\n  \u0130dman v\u0259 \u0130nsan Haqlar\u0131 Alyans\u0131 Avropa Olimpiya Komit\u0259l\u0259rini \u00e7a\u011f\u0131r\u0131b ki, 12 iyun a\u00e7\u0131l\u0131\u015f m\u0259rasimind\u0259n \u00f6nc\u0259 3 add\u0131m\u0131 atmas\u0131 \u00fc\u00e7\u00fcn Az\u0259rbaycana t\u0259zyiq g\u00f6st\u0259rsin:\n<\/p>\n<ol>\n<li>\n      B\u00fct\u00fcn haqs\u0131z h\u0259bs olunmu\u015f jurnalistl\u0259ri v\u0259 insan haqlar\u0131 f\u0259allar\u0131n\u0131 d\u0259rhal v\u0259 qeyd-\u015f\u0259rtsiz azadl\u0131\u011fa buraxs\u0131n (X\u0259dic\u0259 \u0130smay\u0131l, Leyla Yunus, Arif Yunus, \u0130ntiqam \u018fliyev, R\u0259sul C\u0259f\u0259rov, Rauf Mirq\u0259dirov, Anar M\u0259mm\u0259dli, ilqar M\u0259mm\u0259dov v\u0259 Tofiq Yaqublunun adlar\u0131 \u00e7\u0259kilir);\n    <\/li>\n<li>\n      \u0130nsan haqlar\u0131 f\u0259allar\u0131, jurnalistl\u0259r, m\u00fcxalif\u0259t f\u0259allar\u0131 v\u0259 ifad\u0259, birl\u0259\u015fm\u0259 v\u0259 topla\u015fma azadl\u0131\u011f\u0131ndan yararlanan dig\u0259rl\u0259rinin q\u0131snanmas\u0131, qorxudulmas\u0131 v\u0259 qanunsuz saxlanmas\u0131na son qoyulsun;\n    <\/li>\n<li>\n      \u0130nsan haqlar\u0131 v\u0259 demokratik qruplar\u0131n bil\u0259r\u0259kd\u0259n qeydiyyata al\u0131nmamas\u0131ndan \u0259l \u00e7\u0259kilsin, m\u00fcst\u0259qil qruplar\u0131n qanuni i\u015fin\u0259 \u0259ng\u0259l t\u00f6r\u0259dilm\u0259sin.\n    <\/li>\n<\/ol>\n<p>\n  \u201cAz\u0259rbaycan h\u00f6kum\u0259ti Avropa Oyunlar\u0131na milyardlarla dollar v\u0259 b\u00f6y\u00fck enerji s\u0259rf edir, dig\u0259r t\u0259r\u0259fd\u0259n h\u00f6kum\u0259ti t\u0259nqid ed\u0259nl\u0259ri amans\u0131z t\u0259qib\u0259 m\u0259ruz qoyur&#8221; -Nazarski deyib. \u201cMedia qurumlar\u0131 v\u0259 qeyri-h\u00f6kum\u0259t t\u0259\u015fkilatlar\u0131 ba\u011flan\u0131b. &#8220;Amnesty International&#8221; az\u0131 20 n\u0259f\u0259ri vicdan m\u0259hbusu kimi tan\u0131y\u0131b. H\u0259min \u015f\u0259xsl\u0259r\u0259 qondarma ittihamlarla uzun m\u00fcdd\u0259tli h\u0259bs c\u0259zas\u0131 k\u0259sil\u0259 bil\u0259r\u201d.\n<\/p>\n<p>\n  Hakimiyy\u0259t h\u0259l\u0259lik bu b\u0259yanata reaksiya verm\u0259yib. Ancaq h\u00f6kum\u0259t t\u0259msil\u00e7il\u0259ri ox\u015far b\u0259yanatlar\u0131 d\u0259f\u0259l\u0259rl\u0259 pisl\u0259yib, beyn\u0259lxalq h\u00fcquq-m\u00fcdafi\u0259 t\u0259\u015fkilatlar\u0131n\u0131n Az\u0259rbaycana qar\u015f\u0131 q\u0259r\u0259zli \u201cqara piar\u201d kampaniyas\u0131 apard\u0131\u011f\u0131n\u0131 bildirib. R\u0259smil\u0259r \u00f6lk\u0259d\u0259 b\u00fct\u00fcn fundamental h\u00fcquq v\u0259 azadl\u0131qlar\u0131n qorundu\u011funu bildirir.<\/p>\n","protected":false},"excerpt":{"rendered":"<p>\u0130dman v\u0259 \u0130nsan Haqlar\u0131 Alyans\u0131 Az\u0259rbaycan hakimiyy\u0259tin\u0259 \u00e7a\u011f\u0131r\u0131\u015f edib<\/p>\n","protected":false},"author":11,"featured_media":22403,"comment_status":"closed","ping_status":"open","sticky":false,"template":"","format":"standard","meta":{"_acf_changed":false,"_sitemap_exclude":false,"_sitemap_priority":"","_sitemap_frequency":"","footnotes":""},"categories":[56],"tags":[],"class_list":["post-167463","post","type-post","status-publish","format-standard","has-post-thumbnail","hentry","category-xeberler","infinite-scroll-item","generate-columns","tablet-grid-50","mobile-grid-100","grid-parent","grid-33","no-featured-image-padding"],"acf":[],"yoast_head":"<!-- This site is optimized with the Yoast SEO plugin v28.4 - https:\/\/yoast.com\/product\/yoast-seo-wordpress\/ -->\n<title>H\u0259bsl\u0259r I Avropa Oyunlar\u0131n\u0131 l\u0259k\u0259l\u0259y\u0259 bil\u0259r - MEYDAN.TV<\/title>\n<meta name=\"robots\" content=\"index, follow, max-snippet:-1, max-image-preview:large, max-video-preview:-1\" \/>\n<link rel=\"canonical\" href=\"https:\/\/www.meydan.tv\/az\/article\/hebsler-i-avropa-oyunlarini-lekeleye-biler\/\" \/>\n<meta property=\"og:locale\" content=\"az_AZ\" \/>\n<meta property=\"og:type\" content=\"article\" \/>\n<meta property=\"og:title\" content=\"H\u0259bsl\u0259r I Avropa Oyunlar\u0131n\u0131 l\u0259k\u0259l\u0259y\u0259 bil\u0259r - MEYDAN.TV\" \/>\n<meta property=\"og:description\" content=\"\u0130dman v\u0259 \u0130nsan Haqlar\u0131 Alyans\u0131 Az\u0259rbaycan hakimiyy\u0259tin\u0259 \u00e7a\u011f\u0131r\u0131\u015f edib\" \/>\n<meta property=\"og:url\" content=\"https:\/\/www.meydan.tv\/az\/article\/hebsler-i-avropa-oyunlarini-lekeleye-biler\/\" \/>\n<meta property=\"og:site_name\" content=\"MEYDAN.TV\" \/>\n<meta property=\"article:published_time\" content=\"2015-04-07T11:46:48+00:00\" \/>\n<meta property=\"og:image\" content=\"https:\/\/www.meydan.tv\/wp-content\/uploads\/8127.jpg\" \/>\n\t<meta property=\"og:image:width\" content=\"476\" \/>\n\t<meta property=\"og:image:height\" content=\"400\" \/>\n\t<meta property=\"og:image:type\" content=\"image\/jpeg\" \/>\n<meta name=\"twitter:card\" content=\"summary_large_image\" \/>\n<!-- \/ Yoast SEO plugin. -->","yoast_head_json":{"title":"H\u0259bsl\u0259r I Avropa Oyunlar\u0131n\u0131 l\u0259k\u0259l\u0259y\u0259 bil\u0259r - MEYDAN.TV","robots":{"index":"index","follow":"follow","max-snippet":"max-snippet:-1","max-image-preview":"max-image-preview:large","max-video-preview":"max-video-preview:-1"},"canonical":"https:\/\/www.meydan.tv\/az\/article\/hebsler-i-avropa-oyunlarini-lekeleye-biler\/","og_locale":"az_AZ","og_type":"article","og_title":"H\u0259bsl\u0259r I Avropa Oyunlar\u0131n\u0131 l\u0259k\u0259l\u0259y\u0259 bil\u0259r - MEYDAN.TV","og_description":"\u0130dman v\u0259 \u0130nsan Haqlar\u0131 Alyans\u0131 Az\u0259rbaycan hakimiyy\u0259tin\u0259 \u00e7a\u011f\u0131r\u0131\u015f edib","og_url":"https:\/\/www.meydan.tv\/az\/article\/hebsler-i-avropa-oyunlarini-lekeleye-biler\/","og_site_name":"MEYDAN.TV","article_published_time":"2015-04-07T11:46:48+00:00","og_image":[{"width":476,"height":400,"url":"https:\/\/www.meydan.tv\/wp-content\/uploads\/8127.jpg","type":"image\/jpeg"}],"twitter_card":"summary_large_image","schema":{"@context":"https:\/\/schema.org","@graph":[{"@type":"Article","@id":"https:\/\/www.meydan.tv\/az\/article\/hebsler-i-avropa-oyunlarini-lekeleye-biler\/#article","isPartOf":{"@id":"https:\/\/www.meydan.tv\/az\/article\/hebsler-i-avropa-oyunlarini-lekeleye-biler\/"},"author":{"name":"user-manager","@id":"https:\/\/www.meydan.tv\/az\/#\/schema\/person\/10d11eccf6da3662cf5fdab9806ea91a"},"headline":"H\u0259bsl\u0259r I Avropa Oyunlar\u0131n\u0131 l\u0259k\u0259l\u0259y\u0259 bil\u0259r","datePublished":"2015-04-07T11:46:48+00:00","mainEntityOfPage":{"@id":"https:\/\/www.meydan.tv\/az\/article\/hebsler-i-avropa-oyunlarini-lekeleye-biler\/"},"wordCount":759,"publisher":{"@id":"https:\/\/www.meydan.tv\/az\/#organization"},"image":{"@id":"https:\/\/www.meydan.tv\/az\/article\/hebsler-i-avropa-oyunlarini-lekeleye-biler\/#primaryimage"},"thumbnailUrl":"https:\/\/www.meydan.tv\/wp-content\/uploads\/8127.jpg","articleSection":["X\u0259b\u0259rl\u0259r"],"inLanguage":"az"},{"@type":"WebPage","@id":"https:\/\/www.meydan.tv\/az\/article\/hebsler-i-avropa-oyunlarini-lekeleye-biler\/","url":"https:\/\/www.meydan.tv\/az\/article\/hebsler-i-avropa-oyunlarini-lekeleye-biler\/","name":"H\u0259bsl\u0259r I Avropa Oyunlar\u0131n\u0131 l\u0259k\u0259l\u0259y\u0259 bil\u0259r - MEYDAN.TV","isPartOf":{"@id":"https:\/\/www.meydan.tv\/az\/#website"},"primaryImageOfPage":{"@id":"https:\/\/www.meydan.tv\/az\/article\/hebsler-i-avropa-oyunlarini-lekeleye-biler\/#primaryimage"},"image":{"@id":"https:\/\/www.meydan.tv\/az\/article\/hebsler-i-avropa-oyunlarini-lekeleye-biler\/#primaryimage"},"thumbnailUrl":"https:\/\/www.meydan.tv\/wp-content\/uploads\/8127.jpg","datePublished":"2015-04-07T11:46:48+00:00","breadcrumb":{"@id":"https:\/\/www.meydan.tv\/az\/article\/hebsler-i-avropa-oyunlarini-lekeleye-biler\/#breadcrumb"},"inLanguage":"az","potentialAction":[{"@type":"ReadAction","target":["https:\/\/www.meydan.tv\/az\/article\/hebsler-i-avropa-oyunlarini-lekeleye-biler\/"]}]},{"@type":"ImageObject","inLanguage":"az","@id":"https:\/\/www.meydan.tv\/az\/article\/hebsler-i-avropa-oyunlarini-lekeleye-biler\/#primaryimage","url":"https:\/\/www.meydan.tv\/wp-content\/uploads\/8127.jpg","contentUrl":"https:\/\/www.meydan.tv\/wp-content\/uploads\/8127.jpg","width":476,"height":400,"caption":"Source:"},{"@type":"BreadcrumbList","@id":"https:\/\/www.meydan.tv\/az\/article\/hebsler-i-avropa-oyunlarini-lekeleye-biler\/#breadcrumb","itemListElement":[{"@type":"ListItem","position":1,"name":"Ana s\u0259hif\u0259","item":"https:\/\/www.meydan.tv\/az\/"},{"@type":"ListItem","position":2,"name":"X\u0259b\u0259rl\u0259r","item":"https:\/\/www.meydan.tv\/az\/section\/xeberler\/"},{"@type":"ListItem","position":3,"name":"H\u0259bsl\u0259r I Avropa Oyunlar\u0131n\u0131 l\u0259k\u0259l\u0259y\u0259 bil\u0259r"}]},{"@type":"WebSite","@id":"https:\/\/www.meydan.tv\/az\/#website","url":"https:\/\/www.meydan.tv\/az\/","name":"MEYDAN.TV","description":"Meydan TV Az\u0259rbaycan\u0131n media m\u0259kan\u0131ndak\u0131 alternativ s\u0259sidir","publisher":{"@id":"https:\/\/www.meydan.tv\/az\/#organization"},"potentialAction":[{"@type":"SearchAction","target":{"@type":"EntryPoint","urlTemplate":"https:\/\/www.meydan.tv\/az\/?s={search_term_string}"},"query-input":{"@type":"PropertyValueSpecification","valueRequired":true,"valueName":"search_term_string"}}],"inLanguage":"az"},{"@type":"Organization","@id":"https:\/\/www.meydan.tv\/az\/#organization","name":"Meydan TV","url":"https:\/\/www.meydan.tv\/az\/","logo":{"@type":"ImageObject","inLanguage":"az","@id":"https:\/\/www.meydan.tv\/az\/#\/schema\/logo\/image\/","url":"https:\/\/www.meydan.tv\/wp-content\/uploads\/2021\/07\/meydan-logo.svg","contentUrl":"https:\/\/www.meydan.tv\/wp-content\/uploads\/2021\/07\/meydan-logo.svg","width":195,"height":46,"caption":"Meydan TV"},"image":{"@id":"https:\/\/www.meydan.tv\/az\/#\/schema\/logo\/image\/"}},{"@type":"Person","@id":"https:\/\/www.meydan.tv\/az\/#\/schema\/person\/10d11eccf6da3662cf5fdab9806ea91a","name":"user-manager"}]}},"_links":{"self":[{"href":"https:\/\/www.meydan.tv\/az\/wp-json\/wp\/v2\/posts\/167463","targetHints":{"allow":["GET"]}}],"collection":[{"href":"https:\/\/www.meydan.tv\/az\/wp-json\/wp\/v2\/posts"}],"about":[{"href":"https:\/\/www.meydan.tv\/az\/wp-json\/wp\/v2\/types\/post"}],"author":[{"embeddable":true,"href":"https:\/\/www.meydan.tv\/az\/wp-json\/wp\/v2\/users\/11"}],"replies":[{"embeddable":true,"href":"https:\/\/www.meydan.tv\/az\/wp-json\/wp\/v2\/comments?post=167463"}],"version-history":[{"count":0,"href":"https:\/\/www.meydan.tv\/az\/wp-json\/wp\/v2\/posts\/167463\/revisions"}],"wp:featuredmedia":[{"embeddable":true,"href":"https:\/\/www.meydan.tv\/az\/wp-json\/wp\/v2\/media\/22403"}],"wp:attachment":[{"href":"https:\/\/www.meydan.tv\/az\/wp-json\/wp\/v2\/media?parent=167463"}],"wp:term":[{"taxonomy":"category","embeddable":true,"href":"https:\/\/www.meydan.tv\/az\/wp-json\/wp\/v2\/categories?post=167463"},{"taxonomy":"post_tag","embeddable":true,"href":"https:\/\/www.meydan.tv\/az\/wp-json\/wp\/v2\/tags?post=167463"}],"curies":[{"name":"wp","href":"https:\/\/api.w.org\/{rel}","templated":true}]}}