{"id":167461,"date":"2015-04-07T11:19:46","date_gmt":"2015-04-07T11:19:46","guid":{"rendered":"https:\/\/www.meydan.tv\/article\/latviyanin-bakidaki-sefiri-vefat-edib\/"},"modified":"2015-04-07T11:19:46","modified_gmt":"2015-04-07T11:19:46","slug":"latviyanin-bakidaki-sefiri-vefat-edib","status":"publish","type":"post","link":"https:\/\/www.meydan.tv\/az\/article\/latviyanin-bakidaki-sefiri-vefat-edib\/","title":{"rendered":"Latviyan\u0131n Bak\u0131dak\u0131 s\u0259firi v\u0259fat edib"},"content":{"rendered":"<figure class=\"wp-block-image size-large\">\n  <img decoding=\"async\" src=\"https:\/\/www.meydan.tv\/az\/22391\/\" alt=\"\" class=\"wp-image-22391\"\/><figcaption><\/figcaption><\/figure>\n<figure class=\"wp-block-image size-large\">\n  <img decoding=\"async\" src=\"https:\/\/www.meydan.tv\/az\/22391\/\" alt=\"\" class=\"wp-image-22391\"\/><figcaption><\/figcaption><\/figure>\n<p><div>\n    Latviyan\u0131n Az\u0259rbaycandak\u0131 s\u0259firi Hardis Baumanis Bak\u0131da d\u00fcnyas\u0131n\u0131 d\u0259yi\u015fib.\n  <\/div>\n<\/p>\n<p>\n  Bu bar\u0259d\u0259<br \/>\n  <a href=\"https:\/\/apa.az\"><br \/>\n    APA<br \/>\n  <\/a><br \/>\n  -ya teleapar\u0131c\u0131, Latviya s\u0259firliyi il\u0259 \u0259m\u0259kda\u015fl\u0131q ed\u0259n \u00a0Emin Mus\u0259vi m\u0259lumat verib.\n<\/p>\n<p>\n  Onun s\u00f6zl\u0259rin\u0259 g\u00f6r\u0259, latviyal\u0131 diplomat aprelin 6-da v\u0259fat edib. \u201cO, \u00f6lk\u0259l\u0259rimiz aras\u0131nda \u0259laq\u0259l\u0259rin inki\u015faf\u0131nda b\u00f6y\u00fck rol oynay\u0131b&#8221;, &#8211; dey\u0259 Emin Mus\u0259vi bildirib.\n<\/p>\n<p>\n  1967-ci ild\u0259 d\u00fcnyaya g\u0259l\u0259n H.Baumanis Az\u0259rbaycandan \u0259vv\u0259l Litvada s\u0259fir v\u0259 Sankt-Peterburqda ba\u015f konsul v\u0259zif\u0259l\u0259rind\u0259 \u00e7al\u0131\u015f\u0131b. S\u0259firin v\u0259fat\u0131n\u0131 Latviya X\u0130N t\u0259sdiql\u0259y\u0259r\u0259k ail\u0259sin\u0259 ba\u015fsa\u011fl\u0131\u011f\u0131 verib. Qeyd ed\u0259k ki,\u00a0Hardis Baumanis f\u0259aliyy\u0259tini Latviya X\u0130N-d\u0259 davam etdirm\u0259k \u00fc\u00e7\u00fcn yayda \u00f6lk\u0259sin\u0259 d\u00f6nm\u0259liymi\u015f.<\/p>\n","protected":false},"excerpt":{"rendered":"<p>Latviyan\u0131n Az\u0259rbaycandak\u0131 s\u0259firi Hardis Baumanis Bak\u0131da d\u00fcnyas\u0131n\u0131 d\u0259yi\u015fib. Bu bar\u0259d\u0259 &#8230; <\/p>\n<p class=\"read-more-container\"><a title=\"Latviyan\u0131n Bak\u0131dak\u0131 s\u0259firi v\u0259fat edib\" class=\"read-more button\" href=\"https:\/\/www.meydan.tv\/az\/article\/latviyanin-bakidaki-sefiri-vefat-edib\/#more-167461\" aria-label=\"Read more about Latviyan\u0131n Bak\u0131dak\u0131 s\u0259firi v\u0259fat edib\">Davam\u0131<\/a><\/p>\n","protected":false},"author":11,"featured_media":22391,"comment_status":"closed","ping_status":"open","sticky":false,"template":"","format":"standard","meta":{"_acf_changed":false,"_sitemap_exclude":false,"_sitemap_priority":"","_sitemap_frequency":"","footnotes":""},"categories":[56],"tags":[],"class_list":["post-167461","post","type-post","status-publish","format-standard","has-post-thumbnail","hentry","category-xeberler","infinite-scroll-item","generate-columns","tablet-grid-50","mobile-grid-100","grid-parent","grid-33","no-featured-image-padding"],"acf":[],"yoast_head":"<!-- This site is optimized with the Yoast SEO plugin v28.4 - https:\/\/yoast.com\/product\/yoast-seo-wordpress\/ -->\n<title>Latviyan\u0131n Bak\u0131dak\u0131 s\u0259firi v\u0259fat edib - MEYDAN.TV<\/title>\n<meta name=\"robots\" content=\"index, follow, max-snippet:-1, max-image-preview:large, max-video-preview:-1\" \/>\n<link rel=\"canonical\" href=\"https:\/\/www.meydan.tv\/az\/article\/latviyanin-bakidaki-sefiri-vefat-edib\/\" \/>\n<meta property=\"og:locale\" content=\"az_AZ\" \/>\n<meta property=\"og:type\" content=\"article\" \/>\n<meta property=\"og:title\" content=\"Latviyan\u0131n Bak\u0131dak\u0131 s\u0259firi v\u0259fat edib - MEYDAN.TV\" \/>\n<meta property=\"og:description\" content=\"Latviyan\u0131n Az\u0259rbaycandak\u0131 s\u0259firi Hardis Baumanis Bak\u0131da d\u00fcnyas\u0131n\u0131 d\u0259yi\u015fib. Bu bar\u0259d\u0259 ... Davam\u0131\" \/>\n<meta property=\"og:url\" content=\"https:\/\/www.meydan.tv\/az\/article\/latviyanin-bakidaki-sefiri-vefat-edib\/\" \/>\n<meta property=\"og:site_name\" content=\"MEYDAN.TV\" \/>\n<meta property=\"article:published_time\" content=\"2015-04-07T11:19:46+00:00\" \/>\n<meta property=\"og:image\" content=\"https:\/\/www.meydan.tv\/wp-content\/uploads\/8125.jpg\" \/>\n\t<meta property=\"og:image:width\" content=\"468\" \/>\n\t<meta property=\"og:image:height\" content=\"350\" \/>\n\t<meta property=\"og:image:type\" content=\"image\/jpeg\" \/>\n<meta name=\"twitter:card\" content=\"summary_large_image\" \/>\n<!-- \/ Yoast SEO plugin. -->","yoast_head_json":{"title":"Latviyan\u0131n Bak\u0131dak\u0131 s\u0259firi v\u0259fat edib - MEYDAN.TV","robots":{"index":"index","follow":"follow","max-snippet":"max-snippet:-1","max-image-preview":"max-image-preview:large","max-video-preview":"max-video-preview:-1"},"canonical":"https:\/\/www.meydan.tv\/az\/article\/latviyanin-bakidaki-sefiri-vefat-edib\/","og_locale":"az_AZ","og_type":"article","og_title":"Latviyan\u0131n Bak\u0131dak\u0131 s\u0259firi v\u0259fat edib - MEYDAN.TV","og_description":"Latviyan\u0131n Az\u0259rbaycandak\u0131 s\u0259firi Hardis Baumanis Bak\u0131da d\u00fcnyas\u0131n\u0131 d\u0259yi\u015fib. Bu bar\u0259d\u0259 ... Davam\u0131","og_url":"https:\/\/www.meydan.tv\/az\/article\/latviyanin-bakidaki-sefiri-vefat-edib\/","og_site_name":"MEYDAN.TV","article_published_time":"2015-04-07T11:19:46+00:00","og_image":[{"width":468,"height":350,"url":"https:\/\/www.meydan.tv\/wp-content\/uploads\/8125.jpg","type":"image\/jpeg"}],"twitter_card":"summary_large_image","schema":{"@context":"https:\/\/schema.org","@graph":[{"@type":"Article","@id":"https:\/\/www.meydan.tv\/az\/article\/latviyanin-bakidaki-sefiri-vefat-edib\/#article","isPartOf":{"@id":"https:\/\/www.meydan.tv\/az\/article\/latviyanin-bakidaki-sefiri-vefat-edib\/"},"author":{"name":"user-manager","@id":"https:\/\/www.meydan.tv\/az\/#\/schema\/person\/10d11eccf6da3662cf5fdab9806ea91a"},"headline":"Latviyan\u0131n Bak\u0131dak\u0131 s\u0259firi v\u0259fat edib","datePublished":"2015-04-07T11:19:46+00:00","mainEntityOfPage":{"@id":"https:\/\/www.meydan.tv\/az\/article\/latviyanin-bakidaki-sefiri-vefat-edib\/"},"wordCount":152,"publisher":{"@id":"https:\/\/www.meydan.tv\/az\/#organization"},"image":{"@id":"https:\/\/www.meydan.tv\/az\/article\/latviyanin-bakidaki-sefiri-vefat-edib\/#primaryimage"},"thumbnailUrl":"https:\/\/www.meydan.tv\/wp-content\/uploads\/8125.jpg","articleSection":["X\u0259b\u0259rl\u0259r"],"inLanguage":"az"},{"@type":"WebPage","@id":"https:\/\/www.meydan.tv\/az\/article\/latviyanin-bakidaki-sefiri-vefat-edib\/","url":"https:\/\/www.meydan.tv\/az\/article\/latviyanin-bakidaki-sefiri-vefat-edib\/","name":"Latviyan\u0131n Bak\u0131dak\u0131 s\u0259firi v\u0259fat edib - MEYDAN.TV","isPartOf":{"@id":"https:\/\/www.meydan.tv\/az\/#website"},"primaryImageOfPage":{"@id":"https:\/\/www.meydan.tv\/az\/article\/latviyanin-bakidaki-sefiri-vefat-edib\/#primaryimage"},"image":{"@id":"https:\/\/www.meydan.tv\/az\/article\/latviyanin-bakidaki-sefiri-vefat-edib\/#primaryimage"},"thumbnailUrl":"https:\/\/www.meydan.tv\/wp-content\/uploads\/8125.jpg","datePublished":"2015-04-07T11:19:46+00:00","breadcrumb":{"@id":"https:\/\/www.meydan.tv\/az\/article\/latviyanin-bakidaki-sefiri-vefat-edib\/#breadcrumb"},"inLanguage":"az","potentialAction":[{"@type":"ReadAction","target":["https:\/\/www.meydan.tv\/az\/article\/latviyanin-bakidaki-sefiri-vefat-edib\/"]}]},{"@type":"ImageObject","inLanguage":"az","@id":"https:\/\/www.meydan.tv\/az\/article\/latviyanin-bakidaki-sefiri-vefat-edib\/#primaryimage","url":"https:\/\/www.meydan.tv\/wp-content\/uploads\/8125.jpg","contentUrl":"https:\/\/www.meydan.tv\/wp-content\/uploads\/8125.jpg","width":468,"height":350,"caption":"Source:"},{"@type":"BreadcrumbList","@id":"https:\/\/www.meydan.tv\/az\/article\/latviyanin-bakidaki-sefiri-vefat-edib\/#breadcrumb","itemListElement":[{"@type":"ListItem","position":1,"name":"Ana s\u0259hif\u0259","item":"https:\/\/www.meydan.tv\/az\/"},{"@type":"ListItem","position":2,"name":"X\u0259b\u0259rl\u0259r","item":"https:\/\/www.meydan.tv\/az\/section\/xeberler\/"},{"@type":"ListItem","position":3,"name":"Latviyan\u0131n Bak\u0131dak\u0131 s\u0259firi v\u0259fat edib"}]},{"@type":"WebSite","@id":"https:\/\/www.meydan.tv\/az\/#website","url":"https:\/\/www.meydan.tv\/az\/","name":"MEYDAN.TV","description":"Meydan TV Az\u0259rbaycan\u0131n media m\u0259kan\u0131ndak\u0131 alternativ s\u0259sidir","publisher":{"@id":"https:\/\/www.meydan.tv\/az\/#organization"},"potentialAction":[{"@type":"SearchAction","target":{"@type":"EntryPoint","urlTemplate":"https:\/\/www.meydan.tv\/az\/?s={search_term_string}"},"query-input":{"@type":"PropertyValueSpecification","valueRequired":true,"valueName":"search_term_string"}}],"inLanguage":"az"},{"@type":"Organization","@id":"https:\/\/www.meydan.tv\/az\/#organization","name":"Meydan TV","url":"https:\/\/www.meydan.tv\/az\/","logo":{"@type":"ImageObject","inLanguage":"az","@id":"https:\/\/www.meydan.tv\/az\/#\/schema\/logo\/image\/","url":"https:\/\/www.meydan.tv\/wp-content\/uploads\/2021\/07\/meydan-logo.svg","contentUrl":"https:\/\/www.meydan.tv\/wp-content\/uploads\/2021\/07\/meydan-logo.svg","width":195,"height":46,"caption":"Meydan TV"},"image":{"@id":"https:\/\/www.meydan.tv\/az\/#\/schema\/logo\/image\/"}},{"@type":"Person","@id":"https:\/\/www.meydan.tv\/az\/#\/schema\/person\/10d11eccf6da3662cf5fdab9806ea91a","name":"user-manager"}]}},"_links":{"self":[{"href":"https:\/\/www.meydan.tv\/az\/wp-json\/wp\/v2\/posts\/167461","targetHints":{"allow":["GET"]}}],"collection":[{"href":"https:\/\/www.meydan.tv\/az\/wp-json\/wp\/v2\/posts"}],"about":[{"href":"https:\/\/www.meydan.tv\/az\/wp-json\/wp\/v2\/types\/post"}],"author":[{"embeddable":true,"href":"https:\/\/www.meydan.tv\/az\/wp-json\/wp\/v2\/users\/11"}],"replies":[{"embeddable":true,"href":"https:\/\/www.meydan.tv\/az\/wp-json\/wp\/v2\/comments?post=167461"}],"version-history":[{"count":0,"href":"https:\/\/www.meydan.tv\/az\/wp-json\/wp\/v2\/posts\/167461\/revisions"}],"wp:featuredmedia":[{"embeddable":true,"href":"https:\/\/www.meydan.tv\/az\/wp-json\/wp\/v2\/media\/22391"}],"wp:attachment":[{"href":"https:\/\/www.meydan.tv\/az\/wp-json\/wp\/v2\/media?parent=167461"}],"wp:term":[{"taxonomy":"category","embeddable":true,"href":"https:\/\/www.meydan.tv\/az\/wp-json\/wp\/v2\/categories?post=167461"},{"taxonomy":"post_tag","embeddable":true,"href":"https:\/\/www.meydan.tv\/az\/wp-json\/wp\/v2\/tags?post=167461"}],"curies":[{"name":"wp","href":"https:\/\/api.w.org\/{rel}","templated":true}]}}