{"id":167458,"date":"2015-04-07T00:55:33","date_gmt":"2015-04-07T00:55:33","guid":{"rendered":"https:\/\/www.meydan.tv\/article\/axcp-uzvu-turkel-elisoya-15-sutkaliq-hebs-cezasi-verilib\/"},"modified":"2015-04-07T00:55:33","modified_gmt":"2015-04-07T00:55:33","slug":"axcp-uzvu-turkel-elisoya-15-sutkaliq-hebs-cezasi-verilib","status":"publish","type":"post","link":"https:\/\/www.meydan.tv\/az\/article\/axcp-uzvu-turkel-elisoya-15-sutkaliq-hebs-cezasi-verilib\/","title":{"rendered":"AXCP \u00fczv\u00fc T\u00fcrkel \u018flisoya 15 sutkal\u0131q h\u0259bs c\u0259zas\u0131 verilib"},"content":{"rendered":"<figure class=\"wp-block-image size-large\">\n  <img decoding=\"async\" src=\"https:\/\/www.meydan.tv\/az\/22385\/\" alt=\"\" class=\"wp-image-22385\"\/><figcaption><\/figcaption><\/figure>\n<figure class=\"wp-block-image size-large\">\n  <img decoding=\"async\" src=\"https:\/\/www.meydan.tv\/az\/22385\/\" alt=\"\" class=\"wp-image-22385\"\/><figcaption><\/figcaption><\/figure>\n<p>\n  6 apreld\u0259 AXCP \u00fczv\u00fc T\u00fcrkel \u018flisoya 15 sutka h\u0259bs c\u0259zas\u0131 verilib. Bu bar\u0259d\u0259 f\u0259al\u0131n dostu Aynur M\u0259mm\u0259dova Meydan TV-y\u0259 m\u0259lumat verib. O deyib ki, sah\u0259 m\u00fcv\u0259kkili T\u00fcrkelin valideynl\u0259rin\u0259 o\u011fullar\u0131na 15 sutka h\u0259bs c\u0259zas\u0131 verildiyini \u00e7atd\u0131r\u0131b. A.M\u0259mm\u0259dova bildirib ki, T\u00fcrkell\u0259 g\u00fcnorta saatlar\u0131nda \u0259laq\u0259 saxlay\u0131b, ax\u015fam 5-6 aral\u0131\u011f\u0131nda g\u00f6r\u00fc\u015f\u0259c\u0259kl\u0259rin\u0259 raz\u0131la\u015f\u0131blar. Amma ax\u015fam saatlar\u0131nda telefonuna cavab verm\u0259yinc\u0259 f\u0259al\u0131n h\u0259bs olundu\u011funu \u00f6yr\u0259nibl\u0259r. \u00a0Bu c\u0259zan\u0131 hans\u0131 m\u0259hk\u0259m\u0259nin verdiyi v\u0259 g\u0259ncin n\u0259d\u0259 ittiham olundu\u011fu h\u0259l\u0259 ki, m\u0259lum deyil.\n<\/p>\n<p>\n  T\u00fcrkel \u018flisoy g\u00fcn \u0259rzind\u0259 h\u0259bs olunan ikinci AXCP \u00fczv\u00fcd\u00fcr. Bu g\u00fcn h\u0259m d\u0259\u00a0AXCP S\u0259bail Rayon \u015e\u00f6b\u0259sinin s\u0259dri Saqif Qurbanov 25 sutka h\u0259bs c\u0259zas\u0131 al\u0131b.<\/p>\n","protected":false},"excerpt":{"rendered":"<p>Bu c\u0259zan\u0131 hans\u0131 m\u0259hk\u0259m\u0259nin verdiyi v\u0259 g\u0259ncin n\u0259d\u0259 ittiham olundu\u011fu h\u0259l\u0259 ki, m\u0259lum deyil.<\/p>\n","protected":false},"author":11,"featured_media":22385,"comment_status":"closed","ping_status":"open","sticky":false,"template":"","format":"standard","meta":{"_acf_changed":false,"_sitemap_exclude":false,"_sitemap_priority":"","_sitemap_frequency":"","footnotes":""},"categories":[56],"tags":[],"class_list":["post-167458","post","type-post","status-publish","format-standard","has-post-thumbnail","hentry","category-xeberler","infinite-scroll-item","generate-columns","tablet-grid-50","mobile-grid-100","grid-parent","grid-33","no-featured-image-padding"],"acf":[],"yoast_head":"<!-- This site is optimized with the Yoast SEO plugin v28.4 - https:\/\/yoast.com\/product\/yoast-seo-wordpress\/ -->\n<title>AXCP \u00fczv\u00fc T\u00fcrkel \u018flisoya 15 sutkal\u0131q h\u0259bs c\u0259zas\u0131 verilib - MEYDAN.TV<\/title>\n<meta name=\"robots\" content=\"index, follow, max-snippet:-1, max-image-preview:large, max-video-preview:-1\" \/>\n<link rel=\"canonical\" href=\"https:\/\/www.meydan.tv\/az\/article\/axcp-uzvu-turkel-elisoya-15-sutkaliq-hebs-cezasi-verilib\/\" \/>\n<meta property=\"og:locale\" content=\"az_AZ\" \/>\n<meta property=\"og:type\" content=\"article\" \/>\n<meta property=\"og:title\" content=\"AXCP \u00fczv\u00fc T\u00fcrkel \u018flisoya 15 sutkal\u0131q h\u0259bs c\u0259zas\u0131 verilib - MEYDAN.TV\" \/>\n<meta property=\"og:description\" content=\"Bu c\u0259zan\u0131 hans\u0131 m\u0259hk\u0259m\u0259nin verdiyi v\u0259 g\u0259ncin n\u0259d\u0259 ittiham olundu\u011fu h\u0259l\u0259 ki, m\u0259lum deyil.\" \/>\n<meta property=\"og:url\" content=\"https:\/\/www.meydan.tv\/az\/article\/axcp-uzvu-turkel-elisoya-15-sutkaliq-hebs-cezasi-verilib\/\" \/>\n<meta property=\"og:site_name\" content=\"MEYDAN.TV\" \/>\n<meta property=\"article:published_time\" content=\"2015-04-07T00:55:33+00:00\" \/>\n<meta property=\"og:image\" content=\"https:\/\/www.meydan.tv\/wp-content\/uploads\/8115.jpg\" \/>\n\t<meta property=\"og:image:width\" content=\"320\" \/>\n\t<meta property=\"og:image:height\" content=\"320\" \/>\n\t<meta property=\"og:image:type\" content=\"image\/jpeg\" \/>\n<meta name=\"twitter:card\" content=\"summary_large_image\" \/>\n<!-- \/ Yoast SEO plugin. -->","yoast_head_json":{"title":"AXCP \u00fczv\u00fc T\u00fcrkel \u018flisoya 15 sutkal\u0131q h\u0259bs c\u0259zas\u0131 verilib - MEYDAN.TV","robots":{"index":"index","follow":"follow","max-snippet":"max-snippet:-1","max-image-preview":"max-image-preview:large","max-video-preview":"max-video-preview:-1"},"canonical":"https:\/\/www.meydan.tv\/az\/article\/axcp-uzvu-turkel-elisoya-15-sutkaliq-hebs-cezasi-verilib\/","og_locale":"az_AZ","og_type":"article","og_title":"AXCP \u00fczv\u00fc T\u00fcrkel \u018flisoya 15 sutkal\u0131q h\u0259bs c\u0259zas\u0131 verilib - MEYDAN.TV","og_description":"Bu c\u0259zan\u0131 hans\u0131 m\u0259hk\u0259m\u0259nin verdiyi v\u0259 g\u0259ncin n\u0259d\u0259 ittiham olundu\u011fu h\u0259l\u0259 ki, m\u0259lum deyil.","og_url":"https:\/\/www.meydan.tv\/az\/article\/axcp-uzvu-turkel-elisoya-15-sutkaliq-hebs-cezasi-verilib\/","og_site_name":"MEYDAN.TV","article_published_time":"2015-04-07T00:55:33+00:00","og_image":[{"width":320,"height":320,"url":"https:\/\/www.meydan.tv\/wp-content\/uploads\/8115.jpg","type":"image\/jpeg"}],"twitter_card":"summary_large_image","schema":{"@context":"https:\/\/schema.org","@graph":[{"@type":"Article","@id":"https:\/\/www.meydan.tv\/az\/article\/axcp-uzvu-turkel-elisoya-15-sutkaliq-hebs-cezasi-verilib\/#article","isPartOf":{"@id":"https:\/\/www.meydan.tv\/az\/article\/axcp-uzvu-turkel-elisoya-15-sutkaliq-hebs-cezasi-verilib\/"},"author":{"name":"user-manager","@id":"https:\/\/www.meydan.tv\/az\/#\/schema\/person\/10d11eccf6da3662cf5fdab9806ea91a"},"headline":"AXCP \u00fczv\u00fc T\u00fcrkel \u018flisoya 15 sutkal\u0131q h\u0259bs c\u0259zas\u0131 verilib","datePublished":"2015-04-07T00:55:33+00:00","mainEntityOfPage":{"@id":"https:\/\/www.meydan.tv\/az\/article\/axcp-uzvu-turkel-elisoya-15-sutkaliq-hebs-cezasi-verilib\/"},"wordCount":170,"publisher":{"@id":"https:\/\/www.meydan.tv\/az\/#organization"},"image":{"@id":"https:\/\/www.meydan.tv\/az\/article\/axcp-uzvu-turkel-elisoya-15-sutkaliq-hebs-cezasi-verilib\/#primaryimage"},"thumbnailUrl":"https:\/\/www.meydan.tv\/wp-content\/uploads\/8115.jpg","articleSection":["X\u0259b\u0259rl\u0259r"],"inLanguage":"az"},{"@type":"WebPage","@id":"https:\/\/www.meydan.tv\/az\/article\/axcp-uzvu-turkel-elisoya-15-sutkaliq-hebs-cezasi-verilib\/","url":"https:\/\/www.meydan.tv\/az\/article\/axcp-uzvu-turkel-elisoya-15-sutkaliq-hebs-cezasi-verilib\/","name":"AXCP \u00fczv\u00fc T\u00fcrkel \u018flisoya 15 sutkal\u0131q h\u0259bs c\u0259zas\u0131 verilib - MEYDAN.TV","isPartOf":{"@id":"https:\/\/www.meydan.tv\/az\/#website"},"primaryImageOfPage":{"@id":"https:\/\/www.meydan.tv\/az\/article\/axcp-uzvu-turkel-elisoya-15-sutkaliq-hebs-cezasi-verilib\/#primaryimage"},"image":{"@id":"https:\/\/www.meydan.tv\/az\/article\/axcp-uzvu-turkel-elisoya-15-sutkaliq-hebs-cezasi-verilib\/#primaryimage"},"thumbnailUrl":"https:\/\/www.meydan.tv\/wp-content\/uploads\/8115.jpg","datePublished":"2015-04-07T00:55:33+00:00","breadcrumb":{"@id":"https:\/\/www.meydan.tv\/az\/article\/axcp-uzvu-turkel-elisoya-15-sutkaliq-hebs-cezasi-verilib\/#breadcrumb"},"inLanguage":"az","potentialAction":[{"@type":"ReadAction","target":["https:\/\/www.meydan.tv\/az\/article\/axcp-uzvu-turkel-elisoya-15-sutkaliq-hebs-cezasi-verilib\/"]}]},{"@type":"ImageObject","inLanguage":"az","@id":"https:\/\/www.meydan.tv\/az\/article\/axcp-uzvu-turkel-elisoya-15-sutkaliq-hebs-cezasi-verilib\/#primaryimage","url":"https:\/\/www.meydan.tv\/wp-content\/uploads\/8115.jpg","contentUrl":"https:\/\/www.meydan.tv\/wp-content\/uploads\/8115.jpg","width":320,"height":320,"caption":"Source:"},{"@type":"BreadcrumbList","@id":"https:\/\/www.meydan.tv\/az\/article\/axcp-uzvu-turkel-elisoya-15-sutkaliq-hebs-cezasi-verilib\/#breadcrumb","itemListElement":[{"@type":"ListItem","position":1,"name":"Ana s\u0259hif\u0259","item":"https:\/\/www.meydan.tv\/az\/"},{"@type":"ListItem","position":2,"name":"X\u0259b\u0259rl\u0259r","item":"https:\/\/www.meydan.tv\/az\/section\/xeberler\/"},{"@type":"ListItem","position":3,"name":"AXCP \u00fczv\u00fc T\u00fcrkel \u018flisoya 15 sutkal\u0131q h\u0259bs c\u0259zas\u0131 verilib"}]},{"@type":"WebSite","@id":"https:\/\/www.meydan.tv\/az\/#website","url":"https:\/\/www.meydan.tv\/az\/","name":"MEYDAN.TV","description":"Meydan TV Az\u0259rbaycan\u0131n media m\u0259kan\u0131ndak\u0131 alternativ s\u0259sidir","publisher":{"@id":"https:\/\/www.meydan.tv\/az\/#organization"},"potentialAction":[{"@type":"SearchAction","target":{"@type":"EntryPoint","urlTemplate":"https:\/\/www.meydan.tv\/az\/?s={search_term_string}"},"query-input":{"@type":"PropertyValueSpecification","valueRequired":true,"valueName":"search_term_string"}}],"inLanguage":"az"},{"@type":"Organization","@id":"https:\/\/www.meydan.tv\/az\/#organization","name":"Meydan TV","url":"https:\/\/www.meydan.tv\/az\/","logo":{"@type":"ImageObject","inLanguage":"az","@id":"https:\/\/www.meydan.tv\/az\/#\/schema\/logo\/image\/","url":"https:\/\/www.meydan.tv\/wp-content\/uploads\/2021\/07\/meydan-logo.svg","contentUrl":"https:\/\/www.meydan.tv\/wp-content\/uploads\/2021\/07\/meydan-logo.svg","width":195,"height":46,"caption":"Meydan TV"},"image":{"@id":"https:\/\/www.meydan.tv\/az\/#\/schema\/logo\/image\/"}},{"@type":"Person","@id":"https:\/\/www.meydan.tv\/az\/#\/schema\/person\/10d11eccf6da3662cf5fdab9806ea91a","name":"user-manager"}]}},"_links":{"self":[{"href":"https:\/\/www.meydan.tv\/az\/wp-json\/wp\/v2\/posts\/167458","targetHints":{"allow":["GET"]}}],"collection":[{"href":"https:\/\/www.meydan.tv\/az\/wp-json\/wp\/v2\/posts"}],"about":[{"href":"https:\/\/www.meydan.tv\/az\/wp-json\/wp\/v2\/types\/post"}],"author":[{"embeddable":true,"href":"https:\/\/www.meydan.tv\/az\/wp-json\/wp\/v2\/users\/11"}],"replies":[{"embeddable":true,"href":"https:\/\/www.meydan.tv\/az\/wp-json\/wp\/v2\/comments?post=167458"}],"version-history":[{"count":0,"href":"https:\/\/www.meydan.tv\/az\/wp-json\/wp\/v2\/posts\/167458\/revisions"}],"wp:featuredmedia":[{"embeddable":true,"href":"https:\/\/www.meydan.tv\/az\/wp-json\/wp\/v2\/media\/22385"}],"wp:attachment":[{"href":"https:\/\/www.meydan.tv\/az\/wp-json\/wp\/v2\/media?parent=167458"}],"wp:term":[{"taxonomy":"category","embeddable":true,"href":"https:\/\/www.meydan.tv\/az\/wp-json\/wp\/v2\/categories?post=167458"},{"taxonomy":"post_tag","embeddable":true,"href":"https:\/\/www.meydan.tv\/az\/wp-json\/wp\/v2\/tags?post=167458"}],"curies":[{"name":"wp","href":"https:\/\/api.w.org\/{rel}","templated":true}]}}