{"id":167457,"date":"2015-04-06T19:45:28","date_gmt":"2015-04-06T19:45:28","guid":{"rendered":"https:\/\/www.meydan.tv\/article\/axcp-fealina-25-sutka-hebs-cezasi-verildi-yenilenib\/"},"modified":"2015-04-06T19:45:28","modified_gmt":"2015-04-06T19:45:28","slug":"axcp-fealina-25-sutka-hebs-cezasi-verildi-yenilenib","status":"publish","type":"post","link":"https:\/\/www.meydan.tv\/az\/article\/axcp-fealina-25-sutka-hebs-cezasi-verildi-yenilenib\/","title":{"rendered":"AXCP f\u0259al\u0131na 25 sutka h\u0259bs c\u0259zas\u0131 verildi (yenil\u0259nib)"},"content":{"rendered":"<figure class=\"wp-block-image size-large\">\n  <img decoding=\"async\" src=\"https:\/\/www.meydan.tv\/az\/22382\/\" alt=\"\" class=\"wp-image-22382\"\/><figcaption><\/figcaption><\/figure>\n<p>\n  <i><br \/>\n    22.25. Ax\u015fam saatlar\u0131nda Meydan TV-y\u0259 m\u0259lumat daxil oldu ki, Saqif Qurbanov S\u0259bayel Rayon M\u0259hk\u0259m\u0259sin\u0259 apar\u0131l\u0131b. AXCP f\u0259al\u0131 310-cu (polis\u0259 m\u00fcqavim\u0259t) madd\u0259sil\u0259 ittiham olunaraq 25 sutka inzibati h\u0259bs c\u0259zas\u0131na m\u0259hkum edilib.<br \/>\n  <\/i>\n<\/p>\n<p>\n  Aprelin 6-da AXCP S\u0259bail Rayon \u015e\u00f6b\u0259sinin s\u0259dri Saqif Qurbanovun S\u0259bail rayonu \u0259razisind\u0259 yerl\u0259\u015f\u0259n ofisin\u0259 polisl\u0259r h\u00fccum edibl\u0259r. Bu bar\u0259d\u0259 azadl\u0131q.info sayt\u0131 m\u0259lumat yay\u0131b. M\u0259lumatda bildirilir ki, ona qar\u015f\u0131 fiziki zor t\u0259tbiq edilib v\u0259 nam\u0259lum istiqam\u0259t\u0259 apar\u0131l\u0131b. C\u0259bh\u0259\u00e7inin yax\u0131nlar\u0131ndan al\u0131nan son m\u0259lumata g\u00f6r\u0259, Saqif Qurbanov haz\u0131rda S\u0259bail Rayon Polis \u0130dar\u0259sinin 8-ci Polis B\u00f6lm\u0259sind\u0259 saxlan\u0131l\u0131r. Daxili \u0130\u015fl\u0259r Nazirliyind\u0259n &#8220;Azadl\u0131q&#8221;a Saqif Qurbanovun saxlan\u0131lmas\u0131 il\u0259 ba\u011fl\u0131 ara\u015fd\u0131rma aparacaqlar\u0131n\u0131 bildirs\u0259l\u0259r d\u0259, lakin onu konkret hans\u0131 s\u0259b\u0259bd\u0259n saxlan\u0131ld\u0131\u011f\u0131na ayd\u0131nl\u0131q g\u0259tirm\u0259yibl\u0259r.<\/p>\n","protected":false},"excerpt":{"rendered":"<p>Saqif Qurbanovun hans\u0131 s\u0259b\u0259bd\u0259n saxlan\u0131ld\u0131\u011f\u0131 b\u0259lli deyil<\/p>\n","protected":false},"author":11,"featured_media":22382,"comment_status":"closed","ping_status":"open","sticky":false,"template":"","format":"standard","meta":{"_acf_changed":false,"_sitemap_exclude":false,"_sitemap_priority":"","_sitemap_frequency":"","footnotes":""},"categories":[56],"tags":[],"class_list":["post-167457","post","type-post","status-publish","format-standard","has-post-thumbnail","hentry","category-xeberler","infinite-scroll-item","generate-columns","tablet-grid-50","mobile-grid-100","grid-parent","grid-33","no-featured-image-padding"],"acf":[],"yoast_head":"<!-- This site is optimized with the Yoast SEO plugin v28.4 - https:\/\/yoast.com\/product\/yoast-seo-wordpress\/ -->\n<title>AXCP f\u0259al\u0131na 25 sutka h\u0259bs c\u0259zas\u0131 verildi (yenil\u0259nib) - MEYDAN.TV<\/title>\n<meta name=\"robots\" content=\"index, follow, max-snippet:-1, max-image-preview:large, max-video-preview:-1\" \/>\n<link rel=\"canonical\" href=\"https:\/\/www.meydan.tv\/az\/article\/axcp-fealina-25-sutka-hebs-cezasi-verildi-yenilenib\/\" \/>\n<meta property=\"og:locale\" content=\"az_AZ\" \/>\n<meta property=\"og:type\" content=\"article\" \/>\n<meta property=\"og:title\" content=\"AXCP f\u0259al\u0131na 25 sutka h\u0259bs c\u0259zas\u0131 verildi (yenil\u0259nib) - MEYDAN.TV\" \/>\n<meta property=\"og:description\" content=\"Saqif Qurbanovun hans\u0131 s\u0259b\u0259bd\u0259n saxlan\u0131ld\u0131\u011f\u0131 b\u0259lli deyil\" \/>\n<meta property=\"og:url\" content=\"https:\/\/www.meydan.tv\/az\/article\/axcp-fealina-25-sutka-hebs-cezasi-verildi-yenilenib\/\" \/>\n<meta property=\"og:site_name\" content=\"MEYDAN.TV\" \/>\n<meta property=\"article:published_time\" content=\"2015-04-06T19:45:28+00:00\" \/>\n<meta property=\"og:image\" content=\"https:\/\/www.meydan.tv\/wp-content\/uploads\/8113.jpg\" \/>\n\t<meta property=\"og:image:width\" content=\"960\" \/>\n\t<meta property=\"og:image:height\" content=\"544\" \/>\n\t<meta property=\"og:image:type\" content=\"image\/jpeg\" \/>\n<meta name=\"twitter:card\" content=\"summary_large_image\" \/>\n<!-- \/ Yoast SEO plugin. -->","yoast_head_json":{"title":"AXCP f\u0259al\u0131na 25 sutka h\u0259bs c\u0259zas\u0131 verildi (yenil\u0259nib) - MEYDAN.TV","robots":{"index":"index","follow":"follow","max-snippet":"max-snippet:-1","max-image-preview":"max-image-preview:large","max-video-preview":"max-video-preview:-1"},"canonical":"https:\/\/www.meydan.tv\/az\/article\/axcp-fealina-25-sutka-hebs-cezasi-verildi-yenilenib\/","og_locale":"az_AZ","og_type":"article","og_title":"AXCP f\u0259al\u0131na 25 sutka h\u0259bs c\u0259zas\u0131 verildi (yenil\u0259nib) - MEYDAN.TV","og_description":"Saqif Qurbanovun hans\u0131 s\u0259b\u0259bd\u0259n saxlan\u0131ld\u0131\u011f\u0131 b\u0259lli deyil","og_url":"https:\/\/www.meydan.tv\/az\/article\/axcp-fealina-25-sutka-hebs-cezasi-verildi-yenilenib\/","og_site_name":"MEYDAN.TV","article_published_time":"2015-04-06T19:45:28+00:00","og_image":[{"width":960,"height":544,"url":"https:\/\/www.meydan.tv\/wp-content\/uploads\/8113.jpg","type":"image\/jpeg"}],"twitter_card":"summary_large_image","schema":{"@context":"https:\/\/schema.org","@graph":[{"@type":"Article","@id":"https:\/\/www.meydan.tv\/az\/article\/axcp-fealina-25-sutka-hebs-cezasi-verildi-yenilenib\/#article","isPartOf":{"@id":"https:\/\/www.meydan.tv\/az\/article\/axcp-fealina-25-sutka-hebs-cezasi-verildi-yenilenib\/"},"author":{"name":"user-manager","@id":"https:\/\/www.meydan.tv\/az\/#\/schema\/person\/10d11eccf6da3662cf5fdab9806ea91a"},"headline":"AXCP f\u0259al\u0131na 25 sutka h\u0259bs c\u0259zas\u0131 verildi (yenil\u0259nib)","datePublished":"2015-04-06T19:45:28+00:00","mainEntityOfPage":{"@id":"https:\/\/www.meydan.tv\/az\/article\/axcp-fealina-25-sutka-hebs-cezasi-verildi-yenilenib\/"},"wordCount":185,"publisher":{"@id":"https:\/\/www.meydan.tv\/az\/#organization"},"image":{"@id":"https:\/\/www.meydan.tv\/az\/article\/axcp-fealina-25-sutka-hebs-cezasi-verildi-yenilenib\/#primaryimage"},"thumbnailUrl":"https:\/\/www.meydan.tv\/wp-content\/uploads\/8113.jpg","articleSection":["X\u0259b\u0259rl\u0259r"],"inLanguage":"az"},{"@type":"WebPage","@id":"https:\/\/www.meydan.tv\/az\/article\/axcp-fealina-25-sutka-hebs-cezasi-verildi-yenilenib\/","url":"https:\/\/www.meydan.tv\/az\/article\/axcp-fealina-25-sutka-hebs-cezasi-verildi-yenilenib\/","name":"AXCP f\u0259al\u0131na 25 sutka h\u0259bs c\u0259zas\u0131 verildi (yenil\u0259nib) - MEYDAN.TV","isPartOf":{"@id":"https:\/\/www.meydan.tv\/az\/#website"},"primaryImageOfPage":{"@id":"https:\/\/www.meydan.tv\/az\/article\/axcp-fealina-25-sutka-hebs-cezasi-verildi-yenilenib\/#primaryimage"},"image":{"@id":"https:\/\/www.meydan.tv\/az\/article\/axcp-fealina-25-sutka-hebs-cezasi-verildi-yenilenib\/#primaryimage"},"thumbnailUrl":"https:\/\/www.meydan.tv\/wp-content\/uploads\/8113.jpg","datePublished":"2015-04-06T19:45:28+00:00","breadcrumb":{"@id":"https:\/\/www.meydan.tv\/az\/article\/axcp-fealina-25-sutka-hebs-cezasi-verildi-yenilenib\/#breadcrumb"},"inLanguage":"az","potentialAction":[{"@type":"ReadAction","target":["https:\/\/www.meydan.tv\/az\/article\/axcp-fealina-25-sutka-hebs-cezasi-verildi-yenilenib\/"]}]},{"@type":"ImageObject","inLanguage":"az","@id":"https:\/\/www.meydan.tv\/az\/article\/axcp-fealina-25-sutka-hebs-cezasi-verildi-yenilenib\/#primaryimage","url":"https:\/\/www.meydan.tv\/wp-content\/uploads\/8113.jpg","contentUrl":"https:\/\/www.meydan.tv\/wp-content\/uploads\/8113.jpg","width":960,"height":544,"caption":"Source:"},{"@type":"BreadcrumbList","@id":"https:\/\/www.meydan.tv\/az\/article\/axcp-fealina-25-sutka-hebs-cezasi-verildi-yenilenib\/#breadcrumb","itemListElement":[{"@type":"ListItem","position":1,"name":"Ana s\u0259hif\u0259","item":"https:\/\/www.meydan.tv\/az\/"},{"@type":"ListItem","position":2,"name":"X\u0259b\u0259rl\u0259r","item":"https:\/\/www.meydan.tv\/az\/section\/xeberler\/"},{"@type":"ListItem","position":3,"name":"AXCP f\u0259al\u0131na 25 sutka h\u0259bs c\u0259zas\u0131 verildi (yenil\u0259nib)"}]},{"@type":"WebSite","@id":"https:\/\/www.meydan.tv\/az\/#website","url":"https:\/\/www.meydan.tv\/az\/","name":"MEYDAN.TV","description":"Meydan TV Az\u0259rbaycan\u0131n media m\u0259kan\u0131ndak\u0131 alternativ s\u0259sidir","publisher":{"@id":"https:\/\/www.meydan.tv\/az\/#organization"},"potentialAction":[{"@type":"SearchAction","target":{"@type":"EntryPoint","urlTemplate":"https:\/\/www.meydan.tv\/az\/?s={search_term_string}"},"query-input":{"@type":"PropertyValueSpecification","valueRequired":true,"valueName":"search_term_string"}}],"inLanguage":"az"},{"@type":"Organization","@id":"https:\/\/www.meydan.tv\/az\/#organization","name":"Meydan TV","url":"https:\/\/www.meydan.tv\/az\/","logo":{"@type":"ImageObject","inLanguage":"az","@id":"https:\/\/www.meydan.tv\/az\/#\/schema\/logo\/image\/","url":"https:\/\/www.meydan.tv\/wp-content\/uploads\/2021\/07\/meydan-logo.svg","contentUrl":"https:\/\/www.meydan.tv\/wp-content\/uploads\/2021\/07\/meydan-logo.svg","width":195,"height":46,"caption":"Meydan TV"},"image":{"@id":"https:\/\/www.meydan.tv\/az\/#\/schema\/logo\/image\/"}},{"@type":"Person","@id":"https:\/\/www.meydan.tv\/az\/#\/schema\/person\/10d11eccf6da3662cf5fdab9806ea91a","name":"user-manager"}]}},"_links":{"self":[{"href":"https:\/\/www.meydan.tv\/az\/wp-json\/wp\/v2\/posts\/167457","targetHints":{"allow":["GET"]}}],"collection":[{"href":"https:\/\/www.meydan.tv\/az\/wp-json\/wp\/v2\/posts"}],"about":[{"href":"https:\/\/www.meydan.tv\/az\/wp-json\/wp\/v2\/types\/post"}],"author":[{"embeddable":true,"href":"https:\/\/www.meydan.tv\/az\/wp-json\/wp\/v2\/users\/11"}],"replies":[{"embeddable":true,"href":"https:\/\/www.meydan.tv\/az\/wp-json\/wp\/v2\/comments?post=167457"}],"version-history":[{"count":0,"href":"https:\/\/www.meydan.tv\/az\/wp-json\/wp\/v2\/posts\/167457\/revisions"}],"wp:featuredmedia":[{"embeddable":true,"href":"https:\/\/www.meydan.tv\/az\/wp-json\/wp\/v2\/media\/22382"}],"wp:attachment":[{"href":"https:\/\/www.meydan.tv\/az\/wp-json\/wp\/v2\/media?parent=167457"}],"wp:term":[{"taxonomy":"category","embeddable":true,"href":"https:\/\/www.meydan.tv\/az\/wp-json\/wp\/v2\/categories?post=167457"},{"taxonomy":"post_tag","embeddable":true,"href":"https:\/\/www.meydan.tv\/az\/wp-json\/wp\/v2\/tags?post=167457"}],"curies":[{"name":"wp","href":"https:\/\/api.w.org\/{rel}","templated":true}]}}