{"id":167454,"date":"2015-04-06T18:50:46","date_gmt":"2015-04-06T18:50:46","guid":{"rendered":"https:\/\/www.meydan.tv\/article\/musavat-partiyasi-hakimiyyete-vaxt-verdi\/"},"modified":"2015-04-06T18:50:46","modified_gmt":"2015-04-06T18:50:46","slug":"musavat-partiyasi-hakimiyyete-vaxt-verdi","status":"publish","type":"post","link":"https:\/\/www.meydan.tv\/az\/article\/musavat-partiyasi-hakimiyyete-vaxt-verdi\/","title":{"rendered":"M\u00fcsavat Partiyas\u0131 hakimiyy\u0259t\u0259 vaxt verdi"},"content":{"rendered":"<figure class=\"wp-block-image size-large\">\n  <img decoding=\"async\" src=\"https:\/\/www.meydan.tv\/az\/22370\/\" alt=\"\" class=\"wp-image-22370\"\/><figcaption><\/figcaption><\/figure>\n<figure class=\"wp-block-image size-large\">\n  <img decoding=\"async\" src=\"https:\/\/www.meydan.tv\/az\/22370\/\" alt=\"\" class=\"wp-image-22370\"\/><figcaption><\/figcaption><\/figure>\n<p><div>\n    <i><br \/>\n      &#8220;Siyasi m\u0259hbuslar tezlikl\u0259 azadl\u0131\u011fa burax\u0131lmayaca\u011f\u0131 t\u0259qdird\u0259, Avropa Oyunlar\u0131n\u0131n boykot edilm\u0259si \u00e7a\u011f\u0131r\u0131\u015f\u0131 g\u00fcnd\u0259m\u0259 g\u0259l\u0259c\u0259k&#8221;<br \/>\n    <\/i>\n  <\/div>\n<\/p>\n<p><div><\/div>\n<\/p>\n<p><div>\n    Aprelin 5-d\u0259 M\u00fcsavat Partiyas\u0131n\u0131n M\u0259clis toplant\u0131s\u0131 olub. Toplant\u0131da siyasi motivl\u0259rl\u0259 h\u0259bs edil\u0259n m\u0259hbuslarla ba\u011fl\u0131 b\u0259yanat q\u0259bul edilib.<\/p><\/div>\n<\/p>\n<p><div>\n    Meydan TV-y\u0259 daxil olan b\u0259yanatda bildirilir ki, Az\u0259rbaycanda fundamental insan haqlar\u0131n\u0131n m\u0259hdudla\u015fd\u0131r\u0131lmas\u0131, \u00f6lk\u0259d\u0259 siyasi m\u0259hbuslar\u0131n say\u0131n\u0131n artmas\u0131 siyasi m\u0259hbuslar\u0131n azadl\u0131\u011fa burax\u0131lmamas\u0131 \u00f6lk\u0259 ictimaiyy\u0259tini v\u0259 beyn\u0259lxalq birliyi narahat edir.\n  <\/div>\n<\/p>\n<p><div><\/div>\n<\/p>\n<p><div>\n    &#8220;Beyn\u0259lxalq qurumlar\u0131n, o c\u00fcml\u0259d\u0259n Avropa \u015euras\u0131 Parlament Assambleyas\u0131n\u0131n \u00f6lk\u0259d\u0259 siyasi m\u0259hbuslar problemini h\u0259ll etm\u0259k \u00e7a\u011f\u0131r\u0131\u015flar\u0131na baxmayaraq, hakimiyy\u0259t t\u0259msil\u00e7il\u0259ri beyn\u0259lxalq tribunalardan \u00e7\u0131x\u0131\u015f ed\u0259r\u0259k, \u201cAz\u0259rbaycanda siyasi m\u0259hbuslar yoxdur\u201d iddas\u0131n\u0131 davam etdirir. Novruz Bayram\u0131 \u0259r\u0259f\u0259sind\u0259 imzalanan \u0259fv s\u0259r\u0259ncam\u0131 siyasi m\u0259hbus problemini qism\u0259n d\u0259 olsa, h\u0259ll etm\u0259di. N\u0259tic\u0259d\u0259 y\u00fcz\u0259 yax\u0131n vicdan v\u0259 siyasi m\u0259hbus h\u0259l\u0259 d\u0259 h\u0259bsd\u0259 qalmaqda davam edir. Son g\u00fcnl\u0259r h\u0259bsxanadan al\u0131nan m\u0259lumatlardan ayd\u0131n olur ki, vicdan v\u0259 siyasi m\u0259hbuslara qar\u015f\u0131 c\u0259za\u00e7\u0259km\u0259 m\u00fc\u0259ssis\u0259l\u0259rind\u0259 pis m\u00fcnasib\u0259t davam edir. Onlar\u0131n K\u0130V-l\u0259 tan\u0131\u015f olmaq h\u00fcququ pozulur. M\u0259hbuslar\u0131n abun\u0259 yolu il\u0259 almal\u0131 olduqlar\u0131 m\u00fcxalif\u0259ty\u00f6n\u00fcml\u00fc q\u0259zetl\u0259rd\u0259 siyasi v\u0259 vicdan m\u0259hbuslar\u0131na aid olan hiss\u0259l\u0259r k\u0259silir v\u0259 m\u0259hbuslara x\u00fcsusi otaqda bir saat \u0259rzind\u0259 h\u0259min q\u0259zetl\u0259rl\u0259 tan\u0131\u015f olmaq \u015f\u0259rti t\u0259tbiq olunur. Bel\u0259 faktlar siyasi f\u0259allar\u0131n sifari\u015f \u0259sas\u0131nda h\u0259bs edildikl\u0259rini bir daha t\u0259sdiq edir&#8221;.\n  <\/div>\n<\/p>\n<p><div><\/div>\n<\/p>\n<p><div>\n    M\u00fcsavat Partiyas\u0131n\u0131n M\u0259clisi Az\u0259rbaycan hakimiyy\u0259tind\u0259n vicdan v\u0259 siyasi m\u0259hbuslar siyah\u0131s\u0131na daxil edil\u0259n \u015f\u0259xsl\u0259rin \u2013 M\u00fcsavat Partiyas\u0131 ba\u015fqan\u0131n\u0131n m\u00fcavinl\u0259ri Tofiq Yaqublunun, Yadigar Sad\u0131qovun, F\u0259r\u0259c K\u0259rimovun, \u201cREAL\u201d H\u0259r\u0259kat\u0131n\u0131n r\u0259hb\u0259ri \u0130lqar M\u0259mm\u0259dovun, h\u00fcquq m\u00fcdafi\u0259\u00e7il\u0259ri &#8211; Leyla Yunusun, Arif Yunusun, \u0130ntiqam \u018fliyevin, R\u0259sul C\u0259f\u0259rovun, \u201cN\u0130DA\u201d V\u0259t\u0259nda\u015f H\u0259r\u0259kat\u0131n\u0131n \u00fczvl\u0259ri \u2013 R\u0259\u015fad\u0259t Axundovun, R\u0259\u015fad H\u0259s\u0259novun, M\u0259mm\u0259d \u018fzizovun, \u0130lkin R\u00fcst\u0259mzad\u0259nin, jurnalistl\u0259r &#8211; X\u0259dic\u0259 \u0130smay\u0131l\u0131n, P\u0259rviz H\u0259\u015fimlinin, Rauf Mirq\u0259dirovun, Seymur H\u0259zinin, ke\u00e7mi\u015f s\u0259hiyy\u0259 naziri \u018fli \u0130nsanovun, dini k\u0259simin n\u00fcmay\u0259nd\u0259l\u0259ri &#8211; Taleh Ba\u011f\u0131rovun, Abg\u00fcl S\u00fcleymanovun, M\u00f6vs\u00fcm S\u0259m\u0259dovun, QHT r\u0259hb\u0259rl\u0259ri Anar M\u0259mm\u0259dlinin, blogger \u00d6m\u0259r M\u0259mm\u0259dovun, siyasi f\u0259allar &#8211; Abdul \u018fbilovun, Murad \u018fdilovun, M\u00fcsavat Partiyas\u0131n\u0131n \u00fczvl\u0259ri \u2013 Sirac K\u0259rimlinin, X\u0259qani M\u0259mm\u0259din, Taleh Xasm\u0259mm\u0259dovun, siyasi xadim Nem\u0259t P\u0259nahovun v\u0259 dig\u0259rl\u0259rinin tezlikl\u0259 h\u0259bsd\u0259n azad olunmas\u0131n\u0131, bununla da \u00f6lk\u0259 ictimaiyy\u0259tinin v\u0259 beyn\u0259lxalq birliyin \u00e7a\u011f\u0131r\u0131\u015flar\u0131na \u0259m\u0259l etm\u0259yi t\u0259l\u0259b edir.\n  <\/div>\n<\/p>\n<p>\n  &#8220;Vicdan v\u0259 siyasi m\u0259hbuslar\u0131n tezlikl\u0259 azadl\u0131\u011fa burax\u0131lmayaca\u011f\u0131 t\u0259qdird\u0259, Bak\u0131 \u015f\u0259h\u0259rind\u0259 ke\u00e7irilm\u0259si n\u0259z\u0259rd\u0259 tutulan Avropa Oyunlar\u0131n\u0131n boykot edilm\u0259si \u00e7a\u011f\u0131r\u0131\u015f\u0131 il\u0259 d\u00fcnyan\u0131n demokratik d\u00f6vl\u0259tl\u0259rin\u0259 m\u00fcraci\u0259t etm\u0259k haqq\u0131nda M\u00fcsavat Partiyas\u0131 M\u0259clisinin \u0259vv\u0259ll\u0259r q\u0259bul etdiyi q\u0259rar\u0131n praktiki h\u0259lli h\u0259yata ke\u00e7iril\u0259c\u0259k&#8221;,-dey\u0259 b\u0259yanatda bildirilir.<\/p>\n","protected":false},"excerpt":{"rendered":"<p>&#8220;Siyasi m\u0259hbuslar tezlikl\u0259 azadl\u0131\u011fa burax\u0131lmayaca\u011f\u0131 t\u0259qdird\u0259, Avropa Oyunlar\u0131n\u0131n boykot edilm\u0259si \u00e7a\u011f\u0131r\u0131\u015f\u0131 g\u00fcnd\u0259m\u0259 g\u0259l\u0259c\u0259k&#8221;<\/p>\n","protected":false},"author":11,"featured_media":22370,"comment_status":"closed","ping_status":"open","sticky":false,"template":"","format":"standard","meta":{"_acf_changed":false,"_sitemap_exclude":false,"_sitemap_priority":"","_sitemap_frequency":"","footnotes":""},"categories":[56],"tags":[],"class_list":["post-167454","post","type-post","status-publish","format-standard","has-post-thumbnail","hentry","category-xeberler","infinite-scroll-item","generate-columns","tablet-grid-50","mobile-grid-100","grid-parent","grid-33","no-featured-image-padding"],"acf":[],"yoast_head":"<!-- This site is optimized with the Yoast SEO plugin v28.4 - https:\/\/yoast.com\/product\/yoast-seo-wordpress\/ -->\n<title>M\u00fcsavat Partiyas\u0131 hakimiyy\u0259t\u0259 vaxt verdi - MEYDAN.TV<\/title>\n<meta name=\"robots\" content=\"index, follow, max-snippet:-1, max-image-preview:large, max-video-preview:-1\" \/>\n<link rel=\"canonical\" href=\"https:\/\/www.meydan.tv\/az\/article\/musavat-partiyasi-hakimiyyete-vaxt-verdi\/\" \/>\n<meta property=\"og:locale\" content=\"az_AZ\" \/>\n<meta property=\"og:type\" content=\"article\" \/>\n<meta property=\"og:title\" content=\"M\u00fcsavat Partiyas\u0131 hakimiyy\u0259t\u0259 vaxt verdi - MEYDAN.TV\" \/>\n<meta property=\"og:description\" content=\"&quot;Siyasi m\u0259hbuslar tezlikl\u0259 azadl\u0131\u011fa burax\u0131lmayaca\u011f\u0131 t\u0259qdird\u0259, Avropa Oyunlar\u0131n\u0131n boykot edilm\u0259si \u00e7a\u011f\u0131r\u0131\u015f\u0131 g\u00fcnd\u0259m\u0259 g\u0259l\u0259c\u0259k&quot;\" \/>\n<meta property=\"og:url\" content=\"https:\/\/www.meydan.tv\/az\/article\/musavat-partiyasi-hakimiyyete-vaxt-verdi\/\" \/>\n<meta property=\"og:site_name\" content=\"MEYDAN.TV\" \/>\n<meta property=\"article:published_time\" content=\"2015-04-06T18:50:46+00:00\" \/>\n<meta property=\"og:image\" content=\"https:\/\/www.meydan.tv\/wp-content\/uploads\/8108.jpg\" \/>\n\t<meta property=\"og:image:width\" content=\"640\" \/>\n\t<meta property=\"og:image:height\" content=\"360\" \/>\n\t<meta property=\"og:image:type\" content=\"image\/jpeg\" \/>\n<meta name=\"twitter:card\" content=\"summary_large_image\" \/>\n<!-- \/ Yoast SEO plugin. -->","yoast_head_json":{"title":"M\u00fcsavat Partiyas\u0131 hakimiyy\u0259t\u0259 vaxt verdi - MEYDAN.TV","robots":{"index":"index","follow":"follow","max-snippet":"max-snippet:-1","max-image-preview":"max-image-preview:large","max-video-preview":"max-video-preview:-1"},"canonical":"https:\/\/www.meydan.tv\/az\/article\/musavat-partiyasi-hakimiyyete-vaxt-verdi\/","og_locale":"az_AZ","og_type":"article","og_title":"M\u00fcsavat Partiyas\u0131 hakimiyy\u0259t\u0259 vaxt verdi - MEYDAN.TV","og_description":"\"Siyasi m\u0259hbuslar tezlikl\u0259 azadl\u0131\u011fa burax\u0131lmayaca\u011f\u0131 t\u0259qdird\u0259, Avropa Oyunlar\u0131n\u0131n boykot edilm\u0259si \u00e7a\u011f\u0131r\u0131\u015f\u0131 g\u00fcnd\u0259m\u0259 g\u0259l\u0259c\u0259k\"","og_url":"https:\/\/www.meydan.tv\/az\/article\/musavat-partiyasi-hakimiyyete-vaxt-verdi\/","og_site_name":"MEYDAN.TV","article_published_time":"2015-04-06T18:50:46+00:00","og_image":[{"width":640,"height":360,"url":"https:\/\/www.meydan.tv\/wp-content\/uploads\/8108.jpg","type":"image\/jpeg"}],"twitter_card":"summary_large_image","schema":{"@context":"https:\/\/schema.org","@graph":[{"@type":"Article","@id":"https:\/\/www.meydan.tv\/az\/article\/musavat-partiyasi-hakimiyyete-vaxt-verdi\/#article","isPartOf":{"@id":"https:\/\/www.meydan.tv\/az\/article\/musavat-partiyasi-hakimiyyete-vaxt-verdi\/"},"author":{"name":"user-manager","@id":"https:\/\/www.meydan.tv\/az\/#\/schema\/person\/10d11eccf6da3662cf5fdab9806ea91a"},"headline":"M\u00fcsavat Partiyas\u0131 hakimiyy\u0259t\u0259 vaxt verdi","datePublished":"2015-04-06T18:50:46+00:00","mainEntityOfPage":{"@id":"https:\/\/www.meydan.tv\/az\/article\/musavat-partiyasi-hakimiyyete-vaxt-verdi\/"},"wordCount":622,"publisher":{"@id":"https:\/\/www.meydan.tv\/az\/#organization"},"image":{"@id":"https:\/\/www.meydan.tv\/az\/article\/musavat-partiyasi-hakimiyyete-vaxt-verdi\/#primaryimage"},"thumbnailUrl":"https:\/\/www.meydan.tv\/wp-content\/uploads\/8108.jpg","articleSection":["X\u0259b\u0259rl\u0259r"],"inLanguage":"az"},{"@type":"WebPage","@id":"https:\/\/www.meydan.tv\/az\/article\/musavat-partiyasi-hakimiyyete-vaxt-verdi\/","url":"https:\/\/www.meydan.tv\/az\/article\/musavat-partiyasi-hakimiyyete-vaxt-verdi\/","name":"M\u00fcsavat Partiyas\u0131 hakimiyy\u0259t\u0259 vaxt verdi - MEYDAN.TV","isPartOf":{"@id":"https:\/\/www.meydan.tv\/az\/#website"},"primaryImageOfPage":{"@id":"https:\/\/www.meydan.tv\/az\/article\/musavat-partiyasi-hakimiyyete-vaxt-verdi\/#primaryimage"},"image":{"@id":"https:\/\/www.meydan.tv\/az\/article\/musavat-partiyasi-hakimiyyete-vaxt-verdi\/#primaryimage"},"thumbnailUrl":"https:\/\/www.meydan.tv\/wp-content\/uploads\/8108.jpg","datePublished":"2015-04-06T18:50:46+00:00","breadcrumb":{"@id":"https:\/\/www.meydan.tv\/az\/article\/musavat-partiyasi-hakimiyyete-vaxt-verdi\/#breadcrumb"},"inLanguage":"az","potentialAction":[{"@type":"ReadAction","target":["https:\/\/www.meydan.tv\/az\/article\/musavat-partiyasi-hakimiyyete-vaxt-verdi\/"]}]},{"@type":"ImageObject","inLanguage":"az","@id":"https:\/\/www.meydan.tv\/az\/article\/musavat-partiyasi-hakimiyyete-vaxt-verdi\/#primaryimage","url":"https:\/\/www.meydan.tv\/wp-content\/uploads\/8108.jpg","contentUrl":"https:\/\/www.meydan.tv\/wp-content\/uploads\/8108.jpg","width":640,"height":360,"caption":"Source:"},{"@type":"BreadcrumbList","@id":"https:\/\/www.meydan.tv\/az\/article\/musavat-partiyasi-hakimiyyete-vaxt-verdi\/#breadcrumb","itemListElement":[{"@type":"ListItem","position":1,"name":"Ana s\u0259hif\u0259","item":"https:\/\/www.meydan.tv\/az\/"},{"@type":"ListItem","position":2,"name":"X\u0259b\u0259rl\u0259r","item":"https:\/\/www.meydan.tv\/az\/section\/xeberler\/"},{"@type":"ListItem","position":3,"name":"M\u00fcsavat Partiyas\u0131 hakimiyy\u0259t\u0259 vaxt verdi"}]},{"@type":"WebSite","@id":"https:\/\/www.meydan.tv\/az\/#website","url":"https:\/\/www.meydan.tv\/az\/","name":"MEYDAN.TV","description":"Meydan TV Az\u0259rbaycan\u0131n media m\u0259kan\u0131ndak\u0131 alternativ s\u0259sidir","publisher":{"@id":"https:\/\/www.meydan.tv\/az\/#organization"},"potentialAction":[{"@type":"SearchAction","target":{"@type":"EntryPoint","urlTemplate":"https:\/\/www.meydan.tv\/az\/?s={search_term_string}"},"query-input":{"@type":"PropertyValueSpecification","valueRequired":true,"valueName":"search_term_string"}}],"inLanguage":"az"},{"@type":"Organization","@id":"https:\/\/www.meydan.tv\/az\/#organization","name":"Meydan TV","url":"https:\/\/www.meydan.tv\/az\/","logo":{"@type":"ImageObject","inLanguage":"az","@id":"https:\/\/www.meydan.tv\/az\/#\/schema\/logo\/image\/","url":"https:\/\/www.meydan.tv\/wp-content\/uploads\/2021\/07\/meydan-logo.svg","contentUrl":"https:\/\/www.meydan.tv\/wp-content\/uploads\/2021\/07\/meydan-logo.svg","width":195,"height":46,"caption":"Meydan TV"},"image":{"@id":"https:\/\/www.meydan.tv\/az\/#\/schema\/logo\/image\/"}},{"@type":"Person","@id":"https:\/\/www.meydan.tv\/az\/#\/schema\/person\/10d11eccf6da3662cf5fdab9806ea91a","name":"user-manager"}]}},"_links":{"self":[{"href":"https:\/\/www.meydan.tv\/az\/wp-json\/wp\/v2\/posts\/167454","targetHints":{"allow":["GET"]}}],"collection":[{"href":"https:\/\/www.meydan.tv\/az\/wp-json\/wp\/v2\/posts"}],"about":[{"href":"https:\/\/www.meydan.tv\/az\/wp-json\/wp\/v2\/types\/post"}],"author":[{"embeddable":true,"href":"https:\/\/www.meydan.tv\/az\/wp-json\/wp\/v2\/users\/11"}],"replies":[{"embeddable":true,"href":"https:\/\/www.meydan.tv\/az\/wp-json\/wp\/v2\/comments?post=167454"}],"version-history":[{"count":0,"href":"https:\/\/www.meydan.tv\/az\/wp-json\/wp\/v2\/posts\/167454\/revisions"}],"wp:featuredmedia":[{"embeddable":true,"href":"https:\/\/www.meydan.tv\/az\/wp-json\/wp\/v2\/media\/22370"}],"wp:attachment":[{"href":"https:\/\/www.meydan.tv\/az\/wp-json\/wp\/v2\/media?parent=167454"}],"wp:term":[{"taxonomy":"category","embeddable":true,"href":"https:\/\/www.meydan.tv\/az\/wp-json\/wp\/v2\/categories?post=167454"},{"taxonomy":"post_tag","embeddable":true,"href":"https:\/\/www.meydan.tv\/az\/wp-json\/wp\/v2\/tags?post=167454"}],"curies":[{"name":"wp","href":"https:\/\/api.w.org\/{rel}","templated":true}]}}