{"id":167451,"date":"2015-04-06T17:00:39","date_gmt":"2015-04-06T17:00:39","guid":{"rendered":"https:\/\/www.meydan.tv\/article\/abdulla-abdullayev-texnikabankin-monitorinq-kecirmesine-hec-kim-mane-ola-bilmezdi\/"},"modified":"2015-04-06T17:00:39","modified_gmt":"2015-04-06T17:00:39","slug":"abdulla-abdullayev-texnikabankin-monitorinq-kecirmesine-hec-kim-mane-ola-bilmezdi","status":"publish","type":"post","link":"https:\/\/www.meydan.tv\/az\/article\/abdulla-abdullayev-texnikabankin-monitorinq-kecirmesine-hec-kim-mane-ola-bilmezdi\/","title":{"rendered":"Abdulla Abdullayev: &#8220;&#8221;Texnikabank&#8221;\u0131n monitorinq ke\u00e7irm\u0259sin\u0259 he\u00e7 kim mane ola bilm\u0259zdi&#8221;"},"content":{"rendered":"<figure class=\"wp-block-image size-large\">\n  <img decoding=\"async\" src=\"https:\/\/www.meydan.tv\/az\/22333\/\" alt=\"\" class=\"wp-image-22333\"\/><figcaption><\/figcaption><\/figure>\n<figure class=\"wp-block-image size-large\">\n  <img decoding=\"async\" src=\"https:\/\/www.meydan.tv\/az\/22343\/\" alt=\"\" class=\"wp-image-22343\"\/><figcaption><\/figcaption><\/figure>\n<p>\n  <i><br \/>\n    Z\u0259r\u0259r\u00e7\u0259k\u0259nl\u0259r &#8220;AMAY&#8221; r\u0131hb\u0259rin\u0259 qar\u015f\u0131 h\u0259r-hans\u0131 iddilar\u0131 olmad\u0131\u011f\u0131n\u0131 deyibl\u0259r<br \/>\n  <\/i>\n<\/p>\n<p>\n  Aprelin 6-da Bak\u0131 A\u011f\u0131r Cinay\u0259tl\u0259r M\u0259hk\u0259m\u0259sind\u0259 &#8220;AMAY&#8221; \u015eirk\u0259tl\u0259r Qrupunun r\u0259hb\u0259ri Abdulla Abdullayev v\u0259 t\u0259qsirl\u0259ndiril\u0259n daha 5 n\u0259f\u0259r \u00fcz\u0259rind\u0259 m\u0259hk\u0259m\u0259 prosesi davam edib.\n<\/p>\n<p>\n  Prosesd\u0259 ittiham t\u0259r\u0259fin \u201cz\u0259r\u0259r\u00e7\u0259k\u0259n\u201d kimi tan\u0131d\u0131\u011f\u0131 \u015f\u0259xsl\u0259r dindirlib. Bu d\u0259f\u0259 d\u0259 \u015f\u0259xsl\u0259r \u00f6zl\u0259rini z\u0259r\u0259r\u00e7\u0259k\u0259n kimi tan\u0131mad\u0131qlar\u0131n\u0131 deyibl\u0259r. Z\u0259r\u0259r\u00e7\u0259k\u0259nl\u0259r &#8220;AMAY&#8221; r\u0259hb\u0259ri A.Abdullayev\u0259 h\u0259r-hans\u0131 iddilar\u0131 olmad\u0131\u011f\u0131n\u0131 deyibl\u0259r. Yegan\u0259 t\u0259l\u0259bl\u0259rinin Atat\u00fcrk prospekti 78\/80-37-d\u0259ki 18 m\u0259rt\u0259b\u0259li binada tamamlanma i\u015fl\u0259rinin ba\u015fa \u00e7atd\u0131r\u0131laraq d\u00f6vl\u0259t komissiyas\u0131 t\u0259r\u0259find\u0259n t\u0259hvil al\u0131nmas\u0131 oldu\u011funu deyibl\u0259r. A.Abdullayev ke\u00e7\u0259n m\u0259hk\u0259m\u0259 prosesind\u0259 oldu\u011fu kimi, yen\u0259 d\u0259 binan\u0131n tam tikilib t\u0259hvil verilm\u0259m\u0259sin\u0259 g\u00fcnahkar kimi \u00f6lk\u0259 prokurorlu\u011funu ittiham edib.\n<\/p>\n<p>\n  Daha sonra 2009-2011-ci ill\u0259rd\u0259 \u201cTexnikabank\u201ddan g\u00f6t\u00fcr\u00fcl\u0259n kreditl\u0259rl\u0259 ba\u011fl\u0131 bankn n\u00fcmay\u0259nd\u0259si kimi \u00e7\u0131x\u0131\u015f ed\u0259n h\u00fcquq\u015f\u00fcnas Ruslan Umudovun dindirilm\u0259si davam edib. H\u0259min vaxt &#8220;AMAY&#8221;-\u0131n t\u00f6r\u0259m\u0259si olan 34 firma ad\u0131\u00e7\u0259kil\u0259n bankdan 40 milyon manata yax\u0131n kredit g\u00f6t\u00fcr\u00fcb. Kredit t\u0259minatl\u0131 olub, bel\u0259 ki, g\u00f6t\u00fcr\u00fcl\u0259n kreditl\u0259rin \u0259v\u0259zin\u0259 &#8220;AMAY&#8221;-\u0131n qeyri-ya\u015fay\u0131\u015f sah\u0259l\u0259ri girov qoyulub. H\u0259m d\u0259 qoyulan girovlar d\u0259y\u0259rin\u0259 g\u00f6r\u0259 g\u00f6t\u00fcr\u00fcl\u0259n m\u0259bl\u0259\u011fi iki d\u0259f\u0259 \u00fcst\u0259l\u0259yib. Firmalar h\u0259min maliyy\u0259 v\u0259saitl\u0259rini 2012-2013-c\u00fc ill\u0259rd\u0259 tam \u015f\u0259kild\u0259 banka \u00f6d\u0259yib. \u201cTexnikabank\u201d\u0131n n\u00fcmay\u0259nd\u0259sin\u0259 m\u0259s\u0259l\u0259 m\u00fclki oldu\u011fu halda n\u0259d\u0259n bank\u0131n m\u0259hk\u0259m\u0259y\u0259 deyil, Korrupsiyaya qar\u015f\u0131 M\u00fcbariz\u0259 \u0130dar\u0259sin\u0259 m\u00fcraci\u0259t etdiyi sual\u0131 \u00fcnvanlan\u0131b.\u00a0 R.Umudov bunu kredit g\u00f6t\u00fcr\u0259n t\u0259r\u0259fin veril\u0259n maliyy\u0259 v\u0259saitl\u0259rinin montorinqini aparma\u011fa imkan verm\u0259m\u0259sil\u0259 \u0259laq\u0259l\u0259ndirib.\n<\/p>\n<figure class=\"wp-block-image size-large\">\n  <img decoding=\"async\" src=\"https:\/\/www.meydan.tv\/az\/22333\/\" alt=\"\" class=\"wp-image-22333\"\/><figcaption><\/figcaption><\/figure>\n<p>\n  &#8220;AMAY&#8221; r\u0259hb\u0259ri A.Abdullayev \u201cTexnikabank\u201d r\u0259hb\u0259rl\u0259rinin daim &#8220;AMAY&#8221;-da olduqlar\u0131n\u0131, h\u0259r-hans\u0131 monitorinq ke\u00e7irm\u0259k t\u0259\u015f\u0259bb\u00fcs\u00fc g\u00f6st\u0259rm\u0259dikl\u0259rini n\u0259z\u0259r\u0259 \u00e7atd\u0131r\u0131b. Bank\u0131n monitorinq ke\u00e7irm\u0259sin\u0259 h\u0259r-hans\u0131 mane\u0259 olmay\u0131b v\u0259 ola da bilm\u0259zdi. Sonda bank n\u00fcmay\u0259nd\u0259si R.Umudov \u201cTexnikabank\u201d\u0131n &#8220;AMAY&#8221;-a v\u0259 ya t\u00f6r\u0259m\u0259 \u015firk\u0259tl\u0259r\u0259 h\u0259r-hans\u0131 iddia v\u0259 t\u0259l\u0259bl\u0259ri olmad\u0131\u011f\u0131n\u0131 n\u0259z\u0259r\u0259 \u00e7atd\u0131r\u0131b.\n<\/p>\n<p>\n  A.Abdullayev ittiham t\u0259r\u0259fin ir\u0259li s\u00fcrd\u00fcy\u00fc \u00e7irkli pullar\u0131n yuyulmas\u0131 ittiham\u0131n\u0131n m\u0259hk\u0259m\u0259 bax\u0131\u015f\u0131na \u00e7\u0131xar\u0131lmas\u0131 \u00fcz\u0259rind\u0259 t\u0259kid edib.\n<\/p>\n<p>\n  Hakim \u018f.Hac\u0131yev n\u00f6vb\u0259ti m\u0259hk\u0259m\u0259 prosesini aprelin 7-n\u0259 t\u0259yin edib.\n<\/p>\n<p>\n  A.Abdullayev 2014-c\u00fc il aprelin 4-d\u0259 h\u0259bs edilib. Ona d\u0259l\u0259duzluq, d\u00f6vl\u0259t v\u0259saitl\u0259rini k\u00fclli miqdarda m\u0259nims\u0259m\u0259k, \u00e7irkli pullar\u0131n yuyulmas\u0131 kimi itithamlar ir\u0259li s\u00fcr\u00fcl\u00fcb. Amma A.Abdullayev b\u00fct\u00fcn ittihamlar\u0131 birm\u0259nla\u0131 olaraq r\u0259dd edir<\/p>\n","protected":false},"excerpt":{"rendered":"<p>Z\u0259r\u0259r\u00e7\u0259k\u0259nl\u0259r &#8220;AMAY&#8221; r\u0131hb\u0259rin\u0259 qar\u015f\u0131 h\u0259r-hans\u0131 iddilar\u0131 olmad\u0131\u011f\u0131n\u0131 deyibl\u0259r<\/p>\n","protected":false},"author":11,"featured_media":22333,"comment_status":"closed","ping_status":"open","sticky":false,"template":"","format":"standard","meta":{"_acf_changed":false,"_sitemap_exclude":false,"_sitemap_priority":"","_sitemap_frequency":"","footnotes":""},"categories":[56],"tags":[],"class_list":["post-167451","post","type-post","status-publish","format-standard","has-post-thumbnail","hentry","category-xeberler","infinite-scroll-item","generate-columns","tablet-grid-50","mobile-grid-100","grid-parent","grid-33","no-featured-image-padding"],"acf":[],"yoast_head":"<!-- This site is optimized with the Yoast SEO plugin v28.4 - https:\/\/yoast.com\/product\/yoast-seo-wordpress\/ -->\n<title>Abdulla Abdullayev: &quot;&quot;Texnikabank&quot;\u0131n monitorinq ke\u00e7irm\u0259sin\u0259 he\u00e7 kim mane ola bilm\u0259zdi&quot; - MEYDAN.TV<\/title>\n<meta name=\"robots\" content=\"index, follow, max-snippet:-1, max-image-preview:large, max-video-preview:-1\" \/>\n<link rel=\"canonical\" href=\"https:\/\/www.meydan.tv\/az\/article\/abdulla-abdullayev-texnikabankin-monitorinq-kecirmesine-hec-kim-mane-ola-bilmezdi\/\" \/>\n<meta property=\"og:locale\" content=\"az_AZ\" \/>\n<meta property=\"og:type\" content=\"article\" \/>\n<meta property=\"og:title\" content=\"Abdulla Abdullayev: &quot;&quot;Texnikabank&quot;\u0131n monitorinq ke\u00e7irm\u0259sin\u0259 he\u00e7 kim mane ola bilm\u0259zdi&quot; - MEYDAN.TV\" \/>\n<meta property=\"og:description\" content=\"Z\u0259r\u0259r\u00e7\u0259k\u0259nl\u0259r &quot;AMAY&quot; r\u0131hb\u0259rin\u0259 qar\u015f\u0131 h\u0259r-hans\u0131 iddilar\u0131 olmad\u0131\u011f\u0131n\u0131 deyibl\u0259r\" \/>\n<meta property=\"og:url\" content=\"https:\/\/www.meydan.tv\/az\/article\/abdulla-abdullayev-texnikabankin-monitorinq-kecirmesine-hec-kim-mane-ola-bilmezdi\/\" \/>\n<meta property=\"og:site_name\" content=\"MEYDAN.TV\" \/>\n<meta property=\"article:published_time\" content=\"2015-04-06T17:00:39+00:00\" \/>\n<meta property=\"og:image\" content=\"https:\/\/www.meydan.tv\/wp-content\/uploads\/8104.jpg\" \/>\n\t<meta property=\"og:image:width\" content=\"350\" \/>\n\t<meta property=\"og:image:height\" content=\"260\" \/>\n\t<meta property=\"og:image:type\" content=\"image\/jpeg\" \/>\n<meta name=\"twitter:card\" content=\"summary_large_image\" \/>\n<!-- \/ Yoast SEO plugin. -->","yoast_head_json":{"title":"Abdulla Abdullayev: \"\"Texnikabank\"\u0131n monitorinq ke\u00e7irm\u0259sin\u0259 he\u00e7 kim mane ola bilm\u0259zdi\" - MEYDAN.TV","robots":{"index":"index","follow":"follow","max-snippet":"max-snippet:-1","max-image-preview":"max-image-preview:large","max-video-preview":"max-video-preview:-1"},"canonical":"https:\/\/www.meydan.tv\/az\/article\/abdulla-abdullayev-texnikabankin-monitorinq-kecirmesine-hec-kim-mane-ola-bilmezdi\/","og_locale":"az_AZ","og_type":"article","og_title":"Abdulla Abdullayev: \"\"Texnikabank\"\u0131n monitorinq ke\u00e7irm\u0259sin\u0259 he\u00e7 kim mane ola bilm\u0259zdi\" - MEYDAN.TV","og_description":"Z\u0259r\u0259r\u00e7\u0259k\u0259nl\u0259r \"AMAY\" r\u0131hb\u0259rin\u0259 qar\u015f\u0131 h\u0259r-hans\u0131 iddilar\u0131 olmad\u0131\u011f\u0131n\u0131 deyibl\u0259r","og_url":"https:\/\/www.meydan.tv\/az\/article\/abdulla-abdullayev-texnikabankin-monitorinq-kecirmesine-hec-kim-mane-ola-bilmezdi\/","og_site_name":"MEYDAN.TV","article_published_time":"2015-04-06T17:00:39+00:00","og_image":[{"width":350,"height":260,"url":"https:\/\/www.meydan.tv\/wp-content\/uploads\/8104.jpg","type":"image\/jpeg"}],"twitter_card":"summary_large_image","schema":{"@context":"https:\/\/schema.org","@graph":[{"@type":"Article","@id":"https:\/\/www.meydan.tv\/az\/article\/abdulla-abdullayev-texnikabankin-monitorinq-kecirmesine-hec-kim-mane-ola-bilmezdi\/#article","isPartOf":{"@id":"https:\/\/www.meydan.tv\/az\/article\/abdulla-abdullayev-texnikabankin-monitorinq-kecirmesine-hec-kim-mane-ola-bilmezdi\/"},"author":{"name":"user-manager","@id":"https:\/\/www.meydan.tv\/az\/#\/schema\/person\/10d11eccf6da3662cf5fdab9806ea91a"},"headline":"Abdulla Abdullayev: &#8220;&#8221;Texnikabank&#8221;\u0131n monitorinq ke\u00e7irm\u0259sin\u0259 he\u00e7 kim mane ola bilm\u0259zdi&#8221;","datePublished":"2015-04-06T17:00:39+00:00","mainEntityOfPage":{"@id":"https:\/\/www.meydan.tv\/az\/article\/abdulla-abdullayev-texnikabankin-monitorinq-kecirmesine-hec-kim-mane-ola-bilmezdi\/"},"wordCount":570,"publisher":{"@id":"https:\/\/www.meydan.tv\/az\/#organization"},"image":{"@id":"https:\/\/www.meydan.tv\/az\/article\/abdulla-abdullayev-texnikabankin-monitorinq-kecirmesine-hec-kim-mane-ola-bilmezdi\/#primaryimage"},"thumbnailUrl":"https:\/\/www.meydan.tv\/wp-content\/uploads\/8104.jpg","articleSection":["X\u0259b\u0259rl\u0259r"],"inLanguage":"az"},{"@type":"WebPage","@id":"https:\/\/www.meydan.tv\/az\/article\/abdulla-abdullayev-texnikabankin-monitorinq-kecirmesine-hec-kim-mane-ola-bilmezdi\/","url":"https:\/\/www.meydan.tv\/az\/article\/abdulla-abdullayev-texnikabankin-monitorinq-kecirmesine-hec-kim-mane-ola-bilmezdi\/","name":"Abdulla Abdullayev: \"\"Texnikabank\"\u0131n monitorinq ke\u00e7irm\u0259sin\u0259 he\u00e7 kim mane ola bilm\u0259zdi\" - MEYDAN.TV","isPartOf":{"@id":"https:\/\/www.meydan.tv\/az\/#website"},"primaryImageOfPage":{"@id":"https:\/\/www.meydan.tv\/az\/article\/abdulla-abdullayev-texnikabankin-monitorinq-kecirmesine-hec-kim-mane-ola-bilmezdi\/#primaryimage"},"image":{"@id":"https:\/\/www.meydan.tv\/az\/article\/abdulla-abdullayev-texnikabankin-monitorinq-kecirmesine-hec-kim-mane-ola-bilmezdi\/#primaryimage"},"thumbnailUrl":"https:\/\/www.meydan.tv\/wp-content\/uploads\/8104.jpg","datePublished":"2015-04-06T17:00:39+00:00","breadcrumb":{"@id":"https:\/\/www.meydan.tv\/az\/article\/abdulla-abdullayev-texnikabankin-monitorinq-kecirmesine-hec-kim-mane-ola-bilmezdi\/#breadcrumb"},"inLanguage":"az","potentialAction":[{"@type":"ReadAction","target":["https:\/\/www.meydan.tv\/az\/article\/abdulla-abdullayev-texnikabankin-monitorinq-kecirmesine-hec-kim-mane-ola-bilmezdi\/"]}]},{"@type":"ImageObject","inLanguage":"az","@id":"https:\/\/www.meydan.tv\/az\/article\/abdulla-abdullayev-texnikabankin-monitorinq-kecirmesine-hec-kim-mane-ola-bilmezdi\/#primaryimage","url":"https:\/\/www.meydan.tv\/wp-content\/uploads\/8104.jpg","contentUrl":"https:\/\/www.meydan.tv\/wp-content\/uploads\/8104.jpg","width":350,"height":260,"caption":"Source:"},{"@type":"BreadcrumbList","@id":"https:\/\/www.meydan.tv\/az\/article\/abdulla-abdullayev-texnikabankin-monitorinq-kecirmesine-hec-kim-mane-ola-bilmezdi\/#breadcrumb","itemListElement":[{"@type":"ListItem","position":1,"name":"Ana s\u0259hif\u0259","item":"https:\/\/www.meydan.tv\/az\/"},{"@type":"ListItem","position":2,"name":"X\u0259b\u0259rl\u0259r","item":"https:\/\/www.meydan.tv\/az\/section\/xeberler\/"},{"@type":"ListItem","position":3,"name":"Abdulla Abdullayev: &#8220;&#8221;Texnikabank&#8221;\u0131n monitorinq ke\u00e7irm\u0259sin\u0259 he\u00e7 kim mane ola bilm\u0259zdi&#8221;"}]},{"@type":"WebSite","@id":"https:\/\/www.meydan.tv\/az\/#website","url":"https:\/\/www.meydan.tv\/az\/","name":"MEYDAN.TV","description":"Meydan TV Az\u0259rbaycan\u0131n media m\u0259kan\u0131ndak\u0131 alternativ s\u0259sidir","publisher":{"@id":"https:\/\/www.meydan.tv\/az\/#organization"},"potentialAction":[{"@type":"SearchAction","target":{"@type":"EntryPoint","urlTemplate":"https:\/\/www.meydan.tv\/az\/?s={search_term_string}"},"query-input":{"@type":"PropertyValueSpecification","valueRequired":true,"valueName":"search_term_string"}}],"inLanguage":"az"},{"@type":"Organization","@id":"https:\/\/www.meydan.tv\/az\/#organization","name":"Meydan TV","url":"https:\/\/www.meydan.tv\/az\/","logo":{"@type":"ImageObject","inLanguage":"az","@id":"https:\/\/www.meydan.tv\/az\/#\/schema\/logo\/image\/","url":"https:\/\/www.meydan.tv\/wp-content\/uploads\/2021\/07\/meydan-logo.svg","contentUrl":"https:\/\/www.meydan.tv\/wp-content\/uploads\/2021\/07\/meydan-logo.svg","width":195,"height":46,"caption":"Meydan TV"},"image":{"@id":"https:\/\/www.meydan.tv\/az\/#\/schema\/logo\/image\/"}},{"@type":"Person","@id":"https:\/\/www.meydan.tv\/az\/#\/schema\/person\/10d11eccf6da3662cf5fdab9806ea91a","name":"user-manager"}]}},"_links":{"self":[{"href":"https:\/\/www.meydan.tv\/az\/wp-json\/wp\/v2\/posts\/167451","targetHints":{"allow":["GET"]}}],"collection":[{"href":"https:\/\/www.meydan.tv\/az\/wp-json\/wp\/v2\/posts"}],"about":[{"href":"https:\/\/www.meydan.tv\/az\/wp-json\/wp\/v2\/types\/post"}],"author":[{"embeddable":true,"href":"https:\/\/www.meydan.tv\/az\/wp-json\/wp\/v2\/users\/11"}],"replies":[{"embeddable":true,"href":"https:\/\/www.meydan.tv\/az\/wp-json\/wp\/v2\/comments?post=167451"}],"version-history":[{"count":0,"href":"https:\/\/www.meydan.tv\/az\/wp-json\/wp\/v2\/posts\/167451\/revisions"}],"wp:featuredmedia":[{"embeddable":true,"href":"https:\/\/www.meydan.tv\/az\/wp-json\/wp\/v2\/media\/22333"}],"wp:attachment":[{"href":"https:\/\/www.meydan.tv\/az\/wp-json\/wp\/v2\/media?parent=167451"}],"wp:term":[{"taxonomy":"category","embeddable":true,"href":"https:\/\/www.meydan.tv\/az\/wp-json\/wp\/v2\/categories?post=167451"},{"taxonomy":"post_tag","embeddable":true,"href":"https:\/\/www.meydan.tv\/az\/wp-json\/wp\/v2\/tags?post=167451"}],"curies":[{"name":"wp","href":"https:\/\/api.w.org\/{rel}","templated":true}]}}