{"id":167449,"date":"2015-04-06T13:39:01","date_gmt":"2015-04-06T13:39:01","guid":{"rendered":"https:\/\/www.meydan.tv\/article\/obama-istediyini-heyata-kecirecek-cunki-o-azerbaycanin-prezidenti-deyil\/"},"modified":"2015-04-06T13:39:01","modified_gmt":"2015-04-06T13:39:01","slug":"obama-istediyini-heyata-kecirecek-cunki-o-azerbaycanin-prezidenti-deyil","status":"publish","type":"post","link":"https:\/\/www.meydan.tv\/az\/article\/obama-istediyini-heyata-kecirecek-cunki-o-azerbaycanin-prezidenti-deyil\/","title":{"rendered":"&#8220;Obama ist\u0259diyini h\u0259yata ke\u00e7ir\u0259c\u0259k, \u00e7\u00fcnki o, Az\u0259rbaycan\u0131n prezidenti deyil&#8221;"},"content":{"rendered":"<figure class=\"wp-block-image size-large\">\n  <img decoding=\"async\" src=\"https:\/\/www.meydan.tv\/az\/22340\/\" alt=\"\" class=\"wp-image-22340\"\/><figcaption><\/figcaption><\/figure>\n<figure class=\"wp-block-image size-large\">\n  <img decoding=\"async\" src=\"https:\/\/www.meydan.tv\/az\/22340\/\" alt=\"\" class=\"wp-image-22340\"\/><figcaption><\/figcaption><\/figure>\n<p>\n  <i><br \/>\n    Z\u0259rd\u00fc\u015ft \u018flizad\u0259: &#8220;Rusiyan\u0131n hakim z\u00fcmr\u0259si v\u0259 d\u00f6vl\u0259t qurulu\u015fu el\u0259 v\u0259ziyy\u0259td\u0259dir ki, d\u00f6vl\u0259t itir\u0259-itir\u0259 gedir&#8221;<br \/>\n  <\/i>\n<\/p>\n<p>\n  Aprelin 5-d\u0259 prezident \u0130lham \u018fliyevin S\u0259udiyy\u0259 \u018fr\u0259bistan\u0131na r\u0259smi s\u0259f\u0259ri ba\u015flay\u0131b. Prezidentin r\u0259smi sayt\u0131n\u0131n m\u0259lumat\u0131na g\u00f6r\u0259, \u0130lham \u018fliyevl\u0259 \u0130ki M\u00fcq\u0259dd\u0259s Oca\u011f\u0131n Xadimi, S\u0259udiyy\u0259 \u018fr\u0259bistan\u0131n\u0131n Kral\u0131 Salman bin \u018fbd\u00fcl\u0259ziz \u018fl S\u0259udun g\u00f6r\u00fc\u015f\u00fc olub.\n<\/p>\n<p>\n  S\u00f6hb\u0259t zaman\u0131 Az\u0259rbaycan il\u0259 S\u0259udiyy\u0259 \u018fr\u0259bistan\u0131 aras\u0131nda ikit\u0259r\u0259fli m\u00fcnasib\u0259tl\u0259rin haz\u0131rk\u0131 s\u0259viyy\u0259sind\u0259n m\u0259mnunluq ifad\u0259 olunub, \u0259m\u0259kda\u015fl\u0131\u011f\u0131n inki\u015faf\u0131 bax\u0131m\u0131ndan bu s\u0259f\u0259rin \u0259h\u0259miyy\u0259ti y\u00fcks\u0259k qiym\u0259tl\u0259ndirilib.\n<\/p>\n<p>\n  Aprelin 7-d\u0259 is\u0259 T\u00fcrkiy\u0259 prezidenti R\u0259c\u0259b T\u0259yyub \u018frdo\u011fan \u0130rana s\u0259f\u0259r edir. S\u0259f\u0259rin diqq\u0259t\u00e7\u0259k\u0259n t\u0259r\u0259fi iki \u00f6lk\u0259 aras\u0131nda g\u0259rginliyin artd\u0131\u011f\u0131 bir vaxta t\u0259sad\u00fcf etm\u0259sidir. H\u0259tta \u0130ran\u0131n b\u0259zi deputatlar\u0131 s\u0259f\u0259rin t\u0259xir\u0259 sal\u0131nmas\u0131na \u00e7a\u011f\u0131r\u0131blar. Onlar prezident \u018frdo\u011fan\u0131n a\u00e7\u0131q \u015f\u0259kild\u0259 S\u0259udiyy\u0259 \u018fr\u0259bistan\u0131n\u0131n Y\u0259m\u0259nd\u0259 h\u0259rbi \u0259m\u0259liyyatlar\u0131na t\u0259r\u0259fdar \u00e7\u0131xmas\u0131n\u0131 g\u00f6st\u0259ribl\u0259r.\n<\/p>\n<p>\n  Qeyd olunan s\u0259f\u0259rl\u0259ri Meydan TV-y\u0259 \u015f\u0259rh ed\u0259n politoloq Z\u0259rd\u00fc\u015ft \u018flizad\u0259 hesab edir ki, bu s\u0259f\u0259rl\u0259rl\u0259 \u00fcmumi v\u0259ziyy\u0259t d\u0259yi\u015fm\u0259y\u0259c\u0259k.<br \/>\n  <br \/>\n  Politoloq T\u00fcrkiy\u0259 il\u0259 \u0130ran aras\u0131nda m\u00fcnasib\u0259tl\u0259rin il\u0131qla\u015faca\u011f\u0131n\u0131 d\u00fc\u015f\u00fcn\u00fcr: &#8220;\u00c7\u00fcnki ortaq iqtisadi maraqlar var, \u0130ran neftini v\u0259 x\u00fcsusil\u0259 qaz\u0131n\u0131 Avropaya satma\u011fa \u00e7al\u0131\u015f\u0131r. Bunun \u00fc\u00e7\u00fcn yegan\u0259 yol T\u00fcrkiy\u0259 \u00fcz\u0259rind\u0259n ke\u00e7ir. Art\u0131q bir qaz k\u0259m\u0259ri var, T\u00fcrkiy\u0259 onun vasit\u0259sil\u0259 h\u0259r il 9 milyard kubmetr qaz sat\u0131r. \u0130ran d\u00fcnya qaz\u0131n\u0131n 18 faizin\u0259 malikdir, \u00e7ox g\u00fcman ki, Q\u0259rbl\u0259 m\u00fcnasib\u0259tl\u0259r normalla\u015fandan sonra c\u0259nub qon\u015funun qaz\u0131 T\u00fcrkiy\u0259 \u0259razisind\u0259n Avropaya da\u015f\u0131nacaq. \u0130raq neftinin, Az\u0259rbaycan, Rusiya qaz\u0131n\u0131n T\u00fcrkiy\u0259 \u0259razisind\u0259n ke\u00e7diyini n\u0259z\u0259r\u0259 ald\u0131qda bu \u00f6lk\u0259 d\u00fcnya enerji bazar\u0131nda vacib oyun\u00e7ulardan birin\u0259 \u00e7evrilir.\u00a0 Ona g\u00f6r\u0259 \u018frdo\u011fan\u0131n \u0130ranla normal m\u00fcnasib\u0259tl\u0259r quraca\u011f\u0131na \u0259min\u0259m, \u0130rana da bu laz\u0131md\u0131r&#8221;.\n<\/p>\n<p>\n  Az\u0259rbaycan prezidentinin S\u0259udiyy\u0259 \u018fr\u0259bistan\u0131na getm\u0259si, Dubay \u015feyxinin Bak\u0131 s\u0259f\u0259rin\u0259 g\u0259linc\u0259, Z\u0259rd\u00fc\u015ft \u018flizad\u0259 h\u0259r \u00fc\u00e7 \u00f6lk\u0259nin eyni ruhlu siyasi rejim oldu\u011funu deyib \u0259lav\u0259 etdi ki, s\u00fclal\u0259 hakimiyy\u0259ti v\u0259 xalq\u0131n s\u0259rv\u0259tini \u0259l\u0259 ke\u00e7irm\u0259k bu c\u00fcr rejiml\u0259r \u00fc\u00e7\u00fcn adi \u015feydir: &#8220;D\u00fczd\u00fcr, Az\u0259rbaycandan f\u0259rqli olaraq \u0259r\u0259b \u00f6lk\u0259l\u0259rind\u0259 xalq \u00fc\u00e7\u00fcn daha \u00e7ox pay ay\u0131r\u0131rlar. Amma avtoritar, qeyri-demokratik v\u0259 arxaik siyasi rejiml\u0259r\u00a0 \u00e7\u0259tin anlarda bir-birin\u0259 d\u0259st\u0259k \u00fc\u00e7\u00fcn \u00f6z aralar\u0131nda isti m\u00fcnasib\u0259tl\u0259r yarad\u0131rlar&#8221;.\n<\/p>\n<p>\n  Politoloq hesab edir ki, AB\u015e Konqresind\u0259 respublika\u00e7\u0131lar Obama Administrasiyas\u0131na \u0130ranla raz\u0131la\u015fman\u0131n t\u0259sdiqin\u0259 mane ola bilm\u0259y\u0259c\u0259kl\u0259r: &#8220;Amerika h\u00f6kum\u0259ti ist\u0259y\u0259nd\u0259 c\u0259miyy\u0259ti bar\u0131\u015fmaz \u0259dav\u0259t\u0259 d\u0259 k\u00f6kl\u0259yir, ist\u0259m\u0259y\u0259nd\u0259 d\u0259 rasional siyas\u0259t\u0259. \u0130ndiki halda Obama komandas\u0131na neft qiym\u0259tl\u0259rini n\u0259zar\u0259td\u0259 saxlamaq v\u0259 \u0130srailin &#8220;k\u00f6p\u00fcn\u00fc&#8221; almaq \u00fc\u00e7\u00fcn \u0130ranla yax\u015f\u0131 m\u00fcnasib\u0259tl\u0259r laz\u0131md\u0131r. Baxmayaraq ki, \u0130srail AB\u015e-\u0130ran m\u00fcnasib\u0259tl\u0259rinin normalla\u015fmas\u0131na \u0259ng\u0259l olma\u011fa \u00e7al\u0131\u015f\u0131r, h\u0259tta ba\u015f nazir Netanyahu Konqresd\u0259 Obaman\u0131 t\u0259nqid d\u0259 etdi. A\u011flas\u0131\u011fmaz v\u0259ziyy\u0259tdir ki, xarici d\u00f6vl\u0259tin ba\u015f\u00e7\u0131s\u0131 Konqresd\u0259 AB\u015e prezidentini t\u0259nqid edir v\u0259 konqresmenl\u0259r d\u0259 onu alq\u0131\u015flay\u0131r. Amma bunlar\u0131n he\u00e7 bir k\u00f6m\u0259yi olmayacaq, Obama ist\u0259diyini h\u0259yata ke\u00e7ir\u0259c\u0259k, \u00e7\u00fcnki o, Amerikan\u0131n prezidentidir, Az\u0259rbaycan\u0131n yox. D\u00fcnya miqyas\u0131nda informasiya, maliyy\u0259, siyasi v\u0259 h\u0259rbi g\u00fcc\u0259 malik \u015f\u0259xsdir. \u018fn \u0259sas\u0131 \u0130ranla m\u00fcqavil\u0259 Amerikan\u0131n d\u00f6vl\u0259t maraqlar\u0131na cavab verir&#8221;.\n<\/p>\n<p>\n  Z\u0259rd\u00fc\u015ft \u018flizad\u0259 \u0130ran a\u00e7\u0131l\u0131m\u0131ndan Rusiyan\u0131n he\u00e7 n\u0259 qazanmayaca\u011f\u0131n\u0131 bildirdi: &#8220;Rusiyan\u0131n hakim z\u00fcmr\u0259si v\u0259 d\u00f6vl\u0259t qurulu\u015fu el\u0259 v\u0259ziyy\u0259td\u0259dir ki, d\u00f6vl\u0259t itir\u0259-itir\u0259 gedir. Bir \u00f6lk\u0259nin ki, hakim z\u00fcmr\u0259si gec\u0259-g\u00fcnd\u00fcz xalq\u0131n mal\u0131n\u0131 o\u011furlay\u0131r, onun sa\u011flaml\u0131\u011f\u0131 v\u0259 savad\u0131 haqq\u0131nda d\u00fc\u015f\u00fcnm\u0259yir, h\u0259min \u00f6lk\u0259nin g\u0259l\u0259c\u0259yi yoxdur. T\u0259\u0259ss\u00fcf ki, Az\u0259rbaycan da ox\u015far durumdad\u0131r&#8221;.<\/p>\n","protected":false},"excerpt":{"rendered":"<p>Z\u0259rd\u00fc\u015ft \u018flizad\u0259: &#8220;Rusiyan\u0131n hakim z\u00fcmr\u0259si v\u0259 d\u00f6vl\u0259t qurulu\u015fu el\u0259 v\u0259ziyy\u0259td\u0259dir ki, d\u00f6vl\u0259t itir\u0259-itir\u0259 gedir&#8221;<\/p>\n","protected":false},"author":11,"featured_media":22340,"comment_status":"closed","ping_status":"open","sticky":false,"template":"","format":"standard","meta":{"_acf_changed":false,"_sitemap_exclude":false,"_sitemap_priority":"","_sitemap_frequency":"","footnotes":""},"categories":[56],"tags":[],"class_list":["post-167449","post","type-post","status-publish","format-standard","has-post-thumbnail","hentry","category-xeberler","infinite-scroll-item","generate-columns","tablet-grid-50","mobile-grid-100","grid-parent","grid-33","no-featured-image-padding"],"acf":[],"yoast_head":"<!-- This site is optimized with the Yoast SEO plugin v28.4 - https:\/\/yoast.com\/product\/yoast-seo-wordpress\/ -->\n<title>&quot;Obama ist\u0259diyini h\u0259yata ke\u00e7ir\u0259c\u0259k, \u00e7\u00fcnki o, Az\u0259rbaycan\u0131n prezidenti deyil&quot; - MEYDAN.TV<\/title>\n<meta name=\"robots\" content=\"index, follow, max-snippet:-1, max-image-preview:large, max-video-preview:-1\" \/>\n<link rel=\"canonical\" href=\"https:\/\/www.meydan.tv\/az\/article\/obama-istediyini-heyata-kecirecek-cunki-o-azerbaycanin-prezidenti-deyil\/\" \/>\n<meta property=\"og:locale\" content=\"az_AZ\" \/>\n<meta property=\"og:type\" content=\"article\" \/>\n<meta property=\"og:title\" content=\"&quot;Obama ist\u0259diyini h\u0259yata ke\u00e7ir\u0259c\u0259k, \u00e7\u00fcnki o, Az\u0259rbaycan\u0131n prezidenti deyil&quot; - MEYDAN.TV\" \/>\n<meta property=\"og:description\" content=\"Z\u0259rd\u00fc\u015ft \u018flizad\u0259: &quot;Rusiyan\u0131n hakim z\u00fcmr\u0259si v\u0259 d\u00f6vl\u0259t qurulu\u015fu el\u0259 v\u0259ziyy\u0259td\u0259dir ki, d\u00f6vl\u0259t itir\u0259-itir\u0259 gedir&quot;\" \/>\n<meta property=\"og:url\" content=\"https:\/\/www.meydan.tv\/az\/article\/obama-istediyini-heyata-kecirecek-cunki-o-azerbaycanin-prezidenti-deyil\/\" \/>\n<meta property=\"og:site_name\" content=\"MEYDAN.TV\" \/>\n<meta property=\"article:published_time\" content=\"2015-04-06T13:39:01+00:00\" \/>\n<meta property=\"og:image\" content=\"https:\/\/www.meydan.tv\/wp-content\/uploads\/8101.jpg\" \/>\n\t<meta property=\"og:image:width\" content=\"525\" \/>\n\t<meta property=\"og:image:height\" content=\"350\" \/>\n\t<meta property=\"og:image:type\" content=\"image\/jpeg\" \/>\n<meta name=\"twitter:card\" content=\"summary_large_image\" \/>\n<!-- \/ Yoast SEO plugin. -->","yoast_head_json":{"title":"\"Obama ist\u0259diyini h\u0259yata ke\u00e7ir\u0259c\u0259k, \u00e7\u00fcnki o, Az\u0259rbaycan\u0131n prezidenti deyil\" - MEYDAN.TV","robots":{"index":"index","follow":"follow","max-snippet":"max-snippet:-1","max-image-preview":"max-image-preview:large","max-video-preview":"max-video-preview:-1"},"canonical":"https:\/\/www.meydan.tv\/az\/article\/obama-istediyini-heyata-kecirecek-cunki-o-azerbaycanin-prezidenti-deyil\/","og_locale":"az_AZ","og_type":"article","og_title":"\"Obama ist\u0259diyini h\u0259yata ke\u00e7ir\u0259c\u0259k, \u00e7\u00fcnki o, Az\u0259rbaycan\u0131n prezidenti deyil\" - MEYDAN.TV","og_description":"Z\u0259rd\u00fc\u015ft \u018flizad\u0259: \"Rusiyan\u0131n hakim z\u00fcmr\u0259si v\u0259 d\u00f6vl\u0259t qurulu\u015fu el\u0259 v\u0259ziyy\u0259td\u0259dir ki, d\u00f6vl\u0259t itir\u0259-itir\u0259 gedir\"","og_url":"https:\/\/www.meydan.tv\/az\/article\/obama-istediyini-heyata-kecirecek-cunki-o-azerbaycanin-prezidenti-deyil\/","og_site_name":"MEYDAN.TV","article_published_time":"2015-04-06T13:39:01+00:00","og_image":[{"width":525,"height":350,"url":"https:\/\/www.meydan.tv\/wp-content\/uploads\/8101.jpg","type":"image\/jpeg"}],"twitter_card":"summary_large_image","schema":{"@context":"https:\/\/schema.org","@graph":[{"@type":"Article","@id":"https:\/\/www.meydan.tv\/az\/article\/obama-istediyini-heyata-kecirecek-cunki-o-azerbaycanin-prezidenti-deyil\/#article","isPartOf":{"@id":"https:\/\/www.meydan.tv\/az\/article\/obama-istediyini-heyata-kecirecek-cunki-o-azerbaycanin-prezidenti-deyil\/"},"author":{"name":"user-manager","@id":"https:\/\/www.meydan.tv\/az\/#\/schema\/person\/10d11eccf6da3662cf5fdab9806ea91a"},"headline":"&#8220;Obama ist\u0259diyini h\u0259yata ke\u00e7ir\u0259c\u0259k, \u00e7\u00fcnki o, Az\u0259rbaycan\u0131n prezidenti deyil&#8221;","datePublished":"2015-04-06T13:39:01+00:00","mainEntityOfPage":{"@id":"https:\/\/www.meydan.tv\/az\/article\/obama-istediyini-heyata-kecirecek-cunki-o-azerbaycanin-prezidenti-deyil\/"},"wordCount":816,"publisher":{"@id":"https:\/\/www.meydan.tv\/az\/#organization"},"image":{"@id":"https:\/\/www.meydan.tv\/az\/article\/obama-istediyini-heyata-kecirecek-cunki-o-azerbaycanin-prezidenti-deyil\/#primaryimage"},"thumbnailUrl":"https:\/\/www.meydan.tv\/wp-content\/uploads\/8101.jpg","articleSection":["X\u0259b\u0259rl\u0259r"],"inLanguage":"az"},{"@type":"WebPage","@id":"https:\/\/www.meydan.tv\/az\/article\/obama-istediyini-heyata-kecirecek-cunki-o-azerbaycanin-prezidenti-deyil\/","url":"https:\/\/www.meydan.tv\/az\/article\/obama-istediyini-heyata-kecirecek-cunki-o-azerbaycanin-prezidenti-deyil\/","name":"\"Obama ist\u0259diyini h\u0259yata ke\u00e7ir\u0259c\u0259k, \u00e7\u00fcnki o, Az\u0259rbaycan\u0131n prezidenti deyil\" - MEYDAN.TV","isPartOf":{"@id":"https:\/\/www.meydan.tv\/az\/#website"},"primaryImageOfPage":{"@id":"https:\/\/www.meydan.tv\/az\/article\/obama-istediyini-heyata-kecirecek-cunki-o-azerbaycanin-prezidenti-deyil\/#primaryimage"},"image":{"@id":"https:\/\/www.meydan.tv\/az\/article\/obama-istediyini-heyata-kecirecek-cunki-o-azerbaycanin-prezidenti-deyil\/#primaryimage"},"thumbnailUrl":"https:\/\/www.meydan.tv\/wp-content\/uploads\/8101.jpg","datePublished":"2015-04-06T13:39:01+00:00","breadcrumb":{"@id":"https:\/\/www.meydan.tv\/az\/article\/obama-istediyini-heyata-kecirecek-cunki-o-azerbaycanin-prezidenti-deyil\/#breadcrumb"},"inLanguage":"az","potentialAction":[{"@type":"ReadAction","target":["https:\/\/www.meydan.tv\/az\/article\/obama-istediyini-heyata-kecirecek-cunki-o-azerbaycanin-prezidenti-deyil\/"]}]},{"@type":"ImageObject","inLanguage":"az","@id":"https:\/\/www.meydan.tv\/az\/article\/obama-istediyini-heyata-kecirecek-cunki-o-azerbaycanin-prezidenti-deyil\/#primaryimage","url":"https:\/\/www.meydan.tv\/wp-content\/uploads\/8101.jpg","contentUrl":"https:\/\/www.meydan.tv\/wp-content\/uploads\/8101.jpg","width":525,"height":350,"caption":"Source:"},{"@type":"BreadcrumbList","@id":"https:\/\/www.meydan.tv\/az\/article\/obama-istediyini-heyata-kecirecek-cunki-o-azerbaycanin-prezidenti-deyil\/#breadcrumb","itemListElement":[{"@type":"ListItem","position":1,"name":"Ana s\u0259hif\u0259","item":"https:\/\/www.meydan.tv\/az\/"},{"@type":"ListItem","position":2,"name":"X\u0259b\u0259rl\u0259r","item":"https:\/\/www.meydan.tv\/az\/section\/xeberler\/"},{"@type":"ListItem","position":3,"name":"&#8220;Obama ist\u0259diyini h\u0259yata ke\u00e7ir\u0259c\u0259k, \u00e7\u00fcnki o, Az\u0259rbaycan\u0131n prezidenti deyil&#8221;"}]},{"@type":"WebSite","@id":"https:\/\/www.meydan.tv\/az\/#website","url":"https:\/\/www.meydan.tv\/az\/","name":"MEYDAN.TV","description":"Meydan TV Az\u0259rbaycan\u0131n media m\u0259kan\u0131ndak\u0131 alternativ s\u0259sidir","publisher":{"@id":"https:\/\/www.meydan.tv\/az\/#organization"},"potentialAction":[{"@type":"SearchAction","target":{"@type":"EntryPoint","urlTemplate":"https:\/\/www.meydan.tv\/az\/?s={search_term_string}"},"query-input":{"@type":"PropertyValueSpecification","valueRequired":true,"valueName":"search_term_string"}}],"inLanguage":"az"},{"@type":"Organization","@id":"https:\/\/www.meydan.tv\/az\/#organization","name":"Meydan TV","url":"https:\/\/www.meydan.tv\/az\/","logo":{"@type":"ImageObject","inLanguage":"az","@id":"https:\/\/www.meydan.tv\/az\/#\/schema\/logo\/image\/","url":"https:\/\/www.meydan.tv\/wp-content\/uploads\/2021\/07\/meydan-logo.svg","contentUrl":"https:\/\/www.meydan.tv\/wp-content\/uploads\/2021\/07\/meydan-logo.svg","width":195,"height":46,"caption":"Meydan TV"},"image":{"@id":"https:\/\/www.meydan.tv\/az\/#\/schema\/logo\/image\/"}},{"@type":"Person","@id":"https:\/\/www.meydan.tv\/az\/#\/schema\/person\/10d11eccf6da3662cf5fdab9806ea91a","name":"user-manager"}]}},"_links":{"self":[{"href":"https:\/\/www.meydan.tv\/az\/wp-json\/wp\/v2\/posts\/167449","targetHints":{"allow":["GET"]}}],"collection":[{"href":"https:\/\/www.meydan.tv\/az\/wp-json\/wp\/v2\/posts"}],"about":[{"href":"https:\/\/www.meydan.tv\/az\/wp-json\/wp\/v2\/types\/post"}],"author":[{"embeddable":true,"href":"https:\/\/www.meydan.tv\/az\/wp-json\/wp\/v2\/users\/11"}],"replies":[{"embeddable":true,"href":"https:\/\/www.meydan.tv\/az\/wp-json\/wp\/v2\/comments?post=167449"}],"version-history":[{"count":0,"href":"https:\/\/www.meydan.tv\/az\/wp-json\/wp\/v2\/posts\/167449\/revisions"}],"wp:featuredmedia":[{"embeddable":true,"href":"https:\/\/www.meydan.tv\/az\/wp-json\/wp\/v2\/media\/22340"}],"wp:attachment":[{"href":"https:\/\/www.meydan.tv\/az\/wp-json\/wp\/v2\/media?parent=167449"}],"wp:term":[{"taxonomy":"category","embeddable":true,"href":"https:\/\/www.meydan.tv\/az\/wp-json\/wp\/v2\/categories?post=167449"},{"taxonomy":"post_tag","embeddable":true,"href":"https:\/\/www.meydan.tv\/az\/wp-json\/wp\/v2\/tags?post=167449"}],"curies":[{"name":"wp","href":"https:\/\/api.w.org\/{rel}","templated":true}]}}