{"id":167444,"date":"2015-04-05T19:37:59","date_gmt":"2015-04-05T19:37:59","guid":{"rendered":"https:\/\/www.meydan.tv\/article\/demokratiyasiz-sulh\/"},"modified":"2015-04-05T19:37:59","modified_gmt":"2015-04-05T19:37:59","slug":"demokratiyasiz-sulh","status":"publish","type":"post","link":"https:\/\/www.meydan.tv\/az\/article\/demokratiyasiz-sulh\/","title":{"rendered":"Demokratiyas\u0131z s\u00fclh?"},"content":{"rendered":"<figure class=\"wp-block-image size-large\">\n  <img decoding=\"async\" src=\"https:\/\/www.meydan.tv\/az\/22315\/\" alt=\"\" class=\"wp-image-22315\"\/><figcaption><\/figcaption><\/figure>\n<figure class=\"wp-block-image size-large\">\n  <img decoding=\"async\" src=\"https:\/\/www.meydan.tv\/az\/22318\/\" alt=\"\" class=\"wp-image-22318\"\/><figcaption><\/figcaption><\/figure>\n<p>\n  AB\u015e-\u0131n \u0130ranla raz\u0131l\u0131\u011fa g\u0259lm\u0259si bir ne\u00e7\u0259 sah\u0259y\u0259 eyni zamanda t\u0259sir edir: Iqtisadi \u0259laq\u0259l\u0259r, t\u0259hl\u00fck\u0259sizlik, s\u00fclh, demokratiya v\u0259 s.. Raz\u0131la\u015fman\u0131n bunlar\u0131n h\u0259r birin\u0259 m\u00fcsb\u0259t t\u0259sir ed\u0259c\u0259yini indid\u0259n dem\u0259k \u00e7\u0259tindir.\n<\/p>\n<p>\n  \u0130qtisadi \u0259laq\u0259l\u0259r geni\u015fl\u0259n\u0259c\u0259k, \u0259lb\u0259tt\u0259. Amma Q\u0259rb \u015firk\u0259tl\u0259rinin \u0130ran\u0131 f\u0259th etm\u0259si ya ba\u015fqa d\u00f6vl\u0259tl\u0259rd\u0259ki kimi tez al\u0131nmayacaq, ya da \u00fcmumiyy\u0259tl\u0259 ist\u0259dikl\u0259ri kimi al\u0131nmayacaq. \u00c7\u00fcnki indiy\u0259 q\u0259d\u0259r uzun m\u00fcdd\u0259t sanksiyalara m\u0259ruz qalaraq, ya\u015famaq u\u011frunda m\u00fcbariz\u0259 aparm\u0131\u015f \u0130ran iqtisadiyyat\u0131 art\u0131q buna xeyli \u00f6yr\u0259\u015fib v\u0259 t\u0259l\u0259bat\u0131 t\u0259min ed\u0259 bilir.\n<\/p>\n<p>\n  T\u0259hl\u00fck\u0259sizlik sah\u0259sind\u0259 m\u0259s\u0259l\u0259 daha qar\u0131\u015f\u0131qd\u0131r. \u0130ran regional g\u00fccd\u00fcr, haz\u0131rda \u0130raqda, Suriyada, Y\u0259m\u0259nd\u0259, Livanda, F\u0259l\u0259stind\u0259 ya \u00f6z q\u00fcvv\u0259l\u0259ri, ya da m\u00fctt\u0259fiql\u0259rinin q\u00fcvv\u0259l\u0259ri vasit\u0259sil\u0259 h\u0259rbi c\u0259h\u0259td\u0259n t\u0259msil olunur (bu m\u00fctt\u0259fiql\u0259rin bir hiss\u0259si AB\u015e-\u0131n terror t\u0259\u015fkilatlar\u0131 siyah\u0131s\u0131nda yer al\u0131r, bu bar\u0259d\u0259 a\u015fa\u011f\u0131da). H\u0259r bir halda bu anla\u015fma AB\u015e-\u0131n t\u0259hl\u00fck\u0259sizlik siyas\u0259tin\u0259 d\u0259st\u0259k olacaq.\n<\/p>\n<p>\n  S\u00fclh \u2013 videonun r\u0259smi fb s\u0259hif\u0259sind\u0259 yay\u0131mlanm\u0131\u015f versiyas\u0131n\u0131n alt\u0131nda \u00e7oxlu insan \u201cpeace\u201d yaz\u0131b. Hiss olunur ki, amerikanlar\u0131n da, iranl\u0131lar\u0131n da \u0259ks\u0259riyy\u0259tini m\u00fcharib\u0259d\u0259n qa\u00e7maq demokratiyadan daha \u00e7ox maraqland\u0131r\u0131r. Daim m\u00fcharib\u0259 t\u0259hdidi alt\u0131nda, \u0130srailin c\u0131rtqoz h\u0259d\u0259 ya\u011f\u0131\u015f\u0131 alt\u0131nda ya\u015famaq \u00e7\u0259tindir.\n<\/p>\n<p>\n  V\u0259 demokratiya \u2013 bu sah\u0259y\u0259 yax\u0131n planda z\u0259rb\u0259 d\u0259yib. Uzaq planda is\u0259 raz\u0131la\u015fman\u0131n m\u00fcsb\u0259t n\u0259y\u0259s\u0259 nail olaca\u011f\u0131n\u0131 bilmir\u0259m. \u0130randa demokratik q\u00fcvv\u0259l\u0259r var ki, indiki klerikal hakimiyy\u0259t\u0259 qar\u015f\u0131 m\u00fcbariz\u0259 apar\u0131r. AB\u015e onlar\u0131 \u201c\u00fc\u00e7 a\u015fa\u011f\u0131 \u2013 be\u015f yuxar\u0131\u201d el\u0259 bizd\u0259kil\u0259ri d\u0259st\u0259kl\u0259y\u0259n kimi d\u0259st\u0259kl\u0259yib. Amma \u0259n b\u00f6y\u00fck d\u0259st\u0259k bu hakimiyy\u0259t alt\u0131ndak\u0131 \u0130ran\u0131n boykot, iqnor olunmas\u0131 idi. \u018flb\u0259tt\u0259, \u0130ran\u0131n boykotu qeyri-demokratik olmas\u0131na g\u00f6r\u0259 olmay\u0131b, n\u00fcv\u0259 silah\u0131 yarad\u0131lma ehtimal\u0131na g\u00f6r\u0259 (\u0259n az\u0131ndan AB\u015e bel\u0259 deyir) olub, amma bir m\u0259s\u0259l\u0259 var.\n<\/p>\n<p>\n  \u0130ran rejimi, ordak\u0131 sistem Q\u0259rb d\u0259y\u0259rl\u0259ri il\u0259 n\u0259 q\u0259d\u0259r uyu\u015fur? Q\u0131sa olaraq, \u201cuyu\u015fmur\u201d dem\u0259k olar. Bir az geni\u015fl\u0259ndirs\u0259k is\u0259, Q\u0259rb d\u0259y\u0259rl\u0259rinin hans\u0131n\u0131n n\u0259 q\u0259d\u0259r pozulmas\u0131 m\u0259s\u0259l\u0259sin\u0259 g\u0259lib-\u00e7\u0131xar\u0131q. D\u00fcny\u0259vilik d\u0259y\u0259ri \u0130randa r\u0259sm\u0259n tan\u0131nm\u0131r. Klerikal rejimdir \u2013 d\u00f6vl\u0259t ba\u015f\u00e7\u0131lar\u0131ndan biri dini liderdir. Siyasi rejim orta \u0259srl\u0259rin Roma papas\u0131n\u0131n meritokratik sistemi il\u0259 indiki n\u00fcmay\u0259nd\u0259li xalq demokratiyalar\u0131 aras\u0131nda m\u00f6vqe tutub. Xalq s\u0259s verir, amma yaln\u0131z mollalar\u0131n senzuras\u0131ndan ke\u00e7\u0259n namiz\u0259dl\u0259r\u0259. \u0130fad\u0259, s\u0259rb\u0259st topla\u015fma azadl\u0131qlar\u0131 2009-cu ild\u0259n sonra, x\u00fcsus\u0259n, b\u0259rbad hala sal\u0131n\u0131b. Milli ayr\u0131se\u00e7kilik birt\u0259r\u0259fli \u015fovinizm vasit\u0259sil\u0259 d\u0259st\u0259kl\u0259nir. \u0130ran AB\u015e-\u0131n terror t\u0259\u015fkilatlar\u0131 kimi tan\u0131d\u0131\u011f\u0131 \u201cH\u0259mas\u201d\u0131, \u201cHizbullah\u201d\u0131 m\u00fcdafi\u0259 edir.\n<\/p>\n<p>\n  Demokratiya, \u00fcmumilikd\u0259 Q\u0259rb d\u0259y\u0259rl\u0259ri kimi tan\u0131nan b\u0259\u015f\u0259ri d\u0259y\u0259rl\u0259r yaln\u0131z m\u0259n\u0259vi m\u0259s\u0259l\u0259 deyil. M\u0259n\u0259vi t\u0259r\u0259fd\u0259n baxanda bu d\u0259y\u0259rl\u0259ri \u00fcmumiyy\u0259tl\u0259 tan\u0131mayan, AB\u015e s\u0259firliyini (AB\u015e \u0259razisini) i\u015f\u011fal ed\u0259n v\u0259 h\u0259l\u0259 d\u0259 r\u0259smi \u00fczrhaxl\u0131\u011f\u0131 olmayan bir d\u00f6vl\u0259t\u0259 qar\u015f\u0131 indiy\u0259 kimi olmu\u015f sanksiyalar\u0131n g\u00f6t\u00fcr\u00fclm\u0259si Q\u0259rbin \u0130ran m\u00fcxalif\u0259tin\u0259 yox, \u00f6z d\u0259y\u0259rl\u0259rin\u0259 x\u0259yan\u0259tidir. B\u0259s bu x\u0259yan\u0259tin hans\u0131 real n\u0259tic\u0259l\u0259ri olacaq?\n<\/p>\n<p>\n  Q\u0259rb iqtisadiyyat\u0131n\u0131n gec v\u0259 t\u0259drici d\u0259 olsa, i\u015f\u011fal\u0131 n\u0259tic\u0259sind\u0259 \u0130ran iqtisadiyyat\u0131 liberalla\u015facaq, n\u0259tic\u0259d\u0259 \u00fcstqurumlar da (siyasi-h\u00fcquqi sistem) liberalla\u015fmal\u0131 olacaq, \u0259vv\u0259l-ax\u0131r \u0130ran demokratik olacaq. Amma daha bir g\u00fccl\u00fc m\u0259ntiq var. \u0130ran\u0131 idar\u0259 ed\u0259nl\u0259r Q\u0259rb\u0259, o c\u00fcml\u0259d\u0259n onun d\u0259y\u0259rl\u0259rin\u0259 inanmamaq \u00fc\u00e7\u00fcn m\u0259ntiqli legitimlik \u0259ld\u0259 edirl\u0259r. Bu, indiy\u0259 q\u0259d\u0259r fiaskoya u\u011fram\u0131\u015f (m\u0259nc\u0259 bundan sonra da u\u011frayacaq) \u201c\u00fc\u00e7\u00fcnc\u00fc (milli) yol\u201d ideyas\u0131na r\u0259vac v\u0259 d\u0259st\u0259k verir. N\u0259ticd\u0259 \u201cb\u0259\u015f\u0259ri d\u0259y\u0259rl\u0259rin ham\u0131s\u0131n\u0131 q\u0259bul etm\u0259d\u0259n inki\u015faf\u201d ideyas\u0131 daha m\u0259ntiqli g\u0259l\u0259c\u0259k. \u201c\u00c7\u00fcnki bu d\u0259y\u0259rl\u0259r o q\u0259d\u0259r insani deyil ki, \u00f6zg\u0259 sivilizasiyalar\u0131n insanlar\u0131n\u0131 qorusun\u201d.\n<\/p>\n<p>\n  Bu raz\u0131la\u015fma demokratiyaya \u0259n a\u011f\u0131r z\u0259rb\u0259l\u0259rd\u0259n birini vura bil\u0259r. Amma vurmaya da bil\u0259r \u2013 yaln\u0131z o halda ki, bu raz\u0131la\u015fmadan istifad\u0259 edib \u0130ran, ard\u0131nca da Rusiya demokratikl\u0259\u015fdirilsin. Onda t\u0259r\u0259qqip\u0259rv\u0259r b\u0259\u015f\u0259riyy\u0259t bu uzun demokratikl\u0259\u015fm\u0259 prosesind\u0259 h\u0259bsl\u0259rd\u0259 \u00e7\u00fcr\u00fcy\u0259n, repressiyalarda m\u0259hv olan n\u0259sill\u0259rin qan\u0131n\u0131 halal ed\u0259c\u0259k v\u0259 g\u00f6z\u0259l n\u0259tic\u0259 \u00fc\u00e7\u00fcn s\u0259rmay\u0259 hesab ed\u0259c\u0259k. \u018fks halda Q\u0259rb d\u0259y\u0259rl\u0259rini m\u00fcdafi\u0259 ed\u0259nl\u0259r \u00f6z g\u00fcz\u0259\u015ftl\u0259ri il\u0259 bu d\u0259y\u0259rl\u0259rin s\u0259rh\u0259dl\u0259rini \u00e7\u0259k\u0259c\u0259k, daha \u00e7ox \u00f6zl\u0259rin\u0259 qapanacaq v\u0259 say, \u0259razi kimi h\u0259lledici maddiyyat etibaril\u0259 uduzduqlar\u0131 \u201c\u00fc\u00e7\u00fcnc\u00fc d\u00fcnya\u201dn\u0131n \u201c\u00fc\u00e7\u00fcnc\u00fc yol\u201d tutma\u011fa \u00e7al\u0131\u015fanlar\u0131 t\u0259r\u0259find\u0259n yeyil\u0259c\u0259kl\u0259r.\n<\/p>\n<p>\n  Amma haz\u0131rda \u0259n t\u0259bii arzulardan olan s\u00fclh arzusu h\u0259r \u015fey\u0259 qalib g\u0259lir. Konspirologiya h\u0259v\u0259skarlar\u0131 AB\u015e-\u0131n v\u0259 \u0130srailin davaml\u0131 m\u00fcharib\u0259 t\u0259hdidl\u0259rini indiki raz\u0131la\u015fmaya haz\u0131rl\u0131q hesab ed\u0259 bil\u0259rdil\u0259r. Bu raz\u0131la\u015fmaya g\u00f6r\u0259 sevinc olmal\u0131 idi, \u00e7\u00fcnki m\u00fcharib\u0259d\u0259n ham\u0131 qorxurdu. V\u0259 sevinc oldu da. Demokratik d\u0259y\u0259rl\u0259rin he\u00e7 biri t\u0259min olunmad\u0131 v\u0259 ham\u0131 sevindi. M\u0259n buna g\u00f6r\u0259 bu sevinci b\u0259\u015f\u0259ri d\u0259y\u0259rl\u0259rin g\u0259l\u0259c\u0259yi, etibar\u0131 \u00fc\u00e7\u00fcn t\u0259hl\u00fck\u0259 hesab edir\u0259m.\n<\/p>\n<p>\n  Sinqapur \u201cdemokratiyas\u0131z iqtisadi inki\u015faf\u201da, h\u0259l\u0259 ki, n\u00fcmun\u0259dir. \u0130ran is\u0259 \u201cdemokratiyas\u0131z s\u00fclh\u0259\u201d n\u00fcmun\u0259 olacaq, dey\u0259s\u0259n. Q\u0259rbin demokratik \u00f6lk\u0259 il\u0259 qeyri-demokratik \u00f6lk\u0259y\u0259 yana\u015fmas\u0131 aras\u0131ndak\u0131 f\u0259rqin itm\u0259si b\u00f6y\u00fck t\u0259hl\u00fck\u0259dir.\n<\/p>\n<p>\n  P.S. Amma bu q\u0259d\u0259r kosmopolit baxmasaq, neft \u00f6lk\u0259sinin v\u0259t\u0259nda\u015f\u0131 olaraq, neft avtoritarizml\u0259rin\u0259 z\u0259rb\u0259ni g\u00f6zl\u0259m\u0259k laz\u0131md\u0131r.<\/p>\n","protected":false},"excerpt":{"rendered":"<p>Iran-Amerika raz\u0131la\u015fmas\u0131 \u2013 buna sevinm\u0259k olarm\u0131?<\/p>\n","protected":false},"author":11,"featured_media":22315,"comment_status":"closed","ping_status":"open","sticky":false,"template":"","format":"standard","meta":{"_acf_changed":false,"_sitemap_exclude":false,"_sitemap_priority":"","_sitemap_frequency":"","footnotes":""},"categories":[57],"tags":[],"class_list":["post-167444","post","type-post","status-publish","format-standard","has-post-thumbnail","hentry","category-menim-fikrimce","infinite-scroll-item","generate-columns","tablet-grid-50","mobile-grid-100","grid-parent","grid-33","no-featured-image-padding"],"acf":[],"yoast_head":"<!-- This site is optimized with the Yoast SEO plugin v27.4 - https:\/\/yoast.com\/product\/yoast-seo-wordpress\/ -->\n<title>Demokratiyas\u0131z s\u00fclh? - MEYDAN.TV<\/title>\n<meta name=\"robots\" content=\"index, follow, max-snippet:-1, max-image-preview:large, max-video-preview:-1\" \/>\n<link rel=\"canonical\" href=\"https:\/\/www.meydan.tv\/az\/article\/demokratiyasiz-sulh\/\" \/>\n<meta property=\"og:locale\" content=\"az_AZ\" \/>\n<meta property=\"og:type\" content=\"article\" \/>\n<meta property=\"og:title\" content=\"Demokratiyas\u0131z s\u00fclh? - MEYDAN.TV\" \/>\n<meta property=\"og:description\" content=\"Iran-Amerika raz\u0131la\u015fmas\u0131 \u2013 buna sevinm\u0259k olarm\u0131?\" \/>\n<meta property=\"og:url\" content=\"https:\/\/www.meydan.tv\/az\/article\/demokratiyasiz-sulh\/\" \/>\n<meta property=\"og:site_name\" content=\"MEYDAN.TV\" \/>\n<meta property=\"article:published_time\" content=\"2015-04-05T19:37:59+00:00\" \/>\n<meta property=\"og:image\" content=\"https:\/\/www.meydan.tv\/wp-content\/uploads\/8073.jpg\" \/>\n\t<meta property=\"og:image:width\" content=\"500\" \/>\n\t<meta property=\"og:image:height\" content=\"500\" \/>\n\t<meta property=\"og:image:type\" content=\"image\/jpeg\" \/>\n<meta name=\"author\" content=\"user-manager\" \/>\n<meta name=\"twitter:card\" content=\"summary_large_image\" \/>\n<script type=\"application\/ld+json\" class=\"yoast-schema-graph\">{\"@context\":\"https:\\\/\\\/schema.org\",\"@graph\":[{\"@type\":\"Article\",\"@id\":\"https:\\\/\\\/www.meydan.tv\\\/az\\\/article\\\/demokratiyasiz-sulh\\\/#article\",\"isPartOf\":{\"@id\":\"https:\\\/\\\/www.meydan.tv\\\/az\\\/article\\\/demokratiyasiz-sulh\\\/\"},\"author\":{\"name\":\"user-manager\",\"@id\":\"https:\\\/\\\/www.meydan.tv\\\/az\\\/#\\\/schema\\\/person\\\/10d11eccf6da3662cf5fdab9806ea91a\"},\"headline\":\"Demokratiyas\u0131z s\u00fclh?\",\"datePublished\":\"2015-04-05T19:37:59+00:00\",\"mainEntityOfPage\":{\"@id\":\"https:\\\/\\\/www.meydan.tv\\\/az\\\/article\\\/demokratiyasiz-sulh\\\/\"},\"wordCount\":1167,\"publisher\":{\"@id\":\"https:\\\/\\\/www.meydan.tv\\\/az\\\/#organization\"},\"image\":{\"@id\":\"https:\\\/\\\/www.meydan.tv\\\/az\\\/article\\\/demokratiyasiz-sulh\\\/#primaryimage\"},\"thumbnailUrl\":\"https:\\\/\\\/www.meydan.tv\\\/wp-content\\\/uploads\\\/8073.jpg\",\"articleSection\":[\"M\u0259nim Fikrimc\u0259\"],\"inLanguage\":\"az\"},{\"@type\":\"WebPage\",\"@id\":\"https:\\\/\\\/www.meydan.tv\\\/az\\\/article\\\/demokratiyasiz-sulh\\\/\",\"url\":\"https:\\\/\\\/www.meydan.tv\\\/az\\\/article\\\/demokratiyasiz-sulh\\\/\",\"name\":\"Demokratiyas\u0131z s\u00fclh? - MEYDAN.TV\",\"isPartOf\":{\"@id\":\"https:\\\/\\\/www.meydan.tv\\\/az\\\/#website\"},\"primaryImageOfPage\":{\"@id\":\"https:\\\/\\\/www.meydan.tv\\\/az\\\/article\\\/demokratiyasiz-sulh\\\/#primaryimage\"},\"image\":{\"@id\":\"https:\\\/\\\/www.meydan.tv\\\/az\\\/article\\\/demokratiyasiz-sulh\\\/#primaryimage\"},\"thumbnailUrl\":\"https:\\\/\\\/www.meydan.tv\\\/wp-content\\\/uploads\\\/8073.jpg\",\"datePublished\":\"2015-04-05T19:37:59+00:00\",\"breadcrumb\":{\"@id\":\"https:\\\/\\\/www.meydan.tv\\\/az\\\/article\\\/demokratiyasiz-sulh\\\/#breadcrumb\"},\"inLanguage\":\"az\",\"potentialAction\":[{\"@type\":\"ReadAction\",\"target\":[\"https:\\\/\\\/www.meydan.tv\\\/az\\\/article\\\/demokratiyasiz-sulh\\\/\"]}]},{\"@type\":\"ImageObject\",\"inLanguage\":\"az\",\"@id\":\"https:\\\/\\\/www.meydan.tv\\\/az\\\/article\\\/demokratiyasiz-sulh\\\/#primaryimage\",\"url\":\"https:\\\/\\\/www.meydan.tv\\\/wp-content\\\/uploads\\\/8073.jpg\",\"contentUrl\":\"https:\\\/\\\/www.meydan.tv\\\/wp-content\\\/uploads\\\/8073.jpg\",\"width\":500,\"height\":500,\"caption\":\"Source:\"},{\"@type\":\"BreadcrumbList\",\"@id\":\"https:\\\/\\\/www.meydan.tv\\\/az\\\/article\\\/demokratiyasiz-sulh\\\/#breadcrumb\",\"itemListElement\":[{\"@type\":\"ListItem\",\"position\":1,\"name\":\"Ana s\u0259hif\u0259\",\"item\":\"https:\\\/\\\/www.meydan.tv\\\/az\\\/\"},{\"@type\":\"ListItem\",\"position\":2,\"name\":\"M\u0259nim Fikrimc\u0259\",\"item\":\"https:\\\/\\\/www.meydan.tv\\\/az\\\/section\\\/menim-fikrimce\\\/\"},{\"@type\":\"ListItem\",\"position\":3,\"name\":\"Demokratiyas\u0131z s\u00fclh?\"}]},{\"@type\":\"WebSite\",\"@id\":\"https:\\\/\\\/www.meydan.tv\\\/az\\\/#website\",\"url\":\"https:\\\/\\\/www.meydan.tv\\\/az\\\/\",\"name\":\"MEYDAN.TV\",\"description\":\"Meydan TV Az\u0259rbaycan\u0131n media m\u0259kan\u0131ndak\u0131 alternativ s\u0259sidir\",\"publisher\":{\"@id\":\"https:\\\/\\\/www.meydan.tv\\\/az\\\/#organization\"},\"potentialAction\":[{\"@type\":\"SearchAction\",\"target\":{\"@type\":\"EntryPoint\",\"urlTemplate\":\"https:\\\/\\\/www.meydan.tv\\\/az\\\/?s={search_term_string}\"},\"query-input\":{\"@type\":\"PropertyValueSpecification\",\"valueRequired\":true,\"valueName\":\"search_term_string\"}}],\"inLanguage\":\"az\"},{\"@type\":\"Organization\",\"@id\":\"https:\\\/\\\/www.meydan.tv\\\/az\\\/#organization\",\"name\":\"Meydan TV\",\"url\":\"https:\\\/\\\/www.meydan.tv\\\/az\\\/\",\"logo\":{\"@type\":\"ImageObject\",\"inLanguage\":\"az\",\"@id\":\"https:\\\/\\\/www.meydan.tv\\\/az\\\/#\\\/schema\\\/logo\\\/image\\\/\",\"url\":\"https:\\\/\\\/www.meydan.tv\\\/wp-content\\\/uploads\\\/2021\\\/07\\\/meydan-logo.svg\",\"contentUrl\":\"https:\\\/\\\/www.meydan.tv\\\/wp-content\\\/uploads\\\/2021\\\/07\\\/meydan-logo.svg\",\"width\":195,\"height\":46,\"caption\":\"Meydan TV\"},\"image\":{\"@id\":\"https:\\\/\\\/www.meydan.tv\\\/az\\\/#\\\/schema\\\/logo\\\/image\\\/\"}},{\"@type\":\"Person\",\"@id\":\"https:\\\/\\\/www.meydan.tv\\\/az\\\/#\\\/schema\\\/person\\\/10d11eccf6da3662cf5fdab9806ea91a\",\"name\":\"user-manager\"}]}<\/script>\n<!-- \/ Yoast SEO plugin. -->","yoast_head_json":{"title":"Demokratiyas\u0131z s\u00fclh? - MEYDAN.TV","robots":{"index":"index","follow":"follow","max-snippet":"max-snippet:-1","max-image-preview":"max-image-preview:large","max-video-preview":"max-video-preview:-1"},"canonical":"https:\/\/www.meydan.tv\/az\/article\/demokratiyasiz-sulh\/","og_locale":"az_AZ","og_type":"article","og_title":"Demokratiyas\u0131z s\u00fclh? - MEYDAN.TV","og_description":"Iran-Amerika raz\u0131la\u015fmas\u0131 \u2013 buna sevinm\u0259k olarm\u0131?","og_url":"https:\/\/www.meydan.tv\/az\/article\/demokratiyasiz-sulh\/","og_site_name":"MEYDAN.TV","article_published_time":"2015-04-05T19:37:59+00:00","og_image":[{"width":500,"height":500,"url":"https:\/\/www.meydan.tv\/wp-content\/uploads\/8073.jpg","type":"image\/jpeg"}],"author":"user-manager","twitter_card":"summary_large_image","schema":{"@context":"https:\/\/schema.org","@graph":[{"@type":"Article","@id":"https:\/\/www.meydan.tv\/az\/article\/demokratiyasiz-sulh\/#article","isPartOf":{"@id":"https:\/\/www.meydan.tv\/az\/article\/demokratiyasiz-sulh\/"},"author":{"name":"user-manager","@id":"https:\/\/www.meydan.tv\/az\/#\/schema\/person\/10d11eccf6da3662cf5fdab9806ea91a"},"headline":"Demokratiyas\u0131z s\u00fclh?","datePublished":"2015-04-05T19:37:59+00:00","mainEntityOfPage":{"@id":"https:\/\/www.meydan.tv\/az\/article\/demokratiyasiz-sulh\/"},"wordCount":1167,"publisher":{"@id":"https:\/\/www.meydan.tv\/az\/#organization"},"image":{"@id":"https:\/\/www.meydan.tv\/az\/article\/demokratiyasiz-sulh\/#primaryimage"},"thumbnailUrl":"https:\/\/www.meydan.tv\/wp-content\/uploads\/8073.jpg","articleSection":["M\u0259nim Fikrimc\u0259"],"inLanguage":"az"},{"@type":"WebPage","@id":"https:\/\/www.meydan.tv\/az\/article\/demokratiyasiz-sulh\/","url":"https:\/\/www.meydan.tv\/az\/article\/demokratiyasiz-sulh\/","name":"Demokratiyas\u0131z s\u00fclh? - MEYDAN.TV","isPartOf":{"@id":"https:\/\/www.meydan.tv\/az\/#website"},"primaryImageOfPage":{"@id":"https:\/\/www.meydan.tv\/az\/article\/demokratiyasiz-sulh\/#primaryimage"},"image":{"@id":"https:\/\/www.meydan.tv\/az\/article\/demokratiyasiz-sulh\/#primaryimage"},"thumbnailUrl":"https:\/\/www.meydan.tv\/wp-content\/uploads\/8073.jpg","datePublished":"2015-04-05T19:37:59+00:00","breadcrumb":{"@id":"https:\/\/www.meydan.tv\/az\/article\/demokratiyasiz-sulh\/#breadcrumb"},"inLanguage":"az","potentialAction":[{"@type":"ReadAction","target":["https:\/\/www.meydan.tv\/az\/article\/demokratiyasiz-sulh\/"]}]},{"@type":"ImageObject","inLanguage":"az","@id":"https:\/\/www.meydan.tv\/az\/article\/demokratiyasiz-sulh\/#primaryimage","url":"https:\/\/www.meydan.tv\/wp-content\/uploads\/8073.jpg","contentUrl":"https:\/\/www.meydan.tv\/wp-content\/uploads\/8073.jpg","width":500,"height":500,"caption":"Source:"},{"@type":"BreadcrumbList","@id":"https:\/\/www.meydan.tv\/az\/article\/demokratiyasiz-sulh\/#breadcrumb","itemListElement":[{"@type":"ListItem","position":1,"name":"Ana s\u0259hif\u0259","item":"https:\/\/www.meydan.tv\/az\/"},{"@type":"ListItem","position":2,"name":"M\u0259nim Fikrimc\u0259","item":"https:\/\/www.meydan.tv\/az\/section\/menim-fikrimce\/"},{"@type":"ListItem","position":3,"name":"Demokratiyas\u0131z s\u00fclh?"}]},{"@type":"WebSite","@id":"https:\/\/www.meydan.tv\/az\/#website","url":"https:\/\/www.meydan.tv\/az\/","name":"MEYDAN.TV","description":"Meydan TV Az\u0259rbaycan\u0131n media m\u0259kan\u0131ndak\u0131 alternativ s\u0259sidir","publisher":{"@id":"https:\/\/www.meydan.tv\/az\/#organization"},"potentialAction":[{"@type":"SearchAction","target":{"@type":"EntryPoint","urlTemplate":"https:\/\/www.meydan.tv\/az\/?s={search_term_string}"},"query-input":{"@type":"PropertyValueSpecification","valueRequired":true,"valueName":"search_term_string"}}],"inLanguage":"az"},{"@type":"Organization","@id":"https:\/\/www.meydan.tv\/az\/#organization","name":"Meydan TV","url":"https:\/\/www.meydan.tv\/az\/","logo":{"@type":"ImageObject","inLanguage":"az","@id":"https:\/\/www.meydan.tv\/az\/#\/schema\/logo\/image\/","url":"https:\/\/www.meydan.tv\/wp-content\/uploads\/2021\/07\/meydan-logo.svg","contentUrl":"https:\/\/www.meydan.tv\/wp-content\/uploads\/2021\/07\/meydan-logo.svg","width":195,"height":46,"caption":"Meydan TV"},"image":{"@id":"https:\/\/www.meydan.tv\/az\/#\/schema\/logo\/image\/"}},{"@type":"Person","@id":"https:\/\/www.meydan.tv\/az\/#\/schema\/person\/10d11eccf6da3662cf5fdab9806ea91a","name":"user-manager"}]}},"_links":{"self":[{"href":"https:\/\/www.meydan.tv\/az\/wp-json\/wp\/v2\/posts\/167444","targetHints":{"allow":["GET"]}}],"collection":[{"href":"https:\/\/www.meydan.tv\/az\/wp-json\/wp\/v2\/posts"}],"about":[{"href":"https:\/\/www.meydan.tv\/az\/wp-json\/wp\/v2\/types\/post"}],"author":[{"embeddable":true,"href":"https:\/\/www.meydan.tv\/az\/wp-json\/wp\/v2\/users\/11"}],"replies":[{"embeddable":true,"href":"https:\/\/www.meydan.tv\/az\/wp-json\/wp\/v2\/comments?post=167444"}],"version-history":[{"count":0,"href":"https:\/\/www.meydan.tv\/az\/wp-json\/wp\/v2\/posts\/167444\/revisions"}],"wp:featuredmedia":[{"embeddable":true,"href":"https:\/\/www.meydan.tv\/az\/wp-json\/wp\/v2\/media\/22315"}],"wp:attachment":[{"href":"https:\/\/www.meydan.tv\/az\/wp-json\/wp\/v2\/media?parent=167444"}],"wp:term":[{"taxonomy":"category","embeddable":true,"href":"https:\/\/www.meydan.tv\/az\/wp-json\/wp\/v2\/categories?post=167444"},{"taxonomy":"post_tag","embeddable":true,"href":"https:\/\/www.meydan.tv\/az\/wp-json\/wp\/v2\/tags?post=167444"}],"curies":[{"name":"wp","href":"https:\/\/api.w.org\/{rel}","templated":true}]}}