{"id":167443,"date":"2015-04-05T17:43:04","date_gmt":"2015-04-05T17:43:04","guid":{"rendered":"https:\/\/www.meydan.tv\/article\/milli-suranin-mitinqi-bas-tutdu\/"},"modified":"2015-04-05T17:43:04","modified_gmt":"2015-04-05T17:43:04","slug":"milli-suranin-mitinqi-bas-tutdu","status":"publish","type":"post","link":"https:\/\/www.meydan.tv\/az\/article\/milli-suranin-mitinqi-bas-tutdu\/","title":{"rendered":"Milli \u015euran\u0131n mitinqi ba\u015f tutdu"},"content":{"rendered":"<figure class=\"wp-block-image size-large\">\n  <img decoding=\"async\" src=\"https:\/\/www.meydan.tv\/az\/22232\/\" alt=\"\" class=\"wp-image-22232\"\/><figcaption><\/figcaption><\/figure>\n<figure class=\"wp-block-image size-large\">\n  <img decoding=\"async\" src=\"https:\/\/www.meydan.tv\/az\/22236\/\" alt=\"\" class=\"wp-image-22236\"\/><figcaption><\/figcaption><\/figure>\n<p>\n  <i><br \/>\n    &#8220;Hakimiyy\u0259t h\u0259r add\u0131m\u0131 il\u0259 xalq\u0131n d\u0259rdin\u0259 yaban\u00e7\u0131 oldu\u011funu s\u00fcbut edir&#8221;<br \/>\n  <\/i>\n<\/p>\n<p>\n  Aprelin 5-d\u0259 Demokratik Q\u00fcvv\u0259l\u0259rin Milli \u015euras\u0131 &#8220;M\u0259hsul&#8221; meydan\u0131nda \u00f6lk\u0259d\u0259 bahala\u015fmaya, inhisar\u00e7\u0131l\u0131\u011fa, korrupsiyaya etiraz olaraq mitinq ke\u00e7irib. Meydan TV-in \u0259m\u0259kda\u015flar\u0131 aksiyan\u0131n insdentsiz ba\u015fa \u00e7atd\u0131\u011f\u0131n\u0131 bildiribl\u0259r.\n<\/p>\n<p>\n  Milli \u015euran\u0131n \u00fczv\u00fc Oqtay G\u00fclal\u0131yev \u00e7\u0131x\u0131\u015f\u0131nda bildirdi ki, hakimiyy\u0259t he\u00e7 bir g\u00fcnah\u0131 olmayan insanlar\u0131 \u015f\u0259rl\u0259yib h\u0259bs\u0259 at\u0131b.\n<\/p>\n<p>\n  AXCP s\u0259drinin m\u00fcavini Nur\u0259ddin M\u0259mm\u0259dli bildirdi ki, xalq hakimiyy\u0259tin y\u00fcr\u00fctd\u00fcy\u00fc haz\u0131rk\u0131 siyas\u0259t\u0259 etiraz etm\u0259lidir. &#8220;B\u00fct\u00fcn m\u0259hrumiyy\u0259tl\u0259r\u0259, \u0259zablara sin\u0259 g\u0259l\u0259r\u0259rk bu rejim\u0259 qar\u015f\u0131 apard\u0131\u011f\u0131m\u0131z m\u00fcbariz\u0259 sonda u\u011furla bit\u0259c\u0259k&#8221;.\n<\/p>\n<p>\n  Haz\u0131rda Az\u0259rbaycan c\u0259miyy\u0259tinin probleml\u0259r m\u0259ng\u0259n\u0259sind\u0259 oldu\u011funu dey\u0259n \u0130.H\u00fcseynli vur\u011fulad\u0131 ki, \u00f6lk\u0259nin elmi t\u0259hsili t\u0259n\u0259nz\u00fcl edir.\n<\/p>\n<p>\n  Milli \u015euran\u0131n Koordinasiya M\u0259rk\u0259zinin \u00fczv\u00fc G\u00fclt\u0259kin Hac\u0131b\u0259yli \u00e7\u0131x\u0131\u015f\u0131na g\u0259ncl\u0259r\u0259r\u0259 aksiyaya x\u00fcsusi \u00e7o\u015fqu g\u0259tirdikl\u0259rin\u0259 g\u00f6r\u0259 t\u0259\u015f\u0259kk\u00fcr etm\u0259kl\u0259 ba\u015flad\u0131. \u00a0&#8220;Elman R\u00fcst\u0259mov a\u00e7\u0131qlamas\u0131nda bildirdi ki, Az\u0259rbaycan manat\u0131deyil neft devalvasiyaya u\u011fray\u0131b. Devalvasiyaya u\u011frayan manat, neft yox Az\u0259rbaycan iqtisadiyyat\u0131d\u0131r. \u00c7\u00fcnki bu iqqtisadiyyat sad\u0259c\u0259 ka\u011f\u0131z \u00fcz\u0259rind\u0259dir&#8221;.\n<\/p>\n<p>\n  Milli \u015euran\u0131n Koordinasiya M\u0259rk\u0259zinin \u00fczv\u00fc, ziyal\u0131 Eld\u0259niz Quliyev bildirib ki, hakimiyy\u0259t ziyal\u0131lar\u0131m\u0131z\u0131, jurnalistl\u0259rimizi h\u0259bs etdi: &#8220;\u0130ndi d\u0259 cibimiz\u0259 girirl\u0259r. Haz\u0131rda bu o\u011fru hakimiyy\u0259t xalq\u0131n s\u0259rv\u0259tini o\u011furlay\u0131r. H\u0259l\u0259 tarixd\u0259 g\u00f6r\u00fcnm\u0259yib ki, hakimiyy\u0259t \u00f6z xalq\u0131na nifr\u0259tl\u0259 qalib g\u0259lsin&#8221;.\n<\/p>\n<p>\n  AXCP s\u0259dri \u018fli K\u0259rimli s\u00f6yl\u0259di ki, hakimiyy\u0259t h\u0259r add\u0131m\u0131 il\u0259 xalq\u0131n d\u0259rdin\u0259 yaban\u00e7\u0131 oldu\u011funu s\u00fcbut edir: &#8220;Az\u0259rbaycanda haz\u0131rda pulsuzluq \u00fcz\u00fcnd\u0259n x\u0259st\u0259likl\u0259rini m\u00fcalic\u0259 ed\u0259 bilm\u0259y\u0259n, \u0259m\u0259liyyata ged\u0259 bilm\u0259y\u0259n minl\u0259rl\u0259 x\u0259st\u0259 var. Amma buna baxmayaraq art\u0131q inid\u0259n Respublika Saray\u0131n\u0131n qar\u015f\u0131s\u0131 ba\u011flanaraq 10 maya haz\u0131rl\u0131q g\u00f6r\u00fcrl\u0259r. Biz\u0259 bel\u0259 h\u00f6kum\u0259t laz\u0131md\u0131rm\u0131?. T\u0259rt\u0259rd\u0259n olan Qaraba\u011f qazisi \u0130lham \u018fliyev\u0259 m\u00fcraci\u0259t edib deyiir ki, sizin siyas\u0259tiniz m\u0259ni \u00f6l\u00fcm h\u0259ddin\u0259 \u00e7atd\u0131r\u0131b. Qazil\u0259r, \u015f\u0259hid ail\u0259l\u0259ri onlara d\u00fc\u015f\u0259n pullar\u0131 ala bilmir. Amma hakimiyy\u0259t xalq\u0131n var-d\u00f6vl\u0259tini Avropa klublar\u0131na pe\u015f-k\u0259\u00e7 edir. Bel\u0259 hakimiyy\u0259t biz\u0259 laz\u0131md\u0131rm\u0131. Xalq\u0131n 8 milyard\u0131 x\u0259rcl\u0259n\u0259nd\u0259n sonra m\u0259lum oldu ki, bir ne\u00e7\u0259 ay sonra ke\u00e7iril\u0259c\u0259k yar\u0131\u015fma sad\u0259c\u0259 olara Avropa Oyunlar\u0131d\u0131r.\u0130lk Olimpiya Oyunlar\u0131 is\u0259 Berlin v\u0259 Qlazqo \u015f\u0259h\u0259rl\u0259rind\u0259 ke\u00e7iril\u0259c\u0259k&#8221;.\n<\/p>\n<figure class=\"wp-block-image size-large\">\n  <img decoding=\"async\" src=\"https:\/\/www.meydan.tv\/az\/22232\/\" alt=\"\" class=\"wp-image-22232\"\/><figcaption><\/figcaption><\/figure>\n<figure class=\"wp-block-image size-large\">\n  <img decoding=\"async\" src=\"https:\/\/www.meydan.tv\/az\/22239\/\" alt=\"\" class=\"wp-image-22239\"\/><figcaption><\/figcaption><\/figure>\n<figure class=\"wp-block-image size-large\">\n  <img decoding=\"async\" src=\"https:\/\/www.meydan.tv\/az\/22242\/\" alt=\"\" class=\"wp-image-22242\"\/><figcaption><\/figcaption><\/figure>\n<figure class=\"wp-block-image size-large\">\n  <img decoding=\"async\" src=\"https:\/\/www.meydan.tv\/az\/22245\/\" alt=\"\" class=\"wp-image-22245\"\/><figcaption><\/figcaption><\/figure>\n<figure class=\"wp-block-image size-large\">\n  <img decoding=\"async\" src=\"https:\/\/www.meydan.tv\/az\/22248\/\" alt=\"\" class=\"wp-image-22248\"\/><figcaption><\/figcaption><\/figure>\n<figure class=\"wp-block-image size-large\">\n  <img decoding=\"async\" src=\"https:\/\/www.meydan.tv\/az\/22251\/\" alt=\"\" class=\"wp-image-22251\"\/><figcaption><\/figcaption><\/figure>\n<figure class=\"wp-block-image size-large\">\n  <img decoding=\"async\" src=\"https:\/\/www.meydan.tv\/az\/22254\/\" alt=\"\" class=\"wp-image-22254\"\/><figcaption><\/figcaption><\/figure><\/p>\n","protected":false},"excerpt":{"rendered":"<p>&#8220;Hakimiyy\u0259t h\u0259r add\u0131m\u0131 il\u0259 xalq\u0131n d\u0259rdin\u0259 yaban\u00e7\u0131 oldu\u011funu s\u00fcbut edir&#8221;<\/p>\n","protected":false},"author":11,"featured_media":22232,"comment_status":"closed","ping_status":"open","sticky":false,"template":"","format":"standard","meta":{"_acf_changed":false,"_sitemap_exclude":false,"_sitemap_priority":"","_sitemap_frequency":"","footnotes":""},"categories":[56],"tags":[],"class_list":["post-167443","post","type-post","status-publish","format-standard","has-post-thumbnail","hentry","category-xeberler","infinite-scroll-item","generate-columns","tablet-grid-50","mobile-grid-100","grid-parent","grid-33","no-featured-image-padding"],"acf":[],"yoast_head":"<!-- This site is optimized with the Yoast SEO plugin v28.4 - https:\/\/yoast.com\/product\/yoast-seo-wordpress\/ -->\n<title>Milli \u015euran\u0131n mitinqi ba\u015f tutdu - MEYDAN.TV<\/title>\n<meta name=\"robots\" content=\"index, follow, max-snippet:-1, max-image-preview:large, max-video-preview:-1\" \/>\n<link rel=\"canonical\" href=\"https:\/\/www.meydan.tv\/az\/article\/milli-suranin-mitinqi-bas-tutdu\/\" \/>\n<meta property=\"og:locale\" content=\"az_AZ\" \/>\n<meta property=\"og:type\" content=\"article\" \/>\n<meta property=\"og:title\" content=\"Milli \u015euran\u0131n mitinqi ba\u015f tutdu - MEYDAN.TV\" \/>\n<meta property=\"og:description\" content=\"&quot;Hakimiyy\u0259t h\u0259r add\u0131m\u0131 il\u0259 xalq\u0131n d\u0259rdin\u0259 yaban\u00e7\u0131 oldu\u011funu s\u00fcbut edir&quot;\" \/>\n<meta property=\"og:url\" content=\"https:\/\/www.meydan.tv\/az\/article\/milli-suranin-mitinqi-bas-tutdu\/\" \/>\n<meta property=\"og:site_name\" content=\"MEYDAN.TV\" \/>\n<meta property=\"article:published_time\" content=\"2015-04-05T17:43:04+00:00\" \/>\n<meta property=\"og:image\" content=\"https:\/\/www.meydan.tv\/wp-content\/uploads\/8065.jpg\" \/>\n\t<meta property=\"og:image:width\" content=\"670\" \/>\n\t<meta property=\"og:image:height\" content=\"500\" \/>\n\t<meta property=\"og:image:type\" content=\"image\/jpeg\" \/>\n<meta name=\"twitter:card\" content=\"summary_large_image\" \/>\n<!-- \/ Yoast SEO plugin. -->","yoast_head_json":{"title":"Milli \u015euran\u0131n mitinqi ba\u015f tutdu - MEYDAN.TV","robots":{"index":"index","follow":"follow","max-snippet":"max-snippet:-1","max-image-preview":"max-image-preview:large","max-video-preview":"max-video-preview:-1"},"canonical":"https:\/\/www.meydan.tv\/az\/article\/milli-suranin-mitinqi-bas-tutdu\/","og_locale":"az_AZ","og_type":"article","og_title":"Milli \u015euran\u0131n mitinqi ba\u015f tutdu - MEYDAN.TV","og_description":"\"Hakimiyy\u0259t h\u0259r add\u0131m\u0131 il\u0259 xalq\u0131n d\u0259rdin\u0259 yaban\u00e7\u0131 oldu\u011funu s\u00fcbut edir\"","og_url":"https:\/\/www.meydan.tv\/az\/article\/milli-suranin-mitinqi-bas-tutdu\/","og_site_name":"MEYDAN.TV","article_published_time":"2015-04-05T17:43:04+00:00","og_image":[{"width":670,"height":500,"url":"https:\/\/www.meydan.tv\/wp-content\/uploads\/8065.jpg","type":"image\/jpeg"}],"twitter_card":"summary_large_image","schema":{"@context":"https:\/\/schema.org","@graph":[{"@type":"Article","@id":"https:\/\/www.meydan.tv\/az\/article\/milli-suranin-mitinqi-bas-tutdu\/#article","isPartOf":{"@id":"https:\/\/www.meydan.tv\/az\/article\/milli-suranin-mitinqi-bas-tutdu\/"},"author":{"name":"user-manager","@id":"https:\/\/www.meydan.tv\/az\/#\/schema\/person\/10d11eccf6da3662cf5fdab9806ea91a"},"headline":"Milli \u015euran\u0131n mitinqi ba\u015f tutdu","datePublished":"2015-04-05T17:43:04+00:00","mainEntityOfPage":{"@id":"https:\/\/www.meydan.tv\/az\/article\/milli-suranin-mitinqi-bas-tutdu\/"},"wordCount":504,"publisher":{"@id":"https:\/\/www.meydan.tv\/az\/#organization"},"image":{"@id":"https:\/\/www.meydan.tv\/az\/article\/milli-suranin-mitinqi-bas-tutdu\/#primaryimage"},"thumbnailUrl":"https:\/\/www.meydan.tv\/wp-content\/uploads\/8065.jpg","articleSection":["X\u0259b\u0259rl\u0259r"],"inLanguage":"az"},{"@type":"WebPage","@id":"https:\/\/www.meydan.tv\/az\/article\/milli-suranin-mitinqi-bas-tutdu\/","url":"https:\/\/www.meydan.tv\/az\/article\/milli-suranin-mitinqi-bas-tutdu\/","name":"Milli \u015euran\u0131n mitinqi ba\u015f tutdu - MEYDAN.TV","isPartOf":{"@id":"https:\/\/www.meydan.tv\/az\/#website"},"primaryImageOfPage":{"@id":"https:\/\/www.meydan.tv\/az\/article\/milli-suranin-mitinqi-bas-tutdu\/#primaryimage"},"image":{"@id":"https:\/\/www.meydan.tv\/az\/article\/milli-suranin-mitinqi-bas-tutdu\/#primaryimage"},"thumbnailUrl":"https:\/\/www.meydan.tv\/wp-content\/uploads\/8065.jpg","datePublished":"2015-04-05T17:43:04+00:00","breadcrumb":{"@id":"https:\/\/www.meydan.tv\/az\/article\/milli-suranin-mitinqi-bas-tutdu\/#breadcrumb"},"inLanguage":"az","potentialAction":[{"@type":"ReadAction","target":["https:\/\/www.meydan.tv\/az\/article\/milli-suranin-mitinqi-bas-tutdu\/"]}]},{"@type":"ImageObject","inLanguage":"az","@id":"https:\/\/www.meydan.tv\/az\/article\/milli-suranin-mitinqi-bas-tutdu\/#primaryimage","url":"https:\/\/www.meydan.tv\/wp-content\/uploads\/8065.jpg","contentUrl":"https:\/\/www.meydan.tv\/wp-content\/uploads\/8065.jpg","width":670,"height":500,"caption":"Source:"},{"@type":"BreadcrumbList","@id":"https:\/\/www.meydan.tv\/az\/article\/milli-suranin-mitinqi-bas-tutdu\/#breadcrumb","itemListElement":[{"@type":"ListItem","position":1,"name":"Ana s\u0259hif\u0259","item":"https:\/\/www.meydan.tv\/az\/"},{"@type":"ListItem","position":2,"name":"X\u0259b\u0259rl\u0259r","item":"https:\/\/www.meydan.tv\/az\/section\/xeberler\/"},{"@type":"ListItem","position":3,"name":"Milli \u015euran\u0131n mitinqi ba\u015f tutdu"}]},{"@type":"WebSite","@id":"https:\/\/www.meydan.tv\/az\/#website","url":"https:\/\/www.meydan.tv\/az\/","name":"MEYDAN.TV","description":"Meydan TV Az\u0259rbaycan\u0131n media m\u0259kan\u0131ndak\u0131 alternativ s\u0259sidir","publisher":{"@id":"https:\/\/www.meydan.tv\/az\/#organization"},"potentialAction":[{"@type":"SearchAction","target":{"@type":"EntryPoint","urlTemplate":"https:\/\/www.meydan.tv\/az\/?s={search_term_string}"},"query-input":{"@type":"PropertyValueSpecification","valueRequired":true,"valueName":"search_term_string"}}],"inLanguage":"az"},{"@type":"Organization","@id":"https:\/\/www.meydan.tv\/az\/#organization","name":"Meydan TV","url":"https:\/\/www.meydan.tv\/az\/","logo":{"@type":"ImageObject","inLanguage":"az","@id":"https:\/\/www.meydan.tv\/az\/#\/schema\/logo\/image\/","url":"https:\/\/www.meydan.tv\/wp-content\/uploads\/2021\/07\/meydan-logo.svg","contentUrl":"https:\/\/www.meydan.tv\/wp-content\/uploads\/2021\/07\/meydan-logo.svg","width":195,"height":46,"caption":"Meydan TV"},"image":{"@id":"https:\/\/www.meydan.tv\/az\/#\/schema\/logo\/image\/"}},{"@type":"Person","@id":"https:\/\/www.meydan.tv\/az\/#\/schema\/person\/10d11eccf6da3662cf5fdab9806ea91a","name":"user-manager"}]}},"_links":{"self":[{"href":"https:\/\/www.meydan.tv\/az\/wp-json\/wp\/v2\/posts\/167443","targetHints":{"allow":["GET"]}}],"collection":[{"href":"https:\/\/www.meydan.tv\/az\/wp-json\/wp\/v2\/posts"}],"about":[{"href":"https:\/\/www.meydan.tv\/az\/wp-json\/wp\/v2\/types\/post"}],"author":[{"embeddable":true,"href":"https:\/\/www.meydan.tv\/az\/wp-json\/wp\/v2\/users\/11"}],"replies":[{"embeddable":true,"href":"https:\/\/www.meydan.tv\/az\/wp-json\/wp\/v2\/comments?post=167443"}],"version-history":[{"count":0,"href":"https:\/\/www.meydan.tv\/az\/wp-json\/wp\/v2\/posts\/167443\/revisions"}],"wp:featuredmedia":[{"embeddable":true,"href":"https:\/\/www.meydan.tv\/az\/wp-json\/wp\/v2\/media\/22232"}],"wp:attachment":[{"href":"https:\/\/www.meydan.tv\/az\/wp-json\/wp\/v2\/media?parent=167443"}],"wp:term":[{"taxonomy":"category","embeddable":true,"href":"https:\/\/www.meydan.tv\/az\/wp-json\/wp\/v2\/categories?post=167443"},{"taxonomy":"post_tag","embeddable":true,"href":"https:\/\/www.meydan.tv\/az\/wp-json\/wp\/v2\/tags?post=167443"}],"curies":[{"name":"wp","href":"https:\/\/api.w.org\/{rel}","templated":true}]}}