{"id":167439,"date":"2015-04-04T15:48:49","date_gmt":"2015-04-04T15:48:49","guid":{"rendered":"https:\/\/www.meydan.tv\/article\/isa-qemberin-teklifi-ile-vurgun-eyyub-musavat-meclisinin-uzvluyunden-cixarildi\/"},"modified":"2015-04-04T15:48:49","modified_gmt":"2015-04-04T15:48:49","slug":"isa-qemberin-teklifi-ile-vurgun-eyyub-musavat-meclisinin-uzvluyunden-cixarildi","status":"publish","type":"post","link":"https:\/\/www.meydan.tv\/az\/article\/isa-qemberin-teklifi-ile-vurgun-eyyub-musavat-meclisinin-uzvluyunden-cixarildi\/","title":{"rendered":"\u0130sa Q\u0259mb\u0259rin t\u0259klifi il\u0259 Vur\u011fun \u018fyyub M\u00fcsavat M\u0259clisinin \u00fczvl\u00fcy\u00fcnd\u0259n \u00e7\u0131xar\u0131ld\u0131"},"content":{"rendered":"<figure class=\"wp-block-image size-large\">\n  <img decoding=\"async\" src=\"https:\/\/www.meydan.tv\/az\/22224\/\" alt=\"\" class=\"wp-image-22224\"\/><figcaption><\/figcaption><\/figure>\n<figure class=\"wp-block-image size-large\">\n  <img decoding=\"async\" src=\"https:\/\/www.meydan.tv\/az\/22227\/\" alt=\"\" class=\"wp-image-22227\"\/><figcaption><\/figcaption><\/figure>\n<p><div>\n    <i><br \/>\n      Vur\u011fun \u018fyyub: &#8220;Bu m\u0259ni q\u0259tiyy\u0259n maraqland\u0131rm\u0131r. M\u0259n M\u00fcsavat Partiyas\u0131n\u0131n M\u0259clisi il\u0259 ba\u011fl\u0131 \u00f6z s\u00f6z\u00fcm\u00fc demi\u015f\u0259m\u201d<br \/>\n    <\/i>\n  <\/div>\n<\/p>\n<p><div><\/div>\n<\/p>\n<p><div>\n    Aprelin 4-d\u0259 M\u00fcsavat Partiyas\u0131n\u0131n m\u0259clis toplant\u0131s\u0131nda Vur\u011fun \u018fyyubun M\u0259clis \u00fczvl\u00fcy\u00fcnd\u0259n \u00e7\u0131xar\u0131lmas\u0131 m\u0259s\u0259l\u0259si qald\u0131r\u0131l\u0131b.\n  <\/div>\n<\/p>\n<p>\n  M\u00fcsavat M\u0259clisinin s\u0259dri N\u00fc\u015fab\u0259 Sad\u0131ql\u0131 bildirib ki, Vur\u011fun \u018fyyub m\u0259tbuata a\u00e7\u0131qlamas\u0131nda \u00f6z\u00fcn\u00fc M\u0259clis \u00fczv\u00fc hesab etm\u0259diyini v\u0259 toplant\u0131lar\u0131na qat\u0131lmayaca\u011f\u0131n\u0131 b\u0259yan edib.\n<\/p>\n<p>\n  O, V. \u018fyyubun M\u0259clis \u00fczvl\u00fcy\u00fcnd\u0259n \u00e7\u0131xar\u0131lmas\u0131n\u0131 s\u0259sverm\u0259y\u0259 qoyma\u011f\u0131 t\u0259klif edib.\n<\/p>\n<p>\n  M\u00fcsavat ba\u015fqan\u0131n\u0131n m\u00fcavini Elman F\u0259ttah is\u0259 qeyd edib ki, V. \u018fyyubun M\u0259clis \u00fczvl\u00fcy\u00fcnd\u0259n \u00e7\u0131xar\u0131lmas\u0131 s\u0259s verm\u0259y\u0259 qoyulmal\u0131 deyil, \u00e7\u00fcnki art\u0131q bu istefad\u0131r v\u0259 M\u0259clis \u00fczvl\u0259ri t\u0259r\u0259find\u0259n t\u0259sdiq olunmal\u0131d\u0131r.\n<\/p>\n<p>\n  Qad\u0131nlar Birliyinin s\u0259dri Ellada M\u0259mm\u0259dli is\u0259 V. \u018fyyubun M\u0259clis \u00fczvl\u00fcy\u00fcnd\u0259n \u00e7\u0131xar\u0131lmas\u0131 il\u0259 raz\u0131la\u015fmayaraq, deyib ki, m\u0259tbuatdak\u0131 a\u00e7\u0131qlamalar \u0259sas g\u00f6t\u00fcr\u00fclm\u0259m\u0259lidir.\n<\/p>\n<p>\n  M\u0259s\u0259l\u0259nin m\u00fczakir\u0259si zaman\u0131 m\u00fcxt\u0259lif t\u0259klifl\u0259r s\u0259sl\u0259nib. B\u0259zil\u0259ri V. \u018fyyubun M\u0259clis \u00fczvl\u00fcy\u00fcnd\u0259n \u00e7\u0131xar\u0131lmas\u0131n\u0131n \u0259leyhin\u0259 \u00e7\u0131x\u0131b, b\u0259zil\u0259ri is\u0259 bu t\u0259klifi d\u0259st\u0259kl\u0259y\u0259r\u0259k, s\u0259sverm\u0259y\u0259 qoyulmas\u0131n\u0131 ist\u0259yib.\n<\/p>\n<p>\n  M\u0259s\u0259l\u0259 il\u0259 ba\u011fl\u0131 m\u00f6vqeyini bildir\u0259n sabiq ba\u015fqan \u0130sa Q\u0259mb\u0259r is\u0259 bildirib ki, V. \u018fyyubun m\u0259s\u0259l\u0259si \u00e7ox uzan\u0131r: \u201cHe\u00e7 bir s\u0259sverm\u0259y\u0259 ehtiyac g\u00f6rm\u00fcr\u0259m. Vur\u011fun \u018fyyub bizim k\u00f6hn\u0259 dostumuzdur v\u0259 ona qar\u015f\u0131 bel\u0259 h\u00f6rm\u0259tsizliyi q\u0259bul etmir\u0259m. Ancaq Vur\u011fun \u018fyyub \u00f6z q\u0259rar\u0131n\u0131 verib ki, \u00f6z\u00fcn\u00fc M\u0259clis \u00fczv\u00fc hesab etmir. M\u0259n t\u0259klif edir\u0259m ki, bu m\u0259s\u0259l\u0259 s\u0259sverm\u0259y\u0259 qoyulmas\u0131n. \u00c7\u00fcnki \u00f6z\u00fcn\u00fc M\u0259clis \u00fczv\u00fc hesab etm\u0259y\u0259n \u015f\u0259xsin ad\u0131 \u00fczvl\u00fck siyah\u0131s\u0131ndan \u00e7\u0131xar\u0131lmal\u0131d\u0131r, he\u00e7 bir s\u0259sverm\u0259y\u0259 ehtiyac da g\u00f6rm\u00fcr\u0259m\u201d.\n<\/p>\n<figure class=\"wp-block-image size-large\">\n  <img decoding=\"async\" src=\"https:\/\/www.meydan.tv\/az\/22224\/\" alt=\"\" class=\"wp-image-22224\"\/><figcaption><\/figcaption><\/figure>\n<p>\n  T\u0259klif n\u0259z\u0259r\u0259 al\u0131naraq, V. \u018fyyubun ad\u0131 M\u0259clis \u00fczvl\u00fcy\u00fcnd\u0259n \u00e7\u0131xar\u0131l\u0131b.\n<\/p>\n<p>\n  Q\u0259rara Vur\u011fun \u018fyyubun m\u00fcnasib\u0259ti q\u0131sa olub: &#8220;Bu m\u0259ni q\u0259tiyy\u0259n maraqland\u0131rm\u0131r. M\u0259n Bu m\u0259ni q\u0259tiyy\u0259n maraqland\u0131rm\u0131r. M\u0259n M\u00fcsavat Partiyas\u0131n\u0131n M\u0259clisi il\u0259 ba\u011fl\u0131 \u00f6z s\u00f6z\u00fcm\u00fc demi\u015f\u0259m\u201d. (APA)<\/p>\n","protected":false},"excerpt":{"rendered":"<p>Vur\u011fun \u018fyyub: &#8220;Bu m\u0259ni q\u0259tiyy\u0259n maraqland\u0131rm\u0131r. M\u0259n M\u00fcsavat Partiyas\u0131n\u0131n M\u0259clisi il\u0259 ba\u011fl\u0131 \u00f6z s\u00f6z\u00fcm\u00fc demi\u015f\u0259m\u201d<\/p>\n","protected":false},"author":11,"featured_media":22224,"comment_status":"closed","ping_status":"open","sticky":false,"template":"","format":"standard","meta":{"_acf_changed":false,"_sitemap_exclude":false,"_sitemap_priority":"","_sitemap_frequency":"","footnotes":""},"categories":[56],"tags":[],"class_list":["post-167439","post","type-post","status-publish","format-standard","has-post-thumbnail","hentry","category-xeberler","infinite-scroll-item","generate-columns","tablet-grid-50","mobile-grid-100","grid-parent","grid-33","no-featured-image-padding"],"acf":[],"yoast_head":"<!-- This site is optimized with the Yoast SEO plugin v28.4 - https:\/\/yoast.com\/product\/yoast-seo-wordpress\/ -->\n<title>\u0130sa Q\u0259mb\u0259rin t\u0259klifi il\u0259 Vur\u011fun \u018fyyub M\u00fcsavat M\u0259clisinin \u00fczvl\u00fcy\u00fcnd\u0259n \u00e7\u0131xar\u0131ld\u0131 - MEYDAN.TV<\/title>\n<meta name=\"robots\" content=\"index, follow, max-snippet:-1, max-image-preview:large, max-video-preview:-1\" \/>\n<link rel=\"canonical\" href=\"https:\/\/www.meydan.tv\/az\/article\/isa-qemberin-teklifi-ile-vurgun-eyyub-musavat-meclisinin-uzvluyunden-cixarildi\/\" \/>\n<meta property=\"og:locale\" content=\"az_AZ\" \/>\n<meta property=\"og:type\" content=\"article\" \/>\n<meta property=\"og:title\" content=\"\u0130sa Q\u0259mb\u0259rin t\u0259klifi il\u0259 Vur\u011fun \u018fyyub M\u00fcsavat M\u0259clisinin \u00fczvl\u00fcy\u00fcnd\u0259n \u00e7\u0131xar\u0131ld\u0131 - MEYDAN.TV\" \/>\n<meta property=\"og:description\" content=\"Vur\u011fun \u018fyyub: &quot;Bu m\u0259ni q\u0259tiyy\u0259n maraqland\u0131rm\u0131r. M\u0259n M\u00fcsavat Partiyas\u0131n\u0131n M\u0259clisi il\u0259 ba\u011fl\u0131 \u00f6z s\u00f6z\u00fcm\u00fc demi\u015f\u0259m\u201d\" \/>\n<meta property=\"og:url\" content=\"https:\/\/www.meydan.tv\/az\/article\/isa-qemberin-teklifi-ile-vurgun-eyyub-musavat-meclisinin-uzvluyunden-cixarildi\/\" \/>\n<meta property=\"og:site_name\" content=\"MEYDAN.TV\" \/>\n<meta property=\"article:published_time\" content=\"2015-04-04T15:48:49+00:00\" \/>\n<meta property=\"og:image\" content=\"https:\/\/www.meydan.tv\/wp-content\/uploads\/8058.jpg\" \/>\n\t<meta property=\"og:image:width\" content=\"300\" \/>\n\t<meta property=\"og:image:height\" content=\"220\" \/>\n\t<meta property=\"og:image:type\" content=\"image\/jpeg\" \/>\n<meta name=\"twitter:card\" content=\"summary_large_image\" \/>\n<!-- \/ Yoast SEO plugin. -->","yoast_head_json":{"title":"\u0130sa Q\u0259mb\u0259rin t\u0259klifi il\u0259 Vur\u011fun \u018fyyub M\u00fcsavat M\u0259clisinin \u00fczvl\u00fcy\u00fcnd\u0259n \u00e7\u0131xar\u0131ld\u0131 - MEYDAN.TV","robots":{"index":"index","follow":"follow","max-snippet":"max-snippet:-1","max-image-preview":"max-image-preview:large","max-video-preview":"max-video-preview:-1"},"canonical":"https:\/\/www.meydan.tv\/az\/article\/isa-qemberin-teklifi-ile-vurgun-eyyub-musavat-meclisinin-uzvluyunden-cixarildi\/","og_locale":"az_AZ","og_type":"article","og_title":"\u0130sa Q\u0259mb\u0259rin t\u0259klifi il\u0259 Vur\u011fun \u018fyyub M\u00fcsavat M\u0259clisinin \u00fczvl\u00fcy\u00fcnd\u0259n \u00e7\u0131xar\u0131ld\u0131 - MEYDAN.TV","og_description":"Vur\u011fun \u018fyyub: \"Bu m\u0259ni q\u0259tiyy\u0259n maraqland\u0131rm\u0131r. M\u0259n M\u00fcsavat Partiyas\u0131n\u0131n M\u0259clisi il\u0259 ba\u011fl\u0131 \u00f6z s\u00f6z\u00fcm\u00fc demi\u015f\u0259m\u201d","og_url":"https:\/\/www.meydan.tv\/az\/article\/isa-qemberin-teklifi-ile-vurgun-eyyub-musavat-meclisinin-uzvluyunden-cixarildi\/","og_site_name":"MEYDAN.TV","article_published_time":"2015-04-04T15:48:49+00:00","og_image":[{"width":300,"height":220,"url":"https:\/\/www.meydan.tv\/wp-content\/uploads\/8058.jpg","type":"image\/jpeg"}],"twitter_card":"summary_large_image","schema":{"@context":"https:\/\/schema.org","@graph":[{"@type":"Article","@id":"https:\/\/www.meydan.tv\/az\/article\/isa-qemberin-teklifi-ile-vurgun-eyyub-musavat-meclisinin-uzvluyunden-cixarildi\/#article","isPartOf":{"@id":"https:\/\/www.meydan.tv\/az\/article\/isa-qemberin-teklifi-ile-vurgun-eyyub-musavat-meclisinin-uzvluyunden-cixarildi\/"},"author":{"name":"user-manager","@id":"https:\/\/www.meydan.tv\/az\/#\/schema\/person\/10d11eccf6da3662cf5fdab9806ea91a"},"headline":"\u0130sa Q\u0259mb\u0259rin t\u0259klifi il\u0259 Vur\u011fun \u018fyyub M\u00fcsavat M\u0259clisinin \u00fczvl\u00fcy\u00fcnd\u0259n \u00e7\u0131xar\u0131ld\u0131","datePublished":"2015-04-04T15:48:49+00:00","mainEntityOfPage":{"@id":"https:\/\/www.meydan.tv\/az\/article\/isa-qemberin-teklifi-ile-vurgun-eyyub-musavat-meclisinin-uzvluyunden-cixarildi\/"},"wordCount":472,"publisher":{"@id":"https:\/\/www.meydan.tv\/az\/#organization"},"image":{"@id":"https:\/\/www.meydan.tv\/az\/article\/isa-qemberin-teklifi-ile-vurgun-eyyub-musavat-meclisinin-uzvluyunden-cixarildi\/#primaryimage"},"thumbnailUrl":"https:\/\/www.meydan.tv\/wp-content\/uploads\/8058.jpg","articleSection":["X\u0259b\u0259rl\u0259r"],"inLanguage":"az"},{"@type":"WebPage","@id":"https:\/\/www.meydan.tv\/az\/article\/isa-qemberin-teklifi-ile-vurgun-eyyub-musavat-meclisinin-uzvluyunden-cixarildi\/","url":"https:\/\/www.meydan.tv\/az\/article\/isa-qemberin-teklifi-ile-vurgun-eyyub-musavat-meclisinin-uzvluyunden-cixarildi\/","name":"\u0130sa Q\u0259mb\u0259rin t\u0259klifi il\u0259 Vur\u011fun \u018fyyub M\u00fcsavat M\u0259clisinin \u00fczvl\u00fcy\u00fcnd\u0259n \u00e7\u0131xar\u0131ld\u0131 - MEYDAN.TV","isPartOf":{"@id":"https:\/\/www.meydan.tv\/az\/#website"},"primaryImageOfPage":{"@id":"https:\/\/www.meydan.tv\/az\/article\/isa-qemberin-teklifi-ile-vurgun-eyyub-musavat-meclisinin-uzvluyunden-cixarildi\/#primaryimage"},"image":{"@id":"https:\/\/www.meydan.tv\/az\/article\/isa-qemberin-teklifi-ile-vurgun-eyyub-musavat-meclisinin-uzvluyunden-cixarildi\/#primaryimage"},"thumbnailUrl":"https:\/\/www.meydan.tv\/wp-content\/uploads\/8058.jpg","datePublished":"2015-04-04T15:48:49+00:00","breadcrumb":{"@id":"https:\/\/www.meydan.tv\/az\/article\/isa-qemberin-teklifi-ile-vurgun-eyyub-musavat-meclisinin-uzvluyunden-cixarildi\/#breadcrumb"},"inLanguage":"az","potentialAction":[{"@type":"ReadAction","target":["https:\/\/www.meydan.tv\/az\/article\/isa-qemberin-teklifi-ile-vurgun-eyyub-musavat-meclisinin-uzvluyunden-cixarildi\/"]}]},{"@type":"ImageObject","inLanguage":"az","@id":"https:\/\/www.meydan.tv\/az\/article\/isa-qemberin-teklifi-ile-vurgun-eyyub-musavat-meclisinin-uzvluyunden-cixarildi\/#primaryimage","url":"https:\/\/www.meydan.tv\/wp-content\/uploads\/8058.jpg","contentUrl":"https:\/\/www.meydan.tv\/wp-content\/uploads\/8058.jpg","width":300,"height":220,"caption":"Source:"},{"@type":"BreadcrumbList","@id":"https:\/\/www.meydan.tv\/az\/article\/isa-qemberin-teklifi-ile-vurgun-eyyub-musavat-meclisinin-uzvluyunden-cixarildi\/#breadcrumb","itemListElement":[{"@type":"ListItem","position":1,"name":"Ana s\u0259hif\u0259","item":"https:\/\/www.meydan.tv\/az\/"},{"@type":"ListItem","position":2,"name":"X\u0259b\u0259rl\u0259r","item":"https:\/\/www.meydan.tv\/az\/section\/xeberler\/"},{"@type":"ListItem","position":3,"name":"\u0130sa Q\u0259mb\u0259rin t\u0259klifi il\u0259 Vur\u011fun \u018fyyub M\u00fcsavat M\u0259clisinin \u00fczvl\u00fcy\u00fcnd\u0259n \u00e7\u0131xar\u0131ld\u0131"}]},{"@type":"WebSite","@id":"https:\/\/www.meydan.tv\/az\/#website","url":"https:\/\/www.meydan.tv\/az\/","name":"MEYDAN.TV","description":"Meydan TV Az\u0259rbaycan\u0131n media m\u0259kan\u0131ndak\u0131 alternativ s\u0259sidir","publisher":{"@id":"https:\/\/www.meydan.tv\/az\/#organization"},"potentialAction":[{"@type":"SearchAction","target":{"@type":"EntryPoint","urlTemplate":"https:\/\/www.meydan.tv\/az\/?s={search_term_string}"},"query-input":{"@type":"PropertyValueSpecification","valueRequired":true,"valueName":"search_term_string"}}],"inLanguage":"az"},{"@type":"Organization","@id":"https:\/\/www.meydan.tv\/az\/#organization","name":"Meydan TV","url":"https:\/\/www.meydan.tv\/az\/","logo":{"@type":"ImageObject","inLanguage":"az","@id":"https:\/\/www.meydan.tv\/az\/#\/schema\/logo\/image\/","url":"https:\/\/www.meydan.tv\/wp-content\/uploads\/2021\/07\/meydan-logo.svg","contentUrl":"https:\/\/www.meydan.tv\/wp-content\/uploads\/2021\/07\/meydan-logo.svg","width":195,"height":46,"caption":"Meydan TV"},"image":{"@id":"https:\/\/www.meydan.tv\/az\/#\/schema\/logo\/image\/"}},{"@type":"Person","@id":"https:\/\/www.meydan.tv\/az\/#\/schema\/person\/10d11eccf6da3662cf5fdab9806ea91a","name":"user-manager"}]}},"_links":{"self":[{"href":"https:\/\/www.meydan.tv\/az\/wp-json\/wp\/v2\/posts\/167439","targetHints":{"allow":["GET"]}}],"collection":[{"href":"https:\/\/www.meydan.tv\/az\/wp-json\/wp\/v2\/posts"}],"about":[{"href":"https:\/\/www.meydan.tv\/az\/wp-json\/wp\/v2\/types\/post"}],"author":[{"embeddable":true,"href":"https:\/\/www.meydan.tv\/az\/wp-json\/wp\/v2\/users\/11"}],"replies":[{"embeddable":true,"href":"https:\/\/www.meydan.tv\/az\/wp-json\/wp\/v2\/comments?post=167439"}],"version-history":[{"count":0,"href":"https:\/\/www.meydan.tv\/az\/wp-json\/wp\/v2\/posts\/167439\/revisions"}],"wp:featuredmedia":[{"embeddable":true,"href":"https:\/\/www.meydan.tv\/az\/wp-json\/wp\/v2\/media\/22224"}],"wp:attachment":[{"href":"https:\/\/www.meydan.tv\/az\/wp-json\/wp\/v2\/media?parent=167439"}],"wp:term":[{"taxonomy":"category","embeddable":true,"href":"https:\/\/www.meydan.tv\/az\/wp-json\/wp\/v2\/categories?post=167439"},{"taxonomy":"post_tag","embeddable":true,"href":"https:\/\/www.meydan.tv\/az\/wp-json\/wp\/v2\/tags?post=167439"}],"curies":[{"name":"wp","href":"https:\/\/api.w.org\/{rel}","templated":true}]}}