{"id":167436,"date":"2015-04-04T14:47:24","date_gmt":"2015-04-04T14:47:24","guid":{"rendered":"https:\/\/www.meydan.tv\/article\/turkiyenin-marigellasi\/"},"modified":"2015-04-04T14:47:24","modified_gmt":"2015-04-04T14:47:24","slug":"turkiyenin-marigellasi","status":"publish","type":"post","link":"https:\/\/www.meydan.tv\/az\/article\/turkiyenin-marigellasi\/","title":{"rendered":"T\u00fcrkiy\u0259nin  Marigellas\u0131&#8230;"},"content":{"rendered":"<figure class=\"wp-block-image size-large\">\n  <img decoding=\"async\" src=\"https:\/\/www.meydan.tv\/az\/22209\/\" alt=\"\" class=\"wp-image-22209\"\/><figcaption><\/figcaption><\/figure>\n<figure class=\"wp-block-image size-large\">\n  <img decoding=\"async\" src=\"https:\/\/www.meydan.tv\/az\/22209\/\" alt=\"\" class=\"wp-image-22209\"\/><figcaption><\/figcaption><\/figure>\n<p>\n  <i><br \/>\n    \u00a0&#8230; v\u0259 ya \u018frdo\u011fana qar\u015f\u0131 Karata\u015f modeli<br \/>\n  <\/i>\n<\/p>\n<p>\n  T\u00fcrkiy\u0259 yen\u0259 qaynay\u0131r. Son terror aktlar\u0131 \u00f6lk\u0259ni aya\u011fa qald\u0131rd\u0131. \u201cN\u0259 ba\u015f verir v\u0259 bunun sonu nec\u0259 olacaq\u201d sual\u0131 aktual olsa da, prosesl\u0259r bir daha alternativ paradiqman\u0131n effektliyi fikrini s\u00fcbuta yetirdi.\n<\/p>\n<p>\n  T\u00fcrkiy\u0259d\u0259 liberal ideologiya art\u0131q fiaskoya u\u011fray\u0131b. Do\u011fru Yol, Ana V\u0259t\u0259n kimi partiyalar dem\u0259k olar ki, siyasi s\u0259hn\u0259d\u0259n silinibl\u0259r. \u0130nsanlar ifrat sekulyarl\u0131\u011fa etiraz\u0131n\u0131 m\u00f6t\u0259dil islam\u00e7\u0131lar\u0131 hakimiyy\u0259t\u0259 g\u0259tirm\u0259kl\u0259 bildirdi.\n<\/p>\n<p>\n  Lakin h\u0259r k\u0259sin bir etimad limiti m\u00f6vcuddur v\u0259 insanlar daima yenilik axtar\u0131\u015f\u0131nda olurlar. Bu bax\u0131mdan, art\u0131q 12 ildir hakimiyy\u0259td\u0259 olan m\u00f6t\u0259dil islam\u00e7\u0131lar da n\u0259 tam m\u0259nada \u00fcmidl\u0259ri do\u011frulda bildil\u0259r, n\u0259 d\u0259 ki siyasi sistemd\u0259ki bo\u015fluqlar\u0131.\n<\/p>\n<p>\n  M\u00fcq\u0259dd\u0259s yer is\u0259 bo\u015f qalm\u0131r. \u0130ncil bunu \u00f6yr\u0259dir. Bu bax\u0131mdan, iflasa u\u011frayan \u00a0liberal, mill\u0259t\u00e7i, sosial-demokrat ideologiyalar\u0131 \u0259v\u0259zin\u0259 siyasi s\u0259hn\u0259d\u0259 yeni bir devrim\u00e7i q\u00fcvv\u0259nin \u00e7\u0131xa bil\u0259c\u0259yi ehtimal\u0131 yaran\u0131rd\u0131. \u018fslind\u0259, \u0259n yax\u015f\u0131 yenilik el\u0259 k\u00f6hn\u0259likdir. Bu bax\u0131mdan, art\u0131q 1978-ci ild\u0259n \u0259n m\u00fcxt\u0259lif adlarla v\u0259 p\u0259rak\u0259nd\u0259 f\u0259aliyy\u0259t g\u00f6st\u0259r\u0259n \u00a0DHKP-C \u00a0(Devrim\u00e7i Xalq Qurtulu\u015f Partiyas\u0131 &#8211; C\u0259bh\u0259) zaman\u0131 bo\u015f buraxmad\u0131. S\u0259rt, amans\u0131z, bir q\u0259d\u0259r q\u0259ddarl\u0131\u011f\u0131 il\u0259 tan\u0131nan sol devrim\u00e7il\u0259r AKP iqtidar\u0131 qar\u015f\u0131s\u0131nda konkret t\u0259l\u0259bl\u0259 \u00e7\u0131x\u0131\u015f etdil\u0259r -2013-c\u00fc il G\u0259zi olaylar\u0131 zaman\u0131 \u00e7\u00f6r\u0259k almaq \u00fc\u00e7\u00fcn evd\u0259n \u00e7\u0131xan 14 ya\u015fl\u0131 Berkin Elvan\u0131 q\u0259tl ed\u0259n \u00a0polisl\u0259r h\u0259bs olunsun. Lakin insan\u0131n a\u011fl\u0131n\u0131 alan bu olay\u0131n i\u015ftirak\u00e7\u0131lar\u0131 n\u0259inki h\u0259bs edildi, \u0259ksin\u0259, AKP lideri \u00a0\u018frdo\u011fan yeniyetm\u0259ni \u201cterror t\u0259\u015fkilat\u0131n\u0131n \u00fczv\u00fc\u201d adland\u0131rd\u0131.\n<\/p>\n<p>\n  CHP v\u0259 MHP-nin\u00a0 yaln\u0131z b\u0259yanatlardan ibar\u0259t etiraz\u0131 he\u00e7 bir effekt verm\u0259di v\u0259 DHKP-C \u00a0f\u0259aliyy\u0259t\u0259 ke\u00e7di.\n<\/p>\n<p>\n  Kimdir DHKP-C \u00a0\u00fczvl\u0259ri? 30 mart 1994-c\u00fc il tarixind\u0259 \u0259ks\u0259r devrim\u00e7i sollar\u0131 vahid t\u0259\u015fkilatda birl\u0259\u015fdir\u0259n v\u0259 2008-ci ild\u0259 x\u0259r\u00e7\u0259ng x\u0259st\u0259liyind\u0259n v\u0259fat ed\u0259n, says\u0131z hesabs\u0131z siyasi q\u0259tll\u0259rd\u0259, terror aktlar\u0131nda ismi ke\u00e7\u0259n v\u0259 on minl\u0259rl\u0259 insan \u00fc\u00e7\u00fcn bir \u0259fsan\u0259 olan Dursun Karata\u015f\u0131n ad\u0131 il\u0259 ba\u011fl\u0131 olan bu t\u0259\u015fkilat bir t\u0259l\u0259bd\u0259 bulunurdusa, \u0259min olmaq laz\u0131m idi ki, tezlikl\u0259 \u00f6lk\u0259d\u0259 son d\u0259r\u0259c\u0259 sars\u0131d\u0131c\u0131 prosesl\u0259r ba\u015flayacaq. \u00a0Bu t\u0259\u015fkilat hakimiyy\u0259ti isti kabinetl\u0259rd\u0259 pisl\u0259m\u0259y\u0259 v\u0259rdi\u015f ed\u0259nl\u0259rd\u0259n deyil.\n<\/p>\n<p>\n  Dursun Karata\u015fla Az\u0259rbaycanda m\u00fcqayis\u0259 olunacaq bir siyas\u0259t\u00e7i yoxdur. Az\u0259rbaycan siyas\u0259t\u00e7isi ya h\u0259yatda olmayan S\u0259m\u0259d Vur\u011funun c\u0259s\u0259di il\u0259 sava\u015f\u0131r, ya b\u0259yanat verm\u0259kd\u0259 yegan\u0259 oldu\u011funu s\u00fcbuta yetirm\u0259k ist\u0259yir, ya yenil\u0259nmi\u015f komandas\u0131n\u0131 Cim Kerril\u0259rd\u0259n ibar\u0259t edir, ya \u0259traf\u0131n\u0131 \u201c\u00c7arlinin sar\u0131\u015f\u0131n m\u0259l\u0259kl\u0259ri\u201dn\u0259 b\u0259nz\u0259dir.\n<\/p>\n<p>\n  Dursun Karata\u015f v\u0259 onun qurdu\u011fu DHKP-C \u00a0is\u0259 bir b\u0259yanat\u0131 verdis\u0259, onun arxas\u0131nda dayanma\u011f\u0131 bacar\u0131r.\n<\/p>\n<p>\n  F\u0259aliyy\u0259tini anti-Amreika ritorikas\u0131 \u00fcz\u0259rind\u0259 quran DHKP-C \u2013nin y\u00fczl\u0259rl\u0259 \u00fczvl\u0259ri ideya namin\u0259 \u00f6zl\u0259rini qurban ver\u0259r\u0259k, q\u0259tl\u0259 yetirilibl\u0259r. Onlarla \u00fczv h\u0259bsxanalarda sona q\u0259d\u0259r acl\u0131q elan ed\u0259r\u0259k v\u0259fat edib, onlarla \u00fczv h\u0259bsxanada qiyam qald\u0131r\u0131b v\u0259 diri-diri yand\u0131r\u0131laraq \u00f6ld\u00fcr\u00fcl\u00fcb.\n<\/p>\n<p>\n  DHKP-C -nin f\u0259aliyy\u0259ti \u00a0demokratik deyil. Lakin q\u0259tiyy\u0259tlidir. Terrora meyllidir. Lakin bu insanlar mill\u0259t v\u0259kili olmaq namin\u0259 \u00f6z yolda\u015f\u0131n\u0131 \u00e7irkaba bula\u015fd\u0131rm\u0131r, mitinql\u0259ri mandat alverind\u0259 vasit\u0259y\u0259 \u00e7evirmir. DHKP-C \u00a0liberallara, mill\u0259t\u00e7il\u0259r\u0259, din\u00e7il\u0259r\u0259, sosial-demokratlra qar\u015f\u0131 a\u00e7\u0131q sava\u015f a\u00e7\u0131b. A\u00e7\u0131q vuru\u015fur. Siyas\u0259t oynam\u0131r. Yeni d\u00fcz\u0259n t\u0259klif edir. Hakimiyy\u0259t ist\u0259mir. Paradiqmalar\u0131 d\u0259yi\u015fm\u0259y\u0259 c\u0259hd g\u00f6st\u0259rir. Alternativ t\u0259klif edir. DHKP-C \u00a0\u00a0\u00fczvl\u0259ri bu sava\u015f\u0131n sonunda q\u0259nim\u0259t b\u00f6l\u0259c\u0259kl\u0259rini a\u011f\u0131llar\u0131ndan bel\u0259 ke\u00e7irtmirl\u0259r. Ciddi v\u0259 s\u0259rt ki\u015fil\u0259rin partiyas\u0131 olan DHKP-C -nin ba\u015fl\u0131ca u\u011furu el\u0259 bundad\u0131r.\n<\/p>\n<p>\n  \u201cBiz qan ist\u0259mirik\u201d, \u201cBiz demokratiya ist\u0259yirik\u201d dey\u0259n formaca demokrat, m\u0259zmunca diktator olanlardan da deyil DHKP-C. Nec\u0259 var, el\u0259 d\u0259 g\u00f6r\u00fcn\u00fcr. N\u0259 qrant u\u011frunda m\u00fcbariz\u0259 apar\u0131r, n\u0259 d\u0259 ki hakimiyy\u0259t\u0259 \u201cba\u015fqas\u0131n\u0131 deyil, m\u0259ni sat\u0131n al\u0131n\u201d mesaj\u0131n\u0131 verir. Deyirs\u0259, edir. Bacarm\u0131rsa, demir. N\u0259 yeni dal\u011fadan, n\u0259 d\u0259 ki n\u00f6vb\u0259ti maraql\u0131 ild\u0259n dan\u0131\u015fm\u0131r.\n<\/p>\n<p>\n  Dursun Karata\u015f s\u0131radan biri deyildi. 17 \u00f6lk\u0259d\u0259 1500 ayr\u0131-ayr\u0131 su\u00e7lardan aran\u0131rd\u0131. Kiml\u0259r \u00fc\u00e7\u00fcn o bir terror\u00e7u, kiml\u0259r \u00fc\u00e7\u00fcns\u0259 bir \u0259fsan\u0259 idi. \u0130st\u0259nil\u0259n halda o, s\u00f6z\u00fcn\u00fcn sahibi idi. \u018fg\u0259r, des\u0259ydi ki, hakimiyy\u0259t\u0259 g\u0259lir\u0259m, d\u00fcnya da\u011f\u0131lsa bel\u0259, g\u0259l\u0259c\u0259kdi. Dursun Karata\u015f h\u0131r\u0131ldaya-h\u0131r\u0131ldaya iri\u015f\u0259n, aya\u011f\u0131 s\u00fcr\u00fc\u015fk\u0259n siyas\u0259t\u00e7il\u0259rd\u0259n d\u0259 deyildi. O, bir devrim\u00e7i lider idi. El\u0259 buna g\u00f6r\u0259 d\u0259 sevilirdi&#8230;\n<\/p>\n<p>\n  <b><br \/>\n    Az\u0259r R\u018f\u015e\u0130DO\u011eLU<br \/>\n  <\/b><\/p>\n","protected":false},"excerpt":{"rendered":"<p>&#8230; v\u0259 ya \u018frdo\u011fana qar\u015f\u0131 Karata\u015f modeli<\/p>\n","protected":false},"author":11,"featured_media":22209,"comment_status":"closed","ping_status":"open","sticky":false,"template":"","format":"standard","meta":{"_acf_changed":false,"_sitemap_exclude":false,"_sitemap_priority":"","_sitemap_frequency":"","footnotes":""},"categories":[56],"tags":[],"class_list":["post-167436","post","type-post","status-publish","format-standard","has-post-thumbnail","hentry","category-xeberler","infinite-scroll-item","generate-columns","tablet-grid-50","mobile-grid-100","grid-parent","grid-33","no-featured-image-padding"],"acf":[],"yoast_head":"<!-- This site is optimized with the Yoast SEO plugin v28.4 - https:\/\/yoast.com\/product\/yoast-seo-wordpress\/ -->\n<title>T\u00fcrkiy\u0259nin Marigellas\u0131... - MEYDAN.TV<\/title>\n<meta name=\"robots\" content=\"index, follow, max-snippet:-1, max-image-preview:large, max-video-preview:-1\" \/>\n<link rel=\"canonical\" href=\"https:\/\/www.meydan.tv\/az\/article\/turkiyenin-marigellasi\/\" \/>\n<meta property=\"og:locale\" content=\"az_AZ\" \/>\n<meta property=\"og:type\" content=\"article\" \/>\n<meta property=\"og:title\" content=\"T\u00fcrkiy\u0259nin Marigellas\u0131... - MEYDAN.TV\" \/>\n<meta property=\"og:description\" content=\"... v\u0259 ya \u018frdo\u011fana qar\u015f\u0131 Karata\u015f modeli\" \/>\n<meta property=\"og:url\" content=\"https:\/\/www.meydan.tv\/az\/article\/turkiyenin-marigellasi\/\" \/>\n<meta property=\"og:site_name\" content=\"MEYDAN.TV\" \/>\n<meta property=\"article:published_time\" content=\"2015-04-04T14:47:24+00:00\" \/>\n<meta property=\"og:image\" content=\"https:\/\/www.meydan.tv\/wp-content\/uploads\/8055.jpg\" \/>\n\t<meta property=\"og:image:width\" content=\"400\" \/>\n\t<meta property=\"og:image:height\" content=\"387\" \/>\n\t<meta property=\"og:image:type\" content=\"image\/jpeg\" \/>\n<meta name=\"twitter:card\" content=\"summary_large_image\" \/>\n<!-- \/ Yoast SEO plugin. -->","yoast_head_json":{"title":"T\u00fcrkiy\u0259nin Marigellas\u0131... - MEYDAN.TV","robots":{"index":"index","follow":"follow","max-snippet":"max-snippet:-1","max-image-preview":"max-image-preview:large","max-video-preview":"max-video-preview:-1"},"canonical":"https:\/\/www.meydan.tv\/az\/article\/turkiyenin-marigellasi\/","og_locale":"az_AZ","og_type":"article","og_title":"T\u00fcrkiy\u0259nin Marigellas\u0131... - MEYDAN.TV","og_description":"... v\u0259 ya \u018frdo\u011fana qar\u015f\u0131 Karata\u015f modeli","og_url":"https:\/\/www.meydan.tv\/az\/article\/turkiyenin-marigellasi\/","og_site_name":"MEYDAN.TV","article_published_time":"2015-04-04T14:47:24+00:00","og_image":[{"width":400,"height":387,"url":"https:\/\/www.meydan.tv\/wp-content\/uploads\/8055.jpg","type":"image\/jpeg"}],"twitter_card":"summary_large_image","schema":{"@context":"https:\/\/schema.org","@graph":[{"@type":"Article","@id":"https:\/\/www.meydan.tv\/az\/article\/turkiyenin-marigellasi\/#article","isPartOf":{"@id":"https:\/\/www.meydan.tv\/az\/article\/turkiyenin-marigellasi\/"},"author":{"name":"user-manager","@id":"https:\/\/www.meydan.tv\/az\/#\/schema\/person\/10d11eccf6da3662cf5fdab9806ea91a"},"headline":"T\u00fcrkiy\u0259nin Marigellas\u0131&#8230;","datePublished":"2015-04-04T14:47:24+00:00","mainEntityOfPage":{"@id":"https:\/\/www.meydan.tv\/az\/article\/turkiyenin-marigellasi\/"},"wordCount":905,"publisher":{"@id":"https:\/\/www.meydan.tv\/az\/#organization"},"image":{"@id":"https:\/\/www.meydan.tv\/az\/article\/turkiyenin-marigellasi\/#primaryimage"},"thumbnailUrl":"https:\/\/www.meydan.tv\/wp-content\/uploads\/8055.jpg","articleSection":["X\u0259b\u0259rl\u0259r"],"inLanguage":"az"},{"@type":"WebPage","@id":"https:\/\/www.meydan.tv\/az\/article\/turkiyenin-marigellasi\/","url":"https:\/\/www.meydan.tv\/az\/article\/turkiyenin-marigellasi\/","name":"T\u00fcrkiy\u0259nin Marigellas\u0131... - MEYDAN.TV","isPartOf":{"@id":"https:\/\/www.meydan.tv\/az\/#website"},"primaryImageOfPage":{"@id":"https:\/\/www.meydan.tv\/az\/article\/turkiyenin-marigellasi\/#primaryimage"},"image":{"@id":"https:\/\/www.meydan.tv\/az\/article\/turkiyenin-marigellasi\/#primaryimage"},"thumbnailUrl":"https:\/\/www.meydan.tv\/wp-content\/uploads\/8055.jpg","datePublished":"2015-04-04T14:47:24+00:00","breadcrumb":{"@id":"https:\/\/www.meydan.tv\/az\/article\/turkiyenin-marigellasi\/#breadcrumb"},"inLanguage":"az","potentialAction":[{"@type":"ReadAction","target":["https:\/\/www.meydan.tv\/az\/article\/turkiyenin-marigellasi\/"]}]},{"@type":"ImageObject","inLanguage":"az","@id":"https:\/\/www.meydan.tv\/az\/article\/turkiyenin-marigellasi\/#primaryimage","url":"https:\/\/www.meydan.tv\/wp-content\/uploads\/8055.jpg","contentUrl":"https:\/\/www.meydan.tv\/wp-content\/uploads\/8055.jpg","width":400,"height":387,"caption":"Source:"},{"@type":"BreadcrumbList","@id":"https:\/\/www.meydan.tv\/az\/article\/turkiyenin-marigellasi\/#breadcrumb","itemListElement":[{"@type":"ListItem","position":1,"name":"Ana s\u0259hif\u0259","item":"https:\/\/www.meydan.tv\/az\/"},{"@type":"ListItem","position":2,"name":"X\u0259b\u0259rl\u0259r","item":"https:\/\/www.meydan.tv\/az\/section\/xeberler\/"},{"@type":"ListItem","position":3,"name":"T\u00fcrkiy\u0259nin Marigellas\u0131&#8230;"}]},{"@type":"WebSite","@id":"https:\/\/www.meydan.tv\/az\/#website","url":"https:\/\/www.meydan.tv\/az\/","name":"MEYDAN.TV","description":"Meydan TV Az\u0259rbaycan\u0131n media m\u0259kan\u0131ndak\u0131 alternativ s\u0259sidir","publisher":{"@id":"https:\/\/www.meydan.tv\/az\/#organization"},"potentialAction":[{"@type":"SearchAction","target":{"@type":"EntryPoint","urlTemplate":"https:\/\/www.meydan.tv\/az\/?s={search_term_string}"},"query-input":{"@type":"PropertyValueSpecification","valueRequired":true,"valueName":"search_term_string"}}],"inLanguage":"az"},{"@type":"Organization","@id":"https:\/\/www.meydan.tv\/az\/#organization","name":"Meydan TV","url":"https:\/\/www.meydan.tv\/az\/","logo":{"@type":"ImageObject","inLanguage":"az","@id":"https:\/\/www.meydan.tv\/az\/#\/schema\/logo\/image\/","url":"https:\/\/www.meydan.tv\/wp-content\/uploads\/2021\/07\/meydan-logo.svg","contentUrl":"https:\/\/www.meydan.tv\/wp-content\/uploads\/2021\/07\/meydan-logo.svg","width":195,"height":46,"caption":"Meydan TV"},"image":{"@id":"https:\/\/www.meydan.tv\/az\/#\/schema\/logo\/image\/"}},{"@type":"Person","@id":"https:\/\/www.meydan.tv\/az\/#\/schema\/person\/10d11eccf6da3662cf5fdab9806ea91a","name":"user-manager"}]}},"_links":{"self":[{"href":"https:\/\/www.meydan.tv\/az\/wp-json\/wp\/v2\/posts\/167436","targetHints":{"allow":["GET"]}}],"collection":[{"href":"https:\/\/www.meydan.tv\/az\/wp-json\/wp\/v2\/posts"}],"about":[{"href":"https:\/\/www.meydan.tv\/az\/wp-json\/wp\/v2\/types\/post"}],"author":[{"embeddable":true,"href":"https:\/\/www.meydan.tv\/az\/wp-json\/wp\/v2\/users\/11"}],"replies":[{"embeddable":true,"href":"https:\/\/www.meydan.tv\/az\/wp-json\/wp\/v2\/comments?post=167436"}],"version-history":[{"count":0,"href":"https:\/\/www.meydan.tv\/az\/wp-json\/wp\/v2\/posts\/167436\/revisions"}],"wp:featuredmedia":[{"embeddable":true,"href":"https:\/\/www.meydan.tv\/az\/wp-json\/wp\/v2\/media\/22209"}],"wp:attachment":[{"href":"https:\/\/www.meydan.tv\/az\/wp-json\/wp\/v2\/media?parent=167436"}],"wp:term":[{"taxonomy":"category","embeddable":true,"href":"https:\/\/www.meydan.tv\/az\/wp-json\/wp\/v2\/categories?post=167436"},{"taxonomy":"post_tag","embeddable":true,"href":"https:\/\/www.meydan.tv\/az\/wp-json\/wp\/v2\/tags?post=167436"}],"curies":[{"name":"wp","href":"https:\/\/api.w.org\/{rel}","templated":true}]}}