{"id":167435,"date":"2015-04-03T22:23:03","date_gmt":"2015-04-03T22:23:03","guid":{"rendered":"https:\/\/www.meydan.tv\/article\/mehriban-eliyeva-qacqinlara-yiye-cixsin-video\/"},"modified":"2015-04-03T22:23:03","modified_gmt":"2015-04-03T22:23:03","slug":"mehriban-eliyeva-qacqinlara-yiye-cixsin-video","status":"publish","type":"post","link":"https:\/\/www.meydan.tv\/az\/article\/mehriban-eliyeva-qacqinlara-yiye-cixsin-video\/","title":{"rendered":"&#8220;Mehriban \u018fliyeva qa\u00e7q\u0131nlara yiy\u0259 \u00e7\u0131xs\u0131n&#8221; (V\u0130DEO)"},"content":{"rendered":"<figure class=\"wp-block-embed is-type-video is-provider-youtube wp-block-embed-youtube wp-embed-aspect-16-9 wp-has-aspect-ratio\">\n<div class=\"wp-block-embed__wrapper\">\n    <iframe loading=\"lazy\"\ttitle=\"\" width=\"1200\" height=\"675\" src=\"https:\/\/www.youtube.com\/embed\/pwx-moFiPFQ\"\tframeborder=\"0\"\tallow=\"accelerometer; autoplay; clipboard-write; encrypted-media; gyroscope; picture-in-picture\" allowfullscreen><\/iframe>\n  <\/div><figcaption><\/figcaption><\/figure>\n<p>\n  X\u0131rdalan \u015f\u0259h\u0259ri, Heyd\u0259r \u018fliyev prospekti m\u0259h\u0259ll\u0259 30 \u00fcnvan\u0131nda yerl\u0259\u015f\u0259n \u0259t kombinat\u0131nda m\u0259skunla\u015fan m\u0259cburi k\u00f6\u00e7k\u00fcnl\u0259r onlar \u00fc\u00e7\u00fcn tikil\u0259n binaya k\u00f6\u00e7\u00fcr\u00fclm\u0259dikl\u0259rind\u0259n \u015fikay\u0259tl\u0259nirl\u0259r. Bel\u0259 ki, \u201cKristal Ab\u015feron\u201d MTK X\u0131rdalan \u015f\u0259h\u0259rind\u0259, 3 bloklu \u00e7oxm\u0259rt\u0259b\u0259li ya\u015fay\u0131\u015f binas\u0131 in\u015fa edib. \u015eirk\u0259t k\u00f6\u00e7k\u00fcnl\u0259rin ora yerl\u0259\u015fdirilm\u0259si \u00fc\u00e7\u00fcn Qa\u00e7q\u0131nlar\u0131n v\u0259 M\u0259cburi K\u00f6\u00e7k\u00fcnl\u0259rin \u0130\u015fl\u0259ri \u00fczr\u0259 D\u00f6vl\u0259t Komit\u0259sinin s\u0259dri \u018fli H\u0259s\u0259nova da \u0259riz\u0259 il\u0259 m\u00fcraci\u0259t edib. Lakin komit\u0259d\u0259n onlara he\u00e7 bir cavab verilm\u0259yib. M\u0259cburi k\u00f6\u00e7k\u00fcnl\u0259r 3 g\u00fcnd\u00fcr ki, k\u00fc\u00e7\u0259d\u0259 gec\u0259liyirl\u0259r.\n<\/p>\n<p>\n  Onlar D\u00f6vl\u0259t Komit\u0259sin\u0259 gets\u0259l\u0259r d\u0259, \u018fli H\u0259s\u0259novla g\u00f6r\u00fc\u015f\u0259 bilm\u0259yibl\u0259r. \u015eikay\u0259t\u00e7il\u0259r deyirl\u0259r ki, bug\u00fcn\u0259 q\u0259d\u0259r Komit\u0259d\u0259n bir n\u0259f\u0259r d\u0259 maraqlan\u0131b, \u0259raziy\u0259 g\u0259lm\u0259yib.\n<\/p>\n<p>\n  Qa\u00e7q\u0131nlar\u0131n v\u0259 M\u0259cburi K\u00f6\u00e7k\u00fcnl\u0259rin \u0130\u015fl\u0259ri \u00fczr\u0259 D\u00f6vl\u0259t Komit\u0259sinin m\u0259tbuat katibi El\u00e7in Q\u0259dimov Meydan TV-y\u0259 bildirib ki, \u018fli H\u0259s\u0259nov xaricd\u0259 i\u015fg\u00fczar s\u0259f\u0259rd\u0259 oldu\u011funa g\u00f6r\u0259 k\u00f6\u00e7k\u00fcnl\u0259ri q\u0259bul etm\u0259yib. O, \u015fikay\u0259tl\u0259 ba\u011fl\u0131 ara\u015fd\u0131rma aparaca\u011f\u0131n\u0131 deyib.<\/p>\n","protected":false},"excerpt":{"rendered":"<p>M\u0259cburi k\u00f6\u00e7k\u00fcn: &#8220;Bizim Allah\u0131m\u0131z yoxdur, \u00e7\u00fcnk\u00fc qa\u00e7q\u0131n\u0131q&#8221;.<\/p>\n","protected":false},"author":11,"featured_media":22206,"comment_status":"closed","ping_status":"open","sticky":false,"template":"","format":"standard","meta":{"_acf_changed":false,"_sitemap_exclude":false,"_sitemap_priority":"","_sitemap_frequency":"","footnotes":""},"categories":[63],"tags":[],"class_list":["post-167435","post","type-post","status-publish","format-standard","has-post-thumbnail","hentry","category-video-2","infinite-scroll-item","generate-columns","tablet-grid-50","mobile-grid-100","grid-parent","grid-33","no-featured-image-padding"],"acf":[],"yoast_head":"<!-- This site is optimized with the Yoast SEO plugin v28.3 - https:\/\/yoast.com\/product\/yoast-seo-wordpress\/ -->\n<title>&quot;Mehriban \u018fliyeva qa\u00e7q\u0131nlara yiy\u0259 \u00e7\u0131xs\u0131n&quot; (V\u0130DEO) - MEYDAN.TV<\/title>\n<meta name=\"robots\" content=\"index, follow, max-snippet:-1, max-image-preview:large, max-video-preview:-1\" \/>\n<link rel=\"canonical\" href=\"https:\/\/www.meydan.tv\/az\/article\/mehriban-eliyeva-qacqinlara-yiye-cixsin-video\/\" \/>\n<meta property=\"og:locale\" content=\"az_AZ\" \/>\n<meta property=\"og:type\" content=\"article\" \/>\n<meta property=\"og:title\" content=\"&quot;Mehriban \u018fliyeva qa\u00e7q\u0131nlara yiy\u0259 \u00e7\u0131xs\u0131n&quot; (V\u0130DEO) - MEYDAN.TV\" \/>\n<meta property=\"og:description\" content=\"M\u0259cburi k\u00f6\u00e7k\u00fcn: &quot;Bizim Allah\u0131m\u0131z yoxdur, \u00e7\u00fcnk\u00fc qa\u00e7q\u0131n\u0131q&quot;.\" \/>\n<meta property=\"og:url\" content=\"https:\/\/www.meydan.tv\/az\/article\/mehriban-eliyeva-qacqinlara-yiye-cixsin-video\/\" \/>\n<meta property=\"og:site_name\" content=\"MEYDAN.TV\" \/>\n<meta property=\"article:published_time\" content=\"2015-04-03T22:23:03+00:00\" \/>\n<meta property=\"og:image\" content=\"https:\/\/www.meydan.tv\/wp-content\/uploads\/8052.jpg\" \/>\n\t<meta property=\"og:image:width\" content=\"1257\" \/>\n\t<meta property=\"og:image:height\" content=\"696\" \/>\n\t<meta property=\"og:image:type\" content=\"image\/jpeg\" \/>\n<meta name=\"twitter:card\" content=\"summary_large_image\" \/>\n<!-- \/ Yoast SEO plugin. -->","yoast_head_json":{"title":"\"Mehriban \u018fliyeva qa\u00e7q\u0131nlara yiy\u0259 \u00e7\u0131xs\u0131n\" (V\u0130DEO) - MEYDAN.TV","robots":{"index":"index","follow":"follow","max-snippet":"max-snippet:-1","max-image-preview":"max-image-preview:large","max-video-preview":"max-video-preview:-1"},"canonical":"https:\/\/www.meydan.tv\/az\/article\/mehriban-eliyeva-qacqinlara-yiye-cixsin-video\/","og_locale":"az_AZ","og_type":"article","og_title":"\"Mehriban \u018fliyeva qa\u00e7q\u0131nlara yiy\u0259 \u00e7\u0131xs\u0131n\" (V\u0130DEO) - MEYDAN.TV","og_description":"M\u0259cburi k\u00f6\u00e7k\u00fcn: \"Bizim Allah\u0131m\u0131z yoxdur, \u00e7\u00fcnk\u00fc qa\u00e7q\u0131n\u0131q\".","og_url":"https:\/\/www.meydan.tv\/az\/article\/mehriban-eliyeva-qacqinlara-yiye-cixsin-video\/","og_site_name":"MEYDAN.TV","article_published_time":"2015-04-03T22:23:03+00:00","og_image":[{"width":1257,"height":696,"url":"https:\/\/www.meydan.tv\/wp-content\/uploads\/8052.jpg","type":"image\/jpeg"}],"twitter_card":"summary_large_image","schema":{"@context":"https:\/\/schema.org","@graph":[{"@type":"Article","@id":"https:\/\/www.meydan.tv\/az\/article\/mehriban-eliyeva-qacqinlara-yiye-cixsin-video\/#article","isPartOf":{"@id":"https:\/\/www.meydan.tv\/az\/article\/mehriban-eliyeva-qacqinlara-yiye-cixsin-video\/"},"author":{"name":"user-manager","@id":"https:\/\/www.meydan.tv\/az\/#\/schema\/person\/10d11eccf6da3662cf5fdab9806ea91a"},"headline":"&#8220;Mehriban \u018fliyeva qa\u00e7q\u0131nlara yiy\u0259 \u00e7\u0131xs\u0131n&#8221; (V\u0130DEO)","datePublished":"2015-04-03T22:23:03+00:00","mainEntityOfPage":{"@id":"https:\/\/www.meydan.tv\/az\/article\/mehriban-eliyeva-qacqinlara-yiye-cixsin-video\/"},"wordCount":250,"publisher":{"@id":"https:\/\/www.meydan.tv\/az\/#organization"},"image":{"@id":"https:\/\/www.meydan.tv\/az\/article\/mehriban-eliyeva-qacqinlara-yiye-cixsin-video\/#primaryimage"},"thumbnailUrl":"https:\/\/www.meydan.tv\/wp-content\/uploads\/8052.jpg","articleSection":["Video"],"inLanguage":"az"},{"@type":"WebPage","@id":"https:\/\/www.meydan.tv\/az\/article\/mehriban-eliyeva-qacqinlara-yiye-cixsin-video\/","url":"https:\/\/www.meydan.tv\/az\/article\/mehriban-eliyeva-qacqinlara-yiye-cixsin-video\/","name":"\"Mehriban \u018fliyeva qa\u00e7q\u0131nlara yiy\u0259 \u00e7\u0131xs\u0131n\" (V\u0130DEO) - MEYDAN.TV","isPartOf":{"@id":"https:\/\/www.meydan.tv\/az\/#website"},"primaryImageOfPage":{"@id":"https:\/\/www.meydan.tv\/az\/article\/mehriban-eliyeva-qacqinlara-yiye-cixsin-video\/#primaryimage"},"image":{"@id":"https:\/\/www.meydan.tv\/az\/article\/mehriban-eliyeva-qacqinlara-yiye-cixsin-video\/#primaryimage"},"thumbnailUrl":"https:\/\/www.meydan.tv\/wp-content\/uploads\/8052.jpg","datePublished":"2015-04-03T22:23:03+00:00","breadcrumb":{"@id":"https:\/\/www.meydan.tv\/az\/article\/mehriban-eliyeva-qacqinlara-yiye-cixsin-video\/#breadcrumb"},"inLanguage":"az","potentialAction":[{"@type":"ReadAction","target":["https:\/\/www.meydan.tv\/az\/article\/mehriban-eliyeva-qacqinlara-yiye-cixsin-video\/"]}]},{"@type":"ImageObject","inLanguage":"az","@id":"https:\/\/www.meydan.tv\/az\/article\/mehriban-eliyeva-qacqinlara-yiye-cixsin-video\/#primaryimage","url":"https:\/\/www.meydan.tv\/wp-content\/uploads\/8052.jpg","contentUrl":"https:\/\/www.meydan.tv\/wp-content\/uploads\/8052.jpg","width":1257,"height":696,"caption":"Source:"},{"@type":"BreadcrumbList","@id":"https:\/\/www.meydan.tv\/az\/article\/mehriban-eliyeva-qacqinlara-yiye-cixsin-video\/#breadcrumb","itemListElement":[{"@type":"ListItem","position":1,"name":"Ana s\u0259hif\u0259","item":"https:\/\/www.meydan.tv\/az\/"},{"@type":"ListItem","position":2,"name":"Video","item":"https:\/\/www.meydan.tv\/az\/section\/video-2\/"},{"@type":"ListItem","position":3,"name":"&#8220;Mehriban \u018fliyeva qa\u00e7q\u0131nlara yiy\u0259 \u00e7\u0131xs\u0131n&#8221; (V\u0130DEO)"}]},{"@type":"WebSite","@id":"https:\/\/www.meydan.tv\/az\/#website","url":"https:\/\/www.meydan.tv\/az\/","name":"MEYDAN.TV","description":"Meydan TV Az\u0259rbaycan\u0131n media m\u0259kan\u0131ndak\u0131 alternativ s\u0259sidir","publisher":{"@id":"https:\/\/www.meydan.tv\/az\/#organization"},"potentialAction":[{"@type":"SearchAction","target":{"@type":"EntryPoint","urlTemplate":"https:\/\/www.meydan.tv\/az\/?s={search_term_string}"},"query-input":{"@type":"PropertyValueSpecification","valueRequired":true,"valueName":"search_term_string"}}],"inLanguage":"az"},{"@type":"Organization","@id":"https:\/\/www.meydan.tv\/az\/#organization","name":"Meydan TV","url":"https:\/\/www.meydan.tv\/az\/","logo":{"@type":"ImageObject","inLanguage":"az","@id":"https:\/\/www.meydan.tv\/az\/#\/schema\/logo\/image\/","url":"https:\/\/www.meydan.tv\/wp-content\/uploads\/2021\/07\/meydan-logo.svg","contentUrl":"https:\/\/www.meydan.tv\/wp-content\/uploads\/2021\/07\/meydan-logo.svg","width":195,"height":46,"caption":"Meydan TV"},"image":{"@id":"https:\/\/www.meydan.tv\/az\/#\/schema\/logo\/image\/"}},{"@type":"Person","@id":"https:\/\/www.meydan.tv\/az\/#\/schema\/person\/10d11eccf6da3662cf5fdab9806ea91a","name":"user-manager"}]}},"_links":{"self":[{"href":"https:\/\/www.meydan.tv\/az\/wp-json\/wp\/v2\/posts\/167435","targetHints":{"allow":["GET"]}}],"collection":[{"href":"https:\/\/www.meydan.tv\/az\/wp-json\/wp\/v2\/posts"}],"about":[{"href":"https:\/\/www.meydan.tv\/az\/wp-json\/wp\/v2\/types\/post"}],"author":[{"embeddable":true,"href":"https:\/\/www.meydan.tv\/az\/wp-json\/wp\/v2\/users\/11"}],"replies":[{"embeddable":true,"href":"https:\/\/www.meydan.tv\/az\/wp-json\/wp\/v2\/comments?post=167435"}],"version-history":[{"count":0,"href":"https:\/\/www.meydan.tv\/az\/wp-json\/wp\/v2\/posts\/167435\/revisions"}],"wp:featuredmedia":[{"embeddable":true,"href":"https:\/\/www.meydan.tv\/az\/wp-json\/wp\/v2\/media\/22206"}],"wp:attachment":[{"href":"https:\/\/www.meydan.tv\/az\/wp-json\/wp\/v2\/media?parent=167435"}],"wp:term":[{"taxonomy":"category","embeddable":true,"href":"https:\/\/www.meydan.tv\/az\/wp-json\/wp\/v2\/categories?post=167435"},{"taxonomy":"post_tag","embeddable":true,"href":"https:\/\/www.meydan.tv\/az\/wp-json\/wp\/v2\/tags?post=167435"}],"curies":[{"name":"wp","href":"https:\/\/api.w.org\/{rel}","templated":true}]}}