{"id":167433,"date":"2015-04-03T21:54:12","date_gmt":"2015-04-03T21:54:12","guid":{"rendered":"https:\/\/www.meydan.tv\/article\/novbeti-5-il-elman-rustemov-ucun-cox-cetin-kececek\/"},"modified":"2015-04-03T21:54:12","modified_gmt":"2015-04-03T21:54:12","slug":"novbeti-5-il-elman-rustemov-ucun-cox-cetin-kececek","status":"publish","type":"post","link":"https:\/\/www.meydan.tv\/az\/article\/novbeti-5-il-elman-rustemov-ucun-cox-cetin-kececek\/","title":{"rendered":"&#8220;N\u00f6vb\u0259ti 5 il Elman R\u00fcst\u0259mov \u00fc\u00e7\u00fcn \u00e7ox \u00e7\u0259tin ke\u00e7\u0259c\u0259k&#8221;"},"content":{"rendered":"<figure class=\"wp-block-image size-large\">\n  <img decoding=\"async\" src=\"https:\/\/www.meydan.tv\/az\/22179\/\" alt=\"\" class=\"wp-image-22179\"\/><figcaption><\/figcaption><\/figure>\n<figure class=\"wp-block-image size-large\">\n  <img decoding=\"async\" src=\"https:\/\/www.meydan.tv\/az\/22179\/\" alt=\"\" class=\"wp-image-22179\"\/><figcaption><\/figcaption><\/figure>\n<p>\n  <i><br \/>\n    \u201cBank sektorunu uzun m\u00fcdd\u0259t indiki s\u0259viyy\u0259d\u0259 saxlamaq m\u00fcmk\u00fcn olmayacaq\u201d<br \/>\n  <\/i>\n<\/p>\n<p>\n  \u201c\u0130ndiki h\u0259ssas m\u0259qamda Elman R\u00fcst\u0259movun postunu t\u0259rk etm\u0259si riskli idi. M\u0259\u015fhur deyim var: Atlar\u0131 ke\u00e7idl\u0259rd\u0259 d\u0259yi\u015fmirl\u0259r. M\u00f6vcud bank sistemini Elman R\u00fcst\u0259mov qurmu\u015fdu v\u0259 onu ancaq \u00f6z\u00fc idar\u0259 ed\u0259 bil\u0259rdi. \u0130ndiki d\u00f6vrd\u0259 sistemin ba\u015f\u0131na ba\u015fqas\u0131n\u0131n g\u0259tirilm\u0259sinin a\u011f\u0131r f\u0259sadlar\u0131 ola bil\u0259r\u201d.\n<\/p>\n<p>\n  Bu fikirl\u0259ri iqtisad\u00e7\u0131 Samir \u018fliyev Milli M\u0259clisin Elman R\u00fcst\u0259movu n\u00f6vb\u0259ti 5 il \u00fc\u00e7\u00fcn M\u0259rk\u0259zi Bank\u0131n \u0130dar\u0259 Hey\u0259tinin s\u0259dri t\u0259yin etm\u0259si il\u0259 ba\u011fl\u0131 \u00f6z Facebook s\u0259hif\u0259sind\u0259 yaz\u0131b.\n<\/p>\n<p>\n  Samir \u018fliyev hesab edir ki, g\u00f6zl\u0259nilm\u0259z hadis\u0259l\u0259r ba\u015f verm\u0259s\u0259, o, daha 5 il \u00f6lk\u0259nin bank sektoruna r\u0259hb\u0259rik ed\u0259c\u0259k. \u00d6lk\u0259nin ba\u015f bankiri art\u0131q 20 ildir bu sistem\u0259 r\u0259hb\u0259rlik edir. Bank sisteminin inki\u015faf\u0131nda onun rolu dan\u0131lmazd\u0131r. Bank sektorunun u\u011furuna da, u\u011fursuzlu\u011funa da cavabdehlik da\u015f\u0131y\u0131r. Elman R\u00fcst\u0259mov hakimiyy\u0259tin 2-3 pe\u015f\u0259kar kadrlar\u0131ndan biri hesab olunur. H\u0259tta m\u00fcxalif\u0259t d\u0259 bunu etiraf edir.<br \/>\n  <br \/>\n  Yenid\u0259n t\u0259yinat g\u00f6zl\u0259nil\u0259n idimi? B\u0259li.\n<\/p>\n<p>\n  Onun s\u00f6zl\u0259rin\u0259 g\u00f6r\u0259, Elman R\u00fcst\u0259movun v\u0259zif\u0259d\u0259 qalmas\u0131 h\u0259m d\u0259 hakimiyy\u0259tin bank sektorunda ciddi add\u0131mlar atmaq niyy\u0259tind\u0259 olmad\u0131\u011f\u0131n\u0131 g\u00f6st\u0259rdi.\n<\/p>\n<p>\n  &#8220;M\u0259rk\u0259zi Bank\u0131n r\u0259hb\u0259ri daim banklara m\u00fcnasib\u0259td\u0259 konservativ yana\u015fma t\u0259tbiq edib. Banklar\u0131n xarici maliyy\u0259 bazar\u0131na \u00e7\u0131x\u0131\u015f\u0131 m\u0259hdud olub, xarici banklar\u0131n \u00f6lk\u0259y\u0259 daxil olmas\u0131 m\u00fcmk\u00fcns\u00fcz edilib. R\u0259hb\u0259rliyi d\u00f6vr\u00fcnd\u0259 o \u0259halinin banklara v\u0259 milli valyutaya inam\u0131n\u0131n b\u0259rpa olunas\u0131na nail olub. \u00d6lk\u0259d\u0259 dollarla\u015fma s\u0259viyy\u0259si a\u015fa\u011f\u0131 d\u00fc\u015f\u00fcb. \u0130nflyasiya s\u0259viyy\u0259si, o c\u00fcml\u0259d\u0259n idxal inflyasiyas\u0131 minimuma endirilib. T\u0259\u0259ss\u00fcf ki, bank sektorunda kredit faizl\u0259rinin y\u00fcks\u0259k olmas\u0131, ki\u00e7ik v\u0259 orta sahibkarl\u0131\u011f\u0131n kredit\u0259 \u0259l\u00e7atanl\u0131\u011f\u0131n\u0131n z\u0259if olmas\u0131, banklar\u0131n m\u0259hdud xidm\u0259tl\u0259r g\u00f6st\u0259rm\u0259si, bank m\u00fc\u015ft\u0259ril\u0259rinin h\u00fcquqlar\u0131n\u0131 pozulmas\u0131 kimi probleml\u0259r h\u0259llini tapa bilm\u0259yb. Bu azm\u0131\u015f kimi, neftin ucuzla\u015fmas\u0131 fonunda yaranm\u0131\u015f v\u0259ziyy\u0259t, devalvasiya g\u00f6st\u0259rdi ki, bank sektorunun dayan\u0131ql\u0131\u011f\u0131 z\u0259ifdir. Q\u0131sa m\u00fcdd\u0259td\u0259 insanlar\u0131n banklara v\u0259 manata olan etimad\u0131 itm\u0259y\u0259 ba\u015flad\u0131. Banklar\u0131n is\u0259 m\u00fcflisl\u0259\u015fm\u0259 t\u0259hl\u00fck\u0259sin\u0259 daha da yax\u0131nla\u015fd\u0131. K\u00f6hn\u0259-yeni s\u0259drin f\u0259aliyy\u0259tinin m\u00fcsb\u0259t v\u0259 m\u0259nfi t\u0259r\u0259fl\u0259ri bar\u0259d\u0259 kifay\u0259t q\u0259d\u0259r dan\u0131\u015fmaq olar: \u201cAncaq bir m\u0259s\u0259l\u0259ni x\u00fcsusil\u0259 vur\u011fulamaq ist\u0259yir\u0259m ki, Az\u0259rbaycan\u0131n m\u00f6vcud bank sistemi \u00f6lk\u0259 iqtisadiyyat\u0131na adekvatd\u0131r. M\u00f6vcud iqtisadi paradiqmada bundan yax\u015f\u0131 bank sistemi qurmaq \u00e7\u0259tin g\u00f6r\u00fcn\u00fcr. O da ayd\u0131nd\u0131r ki, bank sektorunu uzun m\u00fcdd\u0259t indiki s\u0259viyy\u0259d\u0259 saxlamaq m\u00fcmk\u00fcn olmayacaq. Z\u0259ruri add\u0131mlar at\u0131lmasa, b\u00f6hran\u0131n olmas\u0131 qa\u00e7\u0131lmazd\u0131r&#8221;,-\u018fliyev bel\u0259 yaz\u0131b.\n<\/p>\n<p>\n  N\u00f6vb\u0259ti 5 il Elman R\u00fcst\u0259mov \u00fc\u00e7\u00fcn \u00e7ox \u00e7\u0259tin ke\u00e7\u0259c\u0259k. \u00c7\u00fcnki qar\u015f\u0131da onu n\u00f6vb\u0259ti devalvasiya ehtimal\u0131 v\u0259 onun t\u00f6r\u0259d\u0259c\u0259yi f\u0259sadlar, neft g\u0259lirl\u0259rinin azalmas\u0131 s\u0259b\u0259bind\u0259n yava\u015f\u0131m\u0131\u015f iqtisadiyyat, y\u00fcks\u0259k inflyasiya t\u0259ziqi g\u00f6zl\u0259yir\u201d.<\/p>\n","protected":false},"excerpt":{"rendered":"<p>\u201cBank sektorunu uzun m\u00fcdd\u0259t indiki s\u0259viyy\u0259d\u0259 saxlamaq m\u00fcmk\u00fcn olmayacaq\u201d<\/p>\n","protected":false},"author":11,"featured_media":22179,"comment_status":"closed","ping_status":"open","sticky":false,"template":"","format":"standard","meta":{"_acf_changed":false,"_sitemap_exclude":false,"_sitemap_priority":"","_sitemap_frequency":"","footnotes":""},"categories":[56],"tags":[],"class_list":["post-167433","post","type-post","status-publish","format-standard","has-post-thumbnail","hentry","category-xeberler","infinite-scroll-item","generate-columns","tablet-grid-50","mobile-grid-100","grid-parent","grid-33","no-featured-image-padding"],"acf":[],"yoast_head":"<!-- This site is optimized with the Yoast SEO plugin v28.4 - https:\/\/yoast.com\/product\/yoast-seo-wordpress\/ -->\n<title>&quot;N\u00f6vb\u0259ti 5 il Elman R\u00fcst\u0259mov \u00fc\u00e7\u00fcn \u00e7ox \u00e7\u0259tin ke\u00e7\u0259c\u0259k&quot; - MEYDAN.TV<\/title>\n<meta name=\"robots\" content=\"index, follow, max-snippet:-1, max-image-preview:large, max-video-preview:-1\" \/>\n<link rel=\"canonical\" href=\"https:\/\/www.meydan.tv\/az\/article\/novbeti-5-il-elman-rustemov-ucun-cox-cetin-kececek\/\" \/>\n<meta property=\"og:locale\" content=\"az_AZ\" \/>\n<meta property=\"og:type\" content=\"article\" \/>\n<meta property=\"og:title\" content=\"&quot;N\u00f6vb\u0259ti 5 il Elman R\u00fcst\u0259mov \u00fc\u00e7\u00fcn \u00e7ox \u00e7\u0259tin ke\u00e7\u0259c\u0259k&quot; - MEYDAN.TV\" \/>\n<meta property=\"og:description\" content=\"\u201cBank sektorunu uzun m\u00fcdd\u0259t indiki s\u0259viyy\u0259d\u0259 saxlamaq m\u00fcmk\u00fcn olmayacaq\u201d\" \/>\n<meta property=\"og:url\" content=\"https:\/\/www.meydan.tv\/az\/article\/novbeti-5-il-elman-rustemov-ucun-cox-cetin-kececek\/\" \/>\n<meta property=\"og:site_name\" content=\"MEYDAN.TV\" \/>\n<meta property=\"article:published_time\" content=\"2015-04-03T21:54:12+00:00\" \/>\n<meta property=\"og:image\" content=\"https:\/\/www.meydan.tv\/wp-content\/uploads\/8051.jpg\" \/>\n\t<meta property=\"og:image:width\" content=\"300\" \/>\n\t<meta property=\"og:image:height\" content=\"338\" \/>\n\t<meta property=\"og:image:type\" content=\"image\/jpeg\" \/>\n<meta name=\"twitter:card\" content=\"summary_large_image\" \/>\n<!-- \/ Yoast SEO plugin. -->","yoast_head_json":{"title":"\"N\u00f6vb\u0259ti 5 il Elman R\u00fcst\u0259mov \u00fc\u00e7\u00fcn \u00e7ox \u00e7\u0259tin ke\u00e7\u0259c\u0259k\" - MEYDAN.TV","robots":{"index":"index","follow":"follow","max-snippet":"max-snippet:-1","max-image-preview":"max-image-preview:large","max-video-preview":"max-video-preview:-1"},"canonical":"https:\/\/www.meydan.tv\/az\/article\/novbeti-5-il-elman-rustemov-ucun-cox-cetin-kececek\/","og_locale":"az_AZ","og_type":"article","og_title":"\"N\u00f6vb\u0259ti 5 il Elman R\u00fcst\u0259mov \u00fc\u00e7\u00fcn \u00e7ox \u00e7\u0259tin ke\u00e7\u0259c\u0259k\" - MEYDAN.TV","og_description":"\u201cBank sektorunu uzun m\u00fcdd\u0259t indiki s\u0259viyy\u0259d\u0259 saxlamaq m\u00fcmk\u00fcn olmayacaq\u201d","og_url":"https:\/\/www.meydan.tv\/az\/article\/novbeti-5-il-elman-rustemov-ucun-cox-cetin-kececek\/","og_site_name":"MEYDAN.TV","article_published_time":"2015-04-03T21:54:12+00:00","og_image":[{"width":300,"height":338,"url":"https:\/\/www.meydan.tv\/wp-content\/uploads\/8051.jpg","type":"image\/jpeg"}],"twitter_card":"summary_large_image","schema":{"@context":"https:\/\/schema.org","@graph":[{"@type":"Article","@id":"https:\/\/www.meydan.tv\/az\/article\/novbeti-5-il-elman-rustemov-ucun-cox-cetin-kececek\/#article","isPartOf":{"@id":"https:\/\/www.meydan.tv\/az\/article\/novbeti-5-il-elman-rustemov-ucun-cox-cetin-kececek\/"},"author":{"name":"user-manager","@id":"https:\/\/www.meydan.tv\/az\/#\/schema\/person\/10d11eccf6da3662cf5fdab9806ea91a"},"headline":"&#8220;N\u00f6vb\u0259ti 5 il Elman R\u00fcst\u0259mov \u00fc\u00e7\u00fcn \u00e7ox \u00e7\u0259tin ke\u00e7\u0259c\u0259k&#8221;","datePublished":"2015-04-03T21:54:12+00:00","mainEntityOfPage":{"@id":"https:\/\/www.meydan.tv\/az\/article\/novbeti-5-il-elman-rustemov-ucun-cox-cetin-kececek\/"},"wordCount":621,"publisher":{"@id":"https:\/\/www.meydan.tv\/az\/#organization"},"image":{"@id":"https:\/\/www.meydan.tv\/az\/article\/novbeti-5-il-elman-rustemov-ucun-cox-cetin-kececek\/#primaryimage"},"thumbnailUrl":"https:\/\/www.meydan.tv\/wp-content\/uploads\/8051.jpg","articleSection":["X\u0259b\u0259rl\u0259r"],"inLanguage":"az"},{"@type":"WebPage","@id":"https:\/\/www.meydan.tv\/az\/article\/novbeti-5-il-elman-rustemov-ucun-cox-cetin-kececek\/","url":"https:\/\/www.meydan.tv\/az\/article\/novbeti-5-il-elman-rustemov-ucun-cox-cetin-kececek\/","name":"\"N\u00f6vb\u0259ti 5 il Elman R\u00fcst\u0259mov \u00fc\u00e7\u00fcn \u00e7ox \u00e7\u0259tin ke\u00e7\u0259c\u0259k\" - MEYDAN.TV","isPartOf":{"@id":"https:\/\/www.meydan.tv\/az\/#website"},"primaryImageOfPage":{"@id":"https:\/\/www.meydan.tv\/az\/article\/novbeti-5-il-elman-rustemov-ucun-cox-cetin-kececek\/#primaryimage"},"image":{"@id":"https:\/\/www.meydan.tv\/az\/article\/novbeti-5-il-elman-rustemov-ucun-cox-cetin-kececek\/#primaryimage"},"thumbnailUrl":"https:\/\/www.meydan.tv\/wp-content\/uploads\/8051.jpg","datePublished":"2015-04-03T21:54:12+00:00","breadcrumb":{"@id":"https:\/\/www.meydan.tv\/az\/article\/novbeti-5-il-elman-rustemov-ucun-cox-cetin-kececek\/#breadcrumb"},"inLanguage":"az","potentialAction":[{"@type":"ReadAction","target":["https:\/\/www.meydan.tv\/az\/article\/novbeti-5-il-elman-rustemov-ucun-cox-cetin-kececek\/"]}]},{"@type":"ImageObject","inLanguage":"az","@id":"https:\/\/www.meydan.tv\/az\/article\/novbeti-5-il-elman-rustemov-ucun-cox-cetin-kececek\/#primaryimage","url":"https:\/\/www.meydan.tv\/wp-content\/uploads\/8051.jpg","contentUrl":"https:\/\/www.meydan.tv\/wp-content\/uploads\/8051.jpg","width":300,"height":338,"caption":"Source:"},{"@type":"BreadcrumbList","@id":"https:\/\/www.meydan.tv\/az\/article\/novbeti-5-il-elman-rustemov-ucun-cox-cetin-kececek\/#breadcrumb","itemListElement":[{"@type":"ListItem","position":1,"name":"Ana s\u0259hif\u0259","item":"https:\/\/www.meydan.tv\/az\/"},{"@type":"ListItem","position":2,"name":"X\u0259b\u0259rl\u0259r","item":"https:\/\/www.meydan.tv\/az\/section\/xeberler\/"},{"@type":"ListItem","position":3,"name":"&#8220;N\u00f6vb\u0259ti 5 il Elman R\u00fcst\u0259mov \u00fc\u00e7\u00fcn \u00e7ox \u00e7\u0259tin ke\u00e7\u0259c\u0259k&#8221;"}]},{"@type":"WebSite","@id":"https:\/\/www.meydan.tv\/az\/#website","url":"https:\/\/www.meydan.tv\/az\/","name":"MEYDAN.TV","description":"Meydan TV Az\u0259rbaycan\u0131n media m\u0259kan\u0131ndak\u0131 alternativ s\u0259sidir","publisher":{"@id":"https:\/\/www.meydan.tv\/az\/#organization"},"potentialAction":[{"@type":"SearchAction","target":{"@type":"EntryPoint","urlTemplate":"https:\/\/www.meydan.tv\/az\/?s={search_term_string}"},"query-input":{"@type":"PropertyValueSpecification","valueRequired":true,"valueName":"search_term_string"}}],"inLanguage":"az"},{"@type":"Organization","@id":"https:\/\/www.meydan.tv\/az\/#organization","name":"Meydan TV","url":"https:\/\/www.meydan.tv\/az\/","logo":{"@type":"ImageObject","inLanguage":"az","@id":"https:\/\/www.meydan.tv\/az\/#\/schema\/logo\/image\/","url":"https:\/\/www.meydan.tv\/wp-content\/uploads\/2021\/07\/meydan-logo.svg","contentUrl":"https:\/\/www.meydan.tv\/wp-content\/uploads\/2021\/07\/meydan-logo.svg","width":195,"height":46,"caption":"Meydan TV"},"image":{"@id":"https:\/\/www.meydan.tv\/az\/#\/schema\/logo\/image\/"}},{"@type":"Person","@id":"https:\/\/www.meydan.tv\/az\/#\/schema\/person\/10d11eccf6da3662cf5fdab9806ea91a","name":"user-manager"}]}},"_links":{"self":[{"href":"https:\/\/www.meydan.tv\/az\/wp-json\/wp\/v2\/posts\/167433","targetHints":{"allow":["GET"]}}],"collection":[{"href":"https:\/\/www.meydan.tv\/az\/wp-json\/wp\/v2\/posts"}],"about":[{"href":"https:\/\/www.meydan.tv\/az\/wp-json\/wp\/v2\/types\/post"}],"author":[{"embeddable":true,"href":"https:\/\/www.meydan.tv\/az\/wp-json\/wp\/v2\/users\/11"}],"replies":[{"embeddable":true,"href":"https:\/\/www.meydan.tv\/az\/wp-json\/wp\/v2\/comments?post=167433"}],"version-history":[{"count":0,"href":"https:\/\/www.meydan.tv\/az\/wp-json\/wp\/v2\/posts\/167433\/revisions"}],"wp:featuredmedia":[{"embeddable":true,"href":"https:\/\/www.meydan.tv\/az\/wp-json\/wp\/v2\/media\/22179"}],"wp:attachment":[{"href":"https:\/\/www.meydan.tv\/az\/wp-json\/wp\/v2\/media?parent=167433"}],"wp:term":[{"taxonomy":"category","embeddable":true,"href":"https:\/\/www.meydan.tv\/az\/wp-json\/wp\/v2\/categories?post=167433"},{"taxonomy":"post_tag","embeddable":true,"href":"https:\/\/www.meydan.tv\/az\/wp-json\/wp\/v2\/tags?post=167433"}],"curies":[{"name":"wp","href":"https:\/\/api.w.org\/{rel}","templated":true}]}}