{"id":167432,"date":"2015-04-03T18:42:04","date_gmt":"2015-04-03T18:42:04","guid":{"rendered":"https:\/\/www.meydan.tv\/article\/vekil-ceyhun-ceferov-ittihami-qeti-sekilde-redd-edir\/"},"modified":"2015-04-03T18:42:04","modified_gmt":"2015-04-03T18:42:04","slug":"vekil-ceyhun-ceferov-ittihami-qeti-sekilde-redd-edir","status":"publish","type":"post","link":"https:\/\/www.meydan.tv\/az\/article\/vekil-ceyhun-ceferov-ittihami-qeti-sekilde-redd-edir\/","title":{"rendered":"V\u0259kil: &#8220;Ceyhun C\u0259f\u0259rov ittiham\u0131 q\u0259ti \u015f\u0259kild\u0259 r\u0259dd edir&#8221;"},"content":{"rendered":"<figure class=\"wp-block-image size-large\">\n  <img decoding=\"async\" src=\"https:\/\/www.meydan.tv\/az\/22182\/\" alt=\"\" class=\"wp-image-22182\"\/><figcaption><\/figcaption><\/figure>\n<figure class=\"wp-block-image size-large\">\n  <img decoding=\"async\" src=\"https:\/\/www.meydan.tv\/az\/22182\/\" alt=\"\" class=\"wp-image-22182\"\/><figcaption><\/figcaption><\/figure>\n<p>\n  <i><br \/>\n    \u0130lhaiyyat\u00e7\u0131 mart ay\u0131nda \u0130randan Bak\u0131ya qay\u0131dark\u0259n MTN-\u0259 d\u0259v\u0259t edilib, saxlan\u0131l\u0131b v\u0259 ona qar\u015f\u0131 d\u00f6vl\u0259t\u0259 x\u0259yan\u0259t ittiham\u0131 ir\u0259li s\u00fcr\u00fcl\u00fcb<br \/>\n  <\/i>\n<\/p>\n<p>\n  V\u0259kil Cavad Cavadov bir m\u00fcdd\u0259t \u0259vv\u0259l h\u0259bs edil\u0259n v\u0259 Milli T\u0259hl\u00fck\u0259sizlik Nazirliyinin\u00a0 (MTN) t\u0259cridxanas\u0131nda saxlan\u0131lan Ceyhun C\u0259f\u0259rovla g\u00f6r\u00fc\u015f\u00fcb. V\u0259kil C.Cavadov bu haqda \u00f6z\u00fcn\u00fcn sosial \u015f\u0259b\u0259k\u0259 profilind\u0259 bildirib.\n<\/p>\n<p>\n  MTN-d\u0259 saxlan\u0131lan C.C\u0259f\u0259rovla g\u00f6r\u00fc\u015fd\u00fcy\u00fcn\u00fc dey\u0259n C.Cavadov C.C\u0259f\u0259rovun d\u00f6vl\u0259t\u0259 x\u0259yan\u0259t ittiham\u0131n\u0131 q\u0259tiyy\u0259tl\u0259 r\u0259dd etdiyini, ham\u0131ya g\u00fcnahs\u0131z olmas\u0131n\u0131n \u00e7atd\u0131r\u0131lmas\u0131n\u0131 xahi\u015f etdiyini vur\u011fulay\u0131b.\n<\/p>\n<p>\n  \u0130lahiyyat\u00e7\u0131 C.C\u0259f\u0259rov \u0130slam Universitetind\u0259 d\u0259rs deyib. \u201cSpace\u201d telekanal\u0131nda \u201cGec\u0259 s\u00f6hb\u0259tl\u0259ri\u201d dini verili\u015find\u0259 apar\u0131c\u0131 olub. 10-larla kitab\u0131n t\u0259rc\u00fcm\u0259\u00e7iliyini, redaktorlu\u011funu edib. R\u0259hb\u0259ri oldu\u011fu \u201cT\u0259kam\u00fcl\u201d T\u0259rc\u00fcm\u0259 M\u0259rk\u0259zi n\u0259\u015friyyat\u0131 islam dinind\u0259 \u0259n m\u00fck\u0259mm\u0259l Quran t\u0259fsirl\u0259rind\u0259n olan \u201c\u0259l-Mizan\u201d t\u0259rc\u00fcm\u0259 edil\u0259r\u0259k n\u0259\u015fr olunub. C.C\u0259f\u0259rov h\u0259cc ziyar\u0259ti zaman\u0131 QM\u0130 t\u0259r\u0259find\u0259n z\u0259vvar qruplar\u0131na r\u0259hb\u0259r olub, ziyar\u0259tin t\u0259\u015fkili v\u0259 d\u00fczg\u00fcn yerin\u0259 yetirilm\u0259sind\u0259 z\u0259vvarlara yard\u0131m edib.\n<\/p>\n<p>\n  C.C\u0259f\u0259rov bu ilin mart ay\u0131nda \u0130randan Bak\u0131ya qay\u0131dark\u0259n MTN-\u0259 d\u0259v\u0259t edilib, saxlan\u0131l\u0131b v\u0259 ona qar\u015f\u0131 d\u00f6vl\u0259t\u0259 x\u0259yan\u0259t ittiham\u0131 ir\u0259li s\u00fcr\u00fcl\u00fcb. Buna q\u0259d\u0259rs\u0259 dig\u0259r ilahiyyat\u00e7\u0131 El\u015f\u0259n Mustafao\u011flu analoji ittihamla MTN t\u0259r\u0259find\u0259n saxlan\u0131l\u0131b.<\/p>\n","protected":false},"excerpt":{"rendered":"<p>\u0130lhaiyyat\u00e7\u0131 mart ay\u0131nda \u0130randan Bak\u0131ya qay\u0131dark\u0259n MTN-\u0259 d\u0259v\u0259t edilib, saxlan\u0131l\u0131b v\u0259 ona qar\u015f\u0131 d\u00f6vl\u0259t\u0259 x\u0259yan\u0259t ittiham\u0131 ir\u0259li s\u00fcr\u00fcl\u00fcb<\/p>\n","protected":false},"author":11,"featured_media":22182,"comment_status":"closed","ping_status":"open","sticky":false,"template":"","format":"standard","meta":{"_acf_changed":false,"_sitemap_exclude":false,"_sitemap_priority":"","_sitemap_frequency":"","footnotes":""},"categories":[56],"tags":[],"class_list":["post-167432","post","type-post","status-publish","format-standard","has-post-thumbnail","hentry","category-xeberler","infinite-scroll-item","generate-columns","tablet-grid-50","mobile-grid-100","grid-parent","grid-33","no-featured-image-padding"],"acf":[],"yoast_head":"<!-- This site is optimized with the Yoast SEO plugin v28.4 - https:\/\/yoast.com\/product\/yoast-seo-wordpress\/ -->\n<title>V\u0259kil: &quot;Ceyhun C\u0259f\u0259rov ittiham\u0131 q\u0259ti \u015f\u0259kild\u0259 r\u0259dd edir&quot; - MEYDAN.TV<\/title>\n<meta name=\"robots\" content=\"index, follow, max-snippet:-1, max-image-preview:large, max-video-preview:-1\" \/>\n<link rel=\"canonical\" href=\"https:\/\/www.meydan.tv\/az\/article\/vekil-ceyhun-ceferov-ittihami-qeti-sekilde-redd-edir\/\" \/>\n<meta property=\"og:locale\" content=\"az_AZ\" \/>\n<meta property=\"og:type\" content=\"article\" \/>\n<meta property=\"og:title\" content=\"V\u0259kil: &quot;Ceyhun C\u0259f\u0259rov ittiham\u0131 q\u0259ti \u015f\u0259kild\u0259 r\u0259dd edir&quot; - MEYDAN.TV\" \/>\n<meta property=\"og:description\" content=\"\u0130lhaiyyat\u00e7\u0131 mart ay\u0131nda \u0130randan Bak\u0131ya qay\u0131dark\u0259n MTN-\u0259 d\u0259v\u0259t edilib, saxlan\u0131l\u0131b v\u0259 ona qar\u015f\u0131 d\u00f6vl\u0259t\u0259 x\u0259yan\u0259t ittiham\u0131 ir\u0259li s\u00fcr\u00fcl\u00fcb\" \/>\n<meta property=\"og:url\" content=\"https:\/\/www.meydan.tv\/az\/article\/vekil-ceyhun-ceferov-ittihami-qeti-sekilde-redd-edir\/\" \/>\n<meta property=\"og:site_name\" content=\"MEYDAN.TV\" \/>\n<meta property=\"article:published_time\" content=\"2015-04-03T18:42:04+00:00\" \/>\n<meta property=\"og:image\" content=\"https:\/\/www.meydan.tv\/wp-content\/uploads\/8045.jpg\" \/>\n\t<meta property=\"og:image:width\" content=\"400\" \/>\n\t<meta property=\"og:image:height\" content=\"244\" \/>\n\t<meta property=\"og:image:type\" content=\"image\/jpeg\" \/>\n<meta name=\"twitter:card\" content=\"summary_large_image\" \/>\n<!-- \/ Yoast SEO plugin. -->","yoast_head_json":{"title":"V\u0259kil: \"Ceyhun C\u0259f\u0259rov ittiham\u0131 q\u0259ti \u015f\u0259kild\u0259 r\u0259dd edir\" - MEYDAN.TV","robots":{"index":"index","follow":"follow","max-snippet":"max-snippet:-1","max-image-preview":"max-image-preview:large","max-video-preview":"max-video-preview:-1"},"canonical":"https:\/\/www.meydan.tv\/az\/article\/vekil-ceyhun-ceferov-ittihami-qeti-sekilde-redd-edir\/","og_locale":"az_AZ","og_type":"article","og_title":"V\u0259kil: \"Ceyhun C\u0259f\u0259rov ittiham\u0131 q\u0259ti \u015f\u0259kild\u0259 r\u0259dd edir\" - MEYDAN.TV","og_description":"\u0130lhaiyyat\u00e7\u0131 mart ay\u0131nda \u0130randan Bak\u0131ya qay\u0131dark\u0259n MTN-\u0259 d\u0259v\u0259t edilib, saxlan\u0131l\u0131b v\u0259 ona qar\u015f\u0131 d\u00f6vl\u0259t\u0259 x\u0259yan\u0259t ittiham\u0131 ir\u0259li s\u00fcr\u00fcl\u00fcb","og_url":"https:\/\/www.meydan.tv\/az\/article\/vekil-ceyhun-ceferov-ittihami-qeti-sekilde-redd-edir\/","og_site_name":"MEYDAN.TV","article_published_time":"2015-04-03T18:42:04+00:00","og_image":[{"width":400,"height":244,"url":"https:\/\/www.meydan.tv\/wp-content\/uploads\/8045.jpg","type":"image\/jpeg"}],"twitter_card":"summary_large_image","schema":{"@context":"https:\/\/schema.org","@graph":[{"@type":"Article","@id":"https:\/\/www.meydan.tv\/az\/article\/vekil-ceyhun-ceferov-ittihami-qeti-sekilde-redd-edir\/#article","isPartOf":{"@id":"https:\/\/www.meydan.tv\/az\/article\/vekil-ceyhun-ceferov-ittihami-qeti-sekilde-redd-edir\/"},"author":{"name":"user-manager","@id":"https:\/\/www.meydan.tv\/az\/#\/schema\/person\/10d11eccf6da3662cf5fdab9806ea91a"},"headline":"V\u0259kil: &#8220;Ceyhun C\u0259f\u0259rov ittiham\u0131 q\u0259ti \u015f\u0259kild\u0259 r\u0259dd edir&#8221;","datePublished":"2015-04-03T18:42:04+00:00","mainEntityOfPage":{"@id":"https:\/\/www.meydan.tv\/az\/article\/vekil-ceyhun-ceferov-ittihami-qeti-sekilde-redd-edir\/"},"wordCount":317,"publisher":{"@id":"https:\/\/www.meydan.tv\/az\/#organization"},"image":{"@id":"https:\/\/www.meydan.tv\/az\/article\/vekil-ceyhun-ceferov-ittihami-qeti-sekilde-redd-edir\/#primaryimage"},"thumbnailUrl":"https:\/\/www.meydan.tv\/wp-content\/uploads\/8045.jpg","articleSection":["X\u0259b\u0259rl\u0259r"],"inLanguage":"az"},{"@type":"WebPage","@id":"https:\/\/www.meydan.tv\/az\/article\/vekil-ceyhun-ceferov-ittihami-qeti-sekilde-redd-edir\/","url":"https:\/\/www.meydan.tv\/az\/article\/vekil-ceyhun-ceferov-ittihami-qeti-sekilde-redd-edir\/","name":"V\u0259kil: \"Ceyhun C\u0259f\u0259rov ittiham\u0131 q\u0259ti \u015f\u0259kild\u0259 r\u0259dd edir\" - MEYDAN.TV","isPartOf":{"@id":"https:\/\/www.meydan.tv\/az\/#website"},"primaryImageOfPage":{"@id":"https:\/\/www.meydan.tv\/az\/article\/vekil-ceyhun-ceferov-ittihami-qeti-sekilde-redd-edir\/#primaryimage"},"image":{"@id":"https:\/\/www.meydan.tv\/az\/article\/vekil-ceyhun-ceferov-ittihami-qeti-sekilde-redd-edir\/#primaryimage"},"thumbnailUrl":"https:\/\/www.meydan.tv\/wp-content\/uploads\/8045.jpg","datePublished":"2015-04-03T18:42:04+00:00","breadcrumb":{"@id":"https:\/\/www.meydan.tv\/az\/article\/vekil-ceyhun-ceferov-ittihami-qeti-sekilde-redd-edir\/#breadcrumb"},"inLanguage":"az","potentialAction":[{"@type":"ReadAction","target":["https:\/\/www.meydan.tv\/az\/article\/vekil-ceyhun-ceferov-ittihami-qeti-sekilde-redd-edir\/"]}]},{"@type":"ImageObject","inLanguage":"az","@id":"https:\/\/www.meydan.tv\/az\/article\/vekil-ceyhun-ceferov-ittihami-qeti-sekilde-redd-edir\/#primaryimage","url":"https:\/\/www.meydan.tv\/wp-content\/uploads\/8045.jpg","contentUrl":"https:\/\/www.meydan.tv\/wp-content\/uploads\/8045.jpg","width":400,"height":244,"caption":"Source:"},{"@type":"BreadcrumbList","@id":"https:\/\/www.meydan.tv\/az\/article\/vekil-ceyhun-ceferov-ittihami-qeti-sekilde-redd-edir\/#breadcrumb","itemListElement":[{"@type":"ListItem","position":1,"name":"Ana s\u0259hif\u0259","item":"https:\/\/www.meydan.tv\/az\/"},{"@type":"ListItem","position":2,"name":"X\u0259b\u0259rl\u0259r","item":"https:\/\/www.meydan.tv\/az\/section\/xeberler\/"},{"@type":"ListItem","position":3,"name":"V\u0259kil: &#8220;Ceyhun C\u0259f\u0259rov ittiham\u0131 q\u0259ti \u015f\u0259kild\u0259 r\u0259dd edir&#8221;"}]},{"@type":"WebSite","@id":"https:\/\/www.meydan.tv\/az\/#website","url":"https:\/\/www.meydan.tv\/az\/","name":"MEYDAN.TV","description":"Meydan TV Az\u0259rbaycan\u0131n media m\u0259kan\u0131ndak\u0131 alternativ s\u0259sidir","publisher":{"@id":"https:\/\/www.meydan.tv\/az\/#organization"},"potentialAction":[{"@type":"SearchAction","target":{"@type":"EntryPoint","urlTemplate":"https:\/\/www.meydan.tv\/az\/?s={search_term_string}"},"query-input":{"@type":"PropertyValueSpecification","valueRequired":true,"valueName":"search_term_string"}}],"inLanguage":"az"},{"@type":"Organization","@id":"https:\/\/www.meydan.tv\/az\/#organization","name":"Meydan TV","url":"https:\/\/www.meydan.tv\/az\/","logo":{"@type":"ImageObject","inLanguage":"az","@id":"https:\/\/www.meydan.tv\/az\/#\/schema\/logo\/image\/","url":"https:\/\/www.meydan.tv\/wp-content\/uploads\/2021\/07\/meydan-logo.svg","contentUrl":"https:\/\/www.meydan.tv\/wp-content\/uploads\/2021\/07\/meydan-logo.svg","width":195,"height":46,"caption":"Meydan TV"},"image":{"@id":"https:\/\/www.meydan.tv\/az\/#\/schema\/logo\/image\/"}},{"@type":"Person","@id":"https:\/\/www.meydan.tv\/az\/#\/schema\/person\/10d11eccf6da3662cf5fdab9806ea91a","name":"user-manager"}]}},"_links":{"self":[{"href":"https:\/\/www.meydan.tv\/az\/wp-json\/wp\/v2\/posts\/167432","targetHints":{"allow":["GET"]}}],"collection":[{"href":"https:\/\/www.meydan.tv\/az\/wp-json\/wp\/v2\/posts"}],"about":[{"href":"https:\/\/www.meydan.tv\/az\/wp-json\/wp\/v2\/types\/post"}],"author":[{"embeddable":true,"href":"https:\/\/www.meydan.tv\/az\/wp-json\/wp\/v2\/users\/11"}],"replies":[{"embeddable":true,"href":"https:\/\/www.meydan.tv\/az\/wp-json\/wp\/v2\/comments?post=167432"}],"version-history":[{"count":0,"href":"https:\/\/www.meydan.tv\/az\/wp-json\/wp\/v2\/posts\/167432\/revisions"}],"wp:featuredmedia":[{"embeddable":true,"href":"https:\/\/www.meydan.tv\/az\/wp-json\/wp\/v2\/media\/22182"}],"wp:attachment":[{"href":"https:\/\/www.meydan.tv\/az\/wp-json\/wp\/v2\/media?parent=167432"}],"wp:term":[{"taxonomy":"category","embeddable":true,"href":"https:\/\/www.meydan.tv\/az\/wp-json\/wp\/v2\/categories?post=167432"},{"taxonomy":"post_tag","embeddable":true,"href":"https:\/\/www.meydan.tv\/az\/wp-json\/wp\/v2\/tags?post=167432"}],"curies":[{"name":"wp","href":"https:\/\/api.w.org\/{rel}","templated":true}]}}