{"id":167431,"date":"2015-04-03T19:01:36","date_gmt":"2015-04-03T19:01:36","guid":{"rendered":"https:\/\/www.meydan.tv\/article\/istintaqa-cagirilmayan-zererceken-ifade-verdi\/"},"modified":"2015-04-03T19:01:36","modified_gmt":"2015-04-03T19:01:36","slug":"istintaqa-cagirilmayan-zererceken-ifade-verdi","status":"publish","type":"post","link":"https:\/\/www.meydan.tv\/az\/article\/istintaqa-cagirilmayan-zererceken-ifade-verdi\/","title":{"rendered":"\u0130stintaqa \u00e7a\u011f\u0131r\u0131lmayan &#8220;z\u0259r\u0259r\u00e7\u0259k\u0259n&#8221; ifad\u0259 verdi"},"content":{"rendered":"<figure class=\"wp-block-image size-large\">\n  <img decoding=\"async\" src=\"https:\/\/www.meydan.tv\/az\/22185\/\" alt=\"\" class=\"wp-image-22185\"\/><figcaption><\/figcaption><\/figure>\n<figure class=\"wp-block-image size-large\">\n  <img decoding=\"async\" src=\"https:\/\/www.meydan.tv\/az\/22185\/\" alt=\"\" class=\"wp-image-22185\"\/><figcaption><\/figcaption><\/figure>\n<p>\n  <i><br \/>\n    Abdulla Abdullayevin m\u0259hk\u0259m\u0259si davam etdirilib<br \/>\n  <\/i>\n<\/p>\n<p>\n  Aprelin 3-d\u0259 Bak\u0131 A\u011f\u0131r Cinay\u0259tl\u0259r M\u0259hk\u0259m\u0259sind\u0259 &#8220;AMAY&#8221; \u015eirk\u0259tl\u0259r Qrupunun r\u0259hb\u0259ri Abdulla Abdullayev v\u0259 t\u0259qsirl\u0259ndiril\u0259n daha 5 n\u0259f\u0259r \u00fcz\u0259rind\u0259 m\u0259hk\u0259m\u0259 prosesi davam edib.\n<\/p>\n<p>\n  Bu g\u00fcn \u0259sas\u0259n istintaq\u0131n z\u0259r\u0259r\u00e7\u0259k\u0259n qismind\u0259 tan\u0131d\u0131\u011f\u0131 \u015f\u0259xsl\u0259r dindirilib. Bu \u015f\u0259xsl\u0259rin he\u00e7 biri \u00f6z\u00fcn\u00fc z\u0259r\u0259r\u00e7\u0259k\u0259n hesab etm\u0259yib. Bu \u015f\u0259xsl\u0259r m\u0259nzil ald\u0131qlar\u0131 binan\u0131n d\u00f6vl\u0259t t\u0259r\u0259find\u0259n t\u0259hvil al\u0131nmamas\u0131na, m\u0259nzill\u0259rin t\u0259mir olunmamasna, kommunikasiya qov\u015faqlar\u0131n\u0131n tamamlanmamas\u0131na etiraz edibl\u0259r. Onlardan \u0259lav\u0259 pul al\u0131nmad\u0131\u011f\u0131n\u0131 bildiribl\u0259r v\u0259 adlar\u0131n\u0131n \u201cz\u0259r\u0259r\u00e7\u0259k\u0259n\u201dl\u0259r siyah\u0131s\u0131ndan \u00e7\u0131xar\u0131lmas\u0131n\u0131 ist\u0259yibl\u0259r. M\u0259hk\u0259m\u0259 prosesind\u0259 b\u0259lli olub ki, istintaqda dindirilm\u0259y\u0259n, ifad\u0259si al\u0131nmayan \u018fsli H\u0259s\u0259nova ittiham t\u0259r\u0259find\u0259n z\u0259r\u0259\u00e7\u0259k\u0259n kimi tan\u0131n\u0131b. Bu is\u0259 m\u00fcdafi\u0259 t\u0259r\u0259fin k\u0259skin etiraz\u0131na s\u0259b\u0259b olub. V\u0259kill\u0259r bu m\u0259qam\u0131n m\u0259hk\u0259m\u0259 protokolunda \u0259ksini tapmas\u0131n\u0131 ist\u0259yibl\u0259r.\n<\/p>\n<p>\n  Binan\u0131n indiy\u0259 kimi t\u0259hvil verilm\u0259m\u0259sin\u0259 g\u0259linc\u0259, A.Abdullayev bunun g\u00fcnahkar\u0131 kimi \u00f6lk\u0259 prokurorlu\u011funu v\u0259 Korrupsiyaya Qar\u015f\u0131 M\u00fcbariz\u0259 \u0130dar\u0259sinin biznes i\u015fin\u0259 yersiz m\u00fcdaxil\u0259l\u0259rini g\u00f6st\u0259rib. Binan\u0131n tikintisi uzun zaman ald\u0131\u011f\u0131na, bu m\u00fcdd\u0259t \u0259rzind\u0259 m\u0259nzill\u0259rin kvadratmetr sat\u0131\u015f\u0131nda qiym\u0259tl\u0259rin qalxmas\u0131na baxmayaraq, binan\u0131 tik\u0259n \u201cXudaf\u0259rin\u201d tikinti \u015firk\u0259ti qiym\u0259tl\u0259ri qald\u0131rmay\u0131b. Tikintini ba\u015fa vurmaq \u00fc\u00e7\u00fcn \u0259lav\u0259 maliyy\u0259 v\u0259saiti xahi\u015f edil\u0259n m\u00fc\u015ft\u0259ril\u0259rl\u0259 bu v\u0259saitl\u0259rin ya qaytar\u0131lmas\u0131, ya da \u0259v\u0259zind\u0259 \u0259lav\u0259 sah\u0259 verilm\u0259si kimi m\u00fcqavil\u0259 imzalan\u0131b, h\u0259r-hans\u0131 qanun pozuntusuna yol verilm\u0259yib. Bundan \u0259lav\u0259, z\u0259r\u0259r\u00e7\u0259k\u0259nl\u0259r A.Abdullayevi tan\u0131mad\u0131qlar\u0131n\u0131, ilk d\u0259f\u0259 m\u0259hk\u0259m\u0259d\u0259 g\u00f6rd\u00fckl\u0259rini, m\u00fcqavil\u0259ni binan\u0131 tik\u0259n \u201cXudaf\u0259rin\u201d \u015firk\u0259tinin r\u0259hb\u0259rliyi il\u0259 ba\u011flad\u0131qlar\u0131n\u0131 n\u0259z\u0259r\u0259 \u00e7atd\u0131r\u0131blar.\n<\/p>\n<p>\n  Daha sonra \u201cTexnikabank\u201d\u0131n n\u00fcmay\u0259nd\u0259si Ruslan Umudov m\u0259hk\u0259m\u0259d\u0259 \u00e7\u0131x\u0131\u015f edib. O, bank\u0131n 34 firmaya kredit verdiyini, amma kreditin t\u0259yinat\u0131 \u00fczr\u0259 istifad\u0259 edilib-edilm\u0259m\u0259sinin monitorinqin\u0259 kredit g\u00f6t\u00fcr\u0259n t\u0259r\u0259fin \u015f\u0259rait yaratmad\u0131\u011f\u0131n\u0131 s\u00f6yl\u0259yib. R.Umudov kredit g\u00f6t\u00fcr\u0259n \u015firk\u0259tl\u0259r aras\u0131nda &#8220;AMAY&#8221; MMC-nin olmad\u0131\u011f\u0131n\u0131 n\u0259z\u0259r\u0259 \u00e7atd\u0131r\u0131b. Bank n\u00fcmay\u0259nd\u0259si kredit g\u00f6t\u00fcr\u0259n t\u0259r\u0259fin kreditin \u0259sas hiss\u0259sini ba\u011flad\u0131\u011f\u0131n\u0131, yaln\u0131z faizl\u0259rd\u0259 borclar qald\u0131\u011f\u0131n\u0131 qeyd edib. Bank n\u00fcmay\u0259nd\u0259si m\u00fcdafi\u0259 t\u0259r\u0259fin kreditin verilm\u0259sil\u0259 ba\u011fl\u0131 dan\u0131\u015f\u0131qlarda kiml\u0259rin i\u015ftirak etm\u0259si, q\u0259rar\u0131n hans\u0131 s\u0259viyy\u0259d\u0259 q\u0259bul edilm\u0259si, dan\u0131\u015f\u0131qlar\u0131 kiml\u0259rin aparmas\u0131, kreditin limitl\u0259ri, firmalar\u0131n kredit \u00fc\u00e7\u00fcn n\u0259 zaman m\u00fcraci\u0259t etm\u0259si kimi suallar\u0131 cavabland\u0131ra bilm\u0259yib. Hakim veril\u0259n suallara haz\u0131rla\u015fa bilm\u0259k \u00fc\u00e7\u00fcn bank n\u00fcmay\u0259nd\u0259sin\u0259 bazar ert\u0259sin\u0259 kimi vaxt verib. M\u0259hk\u0259m\u0259 prosesi aprelin 6-s\u0131 saat 10:00-a t\u0259yin edilib.\n<\/p>\n<p>\n  Tan\u0131nm\u0131\u015f i\u015f adam\u0131 A.Abdullayev v\u0259 daha 5 n\u0259f\u0259r d\u0259l\u0259duzluqda, s\u0259lahiyy\u0259td\u0259n sui-istifad\u0259d\u0259, d\u00f6vl\u0259t v\u0259saitini k\u00fclli miqdarda m\u0259nims\u0259m\u0259kd\u0259, \u00e7irkli pullar\u0131 yumaqda ittiham edilirl\u0259r. T\u0259qsirl\u0259ndiril\u0259n \u015f\u0259xsl\u0259rin he\u00e7 biri ir\u0259li s\u00fcr\u00fcl\u0259n ittihamlar \u00fczr\u0259 \u00f6zl\u0259rini t\u0259qsirli bilmirl\u0259r.<\/p>\n","protected":false},"excerpt":{"rendered":"<p>Abdulla Abdullayevin m\u0259hk\u0259m\u0259si davam etdirilib<\/p>\n","protected":false},"author":11,"featured_media":22185,"comment_status":"closed","ping_status":"open","sticky":false,"template":"","format":"standard","meta":{"_acf_changed":false,"_sitemap_exclude":false,"_sitemap_priority":"","_sitemap_frequency":"","footnotes":""},"categories":[56],"tags":[],"class_list":["post-167431","post","type-post","status-publish","format-standard","has-post-thumbnail","hentry","category-xeberler","infinite-scroll-item","generate-columns","tablet-grid-50","mobile-grid-100","grid-parent","grid-33","no-featured-image-padding"],"acf":[],"yoast_head":"<!-- This site is optimized with the Yoast SEO plugin v28.4 - https:\/\/yoast.com\/product\/yoast-seo-wordpress\/ -->\n<title>\u0130stintaqa \u00e7a\u011f\u0131r\u0131lmayan &quot;z\u0259r\u0259r\u00e7\u0259k\u0259n&quot; ifad\u0259 verdi - MEYDAN.TV<\/title>\n<meta name=\"robots\" content=\"index, follow, max-snippet:-1, max-image-preview:large, max-video-preview:-1\" \/>\n<link rel=\"canonical\" href=\"https:\/\/www.meydan.tv\/az\/article\/istintaqa-cagirilmayan-zererceken-ifade-verdi\/\" \/>\n<meta property=\"og:locale\" content=\"az_AZ\" \/>\n<meta property=\"og:type\" content=\"article\" \/>\n<meta property=\"og:title\" content=\"\u0130stintaqa \u00e7a\u011f\u0131r\u0131lmayan &quot;z\u0259r\u0259r\u00e7\u0259k\u0259n&quot; ifad\u0259 verdi - MEYDAN.TV\" \/>\n<meta property=\"og:description\" content=\"Abdulla Abdullayevin m\u0259hk\u0259m\u0259si davam etdirilib\" \/>\n<meta property=\"og:url\" content=\"https:\/\/www.meydan.tv\/az\/article\/istintaqa-cagirilmayan-zererceken-ifade-verdi\/\" \/>\n<meta property=\"og:site_name\" content=\"MEYDAN.TV\" \/>\n<meta property=\"article:published_time\" content=\"2015-04-03T19:01:36+00:00\" \/>\n<meta property=\"og:image\" content=\"https:\/\/www.meydan.tv\/wp-content\/uploads\/8046.jpg\" \/>\n\t<meta property=\"og:image:width\" content=\"400\" \/>\n\t<meta property=\"og:image:height\" content=\"266\" \/>\n\t<meta property=\"og:image:type\" content=\"image\/jpeg\" \/>\n<meta name=\"twitter:card\" content=\"summary_large_image\" \/>\n<!-- \/ Yoast SEO plugin. -->","yoast_head_json":{"title":"\u0130stintaqa \u00e7a\u011f\u0131r\u0131lmayan \"z\u0259r\u0259r\u00e7\u0259k\u0259n\" ifad\u0259 verdi - MEYDAN.TV","robots":{"index":"index","follow":"follow","max-snippet":"max-snippet:-1","max-image-preview":"max-image-preview:large","max-video-preview":"max-video-preview:-1"},"canonical":"https:\/\/www.meydan.tv\/az\/article\/istintaqa-cagirilmayan-zererceken-ifade-verdi\/","og_locale":"az_AZ","og_type":"article","og_title":"\u0130stintaqa \u00e7a\u011f\u0131r\u0131lmayan \"z\u0259r\u0259r\u00e7\u0259k\u0259n\" ifad\u0259 verdi - MEYDAN.TV","og_description":"Abdulla Abdullayevin m\u0259hk\u0259m\u0259si davam etdirilib","og_url":"https:\/\/www.meydan.tv\/az\/article\/istintaqa-cagirilmayan-zererceken-ifade-verdi\/","og_site_name":"MEYDAN.TV","article_published_time":"2015-04-03T19:01:36+00:00","og_image":[{"width":400,"height":266,"url":"https:\/\/www.meydan.tv\/wp-content\/uploads\/8046.jpg","type":"image\/jpeg"}],"twitter_card":"summary_large_image","schema":{"@context":"https:\/\/schema.org","@graph":[{"@type":"Article","@id":"https:\/\/www.meydan.tv\/az\/article\/istintaqa-cagirilmayan-zererceken-ifade-verdi\/#article","isPartOf":{"@id":"https:\/\/www.meydan.tv\/az\/article\/istintaqa-cagirilmayan-zererceken-ifade-verdi\/"},"author":{"name":"user-manager","@id":"https:\/\/www.meydan.tv\/az\/#\/schema\/person\/10d11eccf6da3662cf5fdab9806ea91a"},"headline":"\u0130stintaqa \u00e7a\u011f\u0131r\u0131lmayan &#8220;z\u0259r\u0259r\u00e7\u0259k\u0259n&#8221; ifad\u0259 verdi","datePublished":"2015-04-03T19:01:36+00:00","mainEntityOfPage":{"@id":"https:\/\/www.meydan.tv\/az\/article\/istintaqa-cagirilmayan-zererceken-ifade-verdi\/"},"wordCount":637,"publisher":{"@id":"https:\/\/www.meydan.tv\/az\/#organization"},"image":{"@id":"https:\/\/www.meydan.tv\/az\/article\/istintaqa-cagirilmayan-zererceken-ifade-verdi\/#primaryimage"},"thumbnailUrl":"https:\/\/www.meydan.tv\/wp-content\/uploads\/8046.jpg","articleSection":["X\u0259b\u0259rl\u0259r"],"inLanguage":"az"},{"@type":"WebPage","@id":"https:\/\/www.meydan.tv\/az\/article\/istintaqa-cagirilmayan-zererceken-ifade-verdi\/","url":"https:\/\/www.meydan.tv\/az\/article\/istintaqa-cagirilmayan-zererceken-ifade-verdi\/","name":"\u0130stintaqa \u00e7a\u011f\u0131r\u0131lmayan \"z\u0259r\u0259r\u00e7\u0259k\u0259n\" ifad\u0259 verdi - MEYDAN.TV","isPartOf":{"@id":"https:\/\/www.meydan.tv\/az\/#website"},"primaryImageOfPage":{"@id":"https:\/\/www.meydan.tv\/az\/article\/istintaqa-cagirilmayan-zererceken-ifade-verdi\/#primaryimage"},"image":{"@id":"https:\/\/www.meydan.tv\/az\/article\/istintaqa-cagirilmayan-zererceken-ifade-verdi\/#primaryimage"},"thumbnailUrl":"https:\/\/www.meydan.tv\/wp-content\/uploads\/8046.jpg","datePublished":"2015-04-03T19:01:36+00:00","breadcrumb":{"@id":"https:\/\/www.meydan.tv\/az\/article\/istintaqa-cagirilmayan-zererceken-ifade-verdi\/#breadcrumb"},"inLanguage":"az","potentialAction":[{"@type":"ReadAction","target":["https:\/\/www.meydan.tv\/az\/article\/istintaqa-cagirilmayan-zererceken-ifade-verdi\/"]}]},{"@type":"ImageObject","inLanguage":"az","@id":"https:\/\/www.meydan.tv\/az\/article\/istintaqa-cagirilmayan-zererceken-ifade-verdi\/#primaryimage","url":"https:\/\/www.meydan.tv\/wp-content\/uploads\/8046.jpg","contentUrl":"https:\/\/www.meydan.tv\/wp-content\/uploads\/8046.jpg","width":400,"height":266,"caption":"Source:"},{"@type":"BreadcrumbList","@id":"https:\/\/www.meydan.tv\/az\/article\/istintaqa-cagirilmayan-zererceken-ifade-verdi\/#breadcrumb","itemListElement":[{"@type":"ListItem","position":1,"name":"Ana s\u0259hif\u0259","item":"https:\/\/www.meydan.tv\/az\/"},{"@type":"ListItem","position":2,"name":"X\u0259b\u0259rl\u0259r","item":"https:\/\/www.meydan.tv\/az\/section\/xeberler\/"},{"@type":"ListItem","position":3,"name":"\u0130stintaqa \u00e7a\u011f\u0131r\u0131lmayan &#8220;z\u0259r\u0259r\u00e7\u0259k\u0259n&#8221; ifad\u0259 verdi"}]},{"@type":"WebSite","@id":"https:\/\/www.meydan.tv\/az\/#website","url":"https:\/\/www.meydan.tv\/az\/","name":"MEYDAN.TV","description":"Meydan TV Az\u0259rbaycan\u0131n media m\u0259kan\u0131ndak\u0131 alternativ s\u0259sidir","publisher":{"@id":"https:\/\/www.meydan.tv\/az\/#organization"},"potentialAction":[{"@type":"SearchAction","target":{"@type":"EntryPoint","urlTemplate":"https:\/\/www.meydan.tv\/az\/?s={search_term_string}"},"query-input":{"@type":"PropertyValueSpecification","valueRequired":true,"valueName":"search_term_string"}}],"inLanguage":"az"},{"@type":"Organization","@id":"https:\/\/www.meydan.tv\/az\/#organization","name":"Meydan TV","url":"https:\/\/www.meydan.tv\/az\/","logo":{"@type":"ImageObject","inLanguage":"az","@id":"https:\/\/www.meydan.tv\/az\/#\/schema\/logo\/image\/","url":"https:\/\/www.meydan.tv\/wp-content\/uploads\/2021\/07\/meydan-logo.svg","contentUrl":"https:\/\/www.meydan.tv\/wp-content\/uploads\/2021\/07\/meydan-logo.svg","width":195,"height":46,"caption":"Meydan TV"},"image":{"@id":"https:\/\/www.meydan.tv\/az\/#\/schema\/logo\/image\/"}},{"@type":"Person","@id":"https:\/\/www.meydan.tv\/az\/#\/schema\/person\/10d11eccf6da3662cf5fdab9806ea91a","name":"user-manager"}]}},"_links":{"self":[{"href":"https:\/\/www.meydan.tv\/az\/wp-json\/wp\/v2\/posts\/167431","targetHints":{"allow":["GET"]}}],"collection":[{"href":"https:\/\/www.meydan.tv\/az\/wp-json\/wp\/v2\/posts"}],"about":[{"href":"https:\/\/www.meydan.tv\/az\/wp-json\/wp\/v2\/types\/post"}],"author":[{"embeddable":true,"href":"https:\/\/www.meydan.tv\/az\/wp-json\/wp\/v2\/users\/11"}],"replies":[{"embeddable":true,"href":"https:\/\/www.meydan.tv\/az\/wp-json\/wp\/v2\/comments?post=167431"}],"version-history":[{"count":0,"href":"https:\/\/www.meydan.tv\/az\/wp-json\/wp\/v2\/posts\/167431\/revisions"}],"wp:featuredmedia":[{"embeddable":true,"href":"https:\/\/www.meydan.tv\/az\/wp-json\/wp\/v2\/media\/22185"}],"wp:attachment":[{"href":"https:\/\/www.meydan.tv\/az\/wp-json\/wp\/v2\/media?parent=167431"}],"wp:term":[{"taxonomy":"category","embeddable":true,"href":"https:\/\/www.meydan.tv\/az\/wp-json\/wp\/v2\/categories?post=167431"},{"taxonomy":"post_tag","embeddable":true,"href":"https:\/\/www.meydan.tv\/az\/wp-json\/wp\/v2\/tags?post=167431"}],"curies":[{"name":"wp","href":"https:\/\/api.w.org\/{rel}","templated":true}]}}