{"id":167428,"date":"2015-04-03T17:22:57","date_gmt":"2015-04-03T17:22:57","guid":{"rendered":"https:\/\/www.meydan.tv\/article\/rustem-ibrahimbeyov-xerceng-xesteliyinden-eziyyet-cekirem\/"},"modified":"2015-04-03T17:22:57","modified_gmt":"2015-04-03T17:22:57","slug":"rustem-ibrahimbeyov-xerceng-xesteliyinden-eziyyet-cekirem","status":"publish","type":"post","link":"https:\/\/www.meydan.tv\/az\/article\/rustem-ibrahimbeyov-xerceng-xesteliyinden-eziyyet-cekirem\/","title":{"rendered":"R\u00fcst\u0259m \u0130brahimb\u0259yov: &#8220;X\u0259r\u00e7\u0259ng x\u0259st\u0259liyind\u0259n \u0259ziyy\u0259t \u00e7\u0259kir\u0259m&#8221;"},"content":{"rendered":"<figure class=\"wp-block-image size-large\">\n  <img decoding=\"async\" src=\"https:\/\/www.meydan.tv\/az\/22176\/\" alt=\"\" class=\"wp-image-22176\"\/><figcaption><\/figcaption><\/figure>\n<figure class=\"wp-block-image size-large\">\n  <img decoding=\"async\" src=\"https:\/\/www.meydan.tv\/az\/22176\/\" alt=\"\" class=\"wp-image-22176\"\/><figcaption><\/figcaption><\/figure>\n<p>\n  <i><br \/>\n    Tan\u0131nm\u0131\u015f dramaturq x\u0259rc\u0259ng olmas\u0131n\u0131 ilk d\u0259f\u0259 Vaqif S\u0259m\u0259do\u011flunun v\u0259fat\u0131 il\u0259 ba\u011fl\u0131 yazd\u0131\u011f\u0131 m\u0259ktubda a\u00e7\u0131qlam\u0131\u015fd\u0131<br \/>\n  <\/i>\n<\/p>\n<p>\n  Tan\u0131nm\u0131\u015f kinorejissor R\u00fcst\u0259m \u0130brahimb\u0259yov x\u0259r\u00e7\u0259ng x\u0259st\u0259liyin\u0259 tutulub. Modern.az-\u0131n m\u0259lumat\u0131na g\u00f6r\u0259, o, Bak\u0131ya g\u0259l\u0259 bilm\u0259m\u0259sinin s\u0259b\u0259bini x\u0259st\u0259liyi il\u0259 \u0259laq\u0259l\u0259ndirib: \u201cBir il\u0259 yax\u0131nd\u0131r ki, x\u0259r\u00e7\u0259ng x\u0259st\u0259liyind\u0259n \u0259ziyy\u0259t \u00e7\u0259kir\u0259m. X\u0131rdal\u0131\u011f\u0131na gedib hans\u0131 orqan\u0131mda x\u0259r\u00e7\u0259ng oldu\u011funu dem\u0259k ist\u0259mir\u0259m. H\u0259m Amerikada, h\u0259m d\u0259 burda m\u00fcalic\u0259 olunuram. Ona g\u00f6r\u0259 d\u0259 Bak\u0131ya g\u0259lm\u0259k arzum realla\u015fm\u0131r\u201d.\n<\/p>\n<p><div>\n    Tan\u0131nm\u0131\u015f kinorejissor R\u00fcst\u0259m \u0130brahimb\u0259yovun \u00a0bir m\u00fcdd\u0259t \u00f6nc\u0259 siyasi prosesl\u0259rd\u0259 ad\u0131 daha \u00e7ox hallan\u0131rd\u0131.\n  <\/div>\n<\/p>\n<p><div><\/div>\n<\/p>\n<p><div>\n    R.\u0130brahimb\u0259yov x\u0259rc\u0259ng olmas\u0131n\u0131 ilk d\u0259f\u0259 Vaqif S\u0259m\u0259do\u011flunun v\u0259fat\u0131 il\u0259 ba\u011fl\u0131 yazd\u0131\u011f\u0131 m\u0259ktubda a\u00e7\u0131qlam\u0131\u015fd\u0131.\n  <\/div><\/p>\n","protected":false},"excerpt":{"rendered":"<p>Tan\u0131nm\u0131\u015f dramaturq x\u0259rc\u0259ng olmas\u0131n\u0131 ilk d\u0259f\u0259 Vaqif S\u0259m\u0259do\u011flunun v\u0259fat\u0131 il\u0259 ba\u011fl\u0131 yazd\u0131\u011f\u0131 m\u0259ktubda a\u00e7\u0131qlam\u0131\u015fd\u0131<\/p>\n","protected":false},"author":11,"featured_media":22176,"comment_status":"closed","ping_status":"open","sticky":false,"template":"","format":"standard","meta":{"_acf_changed":false,"_sitemap_exclude":false,"_sitemap_priority":"","_sitemap_frequency":"","footnotes":""},"categories":[56],"tags":[],"class_list":["post-167428","post","type-post","status-publish","format-standard","has-post-thumbnail","hentry","category-xeberler","infinite-scroll-item","generate-columns","tablet-grid-50","mobile-grid-100","grid-parent","grid-33","no-featured-image-padding"],"acf":[],"yoast_head":"<!-- This site is optimized with the Yoast SEO plugin v28.4 - https:\/\/yoast.com\/product\/yoast-seo-wordpress\/ -->\n<title>R\u00fcst\u0259m \u0130brahimb\u0259yov: &quot;X\u0259r\u00e7\u0259ng x\u0259st\u0259liyind\u0259n \u0259ziyy\u0259t \u00e7\u0259kir\u0259m&quot; - MEYDAN.TV<\/title>\n<meta name=\"robots\" content=\"index, follow, max-snippet:-1, max-image-preview:large, max-video-preview:-1\" \/>\n<link rel=\"canonical\" href=\"https:\/\/www.meydan.tv\/az\/article\/rustem-ibrahimbeyov-xerceng-xesteliyinden-eziyyet-cekirem\/\" \/>\n<meta property=\"og:locale\" content=\"az_AZ\" \/>\n<meta property=\"og:type\" content=\"article\" \/>\n<meta property=\"og:title\" content=\"R\u00fcst\u0259m \u0130brahimb\u0259yov: &quot;X\u0259r\u00e7\u0259ng x\u0259st\u0259liyind\u0259n \u0259ziyy\u0259t \u00e7\u0259kir\u0259m&quot; - MEYDAN.TV\" \/>\n<meta property=\"og:description\" content=\"Tan\u0131nm\u0131\u015f dramaturq x\u0259rc\u0259ng olmas\u0131n\u0131 ilk d\u0259f\u0259 Vaqif S\u0259m\u0259do\u011flunun v\u0259fat\u0131 il\u0259 ba\u011fl\u0131 yazd\u0131\u011f\u0131 m\u0259ktubda a\u00e7\u0131qlam\u0131\u015fd\u0131\" \/>\n<meta property=\"og:url\" content=\"https:\/\/www.meydan.tv\/az\/article\/rustem-ibrahimbeyov-xerceng-xesteliyinden-eziyyet-cekirem\/\" \/>\n<meta property=\"og:site_name\" content=\"MEYDAN.TV\" \/>\n<meta property=\"article:published_time\" content=\"2015-04-03T17:22:57+00:00\" \/>\n<meta property=\"og:image\" content=\"https:\/\/www.meydan.tv\/wp-content\/uploads\/8043.jpg\" \/>\n\t<meta property=\"og:image:width\" content=\"400\" \/>\n\t<meta property=\"og:image:height\" content=\"300\" \/>\n\t<meta property=\"og:image:type\" content=\"image\/jpeg\" \/>\n<meta name=\"twitter:card\" content=\"summary_large_image\" \/>\n<!-- \/ Yoast SEO plugin. -->","yoast_head_json":{"title":"R\u00fcst\u0259m \u0130brahimb\u0259yov: \"X\u0259r\u00e7\u0259ng x\u0259st\u0259liyind\u0259n \u0259ziyy\u0259t \u00e7\u0259kir\u0259m\" - MEYDAN.TV","robots":{"index":"index","follow":"follow","max-snippet":"max-snippet:-1","max-image-preview":"max-image-preview:large","max-video-preview":"max-video-preview:-1"},"canonical":"https:\/\/www.meydan.tv\/az\/article\/rustem-ibrahimbeyov-xerceng-xesteliyinden-eziyyet-cekirem\/","og_locale":"az_AZ","og_type":"article","og_title":"R\u00fcst\u0259m \u0130brahimb\u0259yov: \"X\u0259r\u00e7\u0259ng x\u0259st\u0259liyind\u0259n \u0259ziyy\u0259t \u00e7\u0259kir\u0259m\" - MEYDAN.TV","og_description":"Tan\u0131nm\u0131\u015f dramaturq x\u0259rc\u0259ng olmas\u0131n\u0131 ilk d\u0259f\u0259 Vaqif S\u0259m\u0259do\u011flunun v\u0259fat\u0131 il\u0259 ba\u011fl\u0131 yazd\u0131\u011f\u0131 m\u0259ktubda a\u00e7\u0131qlam\u0131\u015fd\u0131","og_url":"https:\/\/www.meydan.tv\/az\/article\/rustem-ibrahimbeyov-xerceng-xesteliyinden-eziyyet-cekirem\/","og_site_name":"MEYDAN.TV","article_published_time":"2015-04-03T17:22:57+00:00","og_image":[{"width":400,"height":300,"url":"https:\/\/www.meydan.tv\/wp-content\/uploads\/8043.jpg","type":"image\/jpeg"}],"twitter_card":"summary_large_image","schema":{"@context":"https:\/\/schema.org","@graph":[{"@type":"Article","@id":"https:\/\/www.meydan.tv\/az\/article\/rustem-ibrahimbeyov-xerceng-xesteliyinden-eziyyet-cekirem\/#article","isPartOf":{"@id":"https:\/\/www.meydan.tv\/az\/article\/rustem-ibrahimbeyov-xerceng-xesteliyinden-eziyyet-cekirem\/"},"author":{"name":"user-manager","@id":"https:\/\/www.meydan.tv\/az\/#\/schema\/person\/10d11eccf6da3662cf5fdab9806ea91a"},"headline":"R\u00fcst\u0259m \u0130brahimb\u0259yov: &#8220;X\u0259r\u00e7\u0259ng x\u0259st\u0259liyind\u0259n \u0259ziyy\u0259t \u00e7\u0259kir\u0259m&#8221;","datePublished":"2015-04-03T17:22:57+00:00","mainEntityOfPage":{"@id":"https:\/\/www.meydan.tv\/az\/article\/rustem-ibrahimbeyov-xerceng-xesteliyinden-eziyyet-cekirem\/"},"wordCount":189,"publisher":{"@id":"https:\/\/www.meydan.tv\/az\/#organization"},"image":{"@id":"https:\/\/www.meydan.tv\/az\/article\/rustem-ibrahimbeyov-xerceng-xesteliyinden-eziyyet-cekirem\/#primaryimage"},"thumbnailUrl":"https:\/\/www.meydan.tv\/wp-content\/uploads\/8043.jpg","articleSection":["X\u0259b\u0259rl\u0259r"],"inLanguage":"az"},{"@type":"WebPage","@id":"https:\/\/www.meydan.tv\/az\/article\/rustem-ibrahimbeyov-xerceng-xesteliyinden-eziyyet-cekirem\/","url":"https:\/\/www.meydan.tv\/az\/article\/rustem-ibrahimbeyov-xerceng-xesteliyinden-eziyyet-cekirem\/","name":"R\u00fcst\u0259m \u0130brahimb\u0259yov: \"X\u0259r\u00e7\u0259ng x\u0259st\u0259liyind\u0259n \u0259ziyy\u0259t \u00e7\u0259kir\u0259m\" - MEYDAN.TV","isPartOf":{"@id":"https:\/\/www.meydan.tv\/az\/#website"},"primaryImageOfPage":{"@id":"https:\/\/www.meydan.tv\/az\/article\/rustem-ibrahimbeyov-xerceng-xesteliyinden-eziyyet-cekirem\/#primaryimage"},"image":{"@id":"https:\/\/www.meydan.tv\/az\/article\/rustem-ibrahimbeyov-xerceng-xesteliyinden-eziyyet-cekirem\/#primaryimage"},"thumbnailUrl":"https:\/\/www.meydan.tv\/wp-content\/uploads\/8043.jpg","datePublished":"2015-04-03T17:22:57+00:00","breadcrumb":{"@id":"https:\/\/www.meydan.tv\/az\/article\/rustem-ibrahimbeyov-xerceng-xesteliyinden-eziyyet-cekirem\/#breadcrumb"},"inLanguage":"az","potentialAction":[{"@type":"ReadAction","target":["https:\/\/www.meydan.tv\/az\/article\/rustem-ibrahimbeyov-xerceng-xesteliyinden-eziyyet-cekirem\/"]}]},{"@type":"ImageObject","inLanguage":"az","@id":"https:\/\/www.meydan.tv\/az\/article\/rustem-ibrahimbeyov-xerceng-xesteliyinden-eziyyet-cekirem\/#primaryimage","url":"https:\/\/www.meydan.tv\/wp-content\/uploads\/8043.jpg","contentUrl":"https:\/\/www.meydan.tv\/wp-content\/uploads\/8043.jpg","width":400,"height":300,"caption":"Source:"},{"@type":"BreadcrumbList","@id":"https:\/\/www.meydan.tv\/az\/article\/rustem-ibrahimbeyov-xerceng-xesteliyinden-eziyyet-cekirem\/#breadcrumb","itemListElement":[{"@type":"ListItem","position":1,"name":"Ana s\u0259hif\u0259","item":"https:\/\/www.meydan.tv\/az\/"},{"@type":"ListItem","position":2,"name":"X\u0259b\u0259rl\u0259r","item":"https:\/\/www.meydan.tv\/az\/section\/xeberler\/"},{"@type":"ListItem","position":3,"name":"R\u00fcst\u0259m \u0130brahimb\u0259yov: &#8220;X\u0259r\u00e7\u0259ng x\u0259st\u0259liyind\u0259n \u0259ziyy\u0259t \u00e7\u0259kir\u0259m&#8221;"}]},{"@type":"WebSite","@id":"https:\/\/www.meydan.tv\/az\/#website","url":"https:\/\/www.meydan.tv\/az\/","name":"MEYDAN.TV","description":"Meydan TV Az\u0259rbaycan\u0131n media m\u0259kan\u0131ndak\u0131 alternativ s\u0259sidir","publisher":{"@id":"https:\/\/www.meydan.tv\/az\/#organization"},"potentialAction":[{"@type":"SearchAction","target":{"@type":"EntryPoint","urlTemplate":"https:\/\/www.meydan.tv\/az\/?s={search_term_string}"},"query-input":{"@type":"PropertyValueSpecification","valueRequired":true,"valueName":"search_term_string"}}],"inLanguage":"az"},{"@type":"Organization","@id":"https:\/\/www.meydan.tv\/az\/#organization","name":"Meydan TV","url":"https:\/\/www.meydan.tv\/az\/","logo":{"@type":"ImageObject","inLanguage":"az","@id":"https:\/\/www.meydan.tv\/az\/#\/schema\/logo\/image\/","url":"https:\/\/www.meydan.tv\/wp-content\/uploads\/2021\/07\/meydan-logo.svg","contentUrl":"https:\/\/www.meydan.tv\/wp-content\/uploads\/2021\/07\/meydan-logo.svg","width":195,"height":46,"caption":"Meydan TV"},"image":{"@id":"https:\/\/www.meydan.tv\/az\/#\/schema\/logo\/image\/"}},{"@type":"Person","@id":"https:\/\/www.meydan.tv\/az\/#\/schema\/person\/10d11eccf6da3662cf5fdab9806ea91a","name":"user-manager"}]}},"_links":{"self":[{"href":"https:\/\/www.meydan.tv\/az\/wp-json\/wp\/v2\/posts\/167428","targetHints":{"allow":["GET"]}}],"collection":[{"href":"https:\/\/www.meydan.tv\/az\/wp-json\/wp\/v2\/posts"}],"about":[{"href":"https:\/\/www.meydan.tv\/az\/wp-json\/wp\/v2\/types\/post"}],"author":[{"embeddable":true,"href":"https:\/\/www.meydan.tv\/az\/wp-json\/wp\/v2\/users\/11"}],"replies":[{"embeddable":true,"href":"https:\/\/www.meydan.tv\/az\/wp-json\/wp\/v2\/comments?post=167428"}],"version-history":[{"count":0,"href":"https:\/\/www.meydan.tv\/az\/wp-json\/wp\/v2\/posts\/167428\/revisions"}],"wp:featuredmedia":[{"embeddable":true,"href":"https:\/\/www.meydan.tv\/az\/wp-json\/wp\/v2\/media\/22176"}],"wp:attachment":[{"href":"https:\/\/www.meydan.tv\/az\/wp-json\/wp\/v2\/media?parent=167428"}],"wp:term":[{"taxonomy":"category","embeddable":true,"href":"https:\/\/www.meydan.tv\/az\/wp-json\/wp\/v2\/categories?post=167428"},{"taxonomy":"post_tag","embeddable":true,"href":"https:\/\/www.meydan.tv\/az\/wp-json\/wp\/v2\/tags?post=167428"}],"curies":[{"name":"wp","href":"https:\/\/api.w.org\/{rel}","templated":true}]}}