{"id":167427,"date":"2015-04-03T17:00:00","date_gmt":"2015-04-03T17:00:00","guid":{"rendered":"https:\/\/www.meydan.tv\/article\/mehriban-zeynalovanin-dediklerine-bu-defe-filipinli-qizin-vekilleri-cavab-verir\/"},"modified":"2015-04-03T17:00:00","modified_gmt":"2015-04-03T17:00:00","slug":"mehriban-zeynalovanin-dediklerine-bu-defe-filipinli-qizin-vekilleri-cavab-verir","status":"publish","type":"post","link":"https:\/\/www.meydan.tv\/az\/article\/mehriban-zeynalovanin-dediklerine-bu-defe-filipinli-qizin-vekilleri-cavab-verir\/","title":{"rendered":"Mehriban Zeynalovan\u0131n dedikl\u0259rin\u0259 bu d\u0259f\u0259 filipinli q\u0131z\u0131n v\u0259kill\u0259ri cavab verir"},"content":{"rendered":"<figure class=\"wp-block-image size-large\">\n  <img decoding=\"async\" src=\"https:\/\/www.meydan.tv\/az\/22167\/\" alt=\"\" class=\"wp-image-22167\"\/><figcaption><\/figcaption><\/figure>\n<figure class=\"wp-block-image size-large\">\n  <img decoding=\"async\" src=\"https:\/\/www.meydan.tv\/az\/22167\/\" alt=\"\" class=\"wp-image-22167\"\/><figcaption><\/figcaption><\/figure>\n<p>\n  <i><br \/>\n    \u018f.\u018fliyev: \u201c\u201c\u0130nsan alveri qurban\u0131n\u0131n \u00f6lk\u0259d\u0259n c\u0131xar\u0131lmas\u0131na \u015f\u0259rait yaratmaq yolverilm\u0259zdir\u201d<br \/>\n  <\/i>\n<\/p>\n<p>\n  <br \/>\n  Filipin v\u0259t\u0259nda\u015f\u0131 Llanto Fe Diaz\u0131n\u00a0Meydan Tv-y\u0259 m\u00fcsahib\u0259sind\u0259n sonra \u201cT\u0259miz D\u00fcnya\u201d \u0130ctimai Birliyinin s\u0259dri Mehriban Zeynalova haqq\u0131ndak\u0131 ittihamlara cavab verdi. O, fillipinli qad\u0131n\u0131n yalan dan\u0131\u015fd\u0131\u011f\u0131n\u0131, m\u0259hk\u0259m\u0259 h\u00f6km\u00fcn\u00fc Diazdan gizl\u0259tm\u0259sinin m\u00fcmk\u00fcns\u00fcz oldu\u011funu bildirdi:\n<\/p>\n<p>\n  \u201cL.Diaz qeyd edir ki, guya, Mehriban Zeynalova m\u0259hk\u0259m\u0259nin h\u00f6km\u00fcn\u00fc gizl\u0259tmi\u015f v\u0259 Ali M\u0259hk\u0259m\u0259y\u0259 \u015fikay\u0259t verilm\u0259sin\u0259 mane\u00e7ilik t\u00f6r\u0259tmi\u015fdir.\u00a0 L.Diaz\u0131n \u0259vv\u0259l dedikl\u0259ri kimi, bu dediyi d\u0259 h\u0259qiq\u0259t\u0259uy\u011fun deyil. Bel\u0259 ki, Az\u0259rbaycan Respublikas\u0131n\u0131n Cinay\u0259t Prosessual M\u0259c\u0259ll\u0259sin\u0259 \u0259sas\u0259n, m\u0259hk\u0259m\u0259 h\u00f6km\u00fc, z\u0259r\u0259r\u00e7\u0259k\u0259n\u0259 v\u0259 onun n\u00fcmay\u0259nd\u0259l\u0259rin\u0259 po\u00e7t vasit\u0259sil\u0259 g\u00f6nd\u0259rilir. Bu, o dem\u0259kdir ki, m\u0259hk\u0259m\u0259 h\u00f6km\u00fc L.Diazla yana\u015f\u0131 onun v\u0259kill\u0259rin\u0259 d\u0259, g\u00f6nd\u0259rilmi\u015fdir. Mehriban\u00a0Zeynalova\u00a0\u00a0uzun ill\u0259r insan alveri qurbanlar\u0131n\u0131 m\u0259hk\u0259m\u0259l\u0259rd\u0259 m\u00fcdafi\u0259 ed\u0259n \u015f\u0259xs kimi, bunu bilir.\u00a0 L.Diaz\u0131n v\u0259kill\u0259rinin h\u0259min h\u00f6km\u00fc al\u0131b, ondan kassasiya \u015fikay\u0259ti verm\u0259k imkanlar\u0131 olmu\u015fdur\u201d.\n<\/p>\n<p>\n  Bu a\u00e7\u0131qlamaya\u00a0 L.Diaz\u0131n v\u0259kill\u0259ri- \u018fl\u00f6vs\u0259t \u018fliyev v\u0259 El\u00e7in Sad\u0131qov m\u00fcnasib\u0259t bildirib. H\u0259r iki v\u0259kil Meydan Tv-y\u0259 a\u00e7\u0131qlamas\u0131nda bildirib ki, onlar m\u0259lum h\u00f6km\u00fc almay\u0131blar.\n<\/p>\n<p>\n  Haz\u0131rda Almaniyada ya\u015fayan \u018fl\u00f6vs\u0259t \u018fliyev deyir ki, Mehriban Zeynalovan\u0131n yenid\u0259n onun ad\u0131n\u0131 \u00e7\u0259kdiyi \u00fc\u00e7\u00fcn t\u0259\u0259ss\u00fcfl\u0259ns\u0259 d\u0259, sor\u011fuya cavab verm\u0259y\u0259 m\u0259cburdur:\n<\/p>\n<p>\n  \u201cMehriban yalan dan\u0131\u015f\u0131r. M\u0259n \u00f6lk\u0259ni aprelin 19-da t\u0259rk etmi\u015f\u0259m. H\u00f6km is\u0259 19 mayda \u00e7\u0131x\u0131b. M\u0259n \u00f6lk\u0259ni t\u0259rk ed\u0259nd\u0259n sonra 4 d\u0259f\u0259 m\u0259hk\u0259m\u0259 prosesi ke\u00e7irilib. M\u0259n o proseslerd\u0259 i\u015ftirak ed\u0259 bilm\u0259mi\u015f\u0259m. \u00d6lk\u0259d\u0259 olmad\u0131\u011f\u0131m halda, m\u0259hk\u0259m\u0259nin h\u00f6km\u00fc m\u0259n\u0259 nec\u0259 g\u00f6nd\u0259ril\u0259 bil\u0259rdi? M\u0259hk\u0259m\u0259 ba\u015flayan zaman Diazin ya\u015fay\u0131\u015f yeri kimi Mehriban\u0131n s\u0131\u011f\u0131naca\u011f\u0131n\u0131n \u00fcnvan\u0131 g\u00f6st\u0259rilmi\u015fdi. \u00c7\u00fcnk\u00fc o, h\u0259qiq\u0259t\u0259n, orada ya\u015fay\u0131rd\u0131. Ona g\u00f6r\u0259 d\u0259, h\u00f6km Mehriban xan\u0131m\u0131n s\u0131\u011f\u0131naca\u011f\u0131na g\u00f6nd\u0259rilmi\u015fdi. Mehriban xan\u0131m da h\u0259min h\u00f6km\u00fc d\u0259rhal verm\u0259li idi\u201d.\n<\/p>\n<p>\n  V\u0259kil daha sonra bildirir ki, o, \u00f6lk\u0259ni t\u0259rk etdiyind\u0259n, proses\u0259 yaln\u0131z Mehriban Zeynalovan\u0131n t\u0259\u015fkilat\u0131ndan olan Abbas \u0130smay\u0131lov \u00e7\u0131x\u0131b:<br \/>\n  <br \/>\n  \u201cH\u00f6km c\u0131xan zaman Abbas i\u015ftirak etmi\u015fdi v\u0259 h\u00f6kmd\u0259 d\u0259 onun ad\u0131 n\u00fcmay\u0259nd\u0259 kimi g\u00f6st\u0259rilib. Abbas da Mehriban xan\u0131m\u0131n i\u015f\u00e7isi idi. H\u00f6kmd\u0259 ad\u0131 oldu\u011funa g\u00f6r\u0259 d\u0259, h\u00f6km\u00fcn s\u00fcr\u0259tl\u0259ri Mehribana v\u0259 Abbasa g\u00f6nd\u0259rilib. O zaman n\u0259 m\u0259n, n\u0259 d\u0259 El\u00e7in Sad\u0131qov bu i\u015fd\u0259 olmu\u015fuq. El\u00e7in Sad\u0131qov sonradan bu prosese qo\u015fulub\u201d.<\/p>\n<p>  V\u0259kil M.Zeynalovan\u0131n Diaz\u0131n \u00f6z ist\u0259yi il\u0259 getm\u0259si haqda dedikl\u0259rin\u0259 d\u0259 m\u00fcnasib\u0259t bildirib:<br \/>\n  <br \/>\n  \u201c\u018fvv\u0259l iddia edirdil\u0259r ki, xan\u0131m \u0259riz\u0259 verib ki, k\u00f6n\u00fcll\u00fc getm\u0259k ist\u0259yir.\u00a0 B\u0259s han\u0131 onun \u0259riz\u0259si? Niy\u0259 n\u00fcmayi\u015f etdirmirl\u0259r?\u00a0 Niy\u0259 ona hans\u0131\u00a0 pulla biletin al\u0131nmas\u0131n\u0131n \u00fcst\u00fcnd\u0259n ke\u00e7irl\u0259r?\u00a0 Niy\u0259 h\u0259min \u0259r\u0259f\u0259d\u0259 Yard\u0131m Fondunun hesab\u0131na k\u00f6\u00e7\u00fcr\u00fcl\u0259n pullar haqq\u0131nda v\u0259 pullar\u0131 kimin k\u00f6\u00e7\u00fcrm\u0259si haqq\u0131nda median\u0131n sor\u011fular\u0131 cavabland\u0131r\u0131lm\u0131r? B\u0259lk\u0259 onun s\u0131\u011f\u0131nacaqda oldu\u011fu m\u00fcdd\u0259td\u0259 qanunsuz \u0259m\u0259k f\u0259aliyy\u0259tin\u0259 c\u0259lb olunmas\u0131 fakt\u0131 da olmay\u0131b? N\u00f6vb\u0259ti bir ittiham odur ki, Diaz viza \u00fc\u00e7\u00fcn m\u00fcraci\u0259t yazmay\u0131b. O, d\u0259f\u0259l\u0259rl\u0259 viza \u00fc\u00e7\u00fcn m\u00fcraci\u0259t\u00a0 etmi\u015fdi. B\u00fct\u00fcn \u00fcmidl\u0259ri it\u0259nd\u0259n sonra m\u0259n m\u0259sl\u0259h\u0259t verdim ki, BMT QAK-a m\u00fcraci\u0259t etsin. O da bunu etdi. \u018fg\u0259r vizaya r\u0259dd cavab\u0131 verilm\u0259s\u0259ydi, o, BMT QAK-\u0131n Bak\u0131 ofisin\u0259 m\u00fcraci\u0259t ed\u0259r\u0259k, himay\u0259 s\u0259n\u0259di ist\u0259m\u0259zdi. Onun BMT-y\u0259 m\u00fcraci\u0259t etm\u0259si bar\u0259d\u0259 s\u0259n\u0259di \u00f6z\u00fc d\u0259 payla\u015f\u0131b. Eyni zamanda, onu i\u015f\u0259 g\u00f6t\u00fcrm\u0259k ist\u0259y\u0259nl\u0259r d\u0259 d\u0259f\u0259l\u0259r\u0259 viza \u00fc\u00e7\u00fcn Miqrasiya Xidm\u0259tin\u0259 r\u0259smi m\u00fcraci\u0259t edibl\u0259r\u201d.\n<\/p>\n<p>\n  \u018f.\u018fliyev sonda deyib ki, o, bu c\u00fcr yalanlar\u0131n n\u0259y\u0259 laz\u0131m olmas\u0131n\u0131 ba\u015fa d\u00fc\u015f\u0259 bilmir: \u201c\u0130nsan alveri qurban\u0131n\u0131n \u00f6lk\u0259d\u0259n c\u0131xar\u0131lmas\u0131nda i\u015ftirak etm\u0259k v\u0259 ya ona \u015f\u0259rait yaratmaq, onun m\u00fcdafi\u0259 h\u00fcququnu m\u0259hdudla\u015fdirmaq yolverilm\u0259zdir. H\u00fcquqi d\u00f6vl\u0259tl\u0259rd\u0259 bu kimi hallara h\u00fcquq-m\u00fchafiz\u0259 orqanlar\u0131 qiym\u0259t verm\u0259lidir. \u0130nsan alveri qurban\u0131n\u0131n \u00f6lk\u0259d\u0259n deportasiyas\u0131 v\u0259 onun m\u0259hk\u0259m\u0259 prosesl\u0259rind\u0259n qanunsuz olaraq k\u0259narla\u015fd\u0131r\u0131lmas\u0131 bu i\u015fd\u0259 birba\u015fa insan alver\u00e7isinin maraqlar\u0131na hesablan\u0131b\u201d.<\/p>\n<figure class=\"wp-block-image size-large\">\n  <img decoding=\"async\" src=\"https:\/\/www.meydan.tv\/az\/22170\/\" alt=\"\" class=\"wp-image-22170\"\/><figcaption><\/figcaption><\/figure>\n<p>\n  Diaz\u0131n dig\u0259r v\u0259kili El\u00e7in Sad\u0131qov bildirib ki, o, proses\u0259 Apellyasiya M\u0259hk\u0259m\u0259sind\u0259n sonra qo\u015fulub:\u00a0 \u201cM\u0259n\u0259 h\u00f6km g\u0259lm\u0259yib. M\u0259n h\u0259min h\u00f6km\u00fc Bak\u0131 Apellyasiya M\u0259hk\u0259m\u0259sin\u0259 \u0259riz\u0259 il\u0259 m\u00fcraci\u0259t edib, sonradan alm\u0131\u015fam. D\u0259qiq g\u00fcn\u00fc xat\u0131rlam\u0131ram, h\u00f6km\u00fc t\u0259xmin\u0259n 2014-c\u00fc ilin noyabr ay\u0131nda alm\u0131\u015fam. \u00dcmumiyy\u0259tl\u0259, Apellyasiya M\u0259hk\u0259m\u0259sind\u0259 m\u0259n Diaz\u0131n v\u0259kili olmam\u0131\u015fam. Proses\u0259 sonradan, i\u015fin\u00a0 Ali M\u0259hk\u0259m\u0259y\u0259 g\u00f6nd\u0259rilm\u0259si \u00fc\u00e7\u00fcn qo\u015fulmu\u015fam. Q\u0259rar\u0131 alandan sonra da, m\u00fcvafiq qaydada kassasiya \u015fikay\u0259ti vermi\u015fik\u201d.\n<\/p>\n<p>\n  V\u0259kil bildirib ki, Diaz\u0131n \u00f6lk\u0259d\u0259n \u00e7\u0131xar\u0131lark\u0259n onunla \u0259laq\u0259 saxlaya bilm\u0259m\u0259si haqda dedikl\u0259ri h\u0259qiq\u0259tdir: \u201cB\u0259li, Diaz\u0131n dediyi kimi olmu\u015fdu. Onun telefonunu al\u0131b, m\u0259n\u0259 z\u0259ng vurmas\u0131na imkan verm\u0259mi\u015fdil\u0259r\u201d.<\/p>\n","protected":false},"excerpt":{"rendered":"<p>\u018f.\u018fliyev: \u201c\u201c\u0130nsan alveri qurban\u0131n\u0131n \u00f6lk\u0259d\u0259n c\u0131xar\u0131lmas\u0131na \u015f\u0259rait yaratmaq yolverilm\u0259zdir\u201d<\/p>\n","protected":false},"author":11,"featured_media":22167,"comment_status":"closed","ping_status":"open","sticky":false,"template":"","format":"standard","meta":{"_acf_changed":false,"_sitemap_exclude":false,"_sitemap_priority":"","_sitemap_frequency":"","footnotes":""},"categories":[56],"tags":[],"class_list":["post-167427","post","type-post","status-publish","format-standard","has-post-thumbnail","hentry","category-xeberler","infinite-scroll-item","generate-columns","tablet-grid-50","mobile-grid-100","grid-parent","grid-33","no-featured-image-padding"],"acf":[],"yoast_head":"<!-- This site is optimized with the Yoast SEO plugin v28.4 - https:\/\/yoast.com\/product\/yoast-seo-wordpress\/ -->\n<title>Mehriban Zeynalovan\u0131n dedikl\u0259rin\u0259 bu d\u0259f\u0259 filipinli q\u0131z\u0131n v\u0259kill\u0259ri cavab verir - MEYDAN.TV<\/title>\n<meta name=\"robots\" content=\"index, follow, max-snippet:-1, max-image-preview:large, max-video-preview:-1\" \/>\n<link rel=\"canonical\" href=\"https:\/\/www.meydan.tv\/az\/article\/mehriban-zeynalovanin-dediklerine-bu-defe-filipinli-qizin-vekilleri-cavab-verir\/\" \/>\n<meta property=\"og:locale\" content=\"az_AZ\" \/>\n<meta property=\"og:type\" content=\"article\" \/>\n<meta property=\"og:title\" content=\"Mehriban Zeynalovan\u0131n dedikl\u0259rin\u0259 bu d\u0259f\u0259 filipinli q\u0131z\u0131n v\u0259kill\u0259ri cavab verir - MEYDAN.TV\" \/>\n<meta property=\"og:description\" content=\"\u018f.\u018fliyev: \u201c\u201c\u0130nsan alveri qurban\u0131n\u0131n \u00f6lk\u0259d\u0259n c\u0131xar\u0131lmas\u0131na \u015f\u0259rait yaratmaq yolverilm\u0259zdir\u201d\" \/>\n<meta property=\"og:url\" content=\"https:\/\/www.meydan.tv\/az\/article\/mehriban-zeynalovanin-dediklerine-bu-defe-filipinli-qizin-vekilleri-cavab-verir\/\" \/>\n<meta property=\"og:site_name\" content=\"MEYDAN.TV\" \/>\n<meta property=\"article:published_time\" content=\"2015-04-03T17:00:00+00:00\" \/>\n<meta property=\"og:image\" content=\"https:\/\/www.meydan.tv\/wp-content\/uploads\/8041.jpg\" \/>\n\t<meta property=\"og:image:width\" content=\"533\" \/>\n\t<meta property=\"og:image:height\" content=\"400\" \/>\n\t<meta property=\"og:image:type\" content=\"image\/jpeg\" \/>\n<meta name=\"twitter:card\" content=\"summary_large_image\" \/>\n<!-- \/ Yoast SEO plugin. -->","yoast_head_json":{"title":"Mehriban Zeynalovan\u0131n dedikl\u0259rin\u0259 bu d\u0259f\u0259 filipinli q\u0131z\u0131n v\u0259kill\u0259ri cavab verir - MEYDAN.TV","robots":{"index":"index","follow":"follow","max-snippet":"max-snippet:-1","max-image-preview":"max-image-preview:large","max-video-preview":"max-video-preview:-1"},"canonical":"https:\/\/www.meydan.tv\/az\/article\/mehriban-zeynalovanin-dediklerine-bu-defe-filipinli-qizin-vekilleri-cavab-verir\/","og_locale":"az_AZ","og_type":"article","og_title":"Mehriban Zeynalovan\u0131n dedikl\u0259rin\u0259 bu d\u0259f\u0259 filipinli q\u0131z\u0131n v\u0259kill\u0259ri cavab verir - MEYDAN.TV","og_description":"\u018f.\u018fliyev: \u201c\u201c\u0130nsan alveri qurban\u0131n\u0131n \u00f6lk\u0259d\u0259n c\u0131xar\u0131lmas\u0131na \u015f\u0259rait yaratmaq yolverilm\u0259zdir\u201d","og_url":"https:\/\/www.meydan.tv\/az\/article\/mehriban-zeynalovanin-dediklerine-bu-defe-filipinli-qizin-vekilleri-cavab-verir\/","og_site_name":"MEYDAN.TV","article_published_time":"2015-04-03T17:00:00+00:00","og_image":[{"width":533,"height":400,"url":"https:\/\/www.meydan.tv\/wp-content\/uploads\/8041.jpg","type":"image\/jpeg"}],"twitter_card":"summary_large_image","schema":{"@context":"https:\/\/schema.org","@graph":[{"@type":"Article","@id":"https:\/\/www.meydan.tv\/az\/article\/mehriban-zeynalovanin-dediklerine-bu-defe-filipinli-qizin-vekilleri-cavab-verir\/#article","isPartOf":{"@id":"https:\/\/www.meydan.tv\/az\/article\/mehriban-zeynalovanin-dediklerine-bu-defe-filipinli-qizin-vekilleri-cavab-verir\/"},"author":{"name":"user-manager","@id":"https:\/\/www.meydan.tv\/az\/#\/schema\/person\/10d11eccf6da3662cf5fdab9806ea91a"},"headline":"Mehriban Zeynalovan\u0131n dedikl\u0259rin\u0259 bu d\u0259f\u0259 filipinli q\u0131z\u0131n v\u0259kill\u0259ri cavab verir","datePublished":"2015-04-03T17:00:00+00:00","mainEntityOfPage":{"@id":"https:\/\/www.meydan.tv\/az\/article\/mehriban-zeynalovanin-dediklerine-bu-defe-filipinli-qizin-vekilleri-cavab-verir\/"},"wordCount":1069,"publisher":{"@id":"https:\/\/www.meydan.tv\/az\/#organization"},"image":{"@id":"https:\/\/www.meydan.tv\/az\/article\/mehriban-zeynalovanin-dediklerine-bu-defe-filipinli-qizin-vekilleri-cavab-verir\/#primaryimage"},"thumbnailUrl":"https:\/\/www.meydan.tv\/wp-content\/uploads\/8041.jpg","articleSection":["X\u0259b\u0259rl\u0259r"],"inLanguage":"az"},{"@type":"WebPage","@id":"https:\/\/www.meydan.tv\/az\/article\/mehriban-zeynalovanin-dediklerine-bu-defe-filipinli-qizin-vekilleri-cavab-verir\/","url":"https:\/\/www.meydan.tv\/az\/article\/mehriban-zeynalovanin-dediklerine-bu-defe-filipinli-qizin-vekilleri-cavab-verir\/","name":"Mehriban Zeynalovan\u0131n dedikl\u0259rin\u0259 bu d\u0259f\u0259 filipinli q\u0131z\u0131n v\u0259kill\u0259ri cavab verir - MEYDAN.TV","isPartOf":{"@id":"https:\/\/www.meydan.tv\/az\/#website"},"primaryImageOfPage":{"@id":"https:\/\/www.meydan.tv\/az\/article\/mehriban-zeynalovanin-dediklerine-bu-defe-filipinli-qizin-vekilleri-cavab-verir\/#primaryimage"},"image":{"@id":"https:\/\/www.meydan.tv\/az\/article\/mehriban-zeynalovanin-dediklerine-bu-defe-filipinli-qizin-vekilleri-cavab-verir\/#primaryimage"},"thumbnailUrl":"https:\/\/www.meydan.tv\/wp-content\/uploads\/8041.jpg","datePublished":"2015-04-03T17:00:00+00:00","breadcrumb":{"@id":"https:\/\/www.meydan.tv\/az\/article\/mehriban-zeynalovanin-dediklerine-bu-defe-filipinli-qizin-vekilleri-cavab-verir\/#breadcrumb"},"inLanguage":"az","potentialAction":[{"@type":"ReadAction","target":["https:\/\/www.meydan.tv\/az\/article\/mehriban-zeynalovanin-dediklerine-bu-defe-filipinli-qizin-vekilleri-cavab-verir\/"]}]},{"@type":"ImageObject","inLanguage":"az","@id":"https:\/\/www.meydan.tv\/az\/article\/mehriban-zeynalovanin-dediklerine-bu-defe-filipinli-qizin-vekilleri-cavab-verir\/#primaryimage","url":"https:\/\/www.meydan.tv\/wp-content\/uploads\/8041.jpg","contentUrl":"https:\/\/www.meydan.tv\/wp-content\/uploads\/8041.jpg","width":533,"height":400,"caption":"Source:"},{"@type":"BreadcrumbList","@id":"https:\/\/www.meydan.tv\/az\/article\/mehriban-zeynalovanin-dediklerine-bu-defe-filipinli-qizin-vekilleri-cavab-verir\/#breadcrumb","itemListElement":[{"@type":"ListItem","position":1,"name":"Ana s\u0259hif\u0259","item":"https:\/\/www.meydan.tv\/az\/"},{"@type":"ListItem","position":2,"name":"X\u0259b\u0259rl\u0259r","item":"https:\/\/www.meydan.tv\/az\/section\/xeberler\/"},{"@type":"ListItem","position":3,"name":"Mehriban Zeynalovan\u0131n dedikl\u0259rin\u0259 bu d\u0259f\u0259 filipinli q\u0131z\u0131n v\u0259kill\u0259ri cavab verir"}]},{"@type":"WebSite","@id":"https:\/\/www.meydan.tv\/az\/#website","url":"https:\/\/www.meydan.tv\/az\/","name":"MEYDAN.TV","description":"Meydan TV Az\u0259rbaycan\u0131n media m\u0259kan\u0131ndak\u0131 alternativ s\u0259sidir","publisher":{"@id":"https:\/\/www.meydan.tv\/az\/#organization"},"potentialAction":[{"@type":"SearchAction","target":{"@type":"EntryPoint","urlTemplate":"https:\/\/www.meydan.tv\/az\/?s={search_term_string}"},"query-input":{"@type":"PropertyValueSpecification","valueRequired":true,"valueName":"search_term_string"}}],"inLanguage":"az"},{"@type":"Organization","@id":"https:\/\/www.meydan.tv\/az\/#organization","name":"Meydan TV","url":"https:\/\/www.meydan.tv\/az\/","logo":{"@type":"ImageObject","inLanguage":"az","@id":"https:\/\/www.meydan.tv\/az\/#\/schema\/logo\/image\/","url":"https:\/\/www.meydan.tv\/wp-content\/uploads\/2021\/07\/meydan-logo.svg","contentUrl":"https:\/\/www.meydan.tv\/wp-content\/uploads\/2021\/07\/meydan-logo.svg","width":195,"height":46,"caption":"Meydan TV"},"image":{"@id":"https:\/\/www.meydan.tv\/az\/#\/schema\/logo\/image\/"}},{"@type":"Person","@id":"https:\/\/www.meydan.tv\/az\/#\/schema\/person\/10d11eccf6da3662cf5fdab9806ea91a","name":"user-manager"}]}},"_links":{"self":[{"href":"https:\/\/www.meydan.tv\/az\/wp-json\/wp\/v2\/posts\/167427","targetHints":{"allow":["GET"]}}],"collection":[{"href":"https:\/\/www.meydan.tv\/az\/wp-json\/wp\/v2\/posts"}],"about":[{"href":"https:\/\/www.meydan.tv\/az\/wp-json\/wp\/v2\/types\/post"}],"author":[{"embeddable":true,"href":"https:\/\/www.meydan.tv\/az\/wp-json\/wp\/v2\/users\/11"}],"replies":[{"embeddable":true,"href":"https:\/\/www.meydan.tv\/az\/wp-json\/wp\/v2\/comments?post=167427"}],"version-history":[{"count":0,"href":"https:\/\/www.meydan.tv\/az\/wp-json\/wp\/v2\/posts\/167427\/revisions"}],"wp:featuredmedia":[{"embeddable":true,"href":"https:\/\/www.meydan.tv\/az\/wp-json\/wp\/v2\/media\/22167"}],"wp:attachment":[{"href":"https:\/\/www.meydan.tv\/az\/wp-json\/wp\/v2\/media?parent=167427"}],"wp:term":[{"taxonomy":"category","embeddable":true,"href":"https:\/\/www.meydan.tv\/az\/wp-json\/wp\/v2\/categories?post=167427"},{"taxonomy":"post_tag","embeddable":true,"href":"https:\/\/www.meydan.tv\/az\/wp-json\/wp\/v2\/tags?post=167427"}],"curies":[{"name":"wp","href":"https:\/\/api.w.org\/{rel}","templated":true}]}}