{"id":167426,"date":"2015-04-03T16:21:31","date_gmt":"2015-04-03T16:21:31","guid":{"rendered":"https:\/\/www.meydan.tv\/article\/azerbaycan-iranin-nuve-proqramina-dair-danisiqlarda-elde-olunan-irelileyisi-alqislayib\/"},"modified":"2015-04-03T16:21:31","modified_gmt":"2015-04-03T16:21:31","slug":"azerbaycan-iranin-nuve-proqramina-dair-danisiqlarda-elde-olunan-irelileyisi-alqislayib","status":"publish","type":"post","link":"https:\/\/www.meydan.tv\/az\/article\/azerbaycan-iranin-nuve-proqramina-dair-danisiqlarda-elde-olunan-irelileyisi-alqislayib\/","title":{"rendered":"Az\u0259rbaycan \u0130ran\u0131n n\u00fcv\u0259 proqram\u0131na dair dan\u0131\u015f\u0131qlarda \u0259ld\u0259 olunan ir\u0259lil\u0259yi\u015fi alq\u0131\u015flay\u0131b"},"content":{"rendered":"<figure class=\"wp-block-image size-large\">\n  <img decoding=\"async\" src=\"https:\/\/www.meydan.tv\/az\/22173\/\" alt=\"\" class=\"wp-image-22173\"\/><figcaption><\/figcaption><\/figure>\n<figure class=\"wp-block-image size-large\">\n  <img decoding=\"async\" src=\"https:\/\/www.meydan.tv\/az\/22173\/\" alt=\"\" class=\"wp-image-22173\"\/><figcaption><\/figcaption><\/figure>\n<p>\n  Az\u0259rbaycan<br \/>\n  <a href=\"http:\/\/az.apa.az\/tag\/Xarici+%C4%B0%C5%9Fl%C9%99r+Nazirliyi\"><br \/>\n    Xarici \u0130\u015fl\u0259r Nazirliyi<br \/>\n  <\/a><br \/>\n  \u0130ran\u0131n n\u00fcv\u0259 proqram\u0131na dair dan\u0131\u015f\u0131qlarda \u0259ld\u0259 olunan raz\u0131l\u0131\u011fa m\u00fcnasib\u0259t bildirib.<br \/>\n  <a href=\"https:\/\/apa.az\"><br \/>\n    APA<br \/>\n  <\/a><br \/>\n  -n\u0131n x\u0259b\u0259rin\u0259 g\u00f6r\u0259, Az\u0259rbaycan X\u0130N-in b\u0259yanat\u0131nda deyilir:\n<\/p>\n<p>\n  \u201cAz\u0259rbaycan Respublikas\u0131n\u0131n<br \/>\n  <a href=\"http:\/\/az.apa.az\/tag\/Xarici+%C4%B0%C5%9Fl%C9%99r+Nazirliyi\"><br \/>\n    Xarici \u0130\u015fl\u0259r Nazirliyi<br \/>\n  <\/a><br \/>\n  P5+1,<br \/>\n  <a href=\"http:\/\/az.apa.az\/tag\/Avropa+%C4%B0ttifaq%C4%B1\"><br \/>\n    Avropa \u0130ttifaq\u0131<br \/>\n  <\/a><br \/>\n  v\u0259 \u0130ran \u0130slam Respublikas\u0131 aras\u0131nda olan dan\u0131\u015f\u0131qlarda birg\u0259 h\u0259rt\u0259r\u0259fli f\u0259aliyy\u0259t plan\u0131n\u0131n \u0259sas parametrl\u0259rin\u0259 dair ir\u0259lil\u0259yi\u015fi alq\u0131\u015flay\u0131r. Bu siyasi \u00e7\u0259r\u00e7iv\u0259nin region v\u0259 onun h\u00fcdudlar\u0131ndan k\u0259narda s\u00fclh, t\u0259hl\u00fck\u0259sizlik v\u0259 sabitliyin inki\u015faf\u0131 \u00fc\u00e7\u00fcn imkan yaradaca\u011f\u0131na inan\u0131r\u0131q. Az\u0259rbaycan Respublikas\u0131<br \/>\n  <a href=\"http:\/\/az.apa.az\/tag\/BMT\"><br \/>\n    BMT<br \/>\n  <\/a><br \/>\n  Nizamnam\u0259si v\u0259 beyn\u0259lxalq h\u00fcququn norma v\u0259 prinsipl\u0259ri \u0259sas\u0131nda\u00a0 konstruktiv v\u0259 xo\u015fm\u0259raml\u0131 \u015f\u0259kild\u0259 beyn\u0259lxalq m\u0259s\u0259l\u0259l\u0259rin h\u0259llin\u0259 dair beyn\u0259lxalq ictimaiyy\u0259tin s\u0259yl\u0259rini v\u0259 siyasi irad\u0259sini d\u0259st\u0259kl\u0259yir\u201d.<\/p>\n","protected":false},"excerpt":{"rendered":"<p>Az\u0259rbaycan Xarici \u0130\u015fl\u0259r Nazirliyi \u0130ran\u0131n n\u00fcv\u0259 proqram\u0131na dair dan\u0131\u015f\u0131qlarda \u0259ld\u0259 &#8230; <\/p>\n<p class=\"read-more-container\"><a title=\"Az\u0259rbaycan \u0130ran\u0131n n\u00fcv\u0259 proqram\u0131na dair dan\u0131\u015f\u0131qlarda \u0259ld\u0259 olunan ir\u0259lil\u0259yi\u015fi alq\u0131\u015flay\u0131b\" class=\"read-more button\" href=\"https:\/\/www.meydan.tv\/az\/article\/azerbaycan-iranin-nuve-proqramina-dair-danisiqlarda-elde-olunan-irelileyisi-alqislayib\/#more-167426\" aria-label=\"Read more about Az\u0259rbaycan \u0130ran\u0131n n\u00fcv\u0259 proqram\u0131na dair dan\u0131\u015f\u0131qlarda \u0259ld\u0259 olunan ir\u0259lil\u0259yi\u015fi alq\u0131\u015flay\u0131b\">Davam\u0131<\/a><\/p>\n","protected":false},"author":11,"featured_media":22173,"comment_status":"closed","ping_status":"open","sticky":false,"template":"","format":"standard","meta":{"_acf_changed":false,"_sitemap_exclude":false,"_sitemap_priority":"","_sitemap_frequency":"","footnotes":""},"categories":[56],"tags":[],"class_list":["post-167426","post","type-post","status-publish","format-standard","has-post-thumbnail","hentry","category-xeberler","infinite-scroll-item","generate-columns","tablet-grid-50","mobile-grid-100","grid-parent","grid-33","no-featured-image-padding"],"acf":[],"yoast_head":"<!-- This site is optimized with the Yoast SEO plugin v28.4 - https:\/\/yoast.com\/product\/yoast-seo-wordpress\/ -->\n<title>Az\u0259rbaycan \u0130ran\u0131n n\u00fcv\u0259 proqram\u0131na dair dan\u0131\u015f\u0131qlarda \u0259ld\u0259 olunan ir\u0259lil\u0259yi\u015fi alq\u0131\u015flay\u0131b - MEYDAN.TV<\/title>\n<meta name=\"robots\" content=\"index, follow, max-snippet:-1, max-image-preview:large, max-video-preview:-1\" \/>\n<link rel=\"canonical\" href=\"https:\/\/www.meydan.tv\/az\/article\/azerbaycan-iranin-nuve-proqramina-dair-danisiqlarda-elde-olunan-irelileyisi-alqislayib\/\" \/>\n<meta property=\"og:locale\" content=\"az_AZ\" \/>\n<meta property=\"og:type\" content=\"article\" \/>\n<meta property=\"og:title\" content=\"Az\u0259rbaycan \u0130ran\u0131n n\u00fcv\u0259 proqram\u0131na dair dan\u0131\u015f\u0131qlarda \u0259ld\u0259 olunan ir\u0259lil\u0259yi\u015fi alq\u0131\u015flay\u0131b - MEYDAN.TV\" \/>\n<meta property=\"og:description\" content=\"Az\u0259rbaycan Xarici \u0130\u015fl\u0259r Nazirliyi \u0130ran\u0131n n\u00fcv\u0259 proqram\u0131na dair dan\u0131\u015f\u0131qlarda \u0259ld\u0259 ... Davam\u0131\" \/>\n<meta property=\"og:url\" content=\"https:\/\/www.meydan.tv\/az\/article\/azerbaycan-iranin-nuve-proqramina-dair-danisiqlarda-elde-olunan-irelileyisi-alqislayib\/\" \/>\n<meta property=\"og:site_name\" content=\"MEYDAN.TV\" \/>\n<meta property=\"article:published_time\" content=\"2015-04-03T16:21:31+00:00\" \/>\n<meta property=\"og:image\" content=\"https:\/\/www.meydan.tv\/wp-content\/uploads\/8040.jpg\" \/>\n\t<meta property=\"og:image:width\" content=\"635\" \/>\n\t<meta property=\"og:image:height\" content=\"475\" \/>\n\t<meta property=\"og:image:type\" content=\"image\/jpeg\" \/>\n<meta name=\"twitter:card\" content=\"summary_large_image\" \/>\n<!-- \/ Yoast SEO plugin. -->","yoast_head_json":{"title":"Az\u0259rbaycan \u0130ran\u0131n n\u00fcv\u0259 proqram\u0131na dair dan\u0131\u015f\u0131qlarda \u0259ld\u0259 olunan ir\u0259lil\u0259yi\u015fi alq\u0131\u015flay\u0131b - MEYDAN.TV","robots":{"index":"index","follow":"follow","max-snippet":"max-snippet:-1","max-image-preview":"max-image-preview:large","max-video-preview":"max-video-preview:-1"},"canonical":"https:\/\/www.meydan.tv\/az\/article\/azerbaycan-iranin-nuve-proqramina-dair-danisiqlarda-elde-olunan-irelileyisi-alqislayib\/","og_locale":"az_AZ","og_type":"article","og_title":"Az\u0259rbaycan \u0130ran\u0131n n\u00fcv\u0259 proqram\u0131na dair dan\u0131\u015f\u0131qlarda \u0259ld\u0259 olunan ir\u0259lil\u0259yi\u015fi alq\u0131\u015flay\u0131b - MEYDAN.TV","og_description":"Az\u0259rbaycan Xarici \u0130\u015fl\u0259r Nazirliyi \u0130ran\u0131n n\u00fcv\u0259 proqram\u0131na dair dan\u0131\u015f\u0131qlarda \u0259ld\u0259 ... Davam\u0131","og_url":"https:\/\/www.meydan.tv\/az\/article\/azerbaycan-iranin-nuve-proqramina-dair-danisiqlarda-elde-olunan-irelileyisi-alqislayib\/","og_site_name":"MEYDAN.TV","article_published_time":"2015-04-03T16:21:31+00:00","og_image":[{"width":635,"height":475,"url":"https:\/\/www.meydan.tv\/wp-content\/uploads\/8040.jpg","type":"image\/jpeg"}],"twitter_card":"summary_large_image","schema":{"@context":"https:\/\/schema.org","@graph":[{"@type":"Article","@id":"https:\/\/www.meydan.tv\/az\/article\/azerbaycan-iranin-nuve-proqramina-dair-danisiqlarda-elde-olunan-irelileyisi-alqislayib\/#article","isPartOf":{"@id":"https:\/\/www.meydan.tv\/az\/article\/azerbaycan-iranin-nuve-proqramina-dair-danisiqlarda-elde-olunan-irelileyisi-alqislayib\/"},"author":{"name":"user-manager","@id":"https:\/\/www.meydan.tv\/az\/#\/schema\/person\/10d11eccf6da3662cf5fdab9806ea91a"},"headline":"Az\u0259rbaycan \u0130ran\u0131n n\u00fcv\u0259 proqram\u0131na dair dan\u0131\u015f\u0131qlarda \u0259ld\u0259 olunan ir\u0259lil\u0259yi\u015fi alq\u0131\u015flay\u0131b","datePublished":"2015-04-03T16:21:31+00:00","mainEntityOfPage":{"@id":"https:\/\/www.meydan.tv\/az\/article\/azerbaycan-iranin-nuve-proqramina-dair-danisiqlarda-elde-olunan-irelileyisi-alqislayib\/"},"wordCount":181,"publisher":{"@id":"https:\/\/www.meydan.tv\/az\/#organization"},"image":{"@id":"https:\/\/www.meydan.tv\/az\/article\/azerbaycan-iranin-nuve-proqramina-dair-danisiqlarda-elde-olunan-irelileyisi-alqislayib\/#primaryimage"},"thumbnailUrl":"https:\/\/www.meydan.tv\/wp-content\/uploads\/8040.jpg","articleSection":["X\u0259b\u0259rl\u0259r"],"inLanguage":"az"},{"@type":"WebPage","@id":"https:\/\/www.meydan.tv\/az\/article\/azerbaycan-iranin-nuve-proqramina-dair-danisiqlarda-elde-olunan-irelileyisi-alqislayib\/","url":"https:\/\/www.meydan.tv\/az\/article\/azerbaycan-iranin-nuve-proqramina-dair-danisiqlarda-elde-olunan-irelileyisi-alqislayib\/","name":"Az\u0259rbaycan \u0130ran\u0131n n\u00fcv\u0259 proqram\u0131na dair dan\u0131\u015f\u0131qlarda \u0259ld\u0259 olunan ir\u0259lil\u0259yi\u015fi alq\u0131\u015flay\u0131b - MEYDAN.TV","isPartOf":{"@id":"https:\/\/www.meydan.tv\/az\/#website"},"primaryImageOfPage":{"@id":"https:\/\/www.meydan.tv\/az\/article\/azerbaycan-iranin-nuve-proqramina-dair-danisiqlarda-elde-olunan-irelileyisi-alqislayib\/#primaryimage"},"image":{"@id":"https:\/\/www.meydan.tv\/az\/article\/azerbaycan-iranin-nuve-proqramina-dair-danisiqlarda-elde-olunan-irelileyisi-alqislayib\/#primaryimage"},"thumbnailUrl":"https:\/\/www.meydan.tv\/wp-content\/uploads\/8040.jpg","datePublished":"2015-04-03T16:21:31+00:00","breadcrumb":{"@id":"https:\/\/www.meydan.tv\/az\/article\/azerbaycan-iranin-nuve-proqramina-dair-danisiqlarda-elde-olunan-irelileyisi-alqislayib\/#breadcrumb"},"inLanguage":"az","potentialAction":[{"@type":"ReadAction","target":["https:\/\/www.meydan.tv\/az\/article\/azerbaycan-iranin-nuve-proqramina-dair-danisiqlarda-elde-olunan-irelileyisi-alqislayib\/"]}]},{"@type":"ImageObject","inLanguage":"az","@id":"https:\/\/www.meydan.tv\/az\/article\/azerbaycan-iranin-nuve-proqramina-dair-danisiqlarda-elde-olunan-irelileyisi-alqislayib\/#primaryimage","url":"https:\/\/www.meydan.tv\/wp-content\/uploads\/8040.jpg","contentUrl":"https:\/\/www.meydan.tv\/wp-content\/uploads\/8040.jpg","width":635,"height":475,"caption":"Source:"},{"@type":"BreadcrumbList","@id":"https:\/\/www.meydan.tv\/az\/article\/azerbaycan-iranin-nuve-proqramina-dair-danisiqlarda-elde-olunan-irelileyisi-alqislayib\/#breadcrumb","itemListElement":[{"@type":"ListItem","position":1,"name":"Ana s\u0259hif\u0259","item":"https:\/\/www.meydan.tv\/az\/"},{"@type":"ListItem","position":2,"name":"X\u0259b\u0259rl\u0259r","item":"https:\/\/www.meydan.tv\/az\/section\/xeberler\/"},{"@type":"ListItem","position":3,"name":"Az\u0259rbaycan \u0130ran\u0131n n\u00fcv\u0259 proqram\u0131na dair dan\u0131\u015f\u0131qlarda \u0259ld\u0259 olunan ir\u0259lil\u0259yi\u015fi alq\u0131\u015flay\u0131b"}]},{"@type":"WebSite","@id":"https:\/\/www.meydan.tv\/az\/#website","url":"https:\/\/www.meydan.tv\/az\/","name":"MEYDAN.TV","description":"Meydan TV Az\u0259rbaycan\u0131n media m\u0259kan\u0131ndak\u0131 alternativ s\u0259sidir","publisher":{"@id":"https:\/\/www.meydan.tv\/az\/#organization"},"potentialAction":[{"@type":"SearchAction","target":{"@type":"EntryPoint","urlTemplate":"https:\/\/www.meydan.tv\/az\/?s={search_term_string}"},"query-input":{"@type":"PropertyValueSpecification","valueRequired":true,"valueName":"search_term_string"}}],"inLanguage":"az"},{"@type":"Organization","@id":"https:\/\/www.meydan.tv\/az\/#organization","name":"Meydan TV","url":"https:\/\/www.meydan.tv\/az\/","logo":{"@type":"ImageObject","inLanguage":"az","@id":"https:\/\/www.meydan.tv\/az\/#\/schema\/logo\/image\/","url":"https:\/\/www.meydan.tv\/wp-content\/uploads\/2021\/07\/meydan-logo.svg","contentUrl":"https:\/\/www.meydan.tv\/wp-content\/uploads\/2021\/07\/meydan-logo.svg","width":195,"height":46,"caption":"Meydan TV"},"image":{"@id":"https:\/\/www.meydan.tv\/az\/#\/schema\/logo\/image\/"}},{"@type":"Person","@id":"https:\/\/www.meydan.tv\/az\/#\/schema\/person\/10d11eccf6da3662cf5fdab9806ea91a","name":"user-manager"}]}},"_links":{"self":[{"href":"https:\/\/www.meydan.tv\/az\/wp-json\/wp\/v2\/posts\/167426","targetHints":{"allow":["GET"]}}],"collection":[{"href":"https:\/\/www.meydan.tv\/az\/wp-json\/wp\/v2\/posts"}],"about":[{"href":"https:\/\/www.meydan.tv\/az\/wp-json\/wp\/v2\/types\/post"}],"author":[{"embeddable":true,"href":"https:\/\/www.meydan.tv\/az\/wp-json\/wp\/v2\/users\/11"}],"replies":[{"embeddable":true,"href":"https:\/\/www.meydan.tv\/az\/wp-json\/wp\/v2\/comments?post=167426"}],"version-history":[{"count":0,"href":"https:\/\/www.meydan.tv\/az\/wp-json\/wp\/v2\/posts\/167426\/revisions"}],"wp:featuredmedia":[{"embeddable":true,"href":"https:\/\/www.meydan.tv\/az\/wp-json\/wp\/v2\/media\/22173"}],"wp:attachment":[{"href":"https:\/\/www.meydan.tv\/az\/wp-json\/wp\/v2\/media?parent=167426"}],"wp:term":[{"taxonomy":"category","embeddable":true,"href":"https:\/\/www.meydan.tv\/az\/wp-json\/wp\/v2\/categories?post=167426"},{"taxonomy":"post_tag","embeddable":true,"href":"https:\/\/www.meydan.tv\/az\/wp-json\/wp\/v2\/tags?post=167426"}],"curies":[{"name":"wp","href":"https:\/\/api.w.org\/{rel}","templated":true}]}}