{"id":167424,"date":"2015-04-03T16:13:11","date_gmt":"2015-04-03T16:13:11","guid":{"rendered":"https:\/\/www.meydan.tv\/article\/qubad-ibadoglu-manatin-ikinci-devalvasiya-dalgasina-hazirlasin\/"},"modified":"2015-04-03T16:13:11","modified_gmt":"2015-04-03T16:13:11","slug":"qubad-ibadoglu-manatin-ikinci-devalvasiya-dalgasina-hazirlasin","status":"publish","type":"post","link":"https:\/\/www.meydan.tv\/az\/article\/qubad-ibadoglu-manatin-ikinci-devalvasiya-dalgasina-hazirlasin\/","title":{"rendered":"Qubad \u0130bado\u011flu &#8211; manat\u0131n ikinci devalvasiya dal\u011fas\u0131na haz\u0131rla\u015f\u0131n"},"content":{"rendered":"<figure class=\"wp-block-image size-large\">\n  <img decoding=\"async\" src=\"https:\/\/www.meydan.tv\/az\/22131\/\" alt=\"\" class=\"wp-image-22131\"\/><figcaption><\/figcaption><\/figure>\n<figure class=\"wp-block-image size-large\">\n  <img decoding=\"async\" src=\"https:\/\/www.meydan.tv\/az\/22131\/\" alt=\"\" class=\"wp-image-22131\"\/><figcaption><\/figcaption><\/figure>\n<p>\n  <i><br \/>\n    &#8220;ARDNF-nin g\u0259lirl\u0259ri devalvasiyadan sonra valyuta hesab\u0131 il\u0259 3,3 mlrd. dollar azal\u0131b&#8221;<br \/>\n  <\/i>\n<\/p>\n<p>\n  Az\u0259rbaycan h\u00f6kum\u0259ti D\u00f6vl\u0259t Neft Fondunun (ARDNF) g\u0259lirl\u0259rini v\u0259 x\u0259rcl\u0259rini proqnozla\u015fd\u0131rmal\u0131d\u0131r. \u0130qtisad elml\u0259ri doktoru, Demokratiya v\u0259 Rifah u\u011frunda H\u0259r\u0259kat\u0131n lideri Qubad \u0130bado\u011flu &#8220;Turan \u0130A&#8221;-a bununla ba\u011fl\u0131 \u015f\u0259rh verib.\n<\/p>\n<p>\n  Onun s\u00f6zl\u0259rin\u0259 g\u00f6r\u0259, bir \u00e7ox riskl\u0259r yaran\u0131r, \u00e7\u00fcnki bu il fonda daxilolmalar 1,6 mlrd. manat az olacaq, fonddan d\u00f6vl\u0259t b\u00fcdc\u0259sin\u0259 transfertl\u0259r is\u0259 \u0259vv\u0259lki s\u0259viyy\u0259d\u0259 qalacaq &#8211; 10,4 mlrd. (b\u00fcdc\u0259 daxilolmalar\u0131n\u0131n 53,6 faizi). Ba\u015fqa s\u00f6zl\u0259, h\u0259r iki m\u00f6vqeyin g\u0259lir hiss\u0259sinin icras\u0131nda g\u0259rginlik yaranacaq.\n<\/p>\n<p>\n  2015-ci il \u00fc\u00e7\u00fcn ARDNF-nin g\u0259lir hiss\u0259si Milli M\u0259clis t\u0259r\u0259find\u0259n 10,2 mlrd. manat s\u0259viyy\u0259sind\u0259 t\u0259sdiq edilib, bunun 9,74 mlrd. manat\u0131 g\u0259lirli neft hesab\u0131na daxil olmal\u0131d\u0131r. Y\u0259ni fevral\u0131n 21-n\u0259 q\u0259d\u0259r x\u0259zin\u0259nin g\u0259lir hiss\u0259sinin icras\u0131 \u00fc\u00e7\u00fcn 13 mlrd. dollar t\u0259l\u0259b olunurdu, devalvasiyadan sonra 9,7 mlrd. dollar laz\u0131md\u0131r. Ba\u015fqa s\u00f6zl\u0259, ARDNF-nin g\u0259lirl\u0259ri devalvasiyadan sonra valyuta hesab\u0131 il\u0259 3,3 mlrd. dollar azal\u0131b (13 &#8211; 9,7).\n<\/p>\n<p>\n  Bu halda \u00f6lk\u0259 r\u0259hb\u0259rliyinin ARDNF-nin g\u0259lirliliyi probleminin h\u0259lli \u00fc\u00e7\u00fcn 2 variant\u0131 var. Onlardan biri giopolitik &#8211; \u00a0yerli neft n\u00f6v\u00fcn\u00fcn orta illik qiym\u0259ti bir barel \u00fc\u00e7\u00fcn 75 dollardan a\u015fa\u011f\u0131 olmamal\u0131d\u0131r. Birinci r\u00fcb art\u0131q ba\u015flan\u011f\u0131c qiym\u0259td\u0259n 20 dollar \u0259ksikl\u0259 gerid\u0259dir v\u0259 qara q\u0131z\u0131l\u0131n qiym\u0259tinin xeyli artmas\u0131 \u00fczr\u0259 t\u0259may\u00fcl g\u00f6r\u00fcnm\u00fcr. Bu halda h\u00f6kum\u0259t itkil\u0259ri qar\u015f\u0131lamaq \u00fc\u00e7\u00fcn art\u0131q qiym\u0259tin 83 dollara q\u0259d\u0259r artmas\u0131n\u0131 g\u00f6zl\u0259m\u0259lidir.\n<\/p>\n<p>\n  \u0130kinci variant &#8211; milli valyutan\u0131n 100 dollar-150 manat olacaq \u015f\u0259kild\u0259 n\u00f6vb\u0259ti devalvasiyas\u0131d\u0131r. Bu, \u0259n optimal yana\u015fmad\u0131r, odur ki, \u0259hali h\u0259yat s\u0259viyy\u0259sind\u0259 ikinci azalma dal\u011fas\u0131na haz\u0131rla\u015fmal\u0131d\u0131r, amma bu d\u0259f\u0259 fevral\u0131n 21-d\u0259 oldu\u011fu kimi 35 faiz deyil, 50 faiz. N\u00fcmun\u0259 \u00fc\u00e7\u00fcn &#8211; h\u0259tta bir barel orta hesabla 60 dollar olmaqla, neft hasilat\u0131 templ\u0259ri qorunub saxland\u0131\u011f\u0131 halda ARDNF-nin g\u0259liri 6,3 mlrd. manat olacaq, 9,7 mlrd. manat s\u0259viyy\u0259sin\u0259 \u00e7atmaq \u00fc\u00e7\u00fcn ona \u0259lav\u0259 olaraq 3,4 mlrd. laz\u0131m olacaq. H\u00f6kum\u0259tin \u0259lav\u0259 maliyy\u0259l\u0259\u015fm\u0259 m\u0259nb\u0259l\u0259ri olmad\u0131\u011f\u0131na g\u00f6r\u0259 o, yenid\u0259n M\u0259rk\u0259zi Bank\u0131n r\u0259hb\u0259rini ortaya atmal\u0131 v\u0259 onun a\u011fz\u0131ndan ilin ikinci yar\u0131s\u0131nda, b\u0259lk\u0259 d\u0259 daha tez, yeni devalvasiyan\u0131 elan etdirm\u0259li olacaq.\n<\/p><\/p>\n","protected":false},"excerpt":{"rendered":"<p>&#8220;ARDNF-nin g\u0259lirl\u0259ri devalvasiyadan sonra valyuta hesab\u0131 il\u0259 3,3 mlrd. dollar azal\u0131b&#8221;<\/p>\n","protected":false},"author":11,"featured_media":22131,"comment_status":"closed","ping_status":"open","sticky":false,"template":"","format":"standard","meta":{"_acf_changed":false,"_sitemap_exclude":false,"_sitemap_priority":"","_sitemap_frequency":"","footnotes":""},"categories":[56],"tags":[],"class_list":["post-167424","post","type-post","status-publish","format-standard","has-post-thumbnail","hentry","category-xeberler","infinite-scroll-item","generate-columns","tablet-grid-50","mobile-grid-100","grid-parent","grid-33","no-featured-image-padding"],"acf":[],"yoast_head":"<!-- This site is optimized with the Yoast SEO plugin v28.4 - https:\/\/yoast.com\/product\/yoast-seo-wordpress\/ -->\n<title>Qubad \u0130bado\u011flu - manat\u0131n ikinci devalvasiya dal\u011fas\u0131na haz\u0131rla\u015f\u0131n - MEYDAN.TV<\/title>\n<meta name=\"robots\" content=\"index, follow, max-snippet:-1, max-image-preview:large, max-video-preview:-1\" \/>\n<link rel=\"canonical\" href=\"https:\/\/www.meydan.tv\/az\/article\/qubad-ibadoglu-manatin-ikinci-devalvasiya-dalgasina-hazirlasin\/\" \/>\n<meta property=\"og:locale\" content=\"az_AZ\" \/>\n<meta property=\"og:type\" content=\"article\" \/>\n<meta property=\"og:title\" content=\"Qubad \u0130bado\u011flu - manat\u0131n ikinci devalvasiya dal\u011fas\u0131na haz\u0131rla\u015f\u0131n - MEYDAN.TV\" \/>\n<meta property=\"og:description\" content=\"&quot;ARDNF-nin g\u0259lirl\u0259ri devalvasiyadan sonra valyuta hesab\u0131 il\u0259 3,3 mlrd. dollar azal\u0131b&quot;\" \/>\n<meta property=\"og:url\" content=\"https:\/\/www.meydan.tv\/az\/article\/qubad-ibadoglu-manatin-ikinci-devalvasiya-dalgasina-hazirlasin\/\" \/>\n<meta property=\"og:site_name\" content=\"MEYDAN.TV\" \/>\n<meta property=\"article:published_time\" content=\"2015-04-03T16:13:11+00:00\" \/>\n<meta property=\"og:image\" content=\"https:\/\/www.meydan.tv\/wp-content\/uploads\/8039.jpg\" \/>\n\t<meta property=\"og:image:width\" content=\"440\" \/>\n\t<meta property=\"og:image:height\" content=\"300\" \/>\n\t<meta property=\"og:image:type\" content=\"image\/jpeg\" \/>\n<meta name=\"twitter:card\" content=\"summary_large_image\" \/>\n<!-- \/ Yoast SEO plugin. -->","yoast_head_json":{"title":"Qubad \u0130bado\u011flu - manat\u0131n ikinci devalvasiya dal\u011fas\u0131na haz\u0131rla\u015f\u0131n - MEYDAN.TV","robots":{"index":"index","follow":"follow","max-snippet":"max-snippet:-1","max-image-preview":"max-image-preview:large","max-video-preview":"max-video-preview:-1"},"canonical":"https:\/\/www.meydan.tv\/az\/article\/qubad-ibadoglu-manatin-ikinci-devalvasiya-dalgasina-hazirlasin\/","og_locale":"az_AZ","og_type":"article","og_title":"Qubad \u0130bado\u011flu - manat\u0131n ikinci devalvasiya dal\u011fas\u0131na haz\u0131rla\u015f\u0131n - MEYDAN.TV","og_description":"\"ARDNF-nin g\u0259lirl\u0259ri devalvasiyadan sonra valyuta hesab\u0131 il\u0259 3,3 mlrd. dollar azal\u0131b\"","og_url":"https:\/\/www.meydan.tv\/az\/article\/qubad-ibadoglu-manatin-ikinci-devalvasiya-dalgasina-hazirlasin\/","og_site_name":"MEYDAN.TV","article_published_time":"2015-04-03T16:13:11+00:00","og_image":[{"width":440,"height":300,"url":"https:\/\/www.meydan.tv\/wp-content\/uploads\/8039.jpg","type":"image\/jpeg"}],"twitter_card":"summary_large_image","schema":{"@context":"https:\/\/schema.org","@graph":[{"@type":"Article","@id":"https:\/\/www.meydan.tv\/az\/article\/qubad-ibadoglu-manatin-ikinci-devalvasiya-dalgasina-hazirlasin\/#article","isPartOf":{"@id":"https:\/\/www.meydan.tv\/az\/article\/qubad-ibadoglu-manatin-ikinci-devalvasiya-dalgasina-hazirlasin\/"},"author":{"name":"user-manager","@id":"https:\/\/www.meydan.tv\/az\/#\/schema\/person\/10d11eccf6da3662cf5fdab9806ea91a"},"headline":"Qubad \u0130bado\u011flu &#8211; manat\u0131n ikinci devalvasiya dal\u011fas\u0131na haz\u0131rla\u015f\u0131n","datePublished":"2015-04-03T16:13:11+00:00","mainEntityOfPage":{"@id":"https:\/\/www.meydan.tv\/az\/article\/qubad-ibadoglu-manatin-ikinci-devalvasiya-dalgasina-hazirlasin\/"},"wordCount":457,"publisher":{"@id":"https:\/\/www.meydan.tv\/az\/#organization"},"image":{"@id":"https:\/\/www.meydan.tv\/az\/article\/qubad-ibadoglu-manatin-ikinci-devalvasiya-dalgasina-hazirlasin\/#primaryimage"},"thumbnailUrl":"https:\/\/www.meydan.tv\/wp-content\/uploads\/8039.jpg","articleSection":["X\u0259b\u0259rl\u0259r"],"inLanguage":"az"},{"@type":"WebPage","@id":"https:\/\/www.meydan.tv\/az\/article\/qubad-ibadoglu-manatin-ikinci-devalvasiya-dalgasina-hazirlasin\/","url":"https:\/\/www.meydan.tv\/az\/article\/qubad-ibadoglu-manatin-ikinci-devalvasiya-dalgasina-hazirlasin\/","name":"Qubad \u0130bado\u011flu - manat\u0131n ikinci devalvasiya dal\u011fas\u0131na haz\u0131rla\u015f\u0131n - MEYDAN.TV","isPartOf":{"@id":"https:\/\/www.meydan.tv\/az\/#website"},"primaryImageOfPage":{"@id":"https:\/\/www.meydan.tv\/az\/article\/qubad-ibadoglu-manatin-ikinci-devalvasiya-dalgasina-hazirlasin\/#primaryimage"},"image":{"@id":"https:\/\/www.meydan.tv\/az\/article\/qubad-ibadoglu-manatin-ikinci-devalvasiya-dalgasina-hazirlasin\/#primaryimage"},"thumbnailUrl":"https:\/\/www.meydan.tv\/wp-content\/uploads\/8039.jpg","datePublished":"2015-04-03T16:13:11+00:00","breadcrumb":{"@id":"https:\/\/www.meydan.tv\/az\/article\/qubad-ibadoglu-manatin-ikinci-devalvasiya-dalgasina-hazirlasin\/#breadcrumb"},"inLanguage":"az","potentialAction":[{"@type":"ReadAction","target":["https:\/\/www.meydan.tv\/az\/article\/qubad-ibadoglu-manatin-ikinci-devalvasiya-dalgasina-hazirlasin\/"]}]},{"@type":"ImageObject","inLanguage":"az","@id":"https:\/\/www.meydan.tv\/az\/article\/qubad-ibadoglu-manatin-ikinci-devalvasiya-dalgasina-hazirlasin\/#primaryimage","url":"https:\/\/www.meydan.tv\/wp-content\/uploads\/8039.jpg","contentUrl":"https:\/\/www.meydan.tv\/wp-content\/uploads\/8039.jpg","width":440,"height":300,"caption":"Source:"},{"@type":"BreadcrumbList","@id":"https:\/\/www.meydan.tv\/az\/article\/qubad-ibadoglu-manatin-ikinci-devalvasiya-dalgasina-hazirlasin\/#breadcrumb","itemListElement":[{"@type":"ListItem","position":1,"name":"Ana s\u0259hif\u0259","item":"https:\/\/www.meydan.tv\/az\/"},{"@type":"ListItem","position":2,"name":"X\u0259b\u0259rl\u0259r","item":"https:\/\/www.meydan.tv\/az\/section\/xeberler\/"},{"@type":"ListItem","position":3,"name":"Qubad \u0130bado\u011flu &#8211; manat\u0131n ikinci devalvasiya dal\u011fas\u0131na haz\u0131rla\u015f\u0131n"}]},{"@type":"WebSite","@id":"https:\/\/www.meydan.tv\/az\/#website","url":"https:\/\/www.meydan.tv\/az\/","name":"MEYDAN.TV","description":"Meydan TV Az\u0259rbaycan\u0131n media m\u0259kan\u0131ndak\u0131 alternativ s\u0259sidir","publisher":{"@id":"https:\/\/www.meydan.tv\/az\/#organization"},"potentialAction":[{"@type":"SearchAction","target":{"@type":"EntryPoint","urlTemplate":"https:\/\/www.meydan.tv\/az\/?s={search_term_string}"},"query-input":{"@type":"PropertyValueSpecification","valueRequired":true,"valueName":"search_term_string"}}],"inLanguage":"az"},{"@type":"Organization","@id":"https:\/\/www.meydan.tv\/az\/#organization","name":"Meydan TV","url":"https:\/\/www.meydan.tv\/az\/","logo":{"@type":"ImageObject","inLanguage":"az","@id":"https:\/\/www.meydan.tv\/az\/#\/schema\/logo\/image\/","url":"https:\/\/www.meydan.tv\/wp-content\/uploads\/2021\/07\/meydan-logo.svg","contentUrl":"https:\/\/www.meydan.tv\/wp-content\/uploads\/2021\/07\/meydan-logo.svg","width":195,"height":46,"caption":"Meydan TV"},"image":{"@id":"https:\/\/www.meydan.tv\/az\/#\/schema\/logo\/image\/"}},{"@type":"Person","@id":"https:\/\/www.meydan.tv\/az\/#\/schema\/person\/10d11eccf6da3662cf5fdab9806ea91a","name":"user-manager"}]}},"_links":{"self":[{"href":"https:\/\/www.meydan.tv\/az\/wp-json\/wp\/v2\/posts\/167424","targetHints":{"allow":["GET"]}}],"collection":[{"href":"https:\/\/www.meydan.tv\/az\/wp-json\/wp\/v2\/posts"}],"about":[{"href":"https:\/\/www.meydan.tv\/az\/wp-json\/wp\/v2\/types\/post"}],"author":[{"embeddable":true,"href":"https:\/\/www.meydan.tv\/az\/wp-json\/wp\/v2\/users\/11"}],"replies":[{"embeddable":true,"href":"https:\/\/www.meydan.tv\/az\/wp-json\/wp\/v2\/comments?post=167424"}],"version-history":[{"count":0,"href":"https:\/\/www.meydan.tv\/az\/wp-json\/wp\/v2\/posts\/167424\/revisions"}],"wp:featuredmedia":[{"embeddable":true,"href":"https:\/\/www.meydan.tv\/az\/wp-json\/wp\/v2\/media\/22131"}],"wp:attachment":[{"href":"https:\/\/www.meydan.tv\/az\/wp-json\/wp\/v2\/media?parent=167424"}],"wp:term":[{"taxonomy":"category","embeddable":true,"href":"https:\/\/www.meydan.tv\/az\/wp-json\/wp\/v2\/categories?post=167424"},{"taxonomy":"post_tag","embeddable":true,"href":"https:\/\/www.meydan.tv\/az\/wp-json\/wp\/v2\/tags?post=167424"}],"curies":[{"name":"wp","href":"https:\/\/api.w.org\/{rel}","templated":true}]}}