{"id":167423,"date":"2015-04-03T14:09:13","date_gmt":"2015-04-03T14:09:13","guid":{"rendered":"https:\/\/www.meydan.tv\/article\/indi-azerbaycanin-tehlukesizliyine-avropa-birliyi-ve-abs-teminat-vere-biler\/"},"modified":"2015-04-03T14:09:13","modified_gmt":"2015-04-03T14:09:13","slug":"indi-azerbaycanin-tehlukesizliyine-avropa-birliyi-ve-abs-teminat-vere-biler","status":"publish","type":"post","link":"https:\/\/www.meydan.tv\/az\/article\/indi-azerbaycanin-tehlukesizliyine-avropa-birliyi-ve-abs-teminat-vere-biler\/","title":{"rendered":"&#8220;\u0130ndi Az\u0259rbaycan\u0131n t\u0259hl\u00fck\u0259sizliyin\u0259 Avropa Birliyi v\u0259 AB\u015e t\u0259minat ver\u0259 bil\u0259r&#8221;"},"content":{"rendered":"<figure class=\"wp-block-image size-large\">\n  <img decoding=\"async\" src=\"https:\/\/www.meydan.tv\/az\/22140\/\" alt=\"\" class=\"wp-image-22140\"\/><figcaption><\/figcaption><\/figure>\n<figure class=\"wp-block-image size-large\">\n  <img decoding=\"async\" src=\"https:\/\/www.meydan.tv\/az\/22140\/\" alt=\"\" class=\"wp-image-22140\"\/><figcaption><\/figcaption><\/figure>\n<p>\n  <i><br \/>\n    &#8220;Avtomatik olaraq Az\u0259rbaycan \u00e7ox ki\u00e7ik oyun\u00e7uya \u00e7evrilir&#8221;<br \/>\n  <\/i><\/p>\n<p>  D\u00fcnyan\u0131n siyasi g\u00fcnd\u0259mi \u0130ranla \u201cB\u00f6y\u00fck alt\u0131l\u0131q\u201d \u00f6lk\u0259l\u0259ri (AB\u015e, \u0130ngilt\u0259r\u0259, Fransa, \u00c7in, Rusiya v\u0259 Almaniya) aras\u0131nda \u0259ld\u0259 olunan ilkin raz\u0131la\u015fmaya y\u00f6n\u0259lib.\u00a0 Raz\u0131la\u015fmaya \u0259sas\u0259n \u0130ran n\u00fcv\u0259 silah\u0131 yaratmayacaq, AB\u015e v\u0259 Avropa Birliyi d\u0259 \u0130rana qar\u015f\u0131 t\u0259tbiq etdiyi sanksiyalar\u0131 qald\u0131racaq. B\u0259s raz\u0131la\u015fma regiona, x\u00fcsusil\u0259 d\u0259 Az\u0259rbaycan\u0131n xarici siyas\u0259tin\u0259 hans\u0131 t\u0259sirl\u0259ri g\u00f6st\u0259r\u0259c\u0259k. Yaranm\u0131\u015f suallar\u0131 \u015e\u0259rq-Q\u0259rb Ara\u015fd\u0131rmalar M\u0259rk\u0131zinin r\u0259hb\u0259ri \u018fr\u0259stun Orucluya \u00fcnvanlad\u0131q.<\/p>\n<p>  <b><br \/>\n    &#8211; \u018fr\u0259stun b\u0259y, Amerika-\u0130ran raz\u0131la\u015fmas\u0131 d\u00fcnya d\u00fcz\u0259nind\u0259 hans\u0131 d\u0259yi\u015fiklikl\u0259rin \u0259sas\u0131n\u0131 qoyur?<br \/>\n  <\/b>\n<\/p>\n<p>\n  &#8211; \u018fvv\u0259la, h\u0259l\u0259lik ilkin raz\u0131la\u015fma \u0259ld\u0259 olunub. Bu bar\u0259d\u0259 \u0130ran\u0131n xarici i\u015fl\u0259r naziri M\u0259h\u0259mm\u0259d Z\u0259rif \u00f6z Twitter s\u0259hif\u0259sind\u0259 yaz\u0131b. Bundan ba\u015fqa apar\u0131c\u0131 Q\u0259rb m\u0259tbuat\u0131na veril\u0259n r\u0259smi m\u0259lumatlardan \u0259sas anla\u015fman\u0131n \u0259ld\u0259 olunmas\u0131 q\u0259na\u0259tin\u0259 g\u0259lm\u0259k olar. \u018fslind\u0259, raz\u0131la\u015fman\u0131n olaca\u011f\u0131 g\u00f6zl\u0259nil\u0259n idi. H\u0259m Yax\u0131n \u015e\u0259rq,\u00a0 h\u0259m d\u0259 Avrasiya b\u00f6lg\u0259sind\u0259ki son aylar\u0131n prosesl\u0259ri g\u00f6st\u0259rirdi ki, yeni yaranan situasiyada \u0130ran-Q\u0259rb m\u00fcnasib\u0259tl\u0259rinin \u00f6z yeri olacaq. Bu, Q\u0259rbin, \u0259sas\u0259n AB\u015e-\u0131n m\u00fcxt\u0259lif beyin m\u0259rk\u0259zl\u0259rinin t\u0259hlill\u0259rind\u0259 v\u0259 \u0130ran\u0131n indiki prezidenti H\u0259s\u0259n Ruhani hakimiyy\u0259t\u0259 g\u0259ldikd\u0259n sonra s\u0259sl\u0259ndirdiyi b\u0259yanatlarda \u00f6z\u00fcn\u00fc a\u00e7\u0131q g\u00f6st\u0259rirdi. Eyni zamanda, ictimai fikr\u0259 dan\u0131\u015f\u0131qlar\u0131n 2 il\u0259 yax\u0131n m\u0259xfi getdiyi haqq\u0131nda m\u0259lumatlar a\u00e7\u0131qland\u0131. Bunun arxas\u0131nca Rusiya-Q\u0259rb qar\u015f\u0131durmas\u0131, T\u00fcrkiy\u0259nin xarici siyas\u0259tind\u0259ki qeyri-m\u00fc\u0259yy\u0259nlikl\u0259r g\u00f6r\u00fcn\u00fcr, Q\u0259rbi Tehranla dan\u0131\u015f\u0131qlar prosesini s\u00fcr\u0259tl\u0259ndirm\u0259y\u0259 s\u00f6vq etdi. \u018fslind\u0259, q\u0131sa m\u00fcdd\u0259td\u0259 prosesl\u0259rin s\u00fcr\u0259tl\u0259 d\u0259yi\u015f\u0259c\u0259yini g\u00f6zl\u0259m\u0259k olard\u0131, bu bar\u0259d\u0259 d\u00fc\u015f\u00fcnc\u0259l\u0259rimizi \u00e7atd\u0131rsaq da, he\u00e7 k\u0259s inanm\u0131rd\u0131, az qala bizi h\u0259d\u0259f\u0259 d\u0259 al\u0131rd\u0131lar. Sual\u0131n\u0131za g\u0259linc\u0259, raz\u0131la\u015fma b\u00f6lg\u0259nin geosiyasi v\u0259 x\u00fcsus\u0259n d\u0259 iqtisadi m\u0259nz\u0259r\u0259sini ciddi \u015f\u0259kild\u0259 d\u0259yi\u015f\u0259c\u0259k.\n<\/p>\n<p>\n  <b><br \/>\n    &#8211; Hans\u0131 m\u0259nada d\u0259yi\u015f\u0259c\u0259k v\u0259 \u00f6z\u00fcnd\u0259 n\u0259l\u0259ri ehtiva ed\u0259c\u0259k?<br \/>\n  <\/b>\n<\/p>\n<p>\n  &#8211; Ba\u015flayaq geosiyasi t\u0259r\u0259fd\u0259n, \u0130srailin raz\u0131la\u015famya qar\u015f\u0131 oldu\u011funu bilirsiniz v\u0259 T\u0259l-\u018fviv bunu tarixi s\u0259hv adland\u0131r\u0131b. \u0130srailin reaksiyas\u0131 t\u0259biidir, \u00e7\u00fcnki bu \u00f6lk\u0259 \u0259n az\u0131 son 20-30 ild\u0259 Yax\u0131n \u015e\u0259rqd\u0259 AB\u015e-\u0131n \u0259n yax\u0131n t\u0259r\u0259fda\u015f\u0131 olub. H\u0259m d\u0259 T\u0259l-\u018fvivin xarici siyas\u0259ti xarici t\u0259hl\u00fck\u0259 amili \u00fcz\u0259rind\u0259 qurulub, s\u00f6hb\u0259t \u0130ran v\u0259 Tehrana ba\u011fl\u0131 t\u0259\u015fkilatlar\u0131n t\u00f6r\u0259d\u0259 bil\u0259c\u0259yi t\u0259hl\u00fck\u0259d\u0259n gedirdi. Art\u0131q bu m\u0259s\u0259l\u0259 g\u00fcnd\u0259md\u0259n \u00e7\u0131x\u0131r. Y\u0259ni \u0130ran t\u0259hl\u00fck\u0259si il\u0259 ba\u011fl\u0131 AB\u015e-la \u0130srailin m\u00f6vqeyi uzun ill\u0259r \u00fcst-\u00fcst\u0259 d\u00fc\u015fs\u0259 d\u0259, yeni situasiyada f\u0259rqli yana\u015fmalar \u00f6z\u00fcn\u00fc g\u00f6st\u0259rm\u0259kd\u0259dir. Son ill\u0259r v\u0259ziyy\u0259tin bu d\u0259yi\u015fm\u0259si \u0130sraild\u0259 ciddi narahatl\u0131q do\u011furdu v\u0259 T\u0259l-\u018fviv s\u00fcr\u0259tl\u0259 Moskvaya yax\u0131nla\u015fmaya ba\u015flad\u0131. Sad\u0259c\u0259, qar\u015f\u0131l\u0131ql\u0131 \u00f6hd\u0259likl\u0259r\u0259 v\u0259 \u015f\u0259rtl\u0259r\u0259 \u0259m\u0259l olunmad\u0131\u011f\u0131ndan bu t\u0259r\u0259fda\u015fl\u0131q al\u0131nmad\u0131. \u0130srail \u00e7a\u015fq\u0131n durumda qald\u0131. Ba\u015f nazir Netanyahunun se\u00e7ki \u0259r\u0259f\u0259sind\u0259 AB\u015e Administrasiyas\u0131n\u0131n m\u0259sl\u0259h\u0259t bilm\u0259m\u0259sin\u0259 r\u0259\u011fm\u0259n Va\u015finqton s\u0259f\u0259ri v\u0259 ba\u015fqa \u00e7al\u0131\u015fmalar \u0130srailin \u0130ran-AB\u015e raz\u0131la\u015fmas\u0131ndan \u00e7ox narahat oldu\u011funu g\u00f6st\u0259rirdi. T\u0259bii ki, ba\u015f ver\u0259nl\u0259r \u0130srailin b\u00f6lg\u0259d\u0259ki m\u00f6vqel\u0259rini xeyli d\u0259r\u0259c\u0259d\u0259 z\u0259ifl\u0259dir. Bundan ba\u015fqa, Amerikan\u0131n b\u00f6lg\u0259d\u0259ki n\u00f6vb\u0259di m\u00fctt\u0259fiqi h\u0259m d\u0259 T\u00fcrkiy\u0259 olub. X\u00fcsusil\u0259 d\u0259 NATO \u00fczv\u00fc olmas\u0131 s\u0259b\u0259bind\u0259n T\u00fcrkiy\u0259 AB\u015e-\u0131n v\u0259 ba\u015fqa alyans d\u00f6vl\u0259tl\u0259rinin b\u00f6lg\u0259d\u0259 \u0259sas m\u00fctt\u0259fiqi olub. Amma art\u0131q bu m\u0259s\u0259l\u0259d\u0259 d\u0259 Ankaran\u0131n m\u00f6vqel\u0259ri z\u0259ifl\u0259m\u0259y\u0259 ba\u015flay\u0131b. D\u00fczd\u00fcr, m\u00f6vqel\u0259rin z\u0259ifl\u0259m\u0259sind\u0259 AKP hakimiyy\u0259tinin apard\u0131\u011f\u0131 siyas\u0259tin d\u0259 \u00f6n\u0259mli rolu oldu. Ancaq bu sazi\u015fin \u0259ld\u0259 olunmas\u0131 Ankaran\u0131n da m\u00f6vqel\u0259rini, b\u00f6lg\u0259y\u0259 t\u0259sir imkanlar\u0131n\u0131 yet\u0259rinc\u0259 z\u0259ifl\u0259dir. T\u0259sad\u00fcf\u00fc deyil ki, prezident \u018frdo\u011fan bir ne\u00e7\u0259 g\u00fcn \u0259vv\u0259l Fransan\u0131n &#8220;Kanal-24&#8221;\u00a0 televiziyas\u0131na m\u00fcsahib\u0259sind\u0259 m\u0259hz \u0130ran\u0131 h\u0259d\u0259f\u0259 ald\u0131. M\u00fcsahib\u0259d\u0259 deyil\u0259nl\u0259r Tehran v\u0259 Va\u015finqtona bir mesaj idi, h\u0259m d\u0259 Avropa kanal\u0131nda. Dig\u0259r t\u0259r\u0259fd\u0259n, sazi\u015f Rusiyan\u0131n Yax\u0131n \u015e\u0259rq\u0259 t\u0259sir imkanlar\u0131n\u0131 son d\u0259r\u0259c\u0259 m\u0259hdudla\u015fd\u0131r\u0131r. Suriya olaylar\u0131nda \u0130randan daha \u00e7ox Rusiya \u018fs\u0259d rejimini d\u0259st\u0259kl\u0259yirdi. Amma b\u00f6lg\u0259d\u0259 rejimin daimi himay\u0259dar\u0131 \u0130ran olub. Bu halda AB\u015e-la m\u00fcnasib\u0259tl\u0259ri d\u0259yi\u015f\u0259n \u0130ran \u018fs\u0259d rejimin\u0259 daha \u00e7ox laz\u0131m olacaq, n\u0259inki Rusiya. N\u0259hay\u0259t, S\u0259udiyy\u0259 \u018fr\u0259bistan\u0131 ba\u015fda olmaqla K\u00f6rf\u0259z \u00f6lk\u0259l\u0259rin\u0259 g\u0259l\u0259k. Yax\u0131n \u015e\u0259rq b\u00f6lg\u0259sind\u0259 yaranma g\u00f6r\u00fcnt\u00fcs\u00fc olan geosiyasi bo\u015fluq onlar\u0131 xeyli d\u0259r\u0259c\u0259d\u0259 f\u0259alla\u015fd\u0131rm\u0131\u015fd\u0131. X\u00fcsusil\u0259 S\u0259udiyy\u0259 \u018fr\u0259bistan\u0131 il\u0259 Q\u0259t\u0259r bir \u00e7ox prosesl\u0259r\u0259 a\u00e7\u0131q \u015f\u0259kild\u0259 m\u00fcdaxil\u0259 etdil\u0259r. M\u0259n Misir, Y\u0259m\u0259n, Suriya hadis\u0259l\u0259rini n\u0259z\u0259rd\u0259 tuturam. Bunun \u0259n a\u011fr\u0131l\u0131s\u0131 Suriyaya m\u00fcdaxil\u0259 oldu. \u0130ran-AB\u015e raz\u0131la\u015fmas\u0131 onlar\u0131n da imkanlar\u0131n\u0131 xeyli d\u0259r\u0259c\u0259d\u0259 m\u0259hdudla\u015fd\u0131r\u0131r. Y\u0259ni b\u00f6lg\u0259nin \u0259n\u0259n\u0259vi g\u00fccl\u0259ri say\u0131lan v\u0259 g\u00fccl\u0259ri say\u0131la bil\u0259c\u0259k d\u00f6vl\u0259tl\u0259rin ham\u0131s\u0131n\u0131 sadalad\u0131q. Son anla\u015fmadan sonra onlar\u0131ln h\u0259r birinin m\u00f6vqeyi d\u0259yi\u015f\u0259 bil\u0259r. Amma Amerikan\u0131n birx\u0259tli xarici siyas\u0259t y\u00fcr\u00fcd\u0259c\u0259yini d\u0259 d\u00fc\u015f\u00fcnm\u00fcr\u0259m, bu, onlar\u0131n \u0259n\u0259n\u0259l\u0259rin\u0259 ziddir. Bu, b\u00f6lg\u0259d\u0259 m\u00fcvafiq balans\u0131n yaranaca\u011f\u0131n\u0131 dem\u0259y\u0259 \u0259sas verir.\u00a0 \u018fvv\u0259ll\u0259r bu balans T\u00fcrkiy\u0259, \u0130srail formatlar\u0131nda h\u0259yata ke\u00e7irilirdis\u0259, bu g\u00fcn \u0130ran v\u0259 onun b\u00f6lg\u0259d\u0259 rolunun artmas\u0131na qar\u015f\u0131 olan g\u00fccl\u0259r aras\u0131nda olacaq. \u0130lkin \u0259lam\u0259tl\u0259r Y\u0259m\u0259n hadis\u0259l\u0259rind\u0259 g\u00f6r\u00fcn\u00fcr.\n<\/p>\n<p>\n  <b><br \/>\n    &#8211; Y\u0259m\u0259n hadis\u0259l\u0259rind\u0259 \u0130ran \u015fi\u0259l\u0259ri d\u0259st\u0259kl\u0259yir&#8230;<br \/>\n  <\/b>\n<\/p>\n<p>\n  &#8211; S\u0259udiyy\u0259 \u018fr\u0259bistan\u0131 da onlara qar\u015f\u0131 m\u00fctt\u0259fiql\u0259ri il\u0259 birg\u0259 h\u0259rbi \u0259m\u0259liyyat ke\u00e7irir.\n<\/p>\n<p>\n  &#8211;<br \/>\n  <b><br \/>\n    Amerikan\u0131n d\u0259st\u0259k verdiyini b\u0259yan edirl\u0259r&#8230;<br \/>\n  <\/b>\n<\/p>\n<p>\n  &#8211; S\u00f6zd\u0259 bel\u0259 deyilir. D\u0259st\u0259yin n\u0259 d\u0259r\u0259c\u0259d\u0259 real oldu\u011funu s\u00f6yl\u0259m\u0259k \u00e7\u0259tindir. Ancaq ist\u0259nil\u0259n halda Va\u015finqton onlara d\u0259st\u0259k verdiyini b\u0259yan edir v\u0259 bu fonda da Q\u0259rb-\u0130ran anla\u015fmas\u0131 \u0259ld\u0259 olunur. D\u0259st\u0259k verilm\u0259si g\u00f6r\u00fcnt\u00fcs\u00fc prosesin s\u00fcr\u0259tl\u0259nm\u0259si \u00fc\u00e7\u00fcn ola bil\u0259rdi. H\u0259r halda \u00e7ox\u015fax\u0259li xarici siyas\u0259t \u00f6z\u00fcn\u00fc do\u011frultdu. Yax\u0131n zamanlarda Y\u0259m\u0259n hadis\u0259l\u0259rinin hara q\u0259d\u0259r ged\u0259c\u0259yini s\u00f6yl\u0259m\u0259k xeyli \u00e7\u0259tindir. Birinci, S\u0259udiyy\u0259 \u018fr\u0259bistan\u0131 v\u0259 m\u00fctt\u0259fiql\u0259rinin Y\u0259m\u0259n\u0259 m\u00fcdaxil\u0259sin\u0259 qar\u015f\u0131 t\u0259kc\u0259 \u015fi\u0259l\u0259r \u00e7\u0131xm\u0131r. Sabiq prezident \u018fli Abdulla Salehin t\u0259r\u0259fdarlar\u0131 da m\u00fcdaxil\u0259y\u0259 qar\u015f\u0131 \u00e7\u0131x\u0131r. Bu, art\u0131q Y\u0259m\u0259n \u0259halisinin \u0259ks\u0259r hiss\u0259sidir. Ba\u015fqa t\u0259r\u0259fd\u0259n, xarici \u00f6lk\u0259nin g\u0259lib bu v\u0259 ya dig\u0259r niyy\u0259tl\u0259 dig\u0259r bir \u00f6lk\u0259ni bombalamas\u0131 he\u00e7 bir halda onun \u0259halisi t\u0259r\u0259find\u0259n m\u00fcsb\u0259t qar\u015f\u0131lanm\u0131r. Ona g\u00f6r\u0259 d\u0259 S\u0259udiyy\u0259 \u018fr\u0259bistan\u0131 v\u0259 m\u00fctt\u0259fiql\u0259rinin Y\u0259m\u0259n siyas\u0259ti \u00e7ox y\u00fcks\u0259k iflasa u\u011framaq imkan\u0131na malikdir.\n<\/p>\n<p>\n  <b><br \/>\n    &#8211; Dedikl\u0259rinizd\u0259n bel\u0259 \u00e7\u0131xm\u0131r ki, AB\u015e S\u0259udiyy\u0259 \u018fr\u0259bistan\u0131 kimi m\u00fctt\u0259fiqini qurban verir, yaxud imtina edir?<br \/>\n  <\/b>\n<\/p>\n<p>\n  &#8211; Yox, dem\u0259zdim qurban verir, sad\u0259c\u0259, t\u0259sir dair\u0259sinin geni\u015fl\u0259nm\u0259sinin qar\u015f\u0131s\u0131n\u0131 al\u0131r. \u018fslind\u0259, Q\u0259rb prosesi ba\u015fl\u0131-ba\u015f\u0131na burax\u0131b, h\u0259tta d\u0259st\u0259yini ifad\u0259 edir ki, gedin \u00f6z\u00fcn\u00fcz h\u0259ll edin. H\u0259ll ed\u0259 bil\u0259c\u0259kl\u0259rmi, bu, ba\u015fqa bir suald\u0131r. Y\u0259ni h\u0259r \u015fey g\u00f6r\u00fcnd\u00fcy\u00fc q\u0259d\u0259r sad\u0259 deyil. B\u00f6y\u00fck g\u00fccl\u0259r topland\u0131, S\u0259udiyy\u0259 \u018fr\u0259bistan\u0131 150 minlik qo\u015fun qoydu ortaya, bu, h\u0259r \u015feyin h\u0259lli deyil. \u018fs\u0259d rejimi Suriyan\u0131n ki\u00e7ik bir hiss\u0259sin\u0259 n\u0259zar\u0259t ed\u0259 bilir, amma indiy\u0259 q\u0259d\u0259r rejim qalmaqdad\u0131r. Ona g\u00f6r\u0259 Y\u0259m\u0259nd\u0259 u\u011furun \u0259ld\u0259 olunaca\u011f\u0131n\u0131 d\u00fc\u015f\u00fcnm\u0259k sad\u0259l\u00f6hvl\u00fckd\u00fcr. \u018fg\u0259r AB\u015e \u00f6z h\u0259rbi g\u00fcc\u00fcyl\u0259 \u018ffqan\u0131standa u\u011fur \u0259ld\u0259 ed\u0259 bilm\u0259dis\u0259, S\u0259udiyy\u0259 \u018fr\u0259bistan\u0131 v\u0259 m\u00fctt\u0259fiql\u0259rinin Y\u0259m\u0259nd\u0259 u\u011fur \u0259ld\u0259 ed\u0259c\u0259yini d\u00fc\u015f\u00fcnm\u0259k real g\u00f6r\u00fcnm\u00fcr. X\u00fcsus\u0259n bunun a\u00e7\u0131q m\u0259zh\u0259b\u00e7i sava\u015f oldu\u011funu n\u0259z\u0259r\u0259 alanda.\n<\/p>\n<p>\n  <b><br \/>\n    &#8211; Qay\u0131daq C\u0259nubi Qafqaz b\u00f6lg\u0259sin\u0259, \u0130ran-AB\u015e raz\u0131la\u015fmas\u0131 r\u0259smi Bak\u0131n\u0131n xarici siyas\u0259tin\u0259 hans\u0131 t\u0259siri g\u00f6st\u0259r\u0259c\u0259k?<br \/>\n  <\/b>\n<\/p>\n<p>\n  &#8211; Az\u0259rbaycan\u0131n indiy\u0259 apar\u0131lan xarici siyas\u0259tini u\u011fursuzlu\u011fa yax\u0131n hesab etm\u0259k olar. \u00c7\u00fcnki Az\u0259rbaycan bir \u00e7ox hallarda \u0130ran amilin\u0259 g\u00f6r\u0259 d\u0259y\u0259rl\u0259ndirilirdi. Dig\u0259r t\u0259r\u0259fd\u0259n, enerji amili idi. Art\u0131q \u0130ran da Avropan\u0131n enerji t\u0259chizat\u0131nda i\u015ftiraka haz\u0131r oldu\u011funu b\u0259yan edib. G\u00f6rd\u00fcy\u00fcm\u00fcz kimi meydana daha b\u00f6y\u00fck oyun\u00e7u \u00e7\u0131x\u0131r. \u018fg\u0259r \u0130ran Avropan\u0131n qazla t\u0259chizat\u0131ndan i\u015ftirakdan dan\u0131\u015f\u0131rsa, bu, ilk n\u00f6vb\u0259d\u0259 Rusiyan\u0131n maraqlar\u0131na ziddir. Avtomatik olaraq Az\u0259rbaycan \u00e7ox ki\u00e7ik oyun\u00e7uya \u00e7evrilir. Bundan ba\u015fqa Az\u0259rbaycan\u0131n iqtisadiyyat\u0131 neftd\u0259n as\u0131l\u0131d\u0131r. \u0130ran \u00fcz\u0259rind\u0259n embarqo t\u0259dric\u0259n g\u00f6t\u00fcr\u00fclm\u0259y\u0259 ba\u015flayanda ist\u0259nil\u0259n halda d\u00fcnya bazar\u0131na daxil olan neftin h\u0259cmi artacaq.\n<\/p>\n<p>\n  <b><br \/>\n    &#8211; Qiym\u0259ti d\u0259 artacaqm\u0131?<br \/>\n  <\/b>\n<\/p>\n<p>\n  &#8211; Yox. Bax\u0131n, anla\u015fmaya ilkin reaksiya birjalarda neftin qiym\u0259tinin 5 faiz d\u00fc\u015fm\u0259siyl\u0259 \u00f6z\u00fcn\u00fc b\u00fcruz\u0259 verdi. H\u0259l\u0259 neft bazara daxil olmay\u0131b. Neft bazara daxil olanda t\u0259klif t\u0259l\u0259bi bir q\u0259d\u0259r d\u0259 \u00fcst\u0259l\u0259y\u0259c\u0259k. Dem\u0259li, t\u0259klif bir q\u0259d\u0259r d\u0259 artacaq, k\u0259skin d\u0259 olmasa, neftin qiym\u0259tinin 40 dollara d\u00fc\u015fm\u0259k ehtimal\u0131 var.\u00a0 Bu is\u0259 Rusiya v\u0259 Az\u0259rbaycan iqtisadiyyat\u0131 \u00fc\u00e7\u00fcn f\u0259lak\u0259t dem\u0259kdir.\n<\/p>\n<p>\n  <b><br \/>\n    &#8211; O zaman h\u00f6kum\u0259t hans\u0131 add\u0131mlar atmal\u0131d\u0131r?<br \/>\n  <\/b>\n<\/p>\n<p>\n  &#8211; Situasiya \u00e7ox m\u00fcr\u0259kk\u0259bdir. Hakimiyy\u0259t v\u0259ziyy\u0259t\u0259 haz\u0131rla\u015f\u0131rd\u0131. M\u0259s\u0259l\u0259n, Bak\u0131-Ankara yax\u0131nla\u015fmas\u0131 \u00e7ox s\u00fcr\u0259tl\u0259 gedir, h\u0259rbi t\u0259liml\u0259ri d\u0259 n\u0259z\u0259r\u0259 alaq. Bak\u0131 Moskvayla m\u00fcnasib\u0259tl\u0259rini isti saxlamaqda davam edir. \u0130sraill\u0259 m\u00fcnasib\u0259tl\u0259ri saxlamaq v\u0259 inki\u015faf etdirm\u0259k indiki situasiyada \u00f6n\u0259mli olard\u0131. Ancaq \u0259vv\u0259lkind\u0259n daha risklidir. \u00c7\u00fcnki \u0259vv\u0259ll\u0259r \u0130ran v\u0259 Az\u0259rbaycan m\u0259s\u0259l\u0259sind\u0259 AB\u015e-la \u0130srailin m\u00f6vqel\u0259ri \u0259ks\u0259r hallarda \u00fcst-\u00fcst\u0259 d\u00fc\u015f\u00fcrd\u00fc. \u0130ndi is\u0259 ziddiyy\u0259tl\u0259r var. Bak\u0131-TeL-\u018fviv m\u00fcnasib\u0259tl\u0259rinin inki\u015faf\u0131, x\u00fcsusil\u0259 h\u0259rbi \u0259m\u0259kda\u015fl\u0131q t\u0259kc\u0259 \u0130randa deyil, Amerikada da q\u0131c\u0131q yarada bil\u0259r. Bu m\u0259s\u0259l\u0259d\u0259 h\u0259l\u0259 Rusiyan\u0131n da \u00f6z maraqlar\u0131 var. Moskva vaxtil\u0259 Az\u0259rbaycan-\u0130srail h\u0259rbi \u0259m\u0259kda\u015fl\u0131\u011f\u0131n\u0131n pik h\u0259dd\u0259 \u00e7atmas\u0131n\u0131n qar\u015f\u0131s\u0131n\u0131 ald\u0131. Bununla Az\u0259rbaycan son 2-3 ild\u0259 yenid\u0259n Rusiyan\u0131n silah bazar\u0131na \u00e7evrildi. Bel\u0259 olan halda Az\u0259rbaycan\u0131n xarici siyas\u0259tind\u0259 \u0259sas istiqam\u0259t Avropa olmal\u0131d\u0131r. \u00c7\u00fcnki yaranm\u0131\u015f situasiyada t\u0259hl\u00fck\u0259sizliy\u0259 yaln\u0131z Q\u0259rb v\u0259 AB\u015e t\u0259minat ver\u0259 bil\u0259r.\u00a0 T\u0259\u0259ss\u00fcf ki, Az\u0259rbaycan-AB\u015e m\u00fcnasib\u0259tl\u0259ri is\u0259 h\u0259l\u0259 al\u0131nm\u0131r.\n<\/p>\n<p>\n  <b><br \/>\n    &#8211; O zaman Az\u0259rbaycan\u0131n durumu bax\u0131m\u0131ndan situasiyan\u0131n dumanl\u0131 oldu\u011funu dem\u0259k olarm\u0131?<br \/>\n  <\/b>\n<\/p>\n<p>\n  &#8211; Kifay\u0259t q\u0259d\u0259r dumanl\u0131 olsa da, konturlar g\u00f6r\u00fcnm\u0259kd\u0259dir. El\u0259 siyasi situasiya olmur ki, istiqam\u0259tl\u0259ri g\u00f6rm\u0259k m\u00fcmk\u00fcn olmas\u0131n. D\u00fczd\u00fcr, AB\u015e-\u0130ran yax\u0131nla\u015fmas\u0131 \u00e7oxlar\u0131n\u0131 qane etmir, Rusiya, T\u00fcrkiy\u0259, \u0130srail, S\u0259udiyy\u0259 \u018fr\u0259bistan\u0131, ham\u0131s\u0131 buna qar\u015f\u0131d\u0131r, h\u0259tta AB\u015e-\u0131n daxilind\u0259 respublika\u00e7\u0131lar da. Ancaq Amerika iqtisadiyyat\u0131 son 20 ild\u0259 olmad\u0131\u011f\u0131 templ\u0259rl\u0259 y\u00fcks\u0259lir. Xarici siyas\u0259td\u0259 \u00e7ox \u00e7evik add\u0131mlar at\u0131l\u0131r. Respublika\u00e7\u0131lar\u0131n xarici siyas\u0259ti ad\u0259t\u0259n qar\u015f\u0131durmalarla m\u00fc\u015fahid\u0259 olunur, amma Obama administrasiyas\u0131 bu &#8220;kart\u0131&#8221;da daxili siyasi r\u0259qibl\u0259rinin \u0259lind\u0259n ala bilib, m\u0259s\u0259l\u0259n, Rusiya il\u0259 m\u00fcnasib\u0259tl\u0259rd\u0259. Bu m\u0259nada AB\u015e-da bir ild\u0259n sonra ke\u00e7iril\u0259c\u0259k prezident se\u00e7kil\u0259rind\u0259 respublika\u00e7\u0131lar\u0131n m\u00f6vqeyi \u00e7ox z\u0259if g\u00f6r\u00fcn\u00fcr. Bundan ba\u015fqa ba\u015flanan prosesd\u0259 Q\u0259rb-\u0130ran prosesind\u0259 yaln\u0131z AB\u015e yox, \u201cB\u00f6y\u00fck alt\u0131l\u0131q\u201d \u00f6lk\u0259l\u0259ri (AB\u015e, \u0130ngilt\u0259r\u0259, Fransa, \u00c7in, Rusiya v\u0259 Almaniya) i\u015ftirak edir, Avropa \u00f6lk\u0259l\u0259rini n\u0259z\u0259rd\u0259 tuturam. B\u00fct\u00fcn hallarda yaranm\u0131\u015f situasiyada Az\u0259rbaycan\u0131n t\u0259hl\u00fck\u0259sizliyin\u0259 \u0259n ciddi t\u0259minat\u0131 da Avropa Birliyi v\u0259 AB\u015e ver\u0259 bil\u0259r. Odur ki, biz\u0259 Avropa Birliyi v\u0259 AB\u015e-la m\u00fcnasib\u0259tl\u0259rd\u0259 ciddi ir\u0259lil\u0259yi\u015f\u0259 nail olmaq laz\u0131md\u0131r.\u00a0 H\u0259l\u0259lik is\u0259 bu ya g\u00f6r\u00fcnm\u00fcr, ya da \u00fcmumiyy\u0259tl\u0259 al\u0131nm\u0131r.\n<\/p><\/p>\n","protected":false},"excerpt":{"rendered":"<p>&#8220;Avtomatik olaraq Az\u0259rbaycan \u00e7ox ki\u00e7ik oyun\u00e7uya \u00e7evrilir&#8221;<\/p>\n","protected":false},"author":11,"featured_media":22140,"comment_status":"closed","ping_status":"open","sticky":false,"template":"","format":"standard","meta":{"_acf_changed":false,"_sitemap_exclude":false,"_sitemap_priority":"","_sitemap_frequency":"","footnotes":""},"categories":[56],"tags":[],"class_list":["post-167423","post","type-post","status-publish","format-standard","has-post-thumbnail","hentry","category-xeberler","infinite-scroll-item","generate-columns","tablet-grid-50","mobile-grid-100","grid-parent","grid-33","no-featured-image-padding"],"acf":[],"yoast_head":"<!-- This site is optimized with the Yoast SEO plugin v28.4 - https:\/\/yoast.com\/product\/yoast-seo-wordpress\/ -->\n<title>&quot;\u0130ndi Az\u0259rbaycan\u0131n t\u0259hl\u00fck\u0259sizliyin\u0259 Avropa Birliyi v\u0259 AB\u015e t\u0259minat ver\u0259 bil\u0259r&quot; - MEYDAN.TV<\/title>\n<meta name=\"robots\" content=\"index, follow, max-snippet:-1, max-image-preview:large, max-video-preview:-1\" \/>\n<link rel=\"canonical\" href=\"https:\/\/www.meydan.tv\/az\/article\/indi-azerbaycanin-tehlukesizliyine-avropa-birliyi-ve-abs-teminat-vere-biler\/\" \/>\n<meta property=\"og:locale\" content=\"az_AZ\" \/>\n<meta property=\"og:type\" content=\"article\" \/>\n<meta property=\"og:title\" content=\"&quot;\u0130ndi Az\u0259rbaycan\u0131n t\u0259hl\u00fck\u0259sizliyin\u0259 Avropa Birliyi v\u0259 AB\u015e t\u0259minat ver\u0259 bil\u0259r&quot; - MEYDAN.TV\" \/>\n<meta property=\"og:description\" content=\"&quot;Avtomatik olaraq Az\u0259rbaycan \u00e7ox ki\u00e7ik oyun\u00e7uya \u00e7evrilir&quot;\" \/>\n<meta property=\"og:url\" content=\"https:\/\/www.meydan.tv\/az\/article\/indi-azerbaycanin-tehlukesizliyine-avropa-birliyi-ve-abs-teminat-vere-biler\/\" \/>\n<meta property=\"og:site_name\" content=\"MEYDAN.TV\" \/>\n<meta property=\"article:published_time\" content=\"2015-04-03T14:09:13+00:00\" \/>\n<meta property=\"og:image\" content=\"https:\/\/www.meydan.tv\/wp-content\/uploads\/8024.jpg\" \/>\n\t<meta property=\"og:image:width\" content=\"650\" \/>\n\t<meta property=\"og:image:height\" content=\"420\" \/>\n\t<meta property=\"og:image:type\" content=\"image\/jpeg\" \/>\n<meta name=\"twitter:card\" content=\"summary_large_image\" \/>\n<!-- \/ Yoast SEO plugin. -->","yoast_head_json":{"title":"\"\u0130ndi Az\u0259rbaycan\u0131n t\u0259hl\u00fck\u0259sizliyin\u0259 Avropa Birliyi v\u0259 AB\u015e t\u0259minat ver\u0259 bil\u0259r\" - MEYDAN.TV","robots":{"index":"index","follow":"follow","max-snippet":"max-snippet:-1","max-image-preview":"max-image-preview:large","max-video-preview":"max-video-preview:-1"},"canonical":"https:\/\/www.meydan.tv\/az\/article\/indi-azerbaycanin-tehlukesizliyine-avropa-birliyi-ve-abs-teminat-vere-biler\/","og_locale":"az_AZ","og_type":"article","og_title":"\"\u0130ndi Az\u0259rbaycan\u0131n t\u0259hl\u00fck\u0259sizliyin\u0259 Avropa Birliyi v\u0259 AB\u015e t\u0259minat ver\u0259 bil\u0259r\" - MEYDAN.TV","og_description":"\"Avtomatik olaraq Az\u0259rbaycan \u00e7ox ki\u00e7ik oyun\u00e7uya \u00e7evrilir\"","og_url":"https:\/\/www.meydan.tv\/az\/article\/indi-azerbaycanin-tehlukesizliyine-avropa-birliyi-ve-abs-teminat-vere-biler\/","og_site_name":"MEYDAN.TV","article_published_time":"2015-04-03T14:09:13+00:00","og_image":[{"width":650,"height":420,"url":"https:\/\/www.meydan.tv\/wp-content\/uploads\/8024.jpg","type":"image\/jpeg"}],"twitter_card":"summary_large_image","schema":{"@context":"https:\/\/schema.org","@graph":[{"@type":"Article","@id":"https:\/\/www.meydan.tv\/az\/article\/indi-azerbaycanin-tehlukesizliyine-avropa-birliyi-ve-abs-teminat-vere-biler\/#article","isPartOf":{"@id":"https:\/\/www.meydan.tv\/az\/article\/indi-azerbaycanin-tehlukesizliyine-avropa-birliyi-ve-abs-teminat-vere-biler\/"},"author":{"name":"user-manager","@id":"https:\/\/www.meydan.tv\/az\/#\/schema\/person\/10d11eccf6da3662cf5fdab9806ea91a"},"headline":"&#8220;\u0130ndi Az\u0259rbaycan\u0131n t\u0259hl\u00fck\u0259sizliyin\u0259 Avropa Birliyi v\u0259 AB\u015e t\u0259minat ver\u0259 bil\u0259r&#8221;","datePublished":"2015-04-03T14:09:13+00:00","mainEntityOfPage":{"@id":"https:\/\/www.meydan.tv\/az\/article\/indi-azerbaycanin-tehlukesizliyine-avropa-birliyi-ve-abs-teminat-vere-biler\/"},"wordCount":2473,"publisher":{"@id":"https:\/\/www.meydan.tv\/az\/#organization"},"image":{"@id":"https:\/\/www.meydan.tv\/az\/article\/indi-azerbaycanin-tehlukesizliyine-avropa-birliyi-ve-abs-teminat-vere-biler\/#primaryimage"},"thumbnailUrl":"https:\/\/www.meydan.tv\/wp-content\/uploads\/8024.jpg","articleSection":["X\u0259b\u0259rl\u0259r"],"inLanguage":"az"},{"@type":"WebPage","@id":"https:\/\/www.meydan.tv\/az\/article\/indi-azerbaycanin-tehlukesizliyine-avropa-birliyi-ve-abs-teminat-vere-biler\/","url":"https:\/\/www.meydan.tv\/az\/article\/indi-azerbaycanin-tehlukesizliyine-avropa-birliyi-ve-abs-teminat-vere-biler\/","name":"\"\u0130ndi Az\u0259rbaycan\u0131n t\u0259hl\u00fck\u0259sizliyin\u0259 Avropa Birliyi v\u0259 AB\u015e t\u0259minat ver\u0259 bil\u0259r\" - MEYDAN.TV","isPartOf":{"@id":"https:\/\/www.meydan.tv\/az\/#website"},"primaryImageOfPage":{"@id":"https:\/\/www.meydan.tv\/az\/article\/indi-azerbaycanin-tehlukesizliyine-avropa-birliyi-ve-abs-teminat-vere-biler\/#primaryimage"},"image":{"@id":"https:\/\/www.meydan.tv\/az\/article\/indi-azerbaycanin-tehlukesizliyine-avropa-birliyi-ve-abs-teminat-vere-biler\/#primaryimage"},"thumbnailUrl":"https:\/\/www.meydan.tv\/wp-content\/uploads\/8024.jpg","datePublished":"2015-04-03T14:09:13+00:00","breadcrumb":{"@id":"https:\/\/www.meydan.tv\/az\/article\/indi-azerbaycanin-tehlukesizliyine-avropa-birliyi-ve-abs-teminat-vere-biler\/#breadcrumb"},"inLanguage":"az","potentialAction":[{"@type":"ReadAction","target":["https:\/\/www.meydan.tv\/az\/article\/indi-azerbaycanin-tehlukesizliyine-avropa-birliyi-ve-abs-teminat-vere-biler\/"]}]},{"@type":"ImageObject","inLanguage":"az","@id":"https:\/\/www.meydan.tv\/az\/article\/indi-azerbaycanin-tehlukesizliyine-avropa-birliyi-ve-abs-teminat-vere-biler\/#primaryimage","url":"https:\/\/www.meydan.tv\/wp-content\/uploads\/8024.jpg","contentUrl":"https:\/\/www.meydan.tv\/wp-content\/uploads\/8024.jpg","width":650,"height":420,"caption":"Source:"},{"@type":"BreadcrumbList","@id":"https:\/\/www.meydan.tv\/az\/article\/indi-azerbaycanin-tehlukesizliyine-avropa-birliyi-ve-abs-teminat-vere-biler\/#breadcrumb","itemListElement":[{"@type":"ListItem","position":1,"name":"Ana s\u0259hif\u0259","item":"https:\/\/www.meydan.tv\/az\/"},{"@type":"ListItem","position":2,"name":"X\u0259b\u0259rl\u0259r","item":"https:\/\/www.meydan.tv\/az\/section\/xeberler\/"},{"@type":"ListItem","position":3,"name":"&#8220;\u0130ndi Az\u0259rbaycan\u0131n t\u0259hl\u00fck\u0259sizliyin\u0259 Avropa Birliyi v\u0259 AB\u015e t\u0259minat ver\u0259 bil\u0259r&#8221;"}]},{"@type":"WebSite","@id":"https:\/\/www.meydan.tv\/az\/#website","url":"https:\/\/www.meydan.tv\/az\/","name":"MEYDAN.TV","description":"Meydan TV Az\u0259rbaycan\u0131n media m\u0259kan\u0131ndak\u0131 alternativ s\u0259sidir","publisher":{"@id":"https:\/\/www.meydan.tv\/az\/#organization"},"potentialAction":[{"@type":"SearchAction","target":{"@type":"EntryPoint","urlTemplate":"https:\/\/www.meydan.tv\/az\/?s={search_term_string}"},"query-input":{"@type":"PropertyValueSpecification","valueRequired":true,"valueName":"search_term_string"}}],"inLanguage":"az"},{"@type":"Organization","@id":"https:\/\/www.meydan.tv\/az\/#organization","name":"Meydan TV","url":"https:\/\/www.meydan.tv\/az\/","logo":{"@type":"ImageObject","inLanguage":"az","@id":"https:\/\/www.meydan.tv\/az\/#\/schema\/logo\/image\/","url":"https:\/\/www.meydan.tv\/wp-content\/uploads\/2021\/07\/meydan-logo.svg","contentUrl":"https:\/\/www.meydan.tv\/wp-content\/uploads\/2021\/07\/meydan-logo.svg","width":195,"height":46,"caption":"Meydan TV"},"image":{"@id":"https:\/\/www.meydan.tv\/az\/#\/schema\/logo\/image\/"}},{"@type":"Person","@id":"https:\/\/www.meydan.tv\/az\/#\/schema\/person\/10d11eccf6da3662cf5fdab9806ea91a","name":"user-manager"}]}},"_links":{"self":[{"href":"https:\/\/www.meydan.tv\/az\/wp-json\/wp\/v2\/posts\/167423","targetHints":{"allow":["GET"]}}],"collection":[{"href":"https:\/\/www.meydan.tv\/az\/wp-json\/wp\/v2\/posts"}],"about":[{"href":"https:\/\/www.meydan.tv\/az\/wp-json\/wp\/v2\/types\/post"}],"author":[{"embeddable":true,"href":"https:\/\/www.meydan.tv\/az\/wp-json\/wp\/v2\/users\/11"}],"replies":[{"embeddable":true,"href":"https:\/\/www.meydan.tv\/az\/wp-json\/wp\/v2\/comments?post=167423"}],"version-history":[{"count":0,"href":"https:\/\/www.meydan.tv\/az\/wp-json\/wp\/v2\/posts\/167423\/revisions"}],"wp:featuredmedia":[{"embeddable":true,"href":"https:\/\/www.meydan.tv\/az\/wp-json\/wp\/v2\/media\/22140"}],"wp:attachment":[{"href":"https:\/\/www.meydan.tv\/az\/wp-json\/wp\/v2\/media?parent=167423"}],"wp:term":[{"taxonomy":"category","embeddable":true,"href":"https:\/\/www.meydan.tv\/az\/wp-json\/wp\/v2\/categories?post=167423"},{"taxonomy":"post_tag","embeddable":true,"href":"https:\/\/www.meydan.tv\/az\/wp-json\/wp\/v2\/tags?post=167423"}],"curies":[{"name":"wp","href":"https:\/\/api.w.org\/{rel}","templated":true}]}}