{"id":167421,"date":"2015-04-02T20:44:56","date_gmt":"2015-04-02T20:44:56","guid":{"rendered":"https:\/\/www.meydan.tv\/article\/sehid-bacisi-ona-hormet-qoyulmadigini-deyir\/"},"modified":"2015-04-02T20:44:56","modified_gmt":"2015-04-02T20:44:56","slug":"sehid-bacisi-ona-hormet-qoyulmadigini-deyir","status":"publish","type":"post","link":"https:\/\/www.meydan.tv\/az\/article\/sehid-bacisi-ona-hormet-qoyulmadigini-deyir\/","title":{"rendered":"\u015e\u0259hid bac\u0131s\u0131 ona h\u00f6rm\u0259t qoyulmad\u0131\u011f\u0131n\u0131 deyir"},"content":{"rendered":"<figure class=\"wp-block-image size-large\">\n  <img decoding=\"async\" src=\"https:\/\/www.meydan.tv\/az\/22128\/\" alt=\"\" class=\"wp-image-22128\"\/><figcaption><\/figcaption><\/figure>\n<p>\n  <i><br \/>\n    \u201cPrezident B\u0259rd\u0259y\u0259 g\u0259l\u0259nd\u0259, polisl\u0259r camaat\u0131 d\u00f6y\u0259-d\u00f6y\u0259 h\u0259y\u0259t\u0259 sald\u0131rlar ki, onu g\u00f6rm\u0259y\u0259k\u201d<br \/>\n  <\/i>\n<\/p>\n<p>\n  B\u0259rd\u0259 rayon sakini Sahib\u0259 C\u0259f\u0259rova qon\u015fulu\u011funda f\u0259aliyy\u0259t g\u00f6st\u0259r\u0259n soyuducu sexinin sahibind\u0259n \u015fikay\u0259t\u00e7idir. Qad\u0131n bildirir ki, sexin \u0259razisinin 2,5 sotu \u0259slind\u0259, onlar\u0131n olub. Lakin sexin sahibi Nazim S\u0259fixanov onlara m\u0259xsus \u0259razini z\u0259bt edib. \u0130ndi is\u0259 yolda\u015f\u0131 Xaliq C\u0259f\u0259rova m\u00fcxt\u0259lif b\u00f6htanlar at\u0131r: \u201cBu \u0259razi bizimdir. Ba\u015f\u0131m\u0131za oyun a\u00e7\u0131r bu adam. Soyuducu sexinin s\u0259sind\u0259n ya\u015faya bilmirik. Bu adam nalayiq s\u00f6y\u00fc\u015fl\u0259r s\u00f6y\u00fcr. Sex evimiz\u0259 biti\u015fikdir. Eyibdir ax\u0131. Evimd\u0259 q\u0131z u\u015faqlar\u0131 var. \u00dcst\u0259lik, bu adam yolda\u015f\u0131ma b\u00f6htan at\u0131r. Bir d\u0259f\u0259 tutdurmu\u015fdu onu. Bilmir\u0259m hara gedim, d\u0259rdimi kim\u0259 deyim?\u201d\n<\/p>\n<p>\n  Aprelin 2-si K\u0259lb\u0259c\u0259r rayonunun i\u015f\u011fal\u0131ndan 22 il \u00f6t\u00fcr. Qarda\u015f\u0131 Fazil N\u0259c\u0259fovu K\u0259lb\u0259c\u0259r d\u00f6y\u00fc\u015fl\u0259rind\u0259 itirdiyini dey\u0259n qad\u0131n bu g\u00fcn \u015f\u0259hid bac\u0131s\u0131na h\u00f6rm\u0259t qoyulmad\u0131\u011f\u0131n\u0131 bildirir:\n<\/p>\n<p>\n  \u201cM\u0259n d\u0259 bir \u015f\u0259hidin bac\u0131s\u0131yam. Amma m\u0259n\u0259 h\u00f6rm\u0259t ed\u0259n yoxdur. S\u0259simi he\u00e7 kim e\u015fitmir. Bu adam\u0131n \u0259laq\u0259l\u0259ri var. Nec\u0259 edirs\u0259, h\u0259r yerd\u0259n d\u00fczg\u00fcn \u00e7\u0131x\u0131r. \u00a0Allaha and i\u00e7ir\u0259m ki, \u00f6z\u00fcm\u00fc \u00f6ld\u00fcrm\u0259k \u00fc\u00e7\u00fcn plakat yaz\u0131b, haz\u0131rlam\u0131\u015fd\u0131m. Prezident B\u0259rd\u0259y\u0259 g\u0259lm\u0259mi\u015fd\u0259n bir g\u00fcn \u0259vv\u0259l benzin butulkas\u0131n\u0131 \u00fcst\u00fcm\u0259 t\u00f6k\u00fcrd\u00fcm, polisl\u0259r g\u0259lib \u0259limd\u0259n ald\u0131lar. Dedil\u0259r ki, problemini h\u0259ll ed\u0259c\u0259yik. Prezident g\u0259l\u0259n g\u00fcn is\u0259 ona d\u0259rdini dem\u0259k ist\u0259y\u0259nl\u0259ri polisl\u0259r g\u00fccl\u0259, d\u00f6y\u0259-d\u00f6y\u0259 h\u0259y\u0259tl\u0259r\u0259 sal\u0131b, darvazalar\u0131 ba\u011flad\u0131lar. Prezidenti d\u0259 g\u00f6r\u0259 bilm\u0259dim\u201d.\n<\/p>\n<p>\n  Sahib\u0259 C\u0259f\u0259rovan\u0131n ittiham etdiyi Nazim S\u0259fixanov is\u0259 deyir ki, sexinin oldu\u011fu \u0259razid\u0259 31 ildir ki, f\u0259aliyy\u0259t g\u00f6st\u0259rir: \u201cM\u0259nim b\u00fct\u00fcn s\u0259n\u0259dl\u0259rim qaydas\u0131ndad\u0131r. \u00dcst\u0259lik, o \u0259razinin bir hiss\u0259si he\u00e7 m\u0259nim \u00f6z\u00fcm\u00fcn deyil. Qarda\u015f\u0131m Qaraba\u011f \u0259lili oldu\u011fundan, h\u0259min \u0259razinin bir hiss\u0259sini ona h\u00f6rm\u0259tli prezidentimiz ba\u011f\u0131\u015flay\u0131b. M\u0259n \u00f6z\u00fcm d\u0259 Yeni Az\u0259rbaycan Partiyas\u0131n\u0131n \u00fczv\u00fcy\u0259m\u201d.\n<\/p>\n<p>\n  B\u0259rd\u0259 Rayon Polis \u015e\u00f6b\u0259sind\u0259n Meydan Tv-y\u0259 bildiribl\u0259r ki, Nazim S\u0259fixanovun sexi qanuni f\u0259aliyy\u0259t g\u00f6st\u0259rir.<\/p>\n","protected":false},"excerpt":{"rendered":"<p>\u201cPrezident B\u0259rd\u0259y\u0259 g\u0259l\u0259nd\u0259, polisl\u0259r camaat\u0131 d\u00f6y\u0259-d\u00f6y\u0259 h\u0259y\u0259t\u0259 sald\u0131rlar ki, onu g\u00f6rm\u0259y\u0259k\u201d<\/p>\n","protected":false},"author":11,"featured_media":22128,"comment_status":"closed","ping_status":"open","sticky":false,"template":"","format":"standard","meta":{"_acf_changed":false,"_sitemap_exclude":false,"_sitemap_priority":"","_sitemap_frequency":"","footnotes":""},"categories":[56],"tags":[],"class_list":["post-167421","post","type-post","status-publish","format-standard","has-post-thumbnail","hentry","category-xeberler","infinite-scroll-item","generate-columns","tablet-grid-50","mobile-grid-100","grid-parent","grid-33","no-featured-image-padding"],"acf":[],"yoast_head":"<!-- This site is optimized with the Yoast SEO plugin v28.4 - https:\/\/yoast.com\/product\/yoast-seo-wordpress\/ -->\n<title>\u015e\u0259hid bac\u0131s\u0131 ona h\u00f6rm\u0259t qoyulmad\u0131\u011f\u0131n\u0131 deyir - MEYDAN.TV<\/title>\n<meta name=\"robots\" content=\"index, follow, max-snippet:-1, max-image-preview:large, max-video-preview:-1\" \/>\n<link rel=\"canonical\" href=\"https:\/\/www.meydan.tv\/az\/article\/sehid-bacisi-ona-hormet-qoyulmadigini-deyir\/\" \/>\n<meta property=\"og:locale\" content=\"az_AZ\" \/>\n<meta property=\"og:type\" content=\"article\" \/>\n<meta property=\"og:title\" content=\"\u015e\u0259hid bac\u0131s\u0131 ona h\u00f6rm\u0259t qoyulmad\u0131\u011f\u0131n\u0131 deyir - MEYDAN.TV\" \/>\n<meta property=\"og:description\" content=\"\u201cPrezident B\u0259rd\u0259y\u0259 g\u0259l\u0259nd\u0259, polisl\u0259r camaat\u0131 d\u00f6y\u0259-d\u00f6y\u0259 h\u0259y\u0259t\u0259 sald\u0131rlar ki, onu g\u00f6rm\u0259y\u0259k\u201d\" \/>\n<meta property=\"og:url\" content=\"https:\/\/www.meydan.tv\/az\/article\/sehid-bacisi-ona-hormet-qoyulmadigini-deyir\/\" \/>\n<meta property=\"og:site_name\" content=\"MEYDAN.TV\" \/>\n<meta property=\"article:published_time\" content=\"2015-04-02T20:44:56+00:00\" \/>\n<meta property=\"og:image\" content=\"https:\/\/www.meydan.tv\/wp-content\/uploads\/8010.jpg\" \/>\n\t<meta property=\"og:image:width\" content=\"768\" \/>\n\t<meta property=\"og:image:height\" content=\"1280\" \/>\n\t<meta property=\"og:image:type\" content=\"image\/jpeg\" \/>\n<meta name=\"twitter:card\" content=\"summary_large_image\" \/>\n<!-- \/ Yoast SEO plugin. -->","yoast_head_json":{"title":"\u015e\u0259hid bac\u0131s\u0131 ona h\u00f6rm\u0259t qoyulmad\u0131\u011f\u0131n\u0131 deyir - MEYDAN.TV","robots":{"index":"index","follow":"follow","max-snippet":"max-snippet:-1","max-image-preview":"max-image-preview:large","max-video-preview":"max-video-preview:-1"},"canonical":"https:\/\/www.meydan.tv\/az\/article\/sehid-bacisi-ona-hormet-qoyulmadigini-deyir\/","og_locale":"az_AZ","og_type":"article","og_title":"\u015e\u0259hid bac\u0131s\u0131 ona h\u00f6rm\u0259t qoyulmad\u0131\u011f\u0131n\u0131 deyir - MEYDAN.TV","og_description":"\u201cPrezident B\u0259rd\u0259y\u0259 g\u0259l\u0259nd\u0259, polisl\u0259r camaat\u0131 d\u00f6y\u0259-d\u00f6y\u0259 h\u0259y\u0259t\u0259 sald\u0131rlar ki, onu g\u00f6rm\u0259y\u0259k\u201d","og_url":"https:\/\/www.meydan.tv\/az\/article\/sehid-bacisi-ona-hormet-qoyulmadigini-deyir\/","og_site_name":"MEYDAN.TV","article_published_time":"2015-04-02T20:44:56+00:00","og_image":[{"width":768,"height":1280,"url":"https:\/\/www.meydan.tv\/wp-content\/uploads\/8010.jpg","type":"image\/jpeg"}],"twitter_card":"summary_large_image","schema":{"@context":"https:\/\/schema.org","@graph":[{"@type":"Article","@id":"https:\/\/www.meydan.tv\/az\/article\/sehid-bacisi-ona-hormet-qoyulmadigini-deyir\/#article","isPartOf":{"@id":"https:\/\/www.meydan.tv\/az\/article\/sehid-bacisi-ona-hormet-qoyulmadigini-deyir\/"},"author":{"name":"user-manager","@id":"https:\/\/www.meydan.tv\/az\/#\/schema\/person\/10d11eccf6da3662cf5fdab9806ea91a"},"headline":"\u015e\u0259hid bac\u0131s\u0131 ona h\u00f6rm\u0259t qoyulmad\u0131\u011f\u0131n\u0131 deyir","datePublished":"2015-04-02T20:44:56+00:00","mainEntityOfPage":{"@id":"https:\/\/www.meydan.tv\/az\/article\/sehid-bacisi-ona-hormet-qoyulmadigini-deyir\/"},"wordCount":455,"publisher":{"@id":"https:\/\/www.meydan.tv\/az\/#organization"},"image":{"@id":"https:\/\/www.meydan.tv\/az\/article\/sehid-bacisi-ona-hormet-qoyulmadigini-deyir\/#primaryimage"},"thumbnailUrl":"https:\/\/www.meydan.tv\/wp-content\/uploads\/8010.jpg","articleSection":["X\u0259b\u0259rl\u0259r"],"inLanguage":"az"},{"@type":"WebPage","@id":"https:\/\/www.meydan.tv\/az\/article\/sehid-bacisi-ona-hormet-qoyulmadigini-deyir\/","url":"https:\/\/www.meydan.tv\/az\/article\/sehid-bacisi-ona-hormet-qoyulmadigini-deyir\/","name":"\u015e\u0259hid bac\u0131s\u0131 ona h\u00f6rm\u0259t qoyulmad\u0131\u011f\u0131n\u0131 deyir - MEYDAN.TV","isPartOf":{"@id":"https:\/\/www.meydan.tv\/az\/#website"},"primaryImageOfPage":{"@id":"https:\/\/www.meydan.tv\/az\/article\/sehid-bacisi-ona-hormet-qoyulmadigini-deyir\/#primaryimage"},"image":{"@id":"https:\/\/www.meydan.tv\/az\/article\/sehid-bacisi-ona-hormet-qoyulmadigini-deyir\/#primaryimage"},"thumbnailUrl":"https:\/\/www.meydan.tv\/wp-content\/uploads\/8010.jpg","datePublished":"2015-04-02T20:44:56+00:00","breadcrumb":{"@id":"https:\/\/www.meydan.tv\/az\/article\/sehid-bacisi-ona-hormet-qoyulmadigini-deyir\/#breadcrumb"},"inLanguage":"az","potentialAction":[{"@type":"ReadAction","target":["https:\/\/www.meydan.tv\/az\/article\/sehid-bacisi-ona-hormet-qoyulmadigini-deyir\/"]}]},{"@type":"ImageObject","inLanguage":"az","@id":"https:\/\/www.meydan.tv\/az\/article\/sehid-bacisi-ona-hormet-qoyulmadigini-deyir\/#primaryimage","url":"https:\/\/www.meydan.tv\/wp-content\/uploads\/8010.jpg","contentUrl":"https:\/\/www.meydan.tv\/wp-content\/uploads\/8010.jpg","width":768,"height":1280,"caption":"Source:"},{"@type":"BreadcrumbList","@id":"https:\/\/www.meydan.tv\/az\/article\/sehid-bacisi-ona-hormet-qoyulmadigini-deyir\/#breadcrumb","itemListElement":[{"@type":"ListItem","position":1,"name":"Ana s\u0259hif\u0259","item":"https:\/\/www.meydan.tv\/az\/"},{"@type":"ListItem","position":2,"name":"X\u0259b\u0259rl\u0259r","item":"https:\/\/www.meydan.tv\/az\/section\/xeberler\/"},{"@type":"ListItem","position":3,"name":"\u015e\u0259hid bac\u0131s\u0131 ona h\u00f6rm\u0259t qoyulmad\u0131\u011f\u0131n\u0131 deyir"}]},{"@type":"WebSite","@id":"https:\/\/www.meydan.tv\/az\/#website","url":"https:\/\/www.meydan.tv\/az\/","name":"MEYDAN.TV","description":"Meydan TV Az\u0259rbaycan\u0131n media m\u0259kan\u0131ndak\u0131 alternativ s\u0259sidir","publisher":{"@id":"https:\/\/www.meydan.tv\/az\/#organization"},"potentialAction":[{"@type":"SearchAction","target":{"@type":"EntryPoint","urlTemplate":"https:\/\/www.meydan.tv\/az\/?s={search_term_string}"},"query-input":{"@type":"PropertyValueSpecification","valueRequired":true,"valueName":"search_term_string"}}],"inLanguage":"az"},{"@type":"Organization","@id":"https:\/\/www.meydan.tv\/az\/#organization","name":"Meydan TV","url":"https:\/\/www.meydan.tv\/az\/","logo":{"@type":"ImageObject","inLanguage":"az","@id":"https:\/\/www.meydan.tv\/az\/#\/schema\/logo\/image\/","url":"https:\/\/www.meydan.tv\/wp-content\/uploads\/2021\/07\/meydan-logo.svg","contentUrl":"https:\/\/www.meydan.tv\/wp-content\/uploads\/2021\/07\/meydan-logo.svg","width":195,"height":46,"caption":"Meydan TV"},"image":{"@id":"https:\/\/www.meydan.tv\/az\/#\/schema\/logo\/image\/"}},{"@type":"Person","@id":"https:\/\/www.meydan.tv\/az\/#\/schema\/person\/10d11eccf6da3662cf5fdab9806ea91a","name":"user-manager"}]}},"_links":{"self":[{"href":"https:\/\/www.meydan.tv\/az\/wp-json\/wp\/v2\/posts\/167421","targetHints":{"allow":["GET"]}}],"collection":[{"href":"https:\/\/www.meydan.tv\/az\/wp-json\/wp\/v2\/posts"}],"about":[{"href":"https:\/\/www.meydan.tv\/az\/wp-json\/wp\/v2\/types\/post"}],"author":[{"embeddable":true,"href":"https:\/\/www.meydan.tv\/az\/wp-json\/wp\/v2\/users\/11"}],"replies":[{"embeddable":true,"href":"https:\/\/www.meydan.tv\/az\/wp-json\/wp\/v2\/comments?post=167421"}],"version-history":[{"count":0,"href":"https:\/\/www.meydan.tv\/az\/wp-json\/wp\/v2\/posts\/167421\/revisions"}],"wp:featuredmedia":[{"embeddable":true,"href":"https:\/\/www.meydan.tv\/az\/wp-json\/wp\/v2\/media\/22128"}],"wp:attachment":[{"href":"https:\/\/www.meydan.tv\/az\/wp-json\/wp\/v2\/media?parent=167421"}],"wp:term":[{"taxonomy":"category","embeddable":true,"href":"https:\/\/www.meydan.tv\/az\/wp-json\/wp\/v2\/categories?post=167421"},{"taxonomy":"post_tag","embeddable":true,"href":"https:\/\/www.meydan.tv\/az\/wp-json\/wp\/v2\/tags?post=167421"}],"curies":[{"name":"wp","href":"https:\/\/api.w.org\/{rel}","templated":true}]}}