{"id":167416,"date":"2015-04-02T18:54:50","date_gmt":"2015-04-02T18:54:50","guid":{"rendered":"https:\/\/www.meydan.tv\/article\/men-resmi-olaraq-deyirem-ki-bu-il-cebhede-8-herbi-qulluqcumuz-sehid-olub\/"},"modified":"2015-04-02T18:54:50","modified_gmt":"2015-04-02T18:54:50","slug":"men-resmi-olaraq-deyirem-ki-bu-il-cebhede-8-herbi-qulluqcumuz-sehid-olub","status":"publish","type":"post","link":"https:\/\/www.meydan.tv\/az\/article\/men-resmi-olaraq-deyirem-ki-bu-il-cebhede-8-herbi-qulluqcumuz-sehid-olub\/","title":{"rendered":"\u201cM\u0259n r\u0259smi olaraq deyir\u0259m ki, bu il c\u0259bh\u0259d\u0259 8 h\u0259rbi qulluq\u00e7umuz \u015f\u0259hid olub\u201d"},"content":{"rendered":"<figure class=\"wp-block-image size-large\">\n  <img decoding=\"async\" src=\"https:\/\/www.meydan.tv\/az\/22119\/\" alt=\"\" class=\"wp-image-22119\"\/><figcaption><\/figcaption><\/figure>\n<p>\n  <i><br \/>\n    Zakir H\u0259s\u0259nov: &#8220;D\u00fc\u015fm\u0259n b\u00f6y\u00fck itkil\u0259r verir. Az\u0259rbaycan t\u0259r\u0259f\u0259 ke\u00e7\u0259n \u0259sg\u0259r d\u0259 biz\u0259 bu m\u0259lumat\u0131 tam \u015f\u0259kild\u0259 \u00e7atd\u0131r\u0131b&#8221;<br \/>\n  <\/i>\n<\/p>\n<figure class=\"wp-block-image size-large\">\n  <img decoding=\"async\" src=\"https:\/\/www.meydan.tv\/az\/22119\/\" alt=\"\" class=\"wp-image-22119\"\/><figcaption><\/figcaption><\/figure>\n<p>\n  \u00a0G\u00fcrc\u00fcstanda s\u0259f\u0259rd\u0259 olan Az\u0259rbaycan\u0131n m\u00fcdafi\u0259 naziri<br \/>\n  <a href=\"http:\/\/az.apa.az\/tag\/Zakir+H%C9%99s%C9%99nov\"><br \/>\n    Zakir H\u0259s\u0259nov<br \/>\n  <\/a><br \/>\n  \u00a0jurnalistl\u0259r\u0259 a\u00e7\u0131qlamas\u0131nda bu il Az\u0259rbaycan\u0131n 8 \u015f\u0259hid verdiyin deyib. Nazirin s\u00f6zl\u0259rin\u0259 g\u00f6r\u0259, Erm\u0259nistan t\u0259r\u0259finin \u00a0b\u00fct\u00fcn t\u0259xribatlar\u0131na h\u0259mi\u015f\u0259 layiqli cavab verilib:\n<\/p>\n<p>\n  \u201cD\u00fc\u015fm\u0259n b\u00f6y\u00fck itkil\u0259r verir. M\u0259n x\u00fcsusil\u0259 qeyd etm\u0259k ist\u0259yir\u0259m ki, son zamanlar d\u00fc\u015fm\u0259n ordusu vahim\u0259 i\u00e7ind\u0259dir, Az\u0259rbaycan t\u0259r\u0259f\u0259 ke\u00e7\u0259n \u0259sg\u0259r d\u0259 biz\u0259 bu m\u0259lumat\u0131 tam \u015f\u0259kild\u0259 \u00e7atd\u0131r\u0131b. Biz bundan \u0259vv\u0259l d\u0259 m\u00fcxt\u0259lif vasit\u0259l\u0259rl\u0259 Erm\u0259nistan ordusunda ged\u0259n prosesl\u0259ri izl\u0259yir, n\u0259zar\u0259t edirdik. Bu g\u00fcn Az\u0259rbaycan ordusu Ali Ba\u015f Komandan\u0131n birba\u015fa diqq\u0259t v\u0259 qay\u011f\u0131s\u0131 say\u0259sind\u0259 o q\u0259d\u0259r g\u00fccl\u00fcd\u00fcr ki, Erm\u0259nistan bunu tam d\u0259rk edir v\u0259 siz jurnalistl\u0259r d\u0259 bunlar\u0131 onlar\u0131n r\u0259smi \u00e7\u0131x\u0131\u015flar\u0131nda, r\u0259smi saytlar\u0131nda da g\u00f6r\u00fcrs\u00fcn\u00fcz. Onlar\u0131n son vaxtlar ke\u00e7irdiyi u\u011fursuz \u0259m\u0259liyyatlar da bunun g\u00f6st\u0259ricisidir. Son vaxtlar Erm\u0259nistan ordusu tez-tez itkil\u0259r verir v\u0259 c\u0259bh\u0259d\u0259 olan bu u\u011fursuzluqlar onlar\u0131n daxili siyas\u0259tin\u0259 d\u0259 t\u0259sir g\u00f6st\u0259rir\u201d.\n<\/p>\n<p>\n  General-polkovnik Erm\u0259nistan\u0131n \u00a0bu ilin \u0259vv\u0259lind\u0259n 30-dan \u00e7ox h\u0259rbi qulluq\u00e7u itirdiyini d\u0259 deyib: \u201cErm\u0259nistan Silahl\u0131 Q\u00fcvv\u0259l\u0259ri bu itkil\u0259ri gizl\u0259ts\u0259 d\u0259, \u00f6zl\u0259rinin a\u00e7\u0131qlad\u0131qlar\u0131 r\u0259smi m\u0259lumatlara g\u00f6r\u0259, 30 h\u0259rb\u00e7i itiribl\u0259r. M\u00fcxt\u0259lif saytlar\u0131n itkil\u0259r bar\u0259d\u0259 yayd\u0131\u011f\u0131 m\u0259lumatlarda is\u0259 bu r\u0259q\u0259m 50-y\u0259 gedib \u00e7\u0131x\u0131r. Bu itki yaln\u0131z bu il ba\u015f verib. M\u0259n r\u0259smi olaraq deyir\u0259m ki, bu il c\u0259bh\u0259d\u0259 8 h\u0259rbi qulluq\u00e7umuz \u015f\u0259hid olub. Biz v\u0259t\u0259nimizi qoruyuruq, \u015f\u0259hidl\u0259rimiz v\u0259t\u0259n u\u011frunda canlar\u0131n\u0131 veribl\u0259r. Erm\u0259nistan h\u0259rb\u00e7il\u0259ri is\u0259 t\u0259cav\u00fczkard\u0131r v\u0259 Az\u0259rbaycan i\u015f\u011fal olunmu\u015f torpaqlar\u0131nda xidm\u0259t edirl\u0259r. Az\u0259rbaycan prezidentinin dediyi kimi, \u0259g\u0259r erm\u0259ni \u0259sg\u0259ri \u00f6lm\u0259k ist\u0259mirs\u0259,<br \/>\n  <a href=\"http:\/\/az.apa.az\/tag\/A%C4%9Fdam\"><br \/>\n    A\u011fdam<br \/>\n  <\/a><br \/>\n  a,<br \/>\n  <a href=\"http:\/\/az.apa.az\/tag\/F%C3%BCzuli\"><br \/>\n    F\u00fczuli<br \/>\n  <\/a><br \/>\n  y\u0259 g\u0259lm\u0259sin&#8221;.\n<\/p>\n<p>\n  \u00a0Nazir Erm\u0259nistanda \u0259halinin bu itkil\u0259r\u0259 reaksiyas\u0131ndan da dan\u0131\u015f\u0131b: \u00a0&#8220;Erm\u0259nistan xalq\u0131 k\u00fc\u00e7\u0259l\u0259r\u0259 \u00e7\u0131x\u0131r, n\u00fcmayi\u015fl\u0259r ke\u00e7irir. Onlar birba\u015fa Erm\u0259nistan\u0131n<br \/>\n  <a href=\"http:\/\/az.apa.az\/tag\/M%C3%BCdafi%C9%99+Nazirliyi\"><br \/>\n    M\u00fcdafi\u0259 Nazirliyi<br \/>\n  <\/a><br \/>\n  , Prezident Aparat\u0131 qar\u015f\u0131s\u0131nda c\u0259bh\u0259d\u0259 olan prosesl\u0259rin, o c\u00fcml\u0259d\u0259n itkil\u0259rin gizl\u0259dilm\u0259sin\u0259 etiraz edir, qeyri-d\u00f6y\u00fc\u015f zaman\u0131 ba\u015f ver\u0259nl\u0259rin ara\u015fd\u0131r\u0131lmas\u0131n\u0131 t\u0259l\u0259b edirl\u0259r. Bu, onu g\u00f6st\u0259rir ki, art\u0131q d\u00fc\u015fm\u0259n ordusu Az\u0259rbaycan ordusu qar\u015f\u0131s\u0131nda dura bilmir. Bu da t\u0259biidir, \u00e7\u00fcnki Az\u0259rbaycan\u0131n daxili v\u0259 xarici siyas\u0259ti n\u0259tic\u0259sind\u0259 \u00f6lk\u0259mizin iqtisadiyyat\u0131 s\u00fcr\u0259tl\u0259 inki\u015faf edir, siyas\u0259timizd\u0259 d\u0259 \u00e7ox b\u00f6y\u00fck u\u011furlar var. S\u00f6zs\u00fcz ki, bu y\u00fcks\u0259k inki\u015faf bizim Silahl\u0131 Q\u00fcvv\u0259l\u0259rimizin daha da g\u00fccl\u0259nm\u0259sin\u0259 v\u0259 m\u00f6hk\u0259ml\u0259nm\u0259sin\u0259 birba\u015fa t\u0259sir g\u00f6st\u0259rir&#8221;.(APA)\n<\/p><\/p>\n","protected":false},"excerpt":{"rendered":"<p>Zakir H\u0259s\u0259nov: &#8220;D\u00fc\u015fm\u0259n b\u00f6y\u00fck itkil\u0259r verir. Az\u0259rbaycan t\u0259r\u0259f\u0259 ke\u00e7\u0259n \u0259sg\u0259r &#8230; <\/p>\n<p class=\"read-more-container\"><a title=\"\u201cM\u0259n r\u0259smi olaraq deyir\u0259m ki, bu il c\u0259bh\u0259d\u0259 8 h\u0259rbi qulluq\u00e7umuz \u015f\u0259hid olub\u201d\" class=\"read-more button\" href=\"https:\/\/www.meydan.tv\/az\/article\/men-resmi-olaraq-deyirem-ki-bu-il-cebhede-8-herbi-qulluqcumuz-sehid-olub\/#more-167416\" aria-label=\"Read more about \u201cM\u0259n r\u0259smi olaraq deyir\u0259m ki, bu il c\u0259bh\u0259d\u0259 8 h\u0259rbi qulluq\u00e7umuz \u015f\u0259hid olub\u201d\">Davam\u0131<\/a><\/p>\n","protected":false},"author":11,"featured_media":22119,"comment_status":"closed","ping_status":"open","sticky":false,"template":"","format":"standard","meta":{"_acf_changed":false,"_sitemap_exclude":false,"_sitemap_priority":"","_sitemap_frequency":"","footnotes":""},"categories":[56],"tags":[],"class_list":["post-167416","post","type-post","status-publish","format-standard","has-post-thumbnail","hentry","category-xeberler","infinite-scroll-item","generate-columns","tablet-grid-50","mobile-grid-100","grid-parent","grid-33","no-featured-image-padding"],"acf":[],"yoast_head":"<!-- This site is optimized with the Yoast SEO plugin v28.4 - https:\/\/yoast.com\/product\/yoast-seo-wordpress\/ -->\n<title>\u201cM\u0259n r\u0259smi olaraq deyir\u0259m ki, bu il c\u0259bh\u0259d\u0259 8 h\u0259rbi qulluq\u00e7umuz \u015f\u0259hid olub\u201d - MEYDAN.TV<\/title>\n<meta name=\"robots\" content=\"index, follow, max-snippet:-1, max-image-preview:large, max-video-preview:-1\" \/>\n<link rel=\"canonical\" href=\"https:\/\/www.meydan.tv\/az\/article\/men-resmi-olaraq-deyirem-ki-bu-il-cebhede-8-herbi-qulluqcumuz-sehid-olub\/\" \/>\n<meta property=\"og:locale\" content=\"az_AZ\" \/>\n<meta property=\"og:type\" content=\"article\" \/>\n<meta property=\"og:title\" content=\"\u201cM\u0259n r\u0259smi olaraq deyir\u0259m ki, bu il c\u0259bh\u0259d\u0259 8 h\u0259rbi qulluq\u00e7umuz \u015f\u0259hid olub\u201d - MEYDAN.TV\" \/>\n<meta property=\"og:description\" content=\"Zakir H\u0259s\u0259nov: &#8220;D\u00fc\u015fm\u0259n b\u00f6y\u00fck itkil\u0259r verir. Az\u0259rbaycan t\u0259r\u0259f\u0259 ke\u00e7\u0259n \u0259sg\u0259r ... Davam\u0131\" \/>\n<meta property=\"og:url\" content=\"https:\/\/www.meydan.tv\/az\/article\/men-resmi-olaraq-deyirem-ki-bu-il-cebhede-8-herbi-qulluqcumuz-sehid-olub\/\" \/>\n<meta property=\"og:site_name\" content=\"MEYDAN.TV\" \/>\n<meta property=\"article:published_time\" content=\"2015-04-02T18:54:50+00:00\" \/>\n<meta property=\"og:image\" content=\"https:\/\/www.meydan.tv\/wp-content\/uploads\/8006.jpg\" \/>\n\t<meta property=\"og:image:width\" content=\"635\" \/>\n\t<meta property=\"og:image:height\" content=\"475\" \/>\n\t<meta property=\"og:image:type\" content=\"image\/jpeg\" \/>\n<meta name=\"twitter:card\" content=\"summary_large_image\" \/>\n<!-- \/ Yoast SEO plugin. -->","yoast_head_json":{"title":"\u201cM\u0259n r\u0259smi olaraq deyir\u0259m ki, bu il c\u0259bh\u0259d\u0259 8 h\u0259rbi qulluq\u00e7umuz \u015f\u0259hid olub\u201d - MEYDAN.TV","robots":{"index":"index","follow":"follow","max-snippet":"max-snippet:-1","max-image-preview":"max-image-preview:large","max-video-preview":"max-video-preview:-1"},"canonical":"https:\/\/www.meydan.tv\/az\/article\/men-resmi-olaraq-deyirem-ki-bu-il-cebhede-8-herbi-qulluqcumuz-sehid-olub\/","og_locale":"az_AZ","og_type":"article","og_title":"\u201cM\u0259n r\u0259smi olaraq deyir\u0259m ki, bu il c\u0259bh\u0259d\u0259 8 h\u0259rbi qulluq\u00e7umuz \u015f\u0259hid olub\u201d - MEYDAN.TV","og_description":"Zakir H\u0259s\u0259nov: &#8220;D\u00fc\u015fm\u0259n b\u00f6y\u00fck itkil\u0259r verir. Az\u0259rbaycan t\u0259r\u0259f\u0259 ke\u00e7\u0259n \u0259sg\u0259r ... Davam\u0131","og_url":"https:\/\/www.meydan.tv\/az\/article\/men-resmi-olaraq-deyirem-ki-bu-il-cebhede-8-herbi-qulluqcumuz-sehid-olub\/","og_site_name":"MEYDAN.TV","article_published_time":"2015-04-02T18:54:50+00:00","og_image":[{"width":635,"height":475,"url":"https:\/\/www.meydan.tv\/wp-content\/uploads\/8006.jpg","type":"image\/jpeg"}],"twitter_card":"summary_large_image","schema":{"@context":"https:\/\/schema.org","@graph":[{"@type":"Article","@id":"https:\/\/www.meydan.tv\/az\/article\/men-resmi-olaraq-deyirem-ki-bu-il-cebhede-8-herbi-qulluqcumuz-sehid-olub\/#article","isPartOf":{"@id":"https:\/\/www.meydan.tv\/az\/article\/men-resmi-olaraq-deyirem-ki-bu-il-cebhede-8-herbi-qulluqcumuz-sehid-olub\/"},"author":{"name":"user-manager","@id":"https:\/\/www.meydan.tv\/az\/#\/schema\/person\/10d11eccf6da3662cf5fdab9806ea91a"},"headline":"\u201cM\u0259n r\u0259smi olaraq deyir\u0259m ki, bu il c\u0259bh\u0259d\u0259 8 h\u0259rbi qulluq\u00e7umuz \u015f\u0259hid olub\u201d","datePublished":"2015-04-02T18:54:50+00:00","mainEntityOfPage":{"@id":"https:\/\/www.meydan.tv\/az\/article\/men-resmi-olaraq-deyirem-ki-bu-il-cebhede-8-herbi-qulluqcumuz-sehid-olub\/"},"wordCount":601,"publisher":{"@id":"https:\/\/www.meydan.tv\/az\/#organization"},"image":{"@id":"https:\/\/www.meydan.tv\/az\/article\/men-resmi-olaraq-deyirem-ki-bu-il-cebhede-8-herbi-qulluqcumuz-sehid-olub\/#primaryimage"},"thumbnailUrl":"https:\/\/www.meydan.tv\/wp-content\/uploads\/8006.jpg","articleSection":["X\u0259b\u0259rl\u0259r"],"inLanguage":"az"},{"@type":"WebPage","@id":"https:\/\/www.meydan.tv\/az\/article\/men-resmi-olaraq-deyirem-ki-bu-il-cebhede-8-herbi-qulluqcumuz-sehid-olub\/","url":"https:\/\/www.meydan.tv\/az\/article\/men-resmi-olaraq-deyirem-ki-bu-il-cebhede-8-herbi-qulluqcumuz-sehid-olub\/","name":"\u201cM\u0259n r\u0259smi olaraq deyir\u0259m ki, bu il c\u0259bh\u0259d\u0259 8 h\u0259rbi qulluq\u00e7umuz \u015f\u0259hid olub\u201d - MEYDAN.TV","isPartOf":{"@id":"https:\/\/www.meydan.tv\/az\/#website"},"primaryImageOfPage":{"@id":"https:\/\/www.meydan.tv\/az\/article\/men-resmi-olaraq-deyirem-ki-bu-il-cebhede-8-herbi-qulluqcumuz-sehid-olub\/#primaryimage"},"image":{"@id":"https:\/\/www.meydan.tv\/az\/article\/men-resmi-olaraq-deyirem-ki-bu-il-cebhede-8-herbi-qulluqcumuz-sehid-olub\/#primaryimage"},"thumbnailUrl":"https:\/\/www.meydan.tv\/wp-content\/uploads\/8006.jpg","datePublished":"2015-04-02T18:54:50+00:00","breadcrumb":{"@id":"https:\/\/www.meydan.tv\/az\/article\/men-resmi-olaraq-deyirem-ki-bu-il-cebhede-8-herbi-qulluqcumuz-sehid-olub\/#breadcrumb"},"inLanguage":"az","potentialAction":[{"@type":"ReadAction","target":["https:\/\/www.meydan.tv\/az\/article\/men-resmi-olaraq-deyirem-ki-bu-il-cebhede-8-herbi-qulluqcumuz-sehid-olub\/"]}]},{"@type":"ImageObject","inLanguage":"az","@id":"https:\/\/www.meydan.tv\/az\/article\/men-resmi-olaraq-deyirem-ki-bu-il-cebhede-8-herbi-qulluqcumuz-sehid-olub\/#primaryimage","url":"https:\/\/www.meydan.tv\/wp-content\/uploads\/8006.jpg","contentUrl":"https:\/\/www.meydan.tv\/wp-content\/uploads\/8006.jpg","width":635,"height":475,"caption":"Source:"},{"@type":"BreadcrumbList","@id":"https:\/\/www.meydan.tv\/az\/article\/men-resmi-olaraq-deyirem-ki-bu-il-cebhede-8-herbi-qulluqcumuz-sehid-olub\/#breadcrumb","itemListElement":[{"@type":"ListItem","position":1,"name":"Ana s\u0259hif\u0259","item":"https:\/\/www.meydan.tv\/az\/"},{"@type":"ListItem","position":2,"name":"X\u0259b\u0259rl\u0259r","item":"https:\/\/www.meydan.tv\/az\/section\/xeberler\/"},{"@type":"ListItem","position":3,"name":"\u201cM\u0259n r\u0259smi olaraq deyir\u0259m ki, bu il c\u0259bh\u0259d\u0259 8 h\u0259rbi qulluq\u00e7umuz \u015f\u0259hid olub\u201d"}]},{"@type":"WebSite","@id":"https:\/\/www.meydan.tv\/az\/#website","url":"https:\/\/www.meydan.tv\/az\/","name":"MEYDAN.TV","description":"Meydan TV Az\u0259rbaycan\u0131n media m\u0259kan\u0131ndak\u0131 alternativ s\u0259sidir","publisher":{"@id":"https:\/\/www.meydan.tv\/az\/#organization"},"potentialAction":[{"@type":"SearchAction","target":{"@type":"EntryPoint","urlTemplate":"https:\/\/www.meydan.tv\/az\/?s={search_term_string}"},"query-input":{"@type":"PropertyValueSpecification","valueRequired":true,"valueName":"search_term_string"}}],"inLanguage":"az"},{"@type":"Organization","@id":"https:\/\/www.meydan.tv\/az\/#organization","name":"Meydan TV","url":"https:\/\/www.meydan.tv\/az\/","logo":{"@type":"ImageObject","inLanguage":"az","@id":"https:\/\/www.meydan.tv\/az\/#\/schema\/logo\/image\/","url":"https:\/\/www.meydan.tv\/wp-content\/uploads\/2021\/07\/meydan-logo.svg","contentUrl":"https:\/\/www.meydan.tv\/wp-content\/uploads\/2021\/07\/meydan-logo.svg","width":195,"height":46,"caption":"Meydan TV"},"image":{"@id":"https:\/\/www.meydan.tv\/az\/#\/schema\/logo\/image\/"}},{"@type":"Person","@id":"https:\/\/www.meydan.tv\/az\/#\/schema\/person\/10d11eccf6da3662cf5fdab9806ea91a","name":"user-manager"}]}},"_links":{"self":[{"href":"https:\/\/www.meydan.tv\/az\/wp-json\/wp\/v2\/posts\/167416","targetHints":{"allow":["GET"]}}],"collection":[{"href":"https:\/\/www.meydan.tv\/az\/wp-json\/wp\/v2\/posts"}],"about":[{"href":"https:\/\/www.meydan.tv\/az\/wp-json\/wp\/v2\/types\/post"}],"author":[{"embeddable":true,"href":"https:\/\/www.meydan.tv\/az\/wp-json\/wp\/v2\/users\/11"}],"replies":[{"embeddable":true,"href":"https:\/\/www.meydan.tv\/az\/wp-json\/wp\/v2\/comments?post=167416"}],"version-history":[{"count":0,"href":"https:\/\/www.meydan.tv\/az\/wp-json\/wp\/v2\/posts\/167416\/revisions"}],"wp:featuredmedia":[{"embeddable":true,"href":"https:\/\/www.meydan.tv\/az\/wp-json\/wp\/v2\/media\/22119"}],"wp:attachment":[{"href":"https:\/\/www.meydan.tv\/az\/wp-json\/wp\/v2\/media?parent=167416"}],"wp:term":[{"taxonomy":"category","embeddable":true,"href":"https:\/\/www.meydan.tv\/az\/wp-json\/wp\/v2\/categories?post=167416"},{"taxonomy":"post_tag","embeddable":true,"href":"https:\/\/www.meydan.tv\/az\/wp-json\/wp\/v2\/tags?post=167416"}],"curies":[{"name":"wp","href":"https:\/\/api.w.org\/{rel}","templated":true}]}}