{"id":167414,"date":"2015-04-02T17:27:18","date_gmt":"2015-04-02T17:27:18","guid":{"rendered":"https:\/\/www.meydan.tv\/article\/yemenden-cixmaq-isteyen-azerbaycanlilar-sena-aeroportunda-teyyare-gozleyir\/"},"modified":"2015-04-02T17:27:18","modified_gmt":"2015-04-02T17:27:18","slug":"yemenden-cixmaq-isteyen-azerbaycanlilar-sena-aeroportunda-teyyare-gozleyir","status":"publish","type":"post","link":"https:\/\/www.meydan.tv\/az\/article\/yemenden-cixmaq-isteyen-azerbaycanlilar-sena-aeroportunda-teyyare-gozleyir\/","title":{"rendered":"Y\u0259m\u0259nd\u0259n \u00e7\u0131xmaq ist\u0259y\u0259n az\u0259rbaycanl\u0131lar S\u0259na aeroportunda t\u0259yyar\u0259 g\u00f6zl\u0259yir"},"content":{"rendered":"<figure class=\"wp-block-image size-large\">\n  <img decoding=\"async\" src=\"https:\/\/www.meydan.tv\/az\/22107\/\" alt=\"\" class=\"wp-image-22107\"\/><figcaption><\/figcaption><\/figure>\n<p>\n  E.Qurbanzad\u0259: &#8220;9 az\u0259rbaycanl\u0131\u011f\u0131n\u0131n konsulluq qeydiyyat\u0131nda olmayan \u015f\u0259xsl\u0259rdir&#8221;\n<\/p>\n<\/p>\n<figure class=\"wp-block-image size-large\">\n  <img decoding=\"async\" src=\"https:\/\/www.meydan.tv\/az\/22107\/\" alt=\"\" class=\"wp-image-22107\"\/><figcaption><\/figcaption><\/figure>\n<p>\n  \u00a0\u201cT\u0259hl\u00fck\u0259sizlik bax\u0131m\u0131ndan S\u0259udiyy\u0259 \u018fr\u0259bistan\u0131 buna icaz\u0259 verm\u0259di. \u00c7\u00fcnki t\u0259yyar\u0259 vurula bil\u0259rdi\u201d\n<\/p>\n<p>\n  Bu fikirl\u0259ri Az\u0259rbaycan\u0131n S\u0259udiyy\u0259 \u018fr\u0259bistan\u0131ndak\u0131, eyni zamanda Y\u0259m\u0259nd\u0259 akkredit\u0259 olunan s\u0259firliyinin 2-ci katibi, konsul\u00a0Emil Qas\u0131mzad\u0259 Y\u0259m\u0259nd\u0259 ya\u015fayan 9 az\u0259rbaycanl\u0131 haqda dan\u0131\u015fark\u0259n bildirib.\n<\/p>\n<p>\n  Onun APA-ya verdiyi a\u00e7\u0131qlamas\u0131na g\u00f6r\u0259, mart\u0131n 31-d\u0259 onlar\u0131n \u201cT\u00fcrkiy\u0259 Hava Yollar\u0131\u201d vasit\u0259sil\u0259 Cibutiy\u0259 u\u00e7mas\u0131 t\u0259xir\u0259 sal\u0131n\u0131b: \u201cT\u0259hl\u00fck\u0259sizlik bax\u0131m\u0131ndan S\u0259udiyy\u0259 \u018fr\u0259bistan\u0131 buna icaz\u0259 verm\u0259di. \u00c7\u00fcnki t\u0259yyar\u0259 vurula bil\u0259rdi. Bu g\u00fcn T\u00fcrkiy\u0259 t\u0259r\u0259fi saat 12:00-da t\u0259krar t\u0259yyar\u0259 g\u00f6nd\u0259r\u0259r\u0259k, onlar\u0131n Efiopiyan\u0131n paytaxt\u0131 \u018fddis-\u018fb\u0259b\u0259y\u0259, daha sonra \u0130stanbula u\u00e7aca\u011f\u0131n\u0131 bildirmi\u015fdi. Lakin bu m\u0259s\u0259l\u0259 d\u0259 Efiopiya t\u0259r\u0259finin icaz\u0259si olmad\u0131\u011f\u0131ndan qal\u0131b. Haz\u0131rda 9 Az\u0259rbaycan v\u0259t\u0259nda\u015f\u0131<br \/>\n  <a href=\"http:\/\/az.apa.az\/tag\/hava\"><br \/>\n    hava<br \/>\n  <\/a><br \/>\n  \u00a0liman\u0131nda g\u00f6zl\u0259yir. Rusiya t\u0259r\u0259fi d\u0259 Az\u0259rbaycan v\u0259t\u0259nda\u015flar\u0131n\u0131n t\u0259xliy\u0259 edilm\u0259si il\u0259 ba\u011fl\u0131 k\u00f6m\u0259k ed\u0259 bil\u0259c\u0259yini deyib. Lakin v\u0259t\u0259nda\u015flar\u0131 \u00e7ox oldu\u011fu \u00fc\u00e7\u00fcn Rusiya \u0259vv\u0259lc\u0259 \u00f6z v\u0259t\u0259nda\u015flar\u0131n\u0131, aprelin 4-d\u0259 is\u0259 Az\u0259rbaycan v\u0259t\u0259nda\u015flar\u0131n\u0131 \u00e7\u0131xarma\u011f\u0131 planla\u015fd\u0131r\u0131r. Ya T\u00fcrkiy\u0259, ya da Rusiya vasit\u0259sil\u0259 onlar\u0131n t\u0259xliy\u0259 olunmas\u0131 planla\u015fd\u0131r\u0131l\u0131r\u201d.\n<\/p>\n<p>\n  \u00a0Konsul deyib ki, 9 n\u0259f\u0259r\u00a0konsulluq qeydiyyat\u0131nda olmayan \u015f\u0259xsl\u0259rdir v\u0259 onlarla m\u00fcxt\u0259lif vasit\u0259l\u0259rl\u0259 \u0259laq\u0259\u00a0saxlan\u0131l\u0131b: \u201cR\u0259smi konsulluq qeydiyyat\u0131nda olan 3 soyda\u015f\u0131m\u0131z onlar\u0131n aras\u0131nda deyil. Onlar \u018fd\u0259n \u015f\u0259h\u0259rind\u0259 ya\u015fad\u0131qlar\u0131 v\u0259 orada sakitlik oldu\u011fu \u00fc\u00e7\u00fcn \u00e7\u0131xmaq ist\u0259mirl\u0259r\u201d.\n<\/p>\n<p>\n  \u00a0Emil Qurbanzad\u0259 bildirib ki, qeydiyyatda olmayan dig\u0259r \u015f\u0259xsl\u0259rl\u0259 ba\u011fl\u0131 s\u0259firlikd\u0259 \u201cqaynar x\u0259tt\u201d f\u0259aliyy\u0259t g\u00f6st\u0259rir v\u0259 onlar ist\u0259nil\u0259n vaxt Y\u0259m\u0259nd\u0259n \u00e7\u0131xmaqla ba\u011fl\u0131 m\u00fcraci\u0259t ed\u0259 bil\u0259rl\u0259r.\n<\/p><\/p>\n","protected":false},"excerpt":{"rendered":"<p>E.Qurbanzad\u0259: &#8220;9 az\u0259rbaycanl\u0131\u011f\u0131n\u0131n konsulluq qeydiyyat\u0131nda olmayan \u015f\u0259xsl\u0259rdir&#8221;<\/p>\n","protected":false},"author":11,"featured_media":22107,"comment_status":"closed","ping_status":"open","sticky":false,"template":"","format":"standard","meta":{"_acf_changed":false,"_sitemap_exclude":false,"_sitemap_priority":"","_sitemap_frequency":"","footnotes":""},"categories":[56],"tags":[],"class_list":["post-167414","post","type-post","status-publish","format-standard","has-post-thumbnail","hentry","category-xeberler","infinite-scroll-item","generate-columns","tablet-grid-50","mobile-grid-100","grid-parent","grid-33","no-featured-image-padding"],"acf":[],"yoast_head":"<!-- This site is optimized with the Yoast SEO plugin v28.4 - https:\/\/yoast.com\/product\/yoast-seo-wordpress\/ -->\n<title>Y\u0259m\u0259nd\u0259n \u00e7\u0131xmaq ist\u0259y\u0259n az\u0259rbaycanl\u0131lar S\u0259na aeroportunda t\u0259yyar\u0259 g\u00f6zl\u0259yir - MEYDAN.TV<\/title>\n<meta name=\"robots\" content=\"index, follow, max-snippet:-1, max-image-preview:large, max-video-preview:-1\" \/>\n<link rel=\"canonical\" href=\"https:\/\/www.meydan.tv\/az\/article\/yemenden-cixmaq-isteyen-azerbaycanlilar-sena-aeroportunda-teyyare-gozleyir\/\" \/>\n<meta property=\"og:locale\" content=\"az_AZ\" \/>\n<meta property=\"og:type\" content=\"article\" \/>\n<meta property=\"og:title\" content=\"Y\u0259m\u0259nd\u0259n \u00e7\u0131xmaq ist\u0259y\u0259n az\u0259rbaycanl\u0131lar S\u0259na aeroportunda t\u0259yyar\u0259 g\u00f6zl\u0259yir - MEYDAN.TV\" \/>\n<meta property=\"og:description\" content=\"E.Qurbanzad\u0259: &quot;9 az\u0259rbaycanl\u0131\u011f\u0131n\u0131n konsulluq qeydiyyat\u0131nda olmayan \u015f\u0259xsl\u0259rdir&quot;\" \/>\n<meta property=\"og:url\" content=\"https:\/\/www.meydan.tv\/az\/article\/yemenden-cixmaq-isteyen-azerbaycanlilar-sena-aeroportunda-teyyare-gozleyir\/\" \/>\n<meta property=\"og:site_name\" content=\"MEYDAN.TV\" \/>\n<meta property=\"article:published_time\" content=\"2015-04-02T17:27:18+00:00\" \/>\n<meta property=\"og:image\" content=\"https:\/\/www.meydan.tv\/wp-content\/uploads\/8004.jpg\" \/>\n\t<meta property=\"og:image:width\" content=\"635\" \/>\n\t<meta property=\"og:image:height\" content=\"475\" \/>\n\t<meta property=\"og:image:type\" content=\"image\/jpeg\" \/>\n<meta name=\"twitter:card\" content=\"summary_large_image\" \/>\n<!-- \/ Yoast SEO plugin. -->","yoast_head_json":{"title":"Y\u0259m\u0259nd\u0259n \u00e7\u0131xmaq ist\u0259y\u0259n az\u0259rbaycanl\u0131lar S\u0259na aeroportunda t\u0259yyar\u0259 g\u00f6zl\u0259yir - MEYDAN.TV","robots":{"index":"index","follow":"follow","max-snippet":"max-snippet:-1","max-image-preview":"max-image-preview:large","max-video-preview":"max-video-preview:-1"},"canonical":"https:\/\/www.meydan.tv\/az\/article\/yemenden-cixmaq-isteyen-azerbaycanlilar-sena-aeroportunda-teyyare-gozleyir\/","og_locale":"az_AZ","og_type":"article","og_title":"Y\u0259m\u0259nd\u0259n \u00e7\u0131xmaq ist\u0259y\u0259n az\u0259rbaycanl\u0131lar S\u0259na aeroportunda t\u0259yyar\u0259 g\u00f6zl\u0259yir - MEYDAN.TV","og_description":"E.Qurbanzad\u0259: \"9 az\u0259rbaycanl\u0131\u011f\u0131n\u0131n konsulluq qeydiyyat\u0131nda olmayan \u015f\u0259xsl\u0259rdir\"","og_url":"https:\/\/www.meydan.tv\/az\/article\/yemenden-cixmaq-isteyen-azerbaycanlilar-sena-aeroportunda-teyyare-gozleyir\/","og_site_name":"MEYDAN.TV","article_published_time":"2015-04-02T17:27:18+00:00","og_image":[{"width":635,"height":475,"url":"https:\/\/www.meydan.tv\/wp-content\/uploads\/8004.jpg","type":"image\/jpeg"}],"twitter_card":"summary_large_image","schema":{"@context":"https:\/\/schema.org","@graph":[{"@type":"Article","@id":"https:\/\/www.meydan.tv\/az\/article\/yemenden-cixmaq-isteyen-azerbaycanlilar-sena-aeroportunda-teyyare-gozleyir\/#article","isPartOf":{"@id":"https:\/\/www.meydan.tv\/az\/article\/yemenden-cixmaq-isteyen-azerbaycanlilar-sena-aeroportunda-teyyare-gozleyir\/"},"author":{"name":"user-manager","@id":"https:\/\/www.meydan.tv\/az\/#\/schema\/person\/10d11eccf6da3662cf5fdab9806ea91a"},"headline":"Y\u0259m\u0259nd\u0259n \u00e7\u0131xmaq ist\u0259y\u0259n az\u0259rbaycanl\u0131lar S\u0259na aeroportunda t\u0259yyar\u0259 g\u00f6zl\u0259yir","datePublished":"2015-04-02T17:27:18+00:00","mainEntityOfPage":{"@id":"https:\/\/www.meydan.tv\/az\/article\/yemenden-cixmaq-isteyen-azerbaycanlilar-sena-aeroportunda-teyyare-gozleyir\/"},"wordCount":381,"publisher":{"@id":"https:\/\/www.meydan.tv\/az\/#organization"},"image":{"@id":"https:\/\/www.meydan.tv\/az\/article\/yemenden-cixmaq-isteyen-azerbaycanlilar-sena-aeroportunda-teyyare-gozleyir\/#primaryimage"},"thumbnailUrl":"https:\/\/www.meydan.tv\/wp-content\/uploads\/8004.jpg","articleSection":["X\u0259b\u0259rl\u0259r"],"inLanguage":"az"},{"@type":"WebPage","@id":"https:\/\/www.meydan.tv\/az\/article\/yemenden-cixmaq-isteyen-azerbaycanlilar-sena-aeroportunda-teyyare-gozleyir\/","url":"https:\/\/www.meydan.tv\/az\/article\/yemenden-cixmaq-isteyen-azerbaycanlilar-sena-aeroportunda-teyyare-gozleyir\/","name":"Y\u0259m\u0259nd\u0259n \u00e7\u0131xmaq ist\u0259y\u0259n az\u0259rbaycanl\u0131lar S\u0259na aeroportunda t\u0259yyar\u0259 g\u00f6zl\u0259yir - MEYDAN.TV","isPartOf":{"@id":"https:\/\/www.meydan.tv\/az\/#website"},"primaryImageOfPage":{"@id":"https:\/\/www.meydan.tv\/az\/article\/yemenden-cixmaq-isteyen-azerbaycanlilar-sena-aeroportunda-teyyare-gozleyir\/#primaryimage"},"image":{"@id":"https:\/\/www.meydan.tv\/az\/article\/yemenden-cixmaq-isteyen-azerbaycanlilar-sena-aeroportunda-teyyare-gozleyir\/#primaryimage"},"thumbnailUrl":"https:\/\/www.meydan.tv\/wp-content\/uploads\/8004.jpg","datePublished":"2015-04-02T17:27:18+00:00","breadcrumb":{"@id":"https:\/\/www.meydan.tv\/az\/article\/yemenden-cixmaq-isteyen-azerbaycanlilar-sena-aeroportunda-teyyare-gozleyir\/#breadcrumb"},"inLanguage":"az","potentialAction":[{"@type":"ReadAction","target":["https:\/\/www.meydan.tv\/az\/article\/yemenden-cixmaq-isteyen-azerbaycanlilar-sena-aeroportunda-teyyare-gozleyir\/"]}]},{"@type":"ImageObject","inLanguage":"az","@id":"https:\/\/www.meydan.tv\/az\/article\/yemenden-cixmaq-isteyen-azerbaycanlilar-sena-aeroportunda-teyyare-gozleyir\/#primaryimage","url":"https:\/\/www.meydan.tv\/wp-content\/uploads\/8004.jpg","contentUrl":"https:\/\/www.meydan.tv\/wp-content\/uploads\/8004.jpg","width":635,"height":475,"caption":"Source:"},{"@type":"BreadcrumbList","@id":"https:\/\/www.meydan.tv\/az\/article\/yemenden-cixmaq-isteyen-azerbaycanlilar-sena-aeroportunda-teyyare-gozleyir\/#breadcrumb","itemListElement":[{"@type":"ListItem","position":1,"name":"Ana s\u0259hif\u0259","item":"https:\/\/www.meydan.tv\/az\/"},{"@type":"ListItem","position":2,"name":"X\u0259b\u0259rl\u0259r","item":"https:\/\/www.meydan.tv\/az\/section\/xeberler\/"},{"@type":"ListItem","position":3,"name":"Y\u0259m\u0259nd\u0259n \u00e7\u0131xmaq ist\u0259y\u0259n az\u0259rbaycanl\u0131lar S\u0259na aeroportunda t\u0259yyar\u0259 g\u00f6zl\u0259yir"}]},{"@type":"WebSite","@id":"https:\/\/www.meydan.tv\/az\/#website","url":"https:\/\/www.meydan.tv\/az\/","name":"MEYDAN.TV","description":"Meydan TV Az\u0259rbaycan\u0131n media m\u0259kan\u0131ndak\u0131 alternativ s\u0259sidir","publisher":{"@id":"https:\/\/www.meydan.tv\/az\/#organization"},"potentialAction":[{"@type":"SearchAction","target":{"@type":"EntryPoint","urlTemplate":"https:\/\/www.meydan.tv\/az\/?s={search_term_string}"},"query-input":{"@type":"PropertyValueSpecification","valueRequired":true,"valueName":"search_term_string"}}],"inLanguage":"az"},{"@type":"Organization","@id":"https:\/\/www.meydan.tv\/az\/#organization","name":"Meydan TV","url":"https:\/\/www.meydan.tv\/az\/","logo":{"@type":"ImageObject","inLanguage":"az","@id":"https:\/\/www.meydan.tv\/az\/#\/schema\/logo\/image\/","url":"https:\/\/www.meydan.tv\/wp-content\/uploads\/2021\/07\/meydan-logo.svg","contentUrl":"https:\/\/www.meydan.tv\/wp-content\/uploads\/2021\/07\/meydan-logo.svg","width":195,"height":46,"caption":"Meydan TV"},"image":{"@id":"https:\/\/www.meydan.tv\/az\/#\/schema\/logo\/image\/"}},{"@type":"Person","@id":"https:\/\/www.meydan.tv\/az\/#\/schema\/person\/10d11eccf6da3662cf5fdab9806ea91a","name":"user-manager"}]}},"_links":{"self":[{"href":"https:\/\/www.meydan.tv\/az\/wp-json\/wp\/v2\/posts\/167414","targetHints":{"allow":["GET"]}}],"collection":[{"href":"https:\/\/www.meydan.tv\/az\/wp-json\/wp\/v2\/posts"}],"about":[{"href":"https:\/\/www.meydan.tv\/az\/wp-json\/wp\/v2\/types\/post"}],"author":[{"embeddable":true,"href":"https:\/\/www.meydan.tv\/az\/wp-json\/wp\/v2\/users\/11"}],"replies":[{"embeddable":true,"href":"https:\/\/www.meydan.tv\/az\/wp-json\/wp\/v2\/comments?post=167414"}],"version-history":[{"count":0,"href":"https:\/\/www.meydan.tv\/az\/wp-json\/wp\/v2\/posts\/167414\/revisions"}],"wp:featuredmedia":[{"embeddable":true,"href":"https:\/\/www.meydan.tv\/az\/wp-json\/wp\/v2\/media\/22107"}],"wp:attachment":[{"href":"https:\/\/www.meydan.tv\/az\/wp-json\/wp\/v2\/media?parent=167414"}],"wp:term":[{"taxonomy":"category","embeddable":true,"href":"https:\/\/www.meydan.tv\/az\/wp-json\/wp\/v2\/categories?post=167414"},{"taxonomy":"post_tag","embeddable":true,"href":"https:\/\/www.meydan.tv\/az\/wp-json\/wp\/v2\/tags?post=167414"}],"curies":[{"name":"wp","href":"https:\/\/api.w.org\/{rel}","templated":true}]}}