{"id":167413,"date":"2015-04-02T16:38:34","date_gmt":"2015-04-02T16:38:34","guid":{"rendered":"https:\/\/www.meydan.tv\/article\/vekile-xedice-ismayilla-gorusmeye-icaze-vermediler\/"},"modified":"2015-04-02T16:38:34","modified_gmt":"2015-04-02T16:38:34","slug":"vekile-xedice-ismayilla-gorusmeye-icaze-vermediler","status":"publish","type":"post","link":"https:\/\/www.meydan.tv\/az\/article\/vekile-xedice-ismayilla-gorusmeye-icaze-vermediler\/","title":{"rendered":"V\u0259kil\u0259 X\u0259dic\u0259 \u0130smay\u0131lla g\u00f6r\u00fc\u015fm\u0259y\u0259 icaz\u0259 verm\u0259dil\u0259r"},"content":{"rendered":"<figure class=\"wp-block-image size-large\">\n  <img decoding=\"async\" src=\"https:\/\/www.meydan.tv\/az\/22104\/\" alt=\"\" class=\"wp-image-22104\"\/><figcaption><\/figcaption><\/figure>\n<figure class=\"wp-block-image size-large\">\n  <img decoding=\"async\" src=\"https:\/\/www.meydan.tv\/az\/22104\/\" alt=\"\" class=\"wp-image-22104\"\/><figcaption><\/figcaption><\/figure>\n<p>\n  <i><br \/>\n    &#8220;Jurnalistin v\u0259kili il\u0259 g\u00f6r\u00fc\u015f\u00fcn\u0259 icaz\u0259 verilm\u0259m\u0259si tamamil\u0259 qanunsuz, \u0259sass\u0131z v\u0259 m\u00fcdafi\u0259 h\u00fcququnun kobud pozuntusudur&#8221;<br \/>\n  <\/i>\n<\/p>\n<p>\n  Aprelin 2-d\u0259 v\u0259kil Yal\u00e7\u0131n \u0130manov Bak\u0131 \u0130stintaq T\u0259cridxanas\u0131nda saxlanan jurnalist X\u0259dic\u0259 \u0130smay\u0131lla\u00a0g\u00f6r\u00fc\u015fm\u0259k ist\u0259s\u0259 d\u0259, ona icaz\u0259 verm\u0259yibl\u0259r. Bu bar\u0259d\u0259 Meydan TV-y\u0259 dan\u0131\u015fan Yal\u00e7\u0131n \u0130manov deyib ki, t\u0259cridxana r\u0259hb\u0259rliyi Ba\u015f Prokurorlu\u011fun A\u011f\u0131r cinay\u0259tl\u0259r\u0259 dair i\u015fl\u0259r \u00fczr\u0259 \u0130stintaq \u0130dar\u0259sinin t\u0259cridxanaya yollad\u0131\u011f\u0131 m\u0259ktubunu \u0259sas g\u0259tir\u0259r\u0259k, g\u00f6r\u00fc\u015f\u0259 icaz\u0259 verm\u0259di.\n<\/p>\n<p>\n  Ancaq v\u0259kil idar\u0259nin q\u0259rar\u0131 il\u0259 raz\u0131la\u015fm\u0131r. O, bildirib ki, X\u0259dic\u0259 \u0130smay\u0131l\u0131n ittiham olundu\u011fu bu i\u015fin Ba\u015f Prokurorlu\u011fun A\u011f\u0131r cinay\u0259tl\u0259r\u0259 dair i\u015fl\u0259r \u00fczr\u0259 \u0130stintaq \u0130dar\u0259sind\u0259 jurnalist\u0259 qar\u015f\u0131 ir\u0259li s\u00fcr\u00fclm\u00fc\u015f ittihamlara h\u0259r hans\u0131 h\u00fcquqi aidiyy\u0259ti yoxdur: &#8220;Ona g\u00f6r\u0259 d\u0259 d\u0259 jurnalistin v\u0259kili il\u0259 g\u00f6r\u00fc\u015f\u00fcn\u0259 icaz\u0259 verilm\u0259m\u0259si tamamil\u0259 qanunsuz, \u0259sass\u0131z v\u0259 m\u00fcdafi\u0259 h\u00fcququnun kobud pozuntusudur&#8221;.\n<\/p>\n<p>\n  \u0130stintaq \u0130dar\u0259sinin m\u00fcst\u0259ntiqi S\u0259nan Pa\u015fayev mart\u0131n 12-d\u0259 imzalad\u0131\u011f\u0131 m\u0259ktubda qeyd olunub ki, jurnalist\u0259 qar\u015f\u0131 ir\u0259li s\u00fcr\u00fclm\u00fc\u015f ittihamlar (AR CM-nin 125, 179.3.2, 192.2.1, 213.1 v\u0259 308.2-ci madd\u0259l\u0259ri) bir icraatda birl\u0259\u015fdirilib, v\u0259kil Yal\u00e7\u0131n \u0130manov Azadl\u0131q Radiosunun n\u00fcmay\u0259nd\u0259si kimi \u00f6t\u0259n ili dekabr\u0131n 28-d\u0259 cinay\u0259t prosesind\u0259n k\u0259narla\u015fd\u0131r\u0131l\u0131b.\n<\/p>\n<p>\n  Yal\u00e7\u0131n \u0130manov jurnalistin ittiham olundu\u011fu dig\u0259r &#8211; AR CM-nin 147.2-ci madd\u0259si il\u0259 ba\u011fl\u0131 mart\u0131n 17-d\u0259 onun ail\u0259 \u00fczvl\u0259ri il\u0259 m\u00fcqavil\u0259 ba\u011flay\u0131b v\u0259 mart\u0131n 19-da orderin sur\u0259tini t\u0259qdim etm\u0259kl\u0259 X.\u0130smay\u0131lla t\u0259cridxanada g\u00f6r\u00fc\u015f\u00fcb.\n<\/p>\n<p>\n  X\u0259dic\u0259 \u0130smay\u0131l \u00f6t\u0259n il dekabr\u0131n 5-d\u0259 h\u0259bs olunub. \u018fvv\u0259lc\u0259 ona jurnalist Tural Mustafayevin &#8220;\u00f6z\u00fcn\u00fc \u00f6ld\u00fcrm\u0259 h\u0259ddin\u0259 \u00e7atd\u0131rma&#8221; madd\u0259si il\u0259 ittiham\u0131 ir\u0259li s\u00fcr\u00fcl\u00fcb. Fevral\u0131n 13-d\u0259 ona qar\u015f\u0131 daha 4 madd\u0259 il\u0259 &#8211; CM-nin 179.3.2 (m\u0259nims\u0259m\u0259 v\u0259 israf etm\u0259 &#8211; k\u00fclli miqdarda t\u00f6r\u0259dildikd\u0259), 192.2.2 (qanunsuz sahibkarl\u0131q), 213.1 (vergi \u00f6d\u0259m\u0259kd\u0259n yay\u0131nma) v\u0259 308.2-ci (v\u0259zif\u0259 s\u0259lahiyy\u0259tl\u0259rind\u0259n sui-istifad\u0259) madd\u0259l\u0259ri il\u0259 yeni ittihamlar elan edilib.\n<\/p>\n<p>\n  Fevral\u0131n 24-d\u0259 b\u00fct\u00fcn ittihamlar bir icraatda birl\u0259\u015fdirilib.\n<\/p>\n<p>\n  X\u0259dic\u0259 \u0130smay\u0131l bu ittihamlar\u0131 r\u0259dd ed\u0259r\u0259k, h\u0259bsini sifari\u015f say\u0131r.\n<\/p><\/p>\n","protected":false},"excerpt":{"rendered":"<p>&#8220;Jurnalistin v\u0259kili il\u0259 g\u00f6r\u00fc\u015f\u00fcn\u0259 icaz\u0259 verilm\u0259m\u0259si tamamil\u0259 qanunsuz, \u0259sass\u0131z v\u0259 m\u00fcdafi\u0259 h\u00fcququnun kobud pozuntusudur&#8221;<\/p>\n","protected":false},"author":11,"featured_media":22104,"comment_status":"closed","ping_status":"open","sticky":false,"template":"","format":"standard","meta":{"_acf_changed":false,"_sitemap_exclude":false,"_sitemap_priority":"","_sitemap_frequency":"","footnotes":""},"categories":[56],"tags":[],"class_list":["post-167413","post","type-post","status-publish","format-standard","has-post-thumbnail","hentry","category-xeberler","infinite-scroll-item","generate-columns","tablet-grid-50","mobile-grid-100","grid-parent","grid-33","no-featured-image-padding"],"acf":[],"yoast_head":"<!-- This site is optimized with the Yoast SEO plugin v28.4 - https:\/\/yoast.com\/product\/yoast-seo-wordpress\/ -->\n<title>V\u0259kil\u0259 X\u0259dic\u0259 \u0130smay\u0131lla g\u00f6r\u00fc\u015fm\u0259y\u0259 icaz\u0259 verm\u0259dil\u0259r - MEYDAN.TV<\/title>\n<meta name=\"robots\" content=\"index, follow, max-snippet:-1, max-image-preview:large, max-video-preview:-1\" \/>\n<link rel=\"canonical\" href=\"https:\/\/www.meydan.tv\/az\/article\/vekile-xedice-ismayilla-gorusmeye-icaze-vermediler\/\" \/>\n<meta property=\"og:locale\" content=\"az_AZ\" \/>\n<meta property=\"og:type\" content=\"article\" \/>\n<meta property=\"og:title\" content=\"V\u0259kil\u0259 X\u0259dic\u0259 \u0130smay\u0131lla g\u00f6r\u00fc\u015fm\u0259y\u0259 icaz\u0259 verm\u0259dil\u0259r - MEYDAN.TV\" \/>\n<meta property=\"og:description\" content=\"&quot;Jurnalistin v\u0259kili il\u0259 g\u00f6r\u00fc\u015f\u00fcn\u0259 icaz\u0259 verilm\u0259m\u0259si tamamil\u0259 qanunsuz, \u0259sass\u0131z v\u0259 m\u00fcdafi\u0259 h\u00fcququnun kobud pozuntusudur&quot;\" \/>\n<meta property=\"og:url\" content=\"https:\/\/www.meydan.tv\/az\/article\/vekile-xedice-ismayilla-gorusmeye-icaze-vermediler\/\" \/>\n<meta property=\"og:site_name\" content=\"MEYDAN.TV\" \/>\n<meta property=\"article:published_time\" content=\"2015-04-02T16:38:34+00:00\" \/>\n<meta property=\"og:image\" content=\"https:\/\/www.meydan.tv\/wp-content\/uploads\/8003.jpg\" \/>\n\t<meta property=\"og:image:width\" content=\"415\" \/>\n\t<meta property=\"og:image:height\" content=\"300\" \/>\n\t<meta property=\"og:image:type\" content=\"image\/jpeg\" \/>\n<meta name=\"twitter:card\" content=\"summary_large_image\" \/>\n<!-- \/ Yoast SEO plugin. -->","yoast_head_json":{"title":"V\u0259kil\u0259 X\u0259dic\u0259 \u0130smay\u0131lla g\u00f6r\u00fc\u015fm\u0259y\u0259 icaz\u0259 verm\u0259dil\u0259r - MEYDAN.TV","robots":{"index":"index","follow":"follow","max-snippet":"max-snippet:-1","max-image-preview":"max-image-preview:large","max-video-preview":"max-video-preview:-1"},"canonical":"https:\/\/www.meydan.tv\/az\/article\/vekile-xedice-ismayilla-gorusmeye-icaze-vermediler\/","og_locale":"az_AZ","og_type":"article","og_title":"V\u0259kil\u0259 X\u0259dic\u0259 \u0130smay\u0131lla g\u00f6r\u00fc\u015fm\u0259y\u0259 icaz\u0259 verm\u0259dil\u0259r - MEYDAN.TV","og_description":"\"Jurnalistin v\u0259kili il\u0259 g\u00f6r\u00fc\u015f\u00fcn\u0259 icaz\u0259 verilm\u0259m\u0259si tamamil\u0259 qanunsuz, \u0259sass\u0131z v\u0259 m\u00fcdafi\u0259 h\u00fcququnun kobud pozuntusudur\"","og_url":"https:\/\/www.meydan.tv\/az\/article\/vekile-xedice-ismayilla-gorusmeye-icaze-vermediler\/","og_site_name":"MEYDAN.TV","article_published_time":"2015-04-02T16:38:34+00:00","og_image":[{"width":415,"height":300,"url":"https:\/\/www.meydan.tv\/wp-content\/uploads\/8003.jpg","type":"image\/jpeg"}],"twitter_card":"summary_large_image","schema":{"@context":"https:\/\/schema.org","@graph":[{"@type":"Article","@id":"https:\/\/www.meydan.tv\/az\/article\/vekile-xedice-ismayilla-gorusmeye-icaze-vermediler\/#article","isPartOf":{"@id":"https:\/\/www.meydan.tv\/az\/article\/vekile-xedice-ismayilla-gorusmeye-icaze-vermediler\/"},"author":{"name":"user-manager","@id":"https:\/\/www.meydan.tv\/az\/#\/schema\/person\/10d11eccf6da3662cf5fdab9806ea91a"},"headline":"V\u0259kil\u0259 X\u0259dic\u0259 \u0130smay\u0131lla g\u00f6r\u00fc\u015fm\u0259y\u0259 icaz\u0259 verm\u0259dil\u0259r","datePublished":"2015-04-02T16:38:34+00:00","mainEntityOfPage":{"@id":"https:\/\/www.meydan.tv\/az\/article\/vekile-xedice-ismayilla-gorusmeye-icaze-vermediler\/"},"wordCount":431,"publisher":{"@id":"https:\/\/www.meydan.tv\/az\/#organization"},"image":{"@id":"https:\/\/www.meydan.tv\/az\/article\/vekile-xedice-ismayilla-gorusmeye-icaze-vermediler\/#primaryimage"},"thumbnailUrl":"https:\/\/www.meydan.tv\/wp-content\/uploads\/8003.jpg","articleSection":["X\u0259b\u0259rl\u0259r"],"inLanguage":"az"},{"@type":"WebPage","@id":"https:\/\/www.meydan.tv\/az\/article\/vekile-xedice-ismayilla-gorusmeye-icaze-vermediler\/","url":"https:\/\/www.meydan.tv\/az\/article\/vekile-xedice-ismayilla-gorusmeye-icaze-vermediler\/","name":"V\u0259kil\u0259 X\u0259dic\u0259 \u0130smay\u0131lla g\u00f6r\u00fc\u015fm\u0259y\u0259 icaz\u0259 verm\u0259dil\u0259r - MEYDAN.TV","isPartOf":{"@id":"https:\/\/www.meydan.tv\/az\/#website"},"primaryImageOfPage":{"@id":"https:\/\/www.meydan.tv\/az\/article\/vekile-xedice-ismayilla-gorusmeye-icaze-vermediler\/#primaryimage"},"image":{"@id":"https:\/\/www.meydan.tv\/az\/article\/vekile-xedice-ismayilla-gorusmeye-icaze-vermediler\/#primaryimage"},"thumbnailUrl":"https:\/\/www.meydan.tv\/wp-content\/uploads\/8003.jpg","datePublished":"2015-04-02T16:38:34+00:00","breadcrumb":{"@id":"https:\/\/www.meydan.tv\/az\/article\/vekile-xedice-ismayilla-gorusmeye-icaze-vermediler\/#breadcrumb"},"inLanguage":"az","potentialAction":[{"@type":"ReadAction","target":["https:\/\/www.meydan.tv\/az\/article\/vekile-xedice-ismayilla-gorusmeye-icaze-vermediler\/"]}]},{"@type":"ImageObject","inLanguage":"az","@id":"https:\/\/www.meydan.tv\/az\/article\/vekile-xedice-ismayilla-gorusmeye-icaze-vermediler\/#primaryimage","url":"https:\/\/www.meydan.tv\/wp-content\/uploads\/8003.jpg","contentUrl":"https:\/\/www.meydan.tv\/wp-content\/uploads\/8003.jpg","width":415,"height":300,"caption":"Source:"},{"@type":"BreadcrumbList","@id":"https:\/\/www.meydan.tv\/az\/article\/vekile-xedice-ismayilla-gorusmeye-icaze-vermediler\/#breadcrumb","itemListElement":[{"@type":"ListItem","position":1,"name":"Ana s\u0259hif\u0259","item":"https:\/\/www.meydan.tv\/az\/"},{"@type":"ListItem","position":2,"name":"X\u0259b\u0259rl\u0259r","item":"https:\/\/www.meydan.tv\/az\/section\/xeberler\/"},{"@type":"ListItem","position":3,"name":"V\u0259kil\u0259 X\u0259dic\u0259 \u0130smay\u0131lla g\u00f6r\u00fc\u015fm\u0259y\u0259 icaz\u0259 verm\u0259dil\u0259r"}]},{"@type":"WebSite","@id":"https:\/\/www.meydan.tv\/az\/#website","url":"https:\/\/www.meydan.tv\/az\/","name":"MEYDAN.TV","description":"Meydan TV Az\u0259rbaycan\u0131n media m\u0259kan\u0131ndak\u0131 alternativ s\u0259sidir","publisher":{"@id":"https:\/\/www.meydan.tv\/az\/#organization"},"potentialAction":[{"@type":"SearchAction","target":{"@type":"EntryPoint","urlTemplate":"https:\/\/www.meydan.tv\/az\/?s={search_term_string}"},"query-input":{"@type":"PropertyValueSpecification","valueRequired":true,"valueName":"search_term_string"}}],"inLanguage":"az"},{"@type":"Organization","@id":"https:\/\/www.meydan.tv\/az\/#organization","name":"Meydan TV","url":"https:\/\/www.meydan.tv\/az\/","logo":{"@type":"ImageObject","inLanguage":"az","@id":"https:\/\/www.meydan.tv\/az\/#\/schema\/logo\/image\/","url":"https:\/\/www.meydan.tv\/wp-content\/uploads\/2021\/07\/meydan-logo.svg","contentUrl":"https:\/\/www.meydan.tv\/wp-content\/uploads\/2021\/07\/meydan-logo.svg","width":195,"height":46,"caption":"Meydan TV"},"image":{"@id":"https:\/\/www.meydan.tv\/az\/#\/schema\/logo\/image\/"}},{"@type":"Person","@id":"https:\/\/www.meydan.tv\/az\/#\/schema\/person\/10d11eccf6da3662cf5fdab9806ea91a","name":"user-manager"}]}},"_links":{"self":[{"href":"https:\/\/www.meydan.tv\/az\/wp-json\/wp\/v2\/posts\/167413","targetHints":{"allow":["GET"]}}],"collection":[{"href":"https:\/\/www.meydan.tv\/az\/wp-json\/wp\/v2\/posts"}],"about":[{"href":"https:\/\/www.meydan.tv\/az\/wp-json\/wp\/v2\/types\/post"}],"author":[{"embeddable":true,"href":"https:\/\/www.meydan.tv\/az\/wp-json\/wp\/v2\/users\/11"}],"replies":[{"embeddable":true,"href":"https:\/\/www.meydan.tv\/az\/wp-json\/wp\/v2\/comments?post=167413"}],"version-history":[{"count":0,"href":"https:\/\/www.meydan.tv\/az\/wp-json\/wp\/v2\/posts\/167413\/revisions"}],"wp:featuredmedia":[{"embeddable":true,"href":"https:\/\/www.meydan.tv\/az\/wp-json\/wp\/v2\/media\/22104"}],"wp:attachment":[{"href":"https:\/\/www.meydan.tv\/az\/wp-json\/wp\/v2\/media?parent=167413"}],"wp:term":[{"taxonomy":"category","embeddable":true,"href":"https:\/\/www.meydan.tv\/az\/wp-json\/wp\/v2\/categories?post=167413"},{"taxonomy":"post_tag","embeddable":true,"href":"https:\/\/www.meydan.tv\/az\/wp-json\/wp\/v2\/tags?post=167413"}],"curies":[{"name":"wp","href":"https:\/\/api.w.org\/{rel}","templated":true}]}}