{"id":167410,"date":"2015-04-02T14:14:38","date_gmt":"2015-04-02T14:14:38","guid":{"rendered":"https:\/\/www.meydan.tv\/article\/ilham-eliyev-insan-huquqlarinin-pozulmasinin-en-pis-formalarini-yaradib\/"},"modified":"2015-04-02T14:14:38","modified_gmt":"2015-04-02T14:14:38","slug":"ilham-eliyev-insan-huquqlarinin-pozulmasinin-en-pis-formalarini-yaradib","status":"publish","type":"post","link":"https:\/\/www.meydan.tv\/az\/article\/ilham-eliyev-insan-huquqlarinin-pozulmasinin-en-pis-formalarini-yaradib\/","title":{"rendered":"&#8220;\u0130lham \u018fliyev insan h\u00fcquqlar\u0131n\u0131n pozulmas\u0131n\u0131n \u0259n pis formalar\u0131n\u0131 yarad\u0131b&#8221;"},"content":{"rendered":"<figure class=\"wp-block-image size-large\">\n  <img decoding=\"async\" src=\"https:\/\/www.meydan.tv\/az\/22100\/\" alt=\"\" class=\"wp-image-22100\"\/><figcaption><\/figcaption><\/figure>\n<figure class=\"wp-block-image size-large\">\n  <img decoding=\"async\" src=\"https:\/\/www.meydan.tv\/az\/22100\/\" alt=\"\" class=\"wp-image-22100\"\/><figcaption><\/figcaption><\/figure>\n<p>\n  <i><br \/>\n    Senator Ri\u00e7ard Durbind\u0259n hakimiyy\u0259t\u0259 siyasi m\u0259hbus \u00e7a\u011f\u0131r\u0131\u015f\u0131<br \/>\n  <\/i>\n<\/p>\n<p>\n  AB\u015e Senat\u0131n\u0131n \u00fczv\u00fc Ri\u00e7ard Durbin b\u0259yanatla \u00e7\u0131x\u0131\u015f ed\u0259r\u0259k AB\u015e administrasiyas\u0131n\u0131 qlobal \u00e7a\u011f\u0131r\u0131\u015flar, Ukraynaya qar\u015f\u0131 t\u0259cav\u00fcz v\u0259 \u0130\u015e\u0130D-l\u0259 m\u00fcbariz\u0259 fonunda \u0259sas siyasi azadl\u0131qlar\u0131 unutmama\u011fa \u00e7a\u011f\u0131r\u0131b.\n<\/p>\n<p>\n  \u201cDemokratik d\u0259y\u0259rl\u0259rin h\u0259yata ke\u00e7irilm\u0259si v\u0259 ya t\u0259bli\u011fin\u0259 g\u00f6r\u0259 h\u0259bsd\u0259 olan b\u0259zi c\u0259sur insanlar\u0131 xat\u0131rlatmaq ist\u0259rdim. \u018fvv\u0259la, m\u0259n Az\u0259rbaycanda h\u00fcquq m\u00fcdafi\u0259\u00e7il\u0259rin\u0259 qar\u015f\u0131 son repressiyalardan \u00e7ox narahatam. Bu, son ild\u0259 durumun pisl\u0259\u015fdiyi \u00f6lk\u0259d\u0259 h\u0259y\u0259canl\u0131 tendensiyan\u0131n bir hiss\u0259sidir\u201d, &#8211; dey\u0259 o vur\u011fulay\u0131b.\n<\/p>\n<p>\n  \u201cNew York Times \u00f6z m\u0259qal\u0259sind\u0259 prezident \u0130lham \u018fliyevi Q\u0259rbl\u0259 yax\u015f\u0131 m\u00fcnasib\u0259tl\u0259rd\u0259 oldu\u011funa b\u00fct\u00fcn d\u00fcnyan\u0131 inand\u0131rma\u011fa \u00e7al\u0131\u015fan \u015f\u0259xs kimi t\u0259svir edib. Lakin o, insan h\u00fcquqlar\u0131n\u0131n pozulmas\u0131n\u0131n \u0259n pis formalar\u0131n\u0131 yarad\u0131b.\n<\/p>\n<p>\n  \u0130.\u018fliyev ist\u0259yir ki, d\u00fcnya inans\u0131n ki, Az\u0259rbaycan n\u00fcmun\u0259vi \u00f6lk\u0259dir, Q\u0259rbl\u0259 m\u00f6hk\u0259m m\u00fcnasib\u0259tl\u0259ri var v\u0259 qar\u015f\u0131dak\u0131 Avropa Oyunlar\u0131 \u00fc\u00e7\u00fcn ideal ev sahibidir. Eyni zamanda \u00f6lk\u0259d\u0259 Rusiya v\u0259 Belarusda oldu\u011fundan \u00e7ox siyasi m\u0259hbus var\u201d, &#8211; b\u0259yanatda deyilir.\n<\/p>\n<p>\n  Sonra senator Azadl\u0131q Radiosunun ba\u011flanmas\u0131 \u0259traf\u0131ndak\u0131 v\u0259ziyy\u0259ti, jurnalist X\u0259dic\u0259 \u0130smay\u0131l\u0131n v\u0259 dig\u0259r f\u0259allar\u0131n\u00a0 h\u0259bsin\u0259 toxunub.\n<\/p>\n<p>\n  \u00d6t\u0259n ilin avqustunda senatorlar Kardin v\u0259 Merfi prezident \u018fliyev\u0259 m\u0259ktub g\u00f6nd\u0259r\u0259r\u0259k h\u00fcquq m\u00fcdafi\u0259\u00e7il\u0259ri Anar M\u0259mm\u0259dli v\u0259 B\u0259\u015fir S\u00fcleymanl\u0131n\u0131n azadl\u0131qdan m\u0259hrum edilm\u0259si il\u0259 ba\u011fl\u0131 narahatl\u0131qlar\u0131n\u0131 bildiribl\u0259r.\n<\/p>\n<p>\n  B.S\u00fcleymanl\u0131 bu yax\u0131nlarda azad edilib, lakin onun h\u0259mkar\u0131 Anar h\u0259l\u0259 d\u0259 h\u0259bsd\u0259dir.\n<\/p>\n<p>\n  Bundan \u00f6nc\u0259 Leyla Yunus, bir h\u0259ft\u0259 sonra is\u0259 onun h\u0259yat yolda\u015f\u0131 Arif Yunus, sonra R\u0259sul C\u0259f\u0259rov v\u0259 \u0130ntiqam \u018fliyev h\u0259bs olunublar.\n<\/p>\n<p>\n  \u00d6t\u0259n ay &#8220;Washington Post&#8221; q\u0259zeti X.\u0130smay\u0131l\u0131n m\u0259ktubunu d\u0259rc edib. O, beyn\u0259lxalq t\u0259\u015fkilatlar\u0131 pisliy\u0259 qar\u015f\u0131 m\u00fcbariz\u0259y\u0259 son qoymama\u011fa, insan l\u0259yaq\u0259tinin sat\u0131lmad\u0131\u011f\u0131n\u0131 s\u00fcbut etm\u0259y\u0259 \u00e7a\u011f\u0131r\u0131b.\n<\/p>\n<p>\n  \u201cM\u0259n prezident \u018fliyevi \u00f6z v\u0259t\u0259nda\u015flar\u0131n\u0131 azad etm\u0259y\u0259 \u00e7a\u011f\u0131r\u0131ram. Onlar\u0131n yegan\u0259 g\u00fcnah\u0131 odur ki, dinc demokratik Az\u0259rbaycanda ya\u015famaq ist\u0259yirl\u0259r. O bilm\u0259lidir ki, \u0259sas demokratik prinsipl\u0259r pozularsa q\u0259rb birliyinin bir hiss\u0259si ola bilm\u0259z\u201d, &#8211; b\u0259yanatda qeyd olunur (Turan \u0130A).<\/p>\n","protected":false},"excerpt":{"rendered":"<p>Senator Ri\u00e7ard Durbind\u0259n hakimiyy\u0259t\u0259 siyasi m\u0259hbus \u00e7a\u011f\u0131r\u0131\u015f\u0131<\/p>\n","protected":false},"author":11,"featured_media":22100,"comment_status":"closed","ping_status":"open","sticky":false,"template":"","format":"standard","meta":{"_acf_changed":false,"_sitemap_exclude":false,"_sitemap_priority":"","_sitemap_frequency":"","footnotes":""},"categories":[56],"tags":[],"class_list":["post-167410","post","type-post","status-publish","format-standard","has-post-thumbnail","hentry","category-xeberler","infinite-scroll-item","generate-columns","tablet-grid-50","mobile-grid-100","grid-parent","grid-33","no-featured-image-padding"],"acf":[],"yoast_head":"<!-- This site is optimized with the Yoast SEO plugin v28.4 - https:\/\/yoast.com\/product\/yoast-seo-wordpress\/ -->\n<title>&quot;\u0130lham \u018fliyev insan h\u00fcquqlar\u0131n\u0131n pozulmas\u0131n\u0131n \u0259n pis formalar\u0131n\u0131 yarad\u0131b&quot; - MEYDAN.TV<\/title>\n<meta name=\"robots\" content=\"index, follow, max-snippet:-1, max-image-preview:large, max-video-preview:-1\" \/>\n<link rel=\"canonical\" href=\"https:\/\/www.meydan.tv\/az\/article\/ilham-eliyev-insan-huquqlarinin-pozulmasinin-en-pis-formalarini-yaradib\/\" \/>\n<meta property=\"og:locale\" content=\"az_AZ\" \/>\n<meta property=\"og:type\" content=\"article\" \/>\n<meta property=\"og:title\" content=\"&quot;\u0130lham \u018fliyev insan h\u00fcquqlar\u0131n\u0131n pozulmas\u0131n\u0131n \u0259n pis formalar\u0131n\u0131 yarad\u0131b&quot; - MEYDAN.TV\" \/>\n<meta property=\"og:description\" content=\"Senator Ri\u00e7ard Durbind\u0259n hakimiyy\u0259t\u0259 siyasi m\u0259hbus \u00e7a\u011f\u0131r\u0131\u015f\u0131\" \/>\n<meta property=\"og:url\" content=\"https:\/\/www.meydan.tv\/az\/article\/ilham-eliyev-insan-huquqlarinin-pozulmasinin-en-pis-formalarini-yaradib\/\" \/>\n<meta property=\"og:site_name\" content=\"MEYDAN.TV\" \/>\n<meta property=\"article:published_time\" content=\"2015-04-02T14:14:38+00:00\" \/>\n<meta property=\"og:image\" content=\"https:\/\/www.meydan.tv\/wp-content\/uploads\/8000.jpg\" \/>\n\t<meta property=\"og:image:width\" content=\"634\" \/>\n\t<meta property=\"og:image:height\" content=\"400\" \/>\n\t<meta property=\"og:image:type\" content=\"image\/jpeg\" \/>\n<meta name=\"twitter:card\" content=\"summary_large_image\" \/>\n<!-- \/ Yoast SEO plugin. -->","yoast_head_json":{"title":"\"\u0130lham \u018fliyev insan h\u00fcquqlar\u0131n\u0131n pozulmas\u0131n\u0131n \u0259n pis formalar\u0131n\u0131 yarad\u0131b\" - MEYDAN.TV","robots":{"index":"index","follow":"follow","max-snippet":"max-snippet:-1","max-image-preview":"max-image-preview:large","max-video-preview":"max-video-preview:-1"},"canonical":"https:\/\/www.meydan.tv\/az\/article\/ilham-eliyev-insan-huquqlarinin-pozulmasinin-en-pis-formalarini-yaradib\/","og_locale":"az_AZ","og_type":"article","og_title":"\"\u0130lham \u018fliyev insan h\u00fcquqlar\u0131n\u0131n pozulmas\u0131n\u0131n \u0259n pis formalar\u0131n\u0131 yarad\u0131b\" - MEYDAN.TV","og_description":"Senator Ri\u00e7ard Durbind\u0259n hakimiyy\u0259t\u0259 siyasi m\u0259hbus \u00e7a\u011f\u0131r\u0131\u015f\u0131","og_url":"https:\/\/www.meydan.tv\/az\/article\/ilham-eliyev-insan-huquqlarinin-pozulmasinin-en-pis-formalarini-yaradib\/","og_site_name":"MEYDAN.TV","article_published_time":"2015-04-02T14:14:38+00:00","og_image":[{"width":634,"height":400,"url":"https:\/\/www.meydan.tv\/wp-content\/uploads\/8000.jpg","type":"image\/jpeg"}],"twitter_card":"summary_large_image","schema":{"@context":"https:\/\/schema.org","@graph":[{"@type":"Article","@id":"https:\/\/www.meydan.tv\/az\/article\/ilham-eliyev-insan-huquqlarinin-pozulmasinin-en-pis-formalarini-yaradib\/#article","isPartOf":{"@id":"https:\/\/www.meydan.tv\/az\/article\/ilham-eliyev-insan-huquqlarinin-pozulmasinin-en-pis-formalarini-yaradib\/"},"author":{"name":"user-manager","@id":"https:\/\/www.meydan.tv\/az\/#\/schema\/person\/10d11eccf6da3662cf5fdab9806ea91a"},"headline":"&#8220;\u0130lham \u018fliyev insan h\u00fcquqlar\u0131n\u0131n pozulmas\u0131n\u0131n \u0259n pis formalar\u0131n\u0131 yarad\u0131b&#8221;","datePublished":"2015-04-02T14:14:38+00:00","mainEntityOfPage":{"@id":"https:\/\/www.meydan.tv\/az\/article\/ilham-eliyev-insan-huquqlarinin-pozulmasinin-en-pis-formalarini-yaradib\/"},"wordCount":460,"publisher":{"@id":"https:\/\/www.meydan.tv\/az\/#organization"},"image":{"@id":"https:\/\/www.meydan.tv\/az\/article\/ilham-eliyev-insan-huquqlarinin-pozulmasinin-en-pis-formalarini-yaradib\/#primaryimage"},"thumbnailUrl":"https:\/\/www.meydan.tv\/wp-content\/uploads\/8000.jpg","articleSection":["X\u0259b\u0259rl\u0259r"],"inLanguage":"az"},{"@type":"WebPage","@id":"https:\/\/www.meydan.tv\/az\/article\/ilham-eliyev-insan-huquqlarinin-pozulmasinin-en-pis-formalarini-yaradib\/","url":"https:\/\/www.meydan.tv\/az\/article\/ilham-eliyev-insan-huquqlarinin-pozulmasinin-en-pis-formalarini-yaradib\/","name":"\"\u0130lham \u018fliyev insan h\u00fcquqlar\u0131n\u0131n pozulmas\u0131n\u0131n \u0259n pis formalar\u0131n\u0131 yarad\u0131b\" - MEYDAN.TV","isPartOf":{"@id":"https:\/\/www.meydan.tv\/az\/#website"},"primaryImageOfPage":{"@id":"https:\/\/www.meydan.tv\/az\/article\/ilham-eliyev-insan-huquqlarinin-pozulmasinin-en-pis-formalarini-yaradib\/#primaryimage"},"image":{"@id":"https:\/\/www.meydan.tv\/az\/article\/ilham-eliyev-insan-huquqlarinin-pozulmasinin-en-pis-formalarini-yaradib\/#primaryimage"},"thumbnailUrl":"https:\/\/www.meydan.tv\/wp-content\/uploads\/8000.jpg","datePublished":"2015-04-02T14:14:38+00:00","breadcrumb":{"@id":"https:\/\/www.meydan.tv\/az\/article\/ilham-eliyev-insan-huquqlarinin-pozulmasinin-en-pis-formalarini-yaradib\/#breadcrumb"},"inLanguage":"az","potentialAction":[{"@type":"ReadAction","target":["https:\/\/www.meydan.tv\/az\/article\/ilham-eliyev-insan-huquqlarinin-pozulmasinin-en-pis-formalarini-yaradib\/"]}]},{"@type":"ImageObject","inLanguage":"az","@id":"https:\/\/www.meydan.tv\/az\/article\/ilham-eliyev-insan-huquqlarinin-pozulmasinin-en-pis-formalarini-yaradib\/#primaryimage","url":"https:\/\/www.meydan.tv\/wp-content\/uploads\/8000.jpg","contentUrl":"https:\/\/www.meydan.tv\/wp-content\/uploads\/8000.jpg","width":634,"height":400,"caption":"Source:"},{"@type":"BreadcrumbList","@id":"https:\/\/www.meydan.tv\/az\/article\/ilham-eliyev-insan-huquqlarinin-pozulmasinin-en-pis-formalarini-yaradib\/#breadcrumb","itemListElement":[{"@type":"ListItem","position":1,"name":"Ana s\u0259hif\u0259","item":"https:\/\/www.meydan.tv\/az\/"},{"@type":"ListItem","position":2,"name":"X\u0259b\u0259rl\u0259r","item":"https:\/\/www.meydan.tv\/az\/section\/xeberler\/"},{"@type":"ListItem","position":3,"name":"&#8220;\u0130lham \u018fliyev insan h\u00fcquqlar\u0131n\u0131n pozulmas\u0131n\u0131n \u0259n pis formalar\u0131n\u0131 yarad\u0131b&#8221;"}]},{"@type":"WebSite","@id":"https:\/\/www.meydan.tv\/az\/#website","url":"https:\/\/www.meydan.tv\/az\/","name":"MEYDAN.TV","description":"Meydan TV Az\u0259rbaycan\u0131n media m\u0259kan\u0131ndak\u0131 alternativ s\u0259sidir","publisher":{"@id":"https:\/\/www.meydan.tv\/az\/#organization"},"potentialAction":[{"@type":"SearchAction","target":{"@type":"EntryPoint","urlTemplate":"https:\/\/www.meydan.tv\/az\/?s={search_term_string}"},"query-input":{"@type":"PropertyValueSpecification","valueRequired":true,"valueName":"search_term_string"}}],"inLanguage":"az"},{"@type":"Organization","@id":"https:\/\/www.meydan.tv\/az\/#organization","name":"Meydan TV","url":"https:\/\/www.meydan.tv\/az\/","logo":{"@type":"ImageObject","inLanguage":"az","@id":"https:\/\/www.meydan.tv\/az\/#\/schema\/logo\/image\/","url":"https:\/\/www.meydan.tv\/wp-content\/uploads\/2021\/07\/meydan-logo.svg","contentUrl":"https:\/\/www.meydan.tv\/wp-content\/uploads\/2021\/07\/meydan-logo.svg","width":195,"height":46,"caption":"Meydan TV"},"image":{"@id":"https:\/\/www.meydan.tv\/az\/#\/schema\/logo\/image\/"}},{"@type":"Person","@id":"https:\/\/www.meydan.tv\/az\/#\/schema\/person\/10d11eccf6da3662cf5fdab9806ea91a","name":"user-manager"}]}},"_links":{"self":[{"href":"https:\/\/www.meydan.tv\/az\/wp-json\/wp\/v2\/posts\/167410","targetHints":{"allow":["GET"]}}],"collection":[{"href":"https:\/\/www.meydan.tv\/az\/wp-json\/wp\/v2\/posts"}],"about":[{"href":"https:\/\/www.meydan.tv\/az\/wp-json\/wp\/v2\/types\/post"}],"author":[{"embeddable":true,"href":"https:\/\/www.meydan.tv\/az\/wp-json\/wp\/v2\/users\/11"}],"replies":[{"embeddable":true,"href":"https:\/\/www.meydan.tv\/az\/wp-json\/wp\/v2\/comments?post=167410"}],"version-history":[{"count":0,"href":"https:\/\/www.meydan.tv\/az\/wp-json\/wp\/v2\/posts\/167410\/revisions"}],"wp:featuredmedia":[{"embeddable":true,"href":"https:\/\/www.meydan.tv\/az\/wp-json\/wp\/v2\/media\/22100"}],"wp:attachment":[{"href":"https:\/\/www.meydan.tv\/az\/wp-json\/wp\/v2\/media?parent=167410"}],"wp:term":[{"taxonomy":"category","embeddable":true,"href":"https:\/\/www.meydan.tv\/az\/wp-json\/wp\/v2\/categories?post=167410"},{"taxonomy":"post_tag","embeddable":true,"href":"https:\/\/www.meydan.tv\/az\/wp-json\/wp\/v2\/tags?post=167410"}],"curies":[{"name":"wp","href":"https:\/\/api.w.org\/{rel}","templated":true}]}}