{"id":167406,"date":"2015-04-02T12:41:23","date_gmt":"2015-04-02T12:41:23","guid":{"rendered":"https:\/\/www.meydan.tv\/article\/din-in-banditizme-ve-terrorizme-qarsi-mubarize-idaresinin-sabiq-reisi-hebs-edilib\/"},"modified":"2015-04-02T12:41:23","modified_gmt":"2015-04-02T12:41:23","slug":"din-in-banditizme-ve-terrorizme-qarsi-mubarize-idaresinin-sabiq-reisi-hebs-edilib","status":"publish","type":"post","link":"https:\/\/www.meydan.tv\/az\/article\/din-in-banditizme-ve-terrorizme-qarsi-mubarize-idaresinin-sabiq-reisi-hebs-edilib\/","title":{"rendered":"D\u0130N-in Banditizm\u0259 v\u0259 Terrorizm\u0259 qar\u015f\u0131 M\u00fcbariz\u0259 \u0130dar\u0259sinin sabiq r\u0259isi h\u0259bs edilib"},"content":{"rendered":"<figure class=\"wp-block-image size-large\">\n  <img decoding=\"async\" src=\"https:\/\/www.meydan.tv\/az\/22083\/\" alt=\"\" class=\"wp-image-22083\"\/><figcaption><\/figcaption><\/figure>\n<figure class=\"wp-block-image size-large\">\n  <img decoding=\"async\" src=\"https:\/\/www.meydan.tv\/az\/22083\/\" alt=\"\" class=\"wp-image-22083\"\/><figcaption><\/figcaption><\/figure>\n<p>\n  <i><br \/>\n    Nizami Musayev\u0259 qar\u015f\u0131 Cinay\u0259t M\u0259c\u0259ll\u0259sinin 88-1-ci\u00a0 v\u0259 168-ci\u00a0 madd\u0259l\u0259ri il\u0259 ittiham ir\u0259li s\u00fcr\u00fcl\u00fcb<br \/>\n  <\/i>\n<\/p>\n<p>\n  Bak\u0131da S\u0259bail Rayon Polis \u0130dar\u0259sinin \u0259m\u0259kda\u015flar\u0131 t\u0259r\u0259find\u0259n vaxtil\u0259 tan\u0131nm\u0131\u015f kinorejissor v\u0259 aktyor olan Nizami Musayev saxlan\u0131l\u0131b.<\/p>\n<p>  Trend-in m\u0259lumat\u0131na g\u00f6r\u0259, N.Musayev 1992-ci ild\u0259 Xalq C\u0259bh\u0259si h\u00f6kum\u0259ti d\u00f6vr\u00fcnd\u0259 Daxili \u0130\u015fl\u0259r Nazirliyinin (D\u0130N) Banditizm\u0259 v\u0259 Terrorizm\u0259 qar\u015f\u0131 M\u00fcbariz\u0259 \u0130dar\u0259sinin r\u0259isi v\u0259zif\u0259sini tutub.<\/p>\n<p>  1995-ci ild\u0259n axtar\u0131\u015fda olan N.Musayev\u0259 qar\u015f\u0131 Cinay\u0259t M\u0259c\u0259ll\u0259sinin (2000-ci ilin sentyabr\u0131n 1-\u0259 q\u0259d\u0259r q\u00fcvv\u0259d\u0259 olmu\u015f) 88-1-ci (d\u00f6v\u0259t \u0259mlak\u0131n\u0131 v\u0259 ya ictimai \u0259mlak\u0131, x\u00fcsusil\u0259 killi miqdarda talama) v\u0259 168-ci (hakimiyy\u0259ti v\u0259 ya qulluq s\u0259lahiyy\u0259tl\u0259rini a\u015fma) madd\u0259l\u0259ri il\u0259 ittiham ir\u0259li s\u00fcr\u00fcl\u00fcb.<\/p>\n<p>  D\u0130N-nin m\u0259tbuat xidm\u0259tind\u0259n Trend-\u0259 m\u0259lumat\u0131 t\u0259sdiql\u0259yibl\u0259r.<\/p>\n<p>  Qeyd ed\u0259k ki, N.Musayev h\u0259m aktyor, h\u0259m ssenarist, h\u0259m d\u0259 rejissor kimi tan\u0131n\u0131b, eyni zamanda bir \u00e7ox t\u0259hl\u00fck\u0259li f\u0259ndl\u0259rin qurulu\u015f\u00e7usu olub (idman\u00e7\u0131 oldu\u011funa g\u00f6r\u0259, bir \u00e7ox f\u0259ndl\u0259ri \u015f\u0259xs\u0259n yerin\u0259 yetirib).\n<\/p>\n<p>\n  N.Musayevin \u0259n m\u0259\u015fhur filmi \u201cL\u0259tif\u0259\u201d filmidir. H\u0259m\u00e7inin \u201cAlman klinikas\u0131na \u015f\u0259xsi s\u0259f\u0259r\u201d, \u201cAraqar\u0131\u015fd\u0131ran\u201d, \u201cB\u0259yin o\u011furlanmas\u0131\u201d, \u201cCin mikrorayonda\u201d, \u201c\u0130\u015far\u0259ni d\u0259nizd\u0259n g\u00f6zl\u0259yin\u201d , \u201cQanl\u0131 z\u0259mi\u201d, \u201cQara g\u00f6l\u00fcn c\u0259ngav\u0259rl\u0259ri\u201d, \u201cQorxma, m\u0259n s\u0259ninl\u0259y\u0259m\u201d v\u0259 \u201cYaramaz\u201d kimi filml\u0259rin \u00e7\u0259kilm\u0259sind\u0259 i\u015ftirak edib.<\/p>\n","protected":false},"excerpt":{"rendered":"<p>Nizami Musayev\u0259 qar\u015f\u0131 Cinay\u0259t M\u0259c\u0259ll\u0259sinin 88-1-ci  v\u0259 168-ci  madd\u0259l\u0259ri il\u0259 ittiham ir\u0259li s\u00fcr\u00fcl\u00fcb<\/p>\n","protected":false},"author":11,"featured_media":22083,"comment_status":"closed","ping_status":"open","sticky":false,"template":"","format":"standard","meta":{"_acf_changed":false,"_sitemap_exclude":false,"_sitemap_priority":"","_sitemap_frequency":"","footnotes":""},"categories":[56],"tags":[],"class_list":["post-167406","post","type-post","status-publish","format-standard","has-post-thumbnail","hentry","category-xeberler","infinite-scroll-item","generate-columns","tablet-grid-50","mobile-grid-100","grid-parent","grid-33","no-featured-image-padding"],"acf":[],"yoast_head":"<!-- This site is optimized with the Yoast SEO plugin v28.4 - https:\/\/yoast.com\/product\/yoast-seo-wordpress\/ -->\n<title>D\u0130N-in Banditizm\u0259 v\u0259 Terrorizm\u0259 qar\u015f\u0131 M\u00fcbariz\u0259 \u0130dar\u0259sinin sabiq r\u0259isi h\u0259bs edilib - MEYDAN.TV<\/title>\n<meta name=\"robots\" content=\"index, follow, max-snippet:-1, max-image-preview:large, max-video-preview:-1\" \/>\n<link rel=\"canonical\" href=\"https:\/\/www.meydan.tv\/az\/article\/din-in-banditizme-ve-terrorizme-qarsi-mubarize-idaresinin-sabiq-reisi-hebs-edilib\/\" \/>\n<meta property=\"og:locale\" content=\"az_AZ\" \/>\n<meta property=\"og:type\" content=\"article\" \/>\n<meta property=\"og:title\" content=\"D\u0130N-in Banditizm\u0259 v\u0259 Terrorizm\u0259 qar\u015f\u0131 M\u00fcbariz\u0259 \u0130dar\u0259sinin sabiq r\u0259isi h\u0259bs edilib - MEYDAN.TV\" \/>\n<meta property=\"og:description\" content=\"Nizami Musayev\u0259 qar\u015f\u0131 Cinay\u0259t M\u0259c\u0259ll\u0259sinin 88-1-ci v\u0259 168-ci madd\u0259l\u0259ri il\u0259 ittiham ir\u0259li s\u00fcr\u00fcl\u00fcb\" \/>\n<meta property=\"og:url\" content=\"https:\/\/www.meydan.tv\/az\/article\/din-in-banditizme-ve-terrorizme-qarsi-mubarize-idaresinin-sabiq-reisi-hebs-edilib\/\" \/>\n<meta property=\"og:site_name\" content=\"MEYDAN.TV\" \/>\n<meta property=\"article:published_time\" content=\"2015-04-02T12:41:23+00:00\" \/>\n<meta property=\"og:image\" content=\"https:\/\/www.meydan.tv\/wp-content\/uploads\/7995.jpg\" \/>\n\t<meta property=\"og:image:width\" content=\"500\" \/>\n\t<meta property=\"og:image:height\" content=\"400\" \/>\n\t<meta property=\"og:image:type\" content=\"image\/jpeg\" \/>\n<meta name=\"twitter:card\" content=\"summary_large_image\" \/>\n<!-- \/ Yoast SEO plugin. -->","yoast_head_json":{"title":"D\u0130N-in Banditizm\u0259 v\u0259 Terrorizm\u0259 qar\u015f\u0131 M\u00fcbariz\u0259 \u0130dar\u0259sinin sabiq r\u0259isi h\u0259bs edilib - MEYDAN.TV","robots":{"index":"index","follow":"follow","max-snippet":"max-snippet:-1","max-image-preview":"max-image-preview:large","max-video-preview":"max-video-preview:-1"},"canonical":"https:\/\/www.meydan.tv\/az\/article\/din-in-banditizme-ve-terrorizme-qarsi-mubarize-idaresinin-sabiq-reisi-hebs-edilib\/","og_locale":"az_AZ","og_type":"article","og_title":"D\u0130N-in Banditizm\u0259 v\u0259 Terrorizm\u0259 qar\u015f\u0131 M\u00fcbariz\u0259 \u0130dar\u0259sinin sabiq r\u0259isi h\u0259bs edilib - MEYDAN.TV","og_description":"Nizami Musayev\u0259 qar\u015f\u0131 Cinay\u0259t M\u0259c\u0259ll\u0259sinin 88-1-ci v\u0259 168-ci madd\u0259l\u0259ri il\u0259 ittiham ir\u0259li s\u00fcr\u00fcl\u00fcb","og_url":"https:\/\/www.meydan.tv\/az\/article\/din-in-banditizme-ve-terrorizme-qarsi-mubarize-idaresinin-sabiq-reisi-hebs-edilib\/","og_site_name":"MEYDAN.TV","article_published_time":"2015-04-02T12:41:23+00:00","og_image":[{"width":500,"height":400,"url":"https:\/\/www.meydan.tv\/wp-content\/uploads\/7995.jpg","type":"image\/jpeg"}],"twitter_card":"summary_large_image","schema":{"@context":"https:\/\/schema.org","@graph":[{"@type":"Article","@id":"https:\/\/www.meydan.tv\/az\/article\/din-in-banditizme-ve-terrorizme-qarsi-mubarize-idaresinin-sabiq-reisi-hebs-edilib\/#article","isPartOf":{"@id":"https:\/\/www.meydan.tv\/az\/article\/din-in-banditizme-ve-terrorizme-qarsi-mubarize-idaresinin-sabiq-reisi-hebs-edilib\/"},"author":{"name":"user-manager","@id":"https:\/\/www.meydan.tv\/az\/#\/schema\/person\/10d11eccf6da3662cf5fdab9806ea91a"},"headline":"D\u0130N-in Banditizm\u0259 v\u0259 Terrorizm\u0259 qar\u015f\u0131 M\u00fcbariz\u0259 \u0130dar\u0259sinin sabiq r\u0259isi h\u0259bs edilib","datePublished":"2015-04-02T12:41:23+00:00","mainEntityOfPage":{"@id":"https:\/\/www.meydan.tv\/az\/article\/din-in-banditizme-ve-terrorizme-qarsi-mubarize-idaresinin-sabiq-reisi-hebs-edilib\/"},"wordCount":300,"publisher":{"@id":"https:\/\/www.meydan.tv\/az\/#organization"},"image":{"@id":"https:\/\/www.meydan.tv\/az\/article\/din-in-banditizme-ve-terrorizme-qarsi-mubarize-idaresinin-sabiq-reisi-hebs-edilib\/#primaryimage"},"thumbnailUrl":"https:\/\/www.meydan.tv\/wp-content\/uploads\/7995.jpg","articleSection":["X\u0259b\u0259rl\u0259r"],"inLanguage":"az"},{"@type":"WebPage","@id":"https:\/\/www.meydan.tv\/az\/article\/din-in-banditizme-ve-terrorizme-qarsi-mubarize-idaresinin-sabiq-reisi-hebs-edilib\/","url":"https:\/\/www.meydan.tv\/az\/article\/din-in-banditizme-ve-terrorizme-qarsi-mubarize-idaresinin-sabiq-reisi-hebs-edilib\/","name":"D\u0130N-in Banditizm\u0259 v\u0259 Terrorizm\u0259 qar\u015f\u0131 M\u00fcbariz\u0259 \u0130dar\u0259sinin sabiq r\u0259isi h\u0259bs edilib - MEYDAN.TV","isPartOf":{"@id":"https:\/\/www.meydan.tv\/az\/#website"},"primaryImageOfPage":{"@id":"https:\/\/www.meydan.tv\/az\/article\/din-in-banditizme-ve-terrorizme-qarsi-mubarize-idaresinin-sabiq-reisi-hebs-edilib\/#primaryimage"},"image":{"@id":"https:\/\/www.meydan.tv\/az\/article\/din-in-banditizme-ve-terrorizme-qarsi-mubarize-idaresinin-sabiq-reisi-hebs-edilib\/#primaryimage"},"thumbnailUrl":"https:\/\/www.meydan.tv\/wp-content\/uploads\/7995.jpg","datePublished":"2015-04-02T12:41:23+00:00","breadcrumb":{"@id":"https:\/\/www.meydan.tv\/az\/article\/din-in-banditizme-ve-terrorizme-qarsi-mubarize-idaresinin-sabiq-reisi-hebs-edilib\/#breadcrumb"},"inLanguage":"az","potentialAction":[{"@type":"ReadAction","target":["https:\/\/www.meydan.tv\/az\/article\/din-in-banditizme-ve-terrorizme-qarsi-mubarize-idaresinin-sabiq-reisi-hebs-edilib\/"]}]},{"@type":"ImageObject","inLanguage":"az","@id":"https:\/\/www.meydan.tv\/az\/article\/din-in-banditizme-ve-terrorizme-qarsi-mubarize-idaresinin-sabiq-reisi-hebs-edilib\/#primaryimage","url":"https:\/\/www.meydan.tv\/wp-content\/uploads\/7995.jpg","contentUrl":"https:\/\/www.meydan.tv\/wp-content\/uploads\/7995.jpg","width":500,"height":400,"caption":"Source:"},{"@type":"BreadcrumbList","@id":"https:\/\/www.meydan.tv\/az\/article\/din-in-banditizme-ve-terrorizme-qarsi-mubarize-idaresinin-sabiq-reisi-hebs-edilib\/#breadcrumb","itemListElement":[{"@type":"ListItem","position":1,"name":"Ana s\u0259hif\u0259","item":"https:\/\/www.meydan.tv\/az\/"},{"@type":"ListItem","position":2,"name":"X\u0259b\u0259rl\u0259r","item":"https:\/\/www.meydan.tv\/az\/section\/xeberler\/"},{"@type":"ListItem","position":3,"name":"D\u0130N-in Banditizm\u0259 v\u0259 Terrorizm\u0259 qar\u015f\u0131 M\u00fcbariz\u0259 \u0130dar\u0259sinin sabiq r\u0259isi h\u0259bs edilib"}]},{"@type":"WebSite","@id":"https:\/\/www.meydan.tv\/az\/#website","url":"https:\/\/www.meydan.tv\/az\/","name":"MEYDAN.TV","description":"Meydan TV Az\u0259rbaycan\u0131n media m\u0259kan\u0131ndak\u0131 alternativ s\u0259sidir","publisher":{"@id":"https:\/\/www.meydan.tv\/az\/#organization"},"potentialAction":[{"@type":"SearchAction","target":{"@type":"EntryPoint","urlTemplate":"https:\/\/www.meydan.tv\/az\/?s={search_term_string}"},"query-input":{"@type":"PropertyValueSpecification","valueRequired":true,"valueName":"search_term_string"}}],"inLanguage":"az"},{"@type":"Organization","@id":"https:\/\/www.meydan.tv\/az\/#organization","name":"Meydan TV","url":"https:\/\/www.meydan.tv\/az\/","logo":{"@type":"ImageObject","inLanguage":"az","@id":"https:\/\/www.meydan.tv\/az\/#\/schema\/logo\/image\/","url":"https:\/\/www.meydan.tv\/wp-content\/uploads\/2021\/07\/meydan-logo.svg","contentUrl":"https:\/\/www.meydan.tv\/wp-content\/uploads\/2021\/07\/meydan-logo.svg","width":195,"height":46,"caption":"Meydan TV"},"image":{"@id":"https:\/\/www.meydan.tv\/az\/#\/schema\/logo\/image\/"}},{"@type":"Person","@id":"https:\/\/www.meydan.tv\/az\/#\/schema\/person\/10d11eccf6da3662cf5fdab9806ea91a","name":"user-manager"}]}},"_links":{"self":[{"href":"https:\/\/www.meydan.tv\/az\/wp-json\/wp\/v2\/posts\/167406","targetHints":{"allow":["GET"]}}],"collection":[{"href":"https:\/\/www.meydan.tv\/az\/wp-json\/wp\/v2\/posts"}],"about":[{"href":"https:\/\/www.meydan.tv\/az\/wp-json\/wp\/v2\/types\/post"}],"author":[{"embeddable":true,"href":"https:\/\/www.meydan.tv\/az\/wp-json\/wp\/v2\/users\/11"}],"replies":[{"embeddable":true,"href":"https:\/\/www.meydan.tv\/az\/wp-json\/wp\/v2\/comments?post=167406"}],"version-history":[{"count":0,"href":"https:\/\/www.meydan.tv\/az\/wp-json\/wp\/v2\/posts\/167406\/revisions"}],"wp:featuredmedia":[{"embeddable":true,"href":"https:\/\/www.meydan.tv\/az\/wp-json\/wp\/v2\/media\/22083"}],"wp:attachment":[{"href":"https:\/\/www.meydan.tv\/az\/wp-json\/wp\/v2\/media?parent=167406"}],"wp:term":[{"taxonomy":"category","embeddable":true,"href":"https:\/\/www.meydan.tv\/az\/wp-json\/wp\/v2\/categories?post=167406"},{"taxonomy":"post_tag","embeddable":true,"href":"https:\/\/www.meydan.tv\/az\/wp-json\/wp\/v2\/tags?post=167406"}],"curies":[{"name":"wp","href":"https:\/\/api.w.org\/{rel}","templated":true}]}}