{"id":167405,"date":"2015-04-02T12:51:32","date_gmt":"2015-04-02T12:51:32","guid":{"rendered":"https:\/\/www.meydan.tv\/article\/mehriban-zeynalova-mehkemenin-hokmu-diazin-vekillerine-de-gonderilib\/"},"modified":"2015-04-02T12:51:32","modified_gmt":"2015-04-02T12:51:32","slug":"mehriban-zeynalova-mehkemenin-hokmu-diazin-vekillerine-de-gonderilib","status":"publish","type":"post","link":"https:\/\/www.meydan.tv\/az\/article\/mehriban-zeynalova-mehkemenin-hokmu-diazin-vekillerine-de-gonderilib\/","title":{"rendered":"Mehriban Zeynalova: &#8220;M\u0259hk\u0259m\u0259nin h\u00f6km\u00fc Diaz\u0131n v\u0259kill\u0259rin\u0259 d\u0259 g\u00f6nd\u0259rilib&#8221;"},"content":{"rendered":"<figure class=\"wp-block-image size-large\">\n  <img decoding=\"async\" src=\"https:\/\/www.meydan.tv\/az\/22086\/\" alt=\"\" class=\"wp-image-22086\"\/><figcaption><\/figcaption><\/figure>\n<p>\n  <i><br \/>\n    &#8220;Bu g\u00fcn\u0259 kimi,\u00a0 Lily\u0259\u00a0 he\u00e7 n\u0259 yazmam\u0131\u015fam v\u0259 ondan n\u0259 is\u0259 xahi\u015f etm\u0259mi\u015f\u0259m&#8221;<br \/>\n  <\/i><\/p>\n<p>  Aprelin 1-d\u0259 Meydan Tv-d\u0259 Fillipin v\u0259t\u0259nda\u015f\u0131 Llanto Fe Diaz\u0131n m\u00fcsahib\u0259si yay\u0131nlan\u0131b. Fillipinli qad\u0131n m\u00fcsahib\u0259d\u0259 \u201cT\u0259miz D\u00fcnya\u201d \u0130ctimai Birliyinin r\u0259hb\u0259ri Mehriban Zeynalovaya qar\u015f\u0131 m\u00fcxt\u0259lif ittihamlar ir\u0259li s\u00fcr\u00fcb (http:\/\/www.meydan.tv\/az\/article\/mehriban-zeynalova-mehkeme-hokmunu-gizletmisdi\/).<\/p>\n<p>  Mehriban Zeynalova Meydan Tv-y\u0259 bildirib\u00a0 ki, Llanto Fe Diaz\u0131n s\u0259sl\u0259ndirdiyi ittihamlar \u0259sass\u0131zd\u0131r:<\/p>\n<p>  \u201cFilippin Respublikas\u0131 v\u0259t\u0259nda\u015f\u0131, 13.08.1985-ci il t\u0259v\u0259ll\u00fcdl\u00fc Llanto Fe Diaz\u0131n 2012-2013-c\u00fc ill\u0259rd\u0259 \u00f6lk\u0259mizd\u0259 m\u0259cburi \u0259m\u0259y\u0259 m\u0259ruz qalmas\u0131 fakt\u0131 \u00fczr\u0259 Az\u0259rbaycan Respublikas\u0131 Cinay\u0259t M\u0259c\u0259ll\u0259sinin 144-2.1-ci madd\u0259si il\u0259 25.06.2013-c\u00fc il tarixd\u0259 cinay\u0259t i\u015fi ba\u015flanm\u0131\u015f, Llanto Fe Diaz insan alveri qurban\u0131 qismind\u0259 tan\u0131nm\u0131\u015fd\u0131r. M\u0259hk\u0259m\u0259 d\u00f6vr\u00fcnd\u0259 L.Diaz D\u0130N-nin insan alverin\u0259 qar\u015f\u0131 m\u00fcbariz\u0259 \u0130dar\u0259sinin (\u0130AQM\u0130) s\u0131\u011f\u0131naca\u011f\u0131nda sosial reabilitasiyaya c\u0259lb olunmu\u015fdur\u201d.<\/p>\n<p>  M.Zeynalova a\u015fa\u011f\u0131dak\u0131 s\u0259b\u0259bl\u0259rd\u0259n\u00a0 Lilian Fe Diaz\u0131n dedikl\u0259rinin h\u0259qiq\u0259t\u0259 uy\u011fun olmad\u0131\u011f\u0131 q\u0259na\u0259tind\u0259dir:<\/p>\n<p>  \u201cLilian Fe Diaz D\u00f6vl\u0259t Miqrasiya Xidm\u0259tinin (DMX) \u0259m\u0259kda\u015flar\u0131 bar\u0259d\u0259 t\u0259zyiql\u0259r\u0259 m\u0259ruz qalmas\u0131n\u0131 bildirir.\u00a0L.Diaz h\u0259min d\u00f6vrd\u0259 D\u0130N-nin \u0130AQM\u0130-nin s\u0131\u011f\u0131naca\u011f\u0131nda qal\u0131rd\u0131 v\u0259 DMX-nin \u0259m\u0259kda\u015flar\u0131n\u0131n ona qar\u015f\u0131 etdiyi t\u0259zyiql\u0259ri polis \u0259m\u0259kda\u015flar\u0131na v\u0259 onun m\u0259hk\u0259m\u0259d\u0259 m\u00fcdafi\u0259 ed\u0259n v\u0259kill\u0259rin\u0259, o c\u00fcml\u0259d\u0259n v\u0259kilin\u0259\u00a0 bildir\u0259 bil\u0259rdi. Lakin L.Diaz bu bar\u0259d\u0259\u00a0 he\u00e7 k\u0259s\u0259 m\u0259lumat verm\u0259yib, K\u0130V-l\u0259r onunla maraqland\u0131\u011f\u0131 \u00fc\u00e7\u00fcn indi uydurur.<br \/>\n  <br \/>\n  L.Diaz qeyd edir ki, Mehriban Zeynalovadan vizan\u0131 uzatma\u011f\u0131 xahi\u015f etdim, lakin Mehriban Zeynalova \u00f6lk\u0259ni t\u0259rk etm\u0259li oldu\u011fumu bildirdi. N\u0259z\u0259riniz\u0259 \u00e7atd\u0131rmaq ist\u0259yir\u0259m ki, Mehriban Zeynalova\u00a0v\u0259 onun r\u0259hb\u0259rlik etdiyi \u201cT\u0259miz D\u00fcnya\u201d \u0130B, viza ver\u0259n v\u0259 viza uzadan \u015f\u0259xs v\u0259 ya orqan deyil.\u00a0Az\u0259rbaycan Respublikas\u0131n\u0131n Miqrasiya M\u0259c\u0259ll\u0259sin\u0259 \u0259sas\u0259n, vizan\u0131n al\u0131nmas\u0131 v\u0259 uzad\u0131lmas\u0131 \u00fc\u00e7\u00fcn \u0259cn\u0259bi v\u0259t\u0259nda\u015f v\u0259 onun n\u00fcmay\u0259nd\u0259si (v\u0259kili) DMX-n\u0259 m\u00fcraci\u0259t etm\u0259lidir. G\u00f6r\u00fcnd\u00fcy\u00fc kimi, L.Diaz \u00f6z\u00fc \u015f\u0259xs\u0259n v\u0259 ya n\u00fcmay\u0259nd\u0259l\u0259ri vasit\u0259sil\u0259 DMX-y\u0259 vizan\u0131n uzad\u0131lmas\u0131 \u00fc\u00e7\u00fcn m\u00fcraci\u0259t ed\u0259 bil\u0259rdi, lakin bunu etm\u0259yib\u201d.<\/p>\n<p>  Mehriban Zeynalova daha sonra bildirir ki,onun Aynur Mehdiyevan\u0131 m\u00fcdafi\u0259 etm\u0259si il\u0259 ba\u011fl\u0131 s\u0259sl\u0259n\u0259n ittihamlar da \u0259sass\u0131zd\u0131r:<\/p>\n<p>  \u201cL.Diaz qeyd edir ki, guya Mehriban Zeynalova Aynur Mehdiyevan\u0131 m\u00fcdafi\u0259 edir. Bildirm\u0259k ist\u0259yir\u0259m ki, L.Diaz bu d\u0259f\u0259\u00a0\u00a0h\u0259qiq\u0259t\u0259 uygun olmayan fikirl\u0259r s\u00f6yl\u0259yir. L.Diaz\u0131 m\u0259hk\u0259m\u0259d\u0259 Az\u0259rbaycanda tan\u0131nm\u0131\u015f 2 v\u0259kil, El\u00e7in Sad\u0131qov v\u0259 \u018fl\u00f6vs\u0259t \u018fliyev m\u00fcdafi\u0259 etmi\u015fl\u0259r. M\u0259hk\u0259m\u0259l\u0259rd\u0259 Az\u0259rbaycan Respublikas\u0131n\u0131n Ba\u015f Prokukorlu\u011funun D\u00f6vl\u0259t \u0130ttiham\u0131 \u0130dar\u0259sinin d\u00f6vl\u0259t ittiham\u00e7\u0131s\u0131, Aynur Mehdiyevan\u0131n cinay\u0259t m\u0259suliyy\u0259tin\u0259 c\u0259lb olunmas\u0131 bar\u0259d\u0259 ittiham ir\u0259li s\u00fcr\u00fcb. \u018fvv\u0259l Az\u0259rbaycan Respublikas\u0131n\u0131n A\u011f\u0131r Cinay\u0259tl\u0259r M\u0259hk\u0259m\u0259si, sonradan is\u0259 Bak\u0131 Apellyasiya M\u0259hk\u0259m\u0259si Aynur Mehdiyevan\u0131n i\u015fin\u0259 bax\u0131b, h\u00f6km q\u0259bul etmi\u015fdir. L.Diaz v\u0259 onun v\u0259kill\u0259ri h\u0259r iki m\u0259hk\u0259m\u0259nin h\u00f6km\u00fcnd\u0259n naraz\u0131 qalm\u0131\u015flar. G\u00f6r\u00fcnd\u00fcy\u00fc kimi, Mehriban Zeynalova\u00a0Aynur Mehdiyevan\u0131 he\u00e7 c\u00fcr m\u00fcdafi\u0259 ed\u0259 bilm\u0259zdi, \u00e7\u00fcnki Aynur Mehdiyevan\u0131n cinay\u0259t\u0259 c\u0259lb olunmas\u0131 bar\u0259d\u0259 Ba\u015f Prokurorluq ittiham ir\u0259li s\u00fcrm\u00fc\u015f v\u0259 m\u0259hk\u0259m\u0259l\u0259r onun bar\u0259sind\u0259 h\u00f6km q\u0259bul etmi\u015fl\u0259r. Daha sonra L.Diaz qeyd edir ki, guya, Mehriban Zeynalova m\u0259hk\u0259m\u0259nin h\u00f6km\u00fcn\u00fc gizl\u0259tmi\u015f v\u0259 Ali M\u0259hk\u0259m\u0259y\u0259 \u015fikay\u0259t verilm\u0259sin\u0259 mane\u00e7ilik t\u00f6r\u0259tmi\u015fdir.\u00a0 L.Diaz\u0131n \u0259vv\u0259l dedikl\u0259ri kimi, bu dediyi d\u0259 h\u0259qiq\u0259t\u0259 uy\u011fun deyil. Bel\u0259 ki, Az\u0259rbaycan Respublikas\u0131n\u0131n Cinay\u0259t Prosessual M\u0259c\u0259ll\u0259sin\u0259 \u0259sas\u0259n, m\u0259hk\u0259m\u0259 h\u00f6km\u00fc, z\u0259r\u0259r\u00e7\u0259k\u0259n\u0259 v\u0259 onun n\u00fcmay\u0259nd\u0259l\u0259rin\u0259 po\u00e7t vasit\u0259sil\u0259 g\u00f6nd\u0259rilir. Bu, o dem\u0259kdir ki, m\u0259hk\u0259m\u0259 h\u00f6km\u00fc L.Diazla yana\u015f\u0131 onun v\u0259kill\u0259rin\u0259 d\u0259, g\u00f6nd\u0259rilmi\u015fdir. Mehriban\u00a0Zeynalova\u00a0\u00a0uzun ill\u0259r insan alveri qurbanlar\u0131n\u0131 m\u0259hk\u0259m\u0259l\u0259rd\u0259 m\u00fcdadfi\u0259 ed\u0259n \u015f\u0259xs kimi, bunu bilir.\u00a0 L.Diaz\u0131n v\u0259kill\u0259rinin h\u0259min h\u00f6km\u00fc al\u0131b, ondan kassasiya \u015fikay\u0259ti verm\u0259k imkanlar\u0131 olmu\u015fdur\u201d.<\/p>\n<figure class=\"wp-block-image size-large\">\n  <img decoding=\"async\" src=\"https:\/\/www.meydan.tv\/az\/22092\/\" alt=\"\" class=\"wp-image-22092\"\/><figcaption><\/figcaption><\/figure>\n<p>\n  Mehriban Zeynalova haqq\u0131ndak\u0131 dig\u0259r ittihamlara bel\u0259 cavab verib:\n<\/p>\n<p>\n  \u201cL.Diaz qeyd edir ki, onun Ali M\u0259hk\u0259m\u0259d\u0259 i\u015ftirak edib, Aynur Mehdiyevan\u0131n c\u0259zaland\u0131r\u0131lmas\u0131n\u0131 ist\u0259mi\u015f, lakin Mehriban Zeynalova ona mane\u00e7ilik t\u00f6r\u0259tmi\u015fdir. Bildirm\u0259k ist\u0259yir\u0259m ki, Az\u0259rbaycan Respublikas\u0131n\u0131n Ali M\u0259hk\u0259m\u0259si i\u015fin hallar\u0131n\u0131 ara\u015fd\u0131ran m\u0259hk\u0259m\u0259 deyil. Az\u0259rbaycan Respublikas\u0131n\u0131n Cinay\u0259t Prosessual M\u0259c\u0259ll\u0259sin\u0259 \u0259sas\u0259n, Ali M\u0259hk\u0259m\u0259d\u0259, apellyasiya instansiya m\u0259hk\u0259m\u0259si t\u0259r\u0259find\u0259n yol verilmi\u015f h\u00fcquqi pozuntular ara\u015fd\u0131r\u0131l\u0131r. Ali M\u0259hk\u0259m\u0259d\u0259 yaln\u0131z h\u00fcquqi m\u0259s\u0259l\u0259l\u0259r bax\u0131ld\u0131\u011f\u0131 \u00fc\u00e7\u00fcn m\u0259hk\u0259m\u0259d\u0259 yaln\u0131z v\u0259kill\u0259 i\u015ftirak edilm\u0259y\u0259 icaz\u0259 verilir v\u0259 yaln\u0131z v\u0259kill\u0259r h\u00fcquq pozuntular\u0131 bar\u0259d\u0259 \u00e7\u0131x\u0131\u015f edirl\u0259r. Bu is\u0259 o dem\u0259kdir ki, L.Diaz\u0131n Ali M\u0259hk\u0259m\u0259d\u0259 i\u015ftirak edib-etm\u0259m\u0259si he\u00e7 n\u0259 h\u0259ll etmir, \u0259sas onun v\u0259kill\u0259rinin i\u015ftirak\u0131d\u0131r.\u00a0 V\u0259 sonda, \u0130nsan alverin\u0259 qar\u015f\u0131 m\u00fcbariz\u0259 haqq\u0131nda Az\u0259rbaycan Respublikas\u0131n\u0131n qanununa \u0259sas\u0259n, insan alveri qurbanlar\u0131 sosial reabilitasiya ke\u00e7mi\u015f insan alveri qurbanlar\u0131 \u00f6z \u00f6lk\u0259l\u0259rin\u0259 repatriasiya olunurlar.\u00a0Qanuna \u0259sas\u0259n, \u00f6z \u00f6lk\u0259l\u0259rind\u0259 insan alveri qurbanlar\u0131n\u0131 t\u0259hl\u00fck\u0259 g\u00f6zl\u0259dikd\u0259, yaln\u0131z bu halda ona Az\u0259rbaycan Respublikas\u0131nda qalma\u011fa icaz\u0259 veril\u0259 bil\u0259r. L.Diaz Az\u0259rbaycan Respublikas\u0131n\u0131n v\u0259t\u0259nda\u015f\u0131 t\u0259r\u0259find\u0259n istismara m\u0259ruz qal\u0131b v\u0259 L.Diaz\u0131 yaln\u0131z Az\u0259rbaycanda, Aynur Meydiyeva v\u0259 ya onun qohumlar\u0131 t\u0259r\u0259find\u0259n h\u0259r hans\u0131 t\u0259hl\u00fck\u0259 g\u00f6zl\u0259y\u0259 bil\u0259r, \u00f6z \u00f6lk\u0259sind\u0259 is\u0259 onu he\u00e7 bir t\u0259hl\u00fck\u0259 g\u00f6zl\u0259mir. Bu s\u0259b\u0259bd\u0259n d\u0259, L.Diaz Az\u0259rbaycan g\u0259l\u0259n dig\u0259r insan alveri qurbanlar\u0131 t\u0259r\u0259find\u0259n DMX t\u0259r\u0259find\u0259n repatriasiya edilmi\u015fdir. L.Diaz\u0131n repatrisasiyas\u0131 Az\u0259rbaycan Respublikas\u0131n\u0131n Nazirl\u0259r Kabinetinin 10.09.2013-c\u00fc il tarixli 252 sayl\u0131 q\u0259rarla t\u0259sdiq etdiyi \u201c\u0130nsan alveri qurbanlar\u0131n\u0131n repatriasiya Qaydalar\u0131\u201dna uy\u011fun h\u0259yata ke\u00e7irilmi\u015fdir v\u0259 he\u00e7 bir qanun pozuntusuna yol verilm\u0259mi\u015fdir. \u018fksin\u0259, qanunvericiliy\u0259 \u0259sas\u0259n, insan alveri qurbanlar\u0131n\u0131n \u00f6lk\u0259d\u0259 qalmalar\u0131nz bir il icaz\u0259 verildiyi halda, L.Diaza Az\u0259rbaycanda bir il alt\u0131 ay qalma\u011fa icaz\u0259 verilmi\u015fdir. G\u00f6r\u00fcnd\u00fcy\u00fc kimi, repatriasiya qurbanlar\u0131n ist\u0259yi il\u0259 yox, Az\u0259rbaycan Respublikas\u0131n\u0131n qanunvericiliy\u0259 il\u0259 h\u0259ll edilir\u201d.<\/p>\n<p>  \u0130B-in s\u0259dri\u00a0 bug\u00fcn\u0259c\u0259n \u015f\u0259xs\u0259n L. Diaza he\u00e7 n\u0259 yazmamas\u0131n\u0131 is\u0259 bel\u0259 \u0259sasland\u0131r\u0131b:<\/p>\n<p>  \u201c\u0130nsan alveri qurbanlar\u0131n\u0131 m\u00fcdafi\u0259 ed\u0259n t\u0259r\u0259f\u00a0 kimi, onlar\u0131n psixoloji v\u0259\u00a0 m\u0259n\u0259vi durumuna b\u00f6y\u00fck h\u00f6rm\u0259t \u0259lam\u0259ti olaraq, bu g\u00fcn\u0259 kimi,\u00a0 Lily\u0259\u00a0 he\u00e7 n\u0259 yazmam\u0131\u015fam v\u0259 ondan n\u0259 is\u0259 xahi\u015f etm\u0259mi\u015f\u0259m. Baxmayaraq ki, bu c\u00fcr m\u00fcsahib\u0259l\u0259rd\u0259 h\u0259qiq\u0259t\u0259 uy\u011fun olmayan \u00e7oxsayl\u0131 m\u0259qamlar var\u201d.<\/p>\n","protected":false},"excerpt":{"rendered":"<p>&#8220;Bu g\u00fcn\u0259 kimi,  Lily\u0259  he\u00e7 n\u0259 yazmam\u0131\u015fam v\u0259 ondan n\u0259 is\u0259 xahi\u015f etm\u0259mi\u015f\u0259m&#8221;<\/p>\n","protected":false},"author":11,"featured_media":22086,"comment_status":"closed","ping_status":"open","sticky":false,"template":"","format":"standard","meta":{"_acf_changed":false,"_sitemap_exclude":false,"_sitemap_priority":"","_sitemap_frequency":"","footnotes":""},"categories":[56],"tags":[],"class_list":["post-167405","post","type-post","status-publish","format-standard","has-post-thumbnail","hentry","category-xeberler","infinite-scroll-item","generate-columns","tablet-grid-50","mobile-grid-100","grid-parent","grid-33","no-featured-image-padding"],"acf":[],"yoast_head":"<!-- This site is optimized with the Yoast SEO plugin v28.4 - https:\/\/yoast.com\/product\/yoast-seo-wordpress\/ -->\n<title>Mehriban Zeynalova: &quot;M\u0259hk\u0259m\u0259nin h\u00f6km\u00fc Diaz\u0131n v\u0259kill\u0259rin\u0259 d\u0259 g\u00f6nd\u0259rilib&quot; - MEYDAN.TV<\/title>\n<meta name=\"robots\" content=\"index, follow, max-snippet:-1, max-image-preview:large, max-video-preview:-1\" \/>\n<link rel=\"canonical\" href=\"https:\/\/www.meydan.tv\/az\/article\/mehriban-zeynalova-mehkemenin-hokmu-diazin-vekillerine-de-gonderilib\/\" \/>\n<meta property=\"og:locale\" content=\"az_AZ\" \/>\n<meta property=\"og:type\" content=\"article\" \/>\n<meta property=\"og:title\" content=\"Mehriban Zeynalova: &quot;M\u0259hk\u0259m\u0259nin h\u00f6km\u00fc Diaz\u0131n v\u0259kill\u0259rin\u0259 d\u0259 g\u00f6nd\u0259rilib&quot; - MEYDAN.TV\" \/>\n<meta property=\"og:description\" content=\"&quot;Bu g\u00fcn\u0259 kimi, Lily\u0259 he\u00e7 n\u0259 yazmam\u0131\u015fam v\u0259 ondan n\u0259 is\u0259 xahi\u015f etm\u0259mi\u015f\u0259m&quot;\" \/>\n<meta property=\"og:url\" content=\"https:\/\/www.meydan.tv\/az\/article\/mehriban-zeynalova-mehkemenin-hokmu-diazin-vekillerine-de-gonderilib\/\" \/>\n<meta property=\"og:site_name\" content=\"MEYDAN.TV\" \/>\n<meta property=\"article:published_time\" content=\"2015-04-02T12:51:32+00:00\" \/>\n<meta property=\"og:image\" content=\"https:\/\/www.meydan.tv\/wp-content\/uploads\/7996.jpg\" \/>\n\t<meta property=\"og:image:width\" content=\"800\" \/>\n\t<meta property=\"og:image:height\" content=\"533\" \/>\n\t<meta property=\"og:image:type\" content=\"image\/jpeg\" \/>\n<meta name=\"twitter:card\" content=\"summary_large_image\" \/>\n<!-- \/ Yoast SEO plugin. -->","yoast_head_json":{"title":"Mehriban Zeynalova: \"M\u0259hk\u0259m\u0259nin h\u00f6km\u00fc Diaz\u0131n v\u0259kill\u0259rin\u0259 d\u0259 g\u00f6nd\u0259rilib\" - MEYDAN.TV","robots":{"index":"index","follow":"follow","max-snippet":"max-snippet:-1","max-image-preview":"max-image-preview:large","max-video-preview":"max-video-preview:-1"},"canonical":"https:\/\/www.meydan.tv\/az\/article\/mehriban-zeynalova-mehkemenin-hokmu-diazin-vekillerine-de-gonderilib\/","og_locale":"az_AZ","og_type":"article","og_title":"Mehriban Zeynalova: \"M\u0259hk\u0259m\u0259nin h\u00f6km\u00fc Diaz\u0131n v\u0259kill\u0259rin\u0259 d\u0259 g\u00f6nd\u0259rilib\" - MEYDAN.TV","og_description":"\"Bu g\u00fcn\u0259 kimi, Lily\u0259 he\u00e7 n\u0259 yazmam\u0131\u015fam v\u0259 ondan n\u0259 is\u0259 xahi\u015f etm\u0259mi\u015f\u0259m\"","og_url":"https:\/\/www.meydan.tv\/az\/article\/mehriban-zeynalova-mehkemenin-hokmu-diazin-vekillerine-de-gonderilib\/","og_site_name":"MEYDAN.TV","article_published_time":"2015-04-02T12:51:32+00:00","og_image":[{"width":800,"height":533,"url":"https:\/\/www.meydan.tv\/wp-content\/uploads\/7996.jpg","type":"image\/jpeg"}],"twitter_card":"summary_large_image","schema":{"@context":"https:\/\/schema.org","@graph":[{"@type":"Article","@id":"https:\/\/www.meydan.tv\/az\/article\/mehriban-zeynalova-mehkemenin-hokmu-diazin-vekillerine-de-gonderilib\/#article","isPartOf":{"@id":"https:\/\/www.meydan.tv\/az\/article\/mehriban-zeynalova-mehkemenin-hokmu-diazin-vekillerine-de-gonderilib\/"},"author":{"name":"user-manager","@id":"https:\/\/www.meydan.tv\/az\/#\/schema\/person\/10d11eccf6da3662cf5fdab9806ea91a"},"headline":"Mehriban Zeynalova: &#8220;M\u0259hk\u0259m\u0259nin h\u00f6km\u00fc Diaz\u0131n v\u0259kill\u0259rin\u0259 d\u0259 g\u00f6nd\u0259rilib&#8221;","datePublished":"2015-04-02T12:51:32+00:00","mainEntityOfPage":{"@id":"https:\/\/www.meydan.tv\/az\/article\/mehriban-zeynalova-mehkemenin-hokmu-diazin-vekillerine-de-gonderilib\/"},"wordCount":1370,"publisher":{"@id":"https:\/\/www.meydan.tv\/az\/#organization"},"image":{"@id":"https:\/\/www.meydan.tv\/az\/article\/mehriban-zeynalova-mehkemenin-hokmu-diazin-vekillerine-de-gonderilib\/#primaryimage"},"thumbnailUrl":"https:\/\/www.meydan.tv\/wp-content\/uploads\/7996.jpg","articleSection":["X\u0259b\u0259rl\u0259r"],"inLanguage":"az"},{"@type":"WebPage","@id":"https:\/\/www.meydan.tv\/az\/article\/mehriban-zeynalova-mehkemenin-hokmu-diazin-vekillerine-de-gonderilib\/","url":"https:\/\/www.meydan.tv\/az\/article\/mehriban-zeynalova-mehkemenin-hokmu-diazin-vekillerine-de-gonderilib\/","name":"Mehriban Zeynalova: \"M\u0259hk\u0259m\u0259nin h\u00f6km\u00fc Diaz\u0131n v\u0259kill\u0259rin\u0259 d\u0259 g\u00f6nd\u0259rilib\" - MEYDAN.TV","isPartOf":{"@id":"https:\/\/www.meydan.tv\/az\/#website"},"primaryImageOfPage":{"@id":"https:\/\/www.meydan.tv\/az\/article\/mehriban-zeynalova-mehkemenin-hokmu-diazin-vekillerine-de-gonderilib\/#primaryimage"},"image":{"@id":"https:\/\/www.meydan.tv\/az\/article\/mehriban-zeynalova-mehkemenin-hokmu-diazin-vekillerine-de-gonderilib\/#primaryimage"},"thumbnailUrl":"https:\/\/www.meydan.tv\/wp-content\/uploads\/7996.jpg","datePublished":"2015-04-02T12:51:32+00:00","breadcrumb":{"@id":"https:\/\/www.meydan.tv\/az\/article\/mehriban-zeynalova-mehkemenin-hokmu-diazin-vekillerine-de-gonderilib\/#breadcrumb"},"inLanguage":"az","potentialAction":[{"@type":"ReadAction","target":["https:\/\/www.meydan.tv\/az\/article\/mehriban-zeynalova-mehkemenin-hokmu-diazin-vekillerine-de-gonderilib\/"]}]},{"@type":"ImageObject","inLanguage":"az","@id":"https:\/\/www.meydan.tv\/az\/article\/mehriban-zeynalova-mehkemenin-hokmu-diazin-vekillerine-de-gonderilib\/#primaryimage","url":"https:\/\/www.meydan.tv\/wp-content\/uploads\/7996.jpg","contentUrl":"https:\/\/www.meydan.tv\/wp-content\/uploads\/7996.jpg","width":800,"height":533,"caption":"Source:"},{"@type":"BreadcrumbList","@id":"https:\/\/www.meydan.tv\/az\/article\/mehriban-zeynalova-mehkemenin-hokmu-diazin-vekillerine-de-gonderilib\/#breadcrumb","itemListElement":[{"@type":"ListItem","position":1,"name":"Ana s\u0259hif\u0259","item":"https:\/\/www.meydan.tv\/az\/"},{"@type":"ListItem","position":2,"name":"X\u0259b\u0259rl\u0259r","item":"https:\/\/www.meydan.tv\/az\/section\/xeberler\/"},{"@type":"ListItem","position":3,"name":"Mehriban Zeynalova: &#8220;M\u0259hk\u0259m\u0259nin h\u00f6km\u00fc Diaz\u0131n v\u0259kill\u0259rin\u0259 d\u0259 g\u00f6nd\u0259rilib&#8221;"}]},{"@type":"WebSite","@id":"https:\/\/www.meydan.tv\/az\/#website","url":"https:\/\/www.meydan.tv\/az\/","name":"MEYDAN.TV","description":"Meydan TV Az\u0259rbaycan\u0131n media m\u0259kan\u0131ndak\u0131 alternativ s\u0259sidir","publisher":{"@id":"https:\/\/www.meydan.tv\/az\/#organization"},"potentialAction":[{"@type":"SearchAction","target":{"@type":"EntryPoint","urlTemplate":"https:\/\/www.meydan.tv\/az\/?s={search_term_string}"},"query-input":{"@type":"PropertyValueSpecification","valueRequired":true,"valueName":"search_term_string"}}],"inLanguage":"az"},{"@type":"Organization","@id":"https:\/\/www.meydan.tv\/az\/#organization","name":"Meydan TV","url":"https:\/\/www.meydan.tv\/az\/","logo":{"@type":"ImageObject","inLanguage":"az","@id":"https:\/\/www.meydan.tv\/az\/#\/schema\/logo\/image\/","url":"https:\/\/www.meydan.tv\/wp-content\/uploads\/2021\/07\/meydan-logo.svg","contentUrl":"https:\/\/www.meydan.tv\/wp-content\/uploads\/2021\/07\/meydan-logo.svg","width":195,"height":46,"caption":"Meydan TV"},"image":{"@id":"https:\/\/www.meydan.tv\/az\/#\/schema\/logo\/image\/"}},{"@type":"Person","@id":"https:\/\/www.meydan.tv\/az\/#\/schema\/person\/10d11eccf6da3662cf5fdab9806ea91a","name":"user-manager"}]}},"_links":{"self":[{"href":"https:\/\/www.meydan.tv\/az\/wp-json\/wp\/v2\/posts\/167405","targetHints":{"allow":["GET"]}}],"collection":[{"href":"https:\/\/www.meydan.tv\/az\/wp-json\/wp\/v2\/posts"}],"about":[{"href":"https:\/\/www.meydan.tv\/az\/wp-json\/wp\/v2\/types\/post"}],"author":[{"embeddable":true,"href":"https:\/\/www.meydan.tv\/az\/wp-json\/wp\/v2\/users\/11"}],"replies":[{"embeddable":true,"href":"https:\/\/www.meydan.tv\/az\/wp-json\/wp\/v2\/comments?post=167405"}],"version-history":[{"count":0,"href":"https:\/\/www.meydan.tv\/az\/wp-json\/wp\/v2\/posts\/167405\/revisions"}],"wp:featuredmedia":[{"embeddable":true,"href":"https:\/\/www.meydan.tv\/az\/wp-json\/wp\/v2\/media\/22086"}],"wp:attachment":[{"href":"https:\/\/www.meydan.tv\/az\/wp-json\/wp\/v2\/media?parent=167405"}],"wp:term":[{"taxonomy":"category","embeddable":true,"href":"https:\/\/www.meydan.tv\/az\/wp-json\/wp\/v2\/categories?post=167405"},{"taxonomy":"post_tag","embeddable":true,"href":"https:\/\/www.meydan.tv\/az\/wp-json\/wp\/v2\/tags?post=167405"}],"curies":[{"name":"wp","href":"https:\/\/api.w.org\/{rel}","templated":true}]}}