{"id":167404,"date":"2015-04-02T12:04:49","date_gmt":"2015-04-02T12:04:49","guid":{"rendered":"https:\/\/www.meydan.tv\/article\/rusiyada-batan-gemide-7-azerbaycanli-olub-yenilenib\/"},"modified":"2015-04-02T12:04:49","modified_gmt":"2015-04-02T12:04:49","slug":"rusiyada-batan-gemide-7-azerbaycanli-olub-yenilenib","status":"publish","type":"post","link":"https:\/\/www.meydan.tv\/az\/article\/rusiyada-batan-gemide-7-azerbaycanli-olub-yenilenib\/","title":{"rendered":"Rusiyada batan g\u0259mid\u0259 7 az\u0259rbaycanl\u0131 olub (yenil\u0259nib)"},"content":{"rendered":"<figure class=\"wp-block-image size-large\">\n  <img decoding=\"async\" src=\"https:\/\/www.meydan.tv\/az\/22065\/\" alt=\"\" class=\"wp-image-22065\"\/><figcaption><\/figcaption><\/figure>\n<figure class=\"wp-block-image size-large\">\n  <img decoding=\"async\" src=\"https:\/\/www.meydan.tv\/az\/22065\/\" alt=\"\" class=\"wp-image-22065\"\/><figcaption><\/figcaption><\/figure>\n<p>\n  <i><br \/>\n    13.50.<br \/>\n  <\/i>\n<\/p>\n<p>\n  Oxot d\u0259nizind\u0259 batan \u201cUzaq \u015e\u0259rq\u201d adl\u0131 b\u00f6y\u00fck bal\u0131q\u00e7\u0131 g\u0259misinin hey\u0259t \u00fczvl\u0259ri aras\u0131nda olan Az\u0259rbaycan v\u0259t\u0259nda\u015flar\u0131n\u0131n adlar\u0131 a\u00e7\u0131qlan\u0131b. Rusiya<br \/>\n  <a href=\"http:\/\/az.apa.az\/tag\/F%C3%B6vq%C9%99lad%C9%99+Hallar+Nazirliyi\"><br \/>\n    F\u00f6vq\u0259lad\u0259 Hallar Nazirliyi<br \/>\n  <\/a><br \/>\n  nin m\u0259tbuat xidm\u0259tind\u0259n<br \/>\n  <a href=\"https:\/\/apa.az\"><br \/>\n    APA<br \/>\n  <\/a><br \/>\n  -n\u0131n Moskva m\u00fcxbirin\u0259 veril\u0259n m\u0259lumata g\u00f6r\u0259, Az\u0259rbaycan v\u0259t\u0259nda\u015flar\u0131 a\u015fa\u011f\u0131dak\u0131lard\u0131r:\n<\/p>\n<p>\n  S\u0259f\u0259rov M\u0259h\u0259mm\u0259d S\u0259f\u0259r o\u011flu\u00a0(12.02.1964), Tal\u0131bov Mayila\u011fa Ulduz o\u011flu\u00a0(28.12.1964), M\u0259h\u0259rr\u0259mov Murad\u0259li Qurban o\u011flu (09.04.1987),\n<\/p>\n<p>\n  \u018fliyev Elman S\u0259rdan o\u011flu (17.10.1964), \u015eakirov Fazil Bilal o\u011flu (23.10.1959), \u018fliyev Ya\u015far S\u0259rdan o\u011flu (13.03.1975), Sad\u0131qov \u0130m\u0259m\u0259ddin Hiday\u0259t o\u011flu\u00a0(23.02.1969).\n<\/p>\n<p>\n  M. Tal\u0131bov, E. \u018fliyev v\u0259 \u0130. Sad\u0131qov q\u0259zadan sonra xilas edil\u0259nl\u0259r aras\u0131ndad\u0131r. Dig\u0259rl\u0259rinin taleyi bar\u0259d\u0259 h\u0259l\u0259lik m\u0259lumat yoxdur. Elman v\u0259 Ya\u015far \u018fliyevl\u0259rin qarda\u015f oldu\u011fu bildirilir.\n<\/p>\n<p>\n  <i><br \/>\n    54 n\u0259f\u0259r \u00f6l\u00fcb, 15 bal\u0131q\u00e7\u0131n\u0131n taleyi h\u0259l\u0259lik b\u0259lli deyil<br \/>\n  <\/i>\n<\/p>\n<p>\n  Aprelin 1-d\u0259 gec\u0259 saatlar\u0131nda Oxot d\u0259nizind\u0259 batan \u201cUzaq \u015e\u0259rq\u201d adl\u0131 b\u00f6y\u00fck bal\u0131q\u00e7\u0131 g\u0259misinin hey\u0259t \u00fczvl\u0259ri aras\u0131nda 7 az\u0259rbaycanl\u0131 olub.\n<\/p>\n<p>\n  Bu bar\u0259d\u0259 Trend-\u0259 Rusiya FHN-in Maqadandak\u0131 yerli idar\u0259sind\u0259n bildiribl\u0259r. Onlar\u0131n ham\u0131s\u0131 Rusiya v\u0259t\u0259nda\u015flar\u0131d\u0131r. Bu \u015f\u0259xsl\u0259rin v\u0259ziyy\u0259ti bar\u0259d\u0259 \u0259lav\u0259 m\u0259lumat verilmir.\n<\/p>\n<p>\n  <a href=\"https:\/\/apa.az\"><br \/>\n    APA<br \/>\n  <\/a><br \/>\n  -n\u0131n \u201cR\u0130A Novosti\u201dy\u0259 istinad\u0259n verdiyi m\u0259lumata g\u00f6r\u0259, g\u0259minin batmas\u0131 bar\u0259d\u0259 m\u0259lumat Moskva vaxt\u0131 il\u0259 saat 23.39-da al\u0131n\u0131b. Maqadan \u015f\u0259h\u0259rind\u0259n 300 km aral\u0131da batan g\u0259minin 132 n\u0259f\u0259rd\u0259n ibar\u0259t hey\u0259tinin 78-nin Rusiya, 54-n\u00fcn is\u0259 ba\u015fqa \u00f6lk\u0259l\u0259rin v\u0259t\u0259nda\u015flar\u0131 oldu\u011fu bildirilir. \u00a0Onlardan 117-si sudan \u00e7\u0131xar\u0131l\u0131b. 54 n\u0259f\u0259r \u00f6l\u00fcb, 15 bal\u0131q\u00e7\u0131n\u0131n taleyi h\u0259l\u0259lik b\u0259lli deyil.\n<\/p>\n<p>\n  Xilas olunanlar donma n\u0259tic\u0259sind\u0259 a\u011f\u0131r, b\u0259zil\u0259ri is\u0259 \u00e7ox a\u011f\u0131r v\u0259ziyy\u0259td\u0259dir.\n<\/p>\n<p>\n  Hey\u0259t \u00fczvl\u0259ri aras\u0131nda ne\u00e7\u0259 n\u0259f\u0259r az\u0259rbaycanl\u0131n\u0131n oldu\u011fu v\u0259 onlar\u0131n adlar\u0131 h\u0259l\u0259lik a\u00e7\u0131qlanmay\u0131b.\n<\/p><\/p>\n","protected":false},"excerpt":{"rendered":"<p>54 n\u0259f\u0259r \u00f6l\u00fcb, 15 bal\u0131q\u00e7\u0131n\u0131n taleyi h\u0259l\u0259lik b\u0259lli deyil<\/p>\n","protected":false},"author":11,"featured_media":22065,"comment_status":"closed","ping_status":"open","sticky":false,"template":"","format":"standard","meta":{"_acf_changed":false,"_sitemap_exclude":false,"_sitemap_priority":"","_sitemap_frequency":"","footnotes":""},"categories":[56],"tags":[],"class_list":["post-167404","post","type-post","status-publish","format-standard","has-post-thumbnail","hentry","category-xeberler","infinite-scroll-item","generate-columns","tablet-grid-50","mobile-grid-100","grid-parent","grid-33","no-featured-image-padding"],"acf":[],"yoast_head":"<!-- This site is optimized with the Yoast SEO plugin v28.4 - https:\/\/yoast.com\/product\/yoast-seo-wordpress\/ -->\n<title>Rusiyada batan g\u0259mid\u0259 7 az\u0259rbaycanl\u0131 olub (yenil\u0259nib) - MEYDAN.TV<\/title>\n<meta name=\"robots\" content=\"index, follow, max-snippet:-1, max-image-preview:large, max-video-preview:-1\" \/>\n<link rel=\"canonical\" href=\"https:\/\/www.meydan.tv\/az\/article\/rusiyada-batan-gemide-7-azerbaycanli-olub-yenilenib\/\" \/>\n<meta property=\"og:locale\" content=\"az_AZ\" \/>\n<meta property=\"og:type\" content=\"article\" \/>\n<meta property=\"og:title\" content=\"Rusiyada batan g\u0259mid\u0259 7 az\u0259rbaycanl\u0131 olub (yenil\u0259nib) - MEYDAN.TV\" \/>\n<meta property=\"og:description\" content=\"54 n\u0259f\u0259r \u00f6l\u00fcb, 15 bal\u0131q\u00e7\u0131n\u0131n taleyi h\u0259l\u0259lik b\u0259lli deyil\" \/>\n<meta property=\"og:url\" content=\"https:\/\/www.meydan.tv\/az\/article\/rusiyada-batan-gemide-7-azerbaycanli-olub-yenilenib\/\" \/>\n<meta property=\"og:site_name\" content=\"MEYDAN.TV\" \/>\n<meta property=\"article:published_time\" content=\"2015-04-02T12:04:49+00:00\" \/>\n<meta property=\"og:image\" content=\"https:\/\/www.meydan.tv\/wp-content\/uploads\/7991.jpg\" \/>\n\t<meta property=\"og:image:width\" content=\"535\" \/>\n\t<meta property=\"og:image:height\" content=\"400\" \/>\n\t<meta property=\"og:image:type\" content=\"image\/jpeg\" \/>\n<meta name=\"twitter:card\" content=\"summary_large_image\" \/>\n<!-- \/ Yoast SEO plugin. -->","yoast_head_json":{"title":"Rusiyada batan g\u0259mid\u0259 7 az\u0259rbaycanl\u0131 olub (yenil\u0259nib) - MEYDAN.TV","robots":{"index":"index","follow":"follow","max-snippet":"max-snippet:-1","max-image-preview":"max-image-preview:large","max-video-preview":"max-video-preview:-1"},"canonical":"https:\/\/www.meydan.tv\/az\/article\/rusiyada-batan-gemide-7-azerbaycanli-olub-yenilenib\/","og_locale":"az_AZ","og_type":"article","og_title":"Rusiyada batan g\u0259mid\u0259 7 az\u0259rbaycanl\u0131 olub (yenil\u0259nib) - MEYDAN.TV","og_description":"54 n\u0259f\u0259r \u00f6l\u00fcb, 15 bal\u0131q\u00e7\u0131n\u0131n taleyi h\u0259l\u0259lik b\u0259lli deyil","og_url":"https:\/\/www.meydan.tv\/az\/article\/rusiyada-batan-gemide-7-azerbaycanli-olub-yenilenib\/","og_site_name":"MEYDAN.TV","article_published_time":"2015-04-02T12:04:49+00:00","og_image":[{"width":535,"height":400,"url":"https:\/\/www.meydan.tv\/wp-content\/uploads\/7991.jpg","type":"image\/jpeg"}],"twitter_card":"summary_large_image","schema":{"@context":"https:\/\/schema.org","@graph":[{"@type":"Article","@id":"https:\/\/www.meydan.tv\/az\/article\/rusiyada-batan-gemide-7-azerbaycanli-olub-yenilenib\/#article","isPartOf":{"@id":"https:\/\/www.meydan.tv\/az\/article\/rusiyada-batan-gemide-7-azerbaycanli-olub-yenilenib\/"},"author":{"name":"user-manager","@id":"https:\/\/www.meydan.tv\/az\/#\/schema\/person\/10d11eccf6da3662cf5fdab9806ea91a"},"headline":"Rusiyada batan g\u0259mid\u0259 7 az\u0259rbaycanl\u0131 olub (yenil\u0259nib)","datePublished":"2015-04-02T12:04:49+00:00","mainEntityOfPage":{"@id":"https:\/\/www.meydan.tv\/az\/article\/rusiyada-batan-gemide-7-azerbaycanli-olub-yenilenib\/"},"wordCount":383,"publisher":{"@id":"https:\/\/www.meydan.tv\/az\/#organization"},"image":{"@id":"https:\/\/www.meydan.tv\/az\/article\/rusiyada-batan-gemide-7-azerbaycanli-olub-yenilenib\/#primaryimage"},"thumbnailUrl":"https:\/\/www.meydan.tv\/wp-content\/uploads\/7991.jpg","articleSection":["X\u0259b\u0259rl\u0259r"],"inLanguage":"az"},{"@type":"WebPage","@id":"https:\/\/www.meydan.tv\/az\/article\/rusiyada-batan-gemide-7-azerbaycanli-olub-yenilenib\/","url":"https:\/\/www.meydan.tv\/az\/article\/rusiyada-batan-gemide-7-azerbaycanli-olub-yenilenib\/","name":"Rusiyada batan g\u0259mid\u0259 7 az\u0259rbaycanl\u0131 olub (yenil\u0259nib) - MEYDAN.TV","isPartOf":{"@id":"https:\/\/www.meydan.tv\/az\/#website"},"primaryImageOfPage":{"@id":"https:\/\/www.meydan.tv\/az\/article\/rusiyada-batan-gemide-7-azerbaycanli-olub-yenilenib\/#primaryimage"},"image":{"@id":"https:\/\/www.meydan.tv\/az\/article\/rusiyada-batan-gemide-7-azerbaycanli-olub-yenilenib\/#primaryimage"},"thumbnailUrl":"https:\/\/www.meydan.tv\/wp-content\/uploads\/7991.jpg","datePublished":"2015-04-02T12:04:49+00:00","breadcrumb":{"@id":"https:\/\/www.meydan.tv\/az\/article\/rusiyada-batan-gemide-7-azerbaycanli-olub-yenilenib\/#breadcrumb"},"inLanguage":"az","potentialAction":[{"@type":"ReadAction","target":["https:\/\/www.meydan.tv\/az\/article\/rusiyada-batan-gemide-7-azerbaycanli-olub-yenilenib\/"]}]},{"@type":"ImageObject","inLanguage":"az","@id":"https:\/\/www.meydan.tv\/az\/article\/rusiyada-batan-gemide-7-azerbaycanli-olub-yenilenib\/#primaryimage","url":"https:\/\/www.meydan.tv\/wp-content\/uploads\/7991.jpg","contentUrl":"https:\/\/www.meydan.tv\/wp-content\/uploads\/7991.jpg","width":535,"height":400,"caption":"Source:"},{"@type":"BreadcrumbList","@id":"https:\/\/www.meydan.tv\/az\/article\/rusiyada-batan-gemide-7-azerbaycanli-olub-yenilenib\/#breadcrumb","itemListElement":[{"@type":"ListItem","position":1,"name":"Ana s\u0259hif\u0259","item":"https:\/\/www.meydan.tv\/az\/"},{"@type":"ListItem","position":2,"name":"X\u0259b\u0259rl\u0259r","item":"https:\/\/www.meydan.tv\/az\/section\/xeberler\/"},{"@type":"ListItem","position":3,"name":"Rusiyada batan g\u0259mid\u0259 7 az\u0259rbaycanl\u0131 olub (yenil\u0259nib)"}]},{"@type":"WebSite","@id":"https:\/\/www.meydan.tv\/az\/#website","url":"https:\/\/www.meydan.tv\/az\/","name":"MEYDAN.TV","description":"Meydan TV Az\u0259rbaycan\u0131n media m\u0259kan\u0131ndak\u0131 alternativ s\u0259sidir","publisher":{"@id":"https:\/\/www.meydan.tv\/az\/#organization"},"potentialAction":[{"@type":"SearchAction","target":{"@type":"EntryPoint","urlTemplate":"https:\/\/www.meydan.tv\/az\/?s={search_term_string}"},"query-input":{"@type":"PropertyValueSpecification","valueRequired":true,"valueName":"search_term_string"}}],"inLanguage":"az"},{"@type":"Organization","@id":"https:\/\/www.meydan.tv\/az\/#organization","name":"Meydan TV","url":"https:\/\/www.meydan.tv\/az\/","logo":{"@type":"ImageObject","inLanguage":"az","@id":"https:\/\/www.meydan.tv\/az\/#\/schema\/logo\/image\/","url":"https:\/\/www.meydan.tv\/wp-content\/uploads\/2021\/07\/meydan-logo.svg","contentUrl":"https:\/\/www.meydan.tv\/wp-content\/uploads\/2021\/07\/meydan-logo.svg","width":195,"height":46,"caption":"Meydan TV"},"image":{"@id":"https:\/\/www.meydan.tv\/az\/#\/schema\/logo\/image\/"}},{"@type":"Person","@id":"https:\/\/www.meydan.tv\/az\/#\/schema\/person\/10d11eccf6da3662cf5fdab9806ea91a","name":"user-manager"}]}},"_links":{"self":[{"href":"https:\/\/www.meydan.tv\/az\/wp-json\/wp\/v2\/posts\/167404","targetHints":{"allow":["GET"]}}],"collection":[{"href":"https:\/\/www.meydan.tv\/az\/wp-json\/wp\/v2\/posts"}],"about":[{"href":"https:\/\/www.meydan.tv\/az\/wp-json\/wp\/v2\/types\/post"}],"author":[{"embeddable":true,"href":"https:\/\/www.meydan.tv\/az\/wp-json\/wp\/v2\/users\/11"}],"replies":[{"embeddable":true,"href":"https:\/\/www.meydan.tv\/az\/wp-json\/wp\/v2\/comments?post=167404"}],"version-history":[{"count":0,"href":"https:\/\/www.meydan.tv\/az\/wp-json\/wp\/v2\/posts\/167404\/revisions"}],"wp:featuredmedia":[{"embeddable":true,"href":"https:\/\/www.meydan.tv\/az\/wp-json\/wp\/v2\/media\/22065"}],"wp:attachment":[{"href":"https:\/\/www.meydan.tv\/az\/wp-json\/wp\/v2\/media?parent=167404"}],"wp:term":[{"taxonomy":"category","embeddable":true,"href":"https:\/\/www.meydan.tv\/az\/wp-json\/wp\/v2\/categories?post=167404"},{"taxonomy":"post_tag","embeddable":true,"href":"https:\/\/www.meydan.tv\/az\/wp-json\/wp\/v2\/tags?post=167404"}],"curies":[{"name":"wp","href":"https:\/\/api.w.org\/{rel}","templated":true}]}}