{"id":167402,"date":"2015-04-01T22:32:41","date_gmt":"2015-04-01T22:32:41","guid":{"rendered":"https:\/\/www.meydan.tv\/article\/kecmis-hakim-hesen-eliyev-mehkeme-zalinda-hebs-olunub\/"},"modified":"2015-04-01T22:32:41","modified_gmt":"2015-04-01T22:32:41","slug":"kecmis-hakim-hesen-eliyev-mehkeme-zalinda-hebs-olunub","status":"publish","type":"post","link":"https:\/\/www.meydan.tv\/az\/article\/kecmis-hakim-hesen-eliyev-mehkeme-zalinda-hebs-olunub\/","title":{"rendered":"Ke\u00e7mi\u015f hakim H\u0259s\u0259n \u018fliyev m\u0259hk\u0259m\u0259 zal\u0131nda h\u0259bs olunub"},"content":{"rendered":"<figure class=\"wp-block-image size-large\">\n  <img decoding=\"async\" src=\"https:\/\/www.meydan.tv\/az\/22053\/\" alt=\"\" class=\"wp-image-22053\"\/><figcaption><\/figcaption><\/figure>\n<figure class=\"wp-block-image size-large\">\n  <img decoding=\"async\" src=\"https:\/\/www.meydan.tv\/az\/22053\/\" alt=\"\" class=\"wp-image-22053\"\/><figcaption><\/figcaption><\/figure>\n<p>\n  <i><br \/>\n    H\u0259s\u0259n \u018fliyev\u00a0R.S\u0259limovdan i\u015f\u0259 d\u00fcz\u0259ltm\u0259k ad\u0131 il\u0259 600 min manat pul al\u0131b, lakin sonradan pulu qaytarmay\u0131b<br \/>\n  <\/i>\n<\/p>\n<p>\n  Aprelin 1-d\u0259 G\u0259nc\u0259 A\u011f\u0131r Cinay\u0259tl\u0259r M\u0259hk\u0259m\u0259sind\u0259 d\u0259l\u0259duzluq v\u0259 r\u00fc\u015fv\u0259txorluqda t\u0259qsirl\u0259ndiril\u0259n ke\u00e7mi\u015f hakim\u00a0H\u0259s\u0259n \u018fliyev\u00a0bar\u0259sind\u0259 olan cinay\u0259t i\u015fi \u00fczr\u0259 m\u0259hk\u0259m\u0259 prosesi ba\u015fa \u00e7at\u0131b.\n<\/p>\n<p>\n  V\u0259kil \u0130rad\u0259 Cavadovan\u0131n<br \/>\n  <a href=\"https:\/\/apa.az\"><br \/>\n    APA<br \/>\n  <\/a><br \/>\n  -ya verdiyi m\u0259lumata g\u00f6r\u0259, prosesd\u0259 h\u00f6km oxunub. H\u00f6km\u0259 \u0259sas\u0259n, Elman M\u0259mm\u0259dov 8 il, Taleh S\u00fcleymanov 7 il m\u00fcdd\u0259tin\u0259 azadl\u0131qdan m\u0259hrum edilib. M\u0259hk\u0259m\u0259 azadl\u0131qda olan H\u0259s\u0259n \u018fliyevin bar\u0259sind\u0259 is\u0259 7 il m\u00fcdd\u0259tin\u0259 azadl\u0131qdan m\u0259hrumetm\u0259 c\u0259zas\u0131 t\u0259yin edib. O, m\u0259hk\u0259m\u0259 zal\u0131nda h\u0259bs edilib.\n<\/p>\n<p>\n  \u0130ttiham akt\u0131na g\u00f6r\u0259, Rusiyadan g\u0259l\u0259n i\u015f adam\u0131 Ramazan S\u0259limov i\u015f\u0259 d\u00fcz\u0259lm\u0259k \u00fc\u00e7\u00fcn 2011-ci ild\u0259n tan\u0131d\u0131\u011f\u0131 Elman M\u0259mm\u0259dova m\u00fcraci\u0259t edib. E.M\u0259mm\u0259dov is\u0259 onu Bak\u0131 A\u011f\u0131r Cinay\u0259tl\u0259r M\u0259hk\u0259m\u0259sinin hakimi\u00a0H\u0259s\u0259n \u018fliyevl\u0259\u00a0tan\u0131\u015f edib.\u00a0H\u0259s\u0259n \u018fliyev\u00a0R.S\u0259limovdan i\u015f\u0259 d\u00fcz\u0259ltm\u0259k ad\u0131 il\u0259 600 min manat pul al\u0131b. Lakin sonradan pulu qaytarmay\u0131b. Bundan sonra R.S\u0259limov polis\u0259 \u015fikay\u0259t edib. \u015eikay\u0259t \u0259sas\u0131nda cinay\u0259t i\u015fi ba\u015flan\u0131b v\u0259 E. M\u0259mm\u0259dov h\u0259bs olunub. Daha sonra m\u0259lum olub ki, Taleh S\u00fcleymanov adl\u0131 \u015f\u0259xs d\u0259 cinay\u0259td\u0259 i\u015ftirak edib v\u0259 o da h\u0259bs edilib.\n<\/p>\n<p>\n  \u0130stintaq d\u00f6vr\u00fcnd\u0259\u00a0H\u0259s\u0259n \u018fliyev\u0259\u00a0qar\u015f\u0131 Cinay\u0259t M\u0259c\u0259ll\u0259sinin 178.3.2-ci (k\u00fclli miqdarda ziyan vurmaqla d\u0259l\u0259duzluq t\u00f6r\u0259tm\u0259) madd\u0259si il\u0259 b\u0259rab\u0259r, Cinay\u0259t M\u0259c\u0259ll\u0259sinin 312-ci (r\u00fc\u015fv\u0259t verm\u0259) madd\u0259si il\u0259 d\u0259 ittiham elan olunub. Lakin bar\u0259sind\u0259 h\u0259bs-q\u0259timkan t\u0259dbiri se\u00e7ilm\u0259yib.\n<\/p>\n<p>\n  Prezident<br \/>\n  <a href=\"http:\/\/az.apa.az\/tag\/%C4%B0lham+%C6%8Fliyev\"><br \/>\n    \u0130lham \u018fliyev<br \/>\n  <\/a><br \/>\n  \u00a0H\u0259s\u0259n \u018fliyevin\u00a0s\u0259lahiyy\u0259tl\u0259rin\u0259 vaxt\u0131ndan \u0259vv\u0259l xitam verilm\u0259si haqq\u0131nda s\u0259r\u0259ncam imzalay\u0131b. Buna s\u0259b\u0259b kimi\u00a0H\u0259s\u0259n \u018fliyevin qanunvericiliyin t\u0259l\u0259bl\u0259rini d\u0259f\u0259l\u0259rl\u0259 kobudcas\u0131na pozmas\u0131 g\u00f6st\u0259rilib.<\/p>\n","protected":false},"excerpt":{"rendered":"<p>H\u0259s\u0259n \u018fliyev R.S\u0259limovdan i\u015f\u0259 d\u00fcz\u0259ltm\u0259k ad\u0131 il\u0259 600 min manat pul al\u0131b, lakin sonradan pulu qaytarmay\u0131b<\/p>\n","protected":false},"author":11,"featured_media":22053,"comment_status":"closed","ping_status":"open","sticky":false,"template":"","format":"standard","meta":{"_acf_changed":false,"_sitemap_exclude":false,"_sitemap_priority":"","_sitemap_frequency":"","footnotes":""},"categories":[56],"tags":[],"class_list":["post-167402","post","type-post","status-publish","format-standard","has-post-thumbnail","hentry","category-xeberler","infinite-scroll-item","generate-columns","tablet-grid-50","mobile-grid-100","grid-parent","grid-33","no-featured-image-padding"],"acf":[],"yoast_head":"<!-- This site is optimized with the Yoast SEO plugin v28.4 - https:\/\/yoast.com\/product\/yoast-seo-wordpress\/ -->\n<title>Ke\u00e7mi\u015f hakim H\u0259s\u0259n \u018fliyev m\u0259hk\u0259m\u0259 zal\u0131nda h\u0259bs olunub - MEYDAN.TV<\/title>\n<meta name=\"robots\" content=\"index, follow, max-snippet:-1, max-image-preview:large, max-video-preview:-1\" \/>\n<link rel=\"canonical\" href=\"https:\/\/www.meydan.tv\/az\/article\/kecmis-hakim-hesen-eliyev-mehkeme-zalinda-hebs-olunub\/\" \/>\n<meta property=\"og:locale\" content=\"az_AZ\" \/>\n<meta property=\"og:type\" content=\"article\" \/>\n<meta property=\"og:title\" content=\"Ke\u00e7mi\u015f hakim H\u0259s\u0259n \u018fliyev m\u0259hk\u0259m\u0259 zal\u0131nda h\u0259bs olunub - MEYDAN.TV\" \/>\n<meta property=\"og:description\" content=\"H\u0259s\u0259n \u018fliyev R.S\u0259limovdan i\u015f\u0259 d\u00fcz\u0259ltm\u0259k ad\u0131 il\u0259 600 min manat pul al\u0131b, lakin sonradan pulu qaytarmay\u0131b\" \/>\n<meta property=\"og:url\" content=\"https:\/\/www.meydan.tv\/az\/article\/kecmis-hakim-hesen-eliyev-mehkeme-zalinda-hebs-olunub\/\" \/>\n<meta property=\"og:site_name\" content=\"MEYDAN.TV\" \/>\n<meta property=\"article:published_time\" content=\"2015-04-01T22:32:41+00:00\" \/>\n<meta property=\"og:image\" content=\"https:\/\/www.meydan.tv\/wp-content\/uploads\/7989.jpg\" \/>\n\t<meta property=\"og:image:width\" content=\"610\" \/>\n\t<meta property=\"og:image:height\" content=\"400\" \/>\n\t<meta property=\"og:image:type\" content=\"image\/jpeg\" \/>\n<meta name=\"twitter:card\" content=\"summary_large_image\" \/>\n<!-- \/ Yoast SEO plugin. -->","yoast_head_json":{"title":"Ke\u00e7mi\u015f hakim H\u0259s\u0259n \u018fliyev m\u0259hk\u0259m\u0259 zal\u0131nda h\u0259bs olunub - MEYDAN.TV","robots":{"index":"index","follow":"follow","max-snippet":"max-snippet:-1","max-image-preview":"max-image-preview:large","max-video-preview":"max-video-preview:-1"},"canonical":"https:\/\/www.meydan.tv\/az\/article\/kecmis-hakim-hesen-eliyev-mehkeme-zalinda-hebs-olunub\/","og_locale":"az_AZ","og_type":"article","og_title":"Ke\u00e7mi\u015f hakim H\u0259s\u0259n \u018fliyev m\u0259hk\u0259m\u0259 zal\u0131nda h\u0259bs olunub - MEYDAN.TV","og_description":"H\u0259s\u0259n \u018fliyev R.S\u0259limovdan i\u015f\u0259 d\u00fcz\u0259ltm\u0259k ad\u0131 il\u0259 600 min manat pul al\u0131b, lakin sonradan pulu qaytarmay\u0131b","og_url":"https:\/\/www.meydan.tv\/az\/article\/kecmis-hakim-hesen-eliyev-mehkeme-zalinda-hebs-olunub\/","og_site_name":"MEYDAN.TV","article_published_time":"2015-04-01T22:32:41+00:00","og_image":[{"width":610,"height":400,"url":"https:\/\/www.meydan.tv\/wp-content\/uploads\/7989.jpg","type":"image\/jpeg"}],"twitter_card":"summary_large_image","schema":{"@context":"https:\/\/schema.org","@graph":[{"@type":"Article","@id":"https:\/\/www.meydan.tv\/az\/article\/kecmis-hakim-hesen-eliyev-mehkeme-zalinda-hebs-olunub\/#article","isPartOf":{"@id":"https:\/\/www.meydan.tv\/az\/article\/kecmis-hakim-hesen-eliyev-mehkeme-zalinda-hebs-olunub\/"},"author":{"name":"user-manager","@id":"https:\/\/www.meydan.tv\/az\/#\/schema\/person\/10d11eccf6da3662cf5fdab9806ea91a"},"headline":"Ke\u00e7mi\u015f hakim H\u0259s\u0259n \u018fliyev m\u0259hk\u0259m\u0259 zal\u0131nda h\u0259bs olunub","datePublished":"2015-04-01T22:32:41+00:00","mainEntityOfPage":{"@id":"https:\/\/www.meydan.tv\/az\/article\/kecmis-hakim-hesen-eliyev-mehkeme-zalinda-hebs-olunub\/"},"wordCount":400,"publisher":{"@id":"https:\/\/www.meydan.tv\/az\/#organization"},"image":{"@id":"https:\/\/www.meydan.tv\/az\/article\/kecmis-hakim-hesen-eliyev-mehkeme-zalinda-hebs-olunub\/#primaryimage"},"thumbnailUrl":"https:\/\/www.meydan.tv\/wp-content\/uploads\/7989.jpg","articleSection":["X\u0259b\u0259rl\u0259r"],"inLanguage":"az"},{"@type":"WebPage","@id":"https:\/\/www.meydan.tv\/az\/article\/kecmis-hakim-hesen-eliyev-mehkeme-zalinda-hebs-olunub\/","url":"https:\/\/www.meydan.tv\/az\/article\/kecmis-hakim-hesen-eliyev-mehkeme-zalinda-hebs-olunub\/","name":"Ke\u00e7mi\u015f hakim H\u0259s\u0259n \u018fliyev m\u0259hk\u0259m\u0259 zal\u0131nda h\u0259bs olunub - MEYDAN.TV","isPartOf":{"@id":"https:\/\/www.meydan.tv\/az\/#website"},"primaryImageOfPage":{"@id":"https:\/\/www.meydan.tv\/az\/article\/kecmis-hakim-hesen-eliyev-mehkeme-zalinda-hebs-olunub\/#primaryimage"},"image":{"@id":"https:\/\/www.meydan.tv\/az\/article\/kecmis-hakim-hesen-eliyev-mehkeme-zalinda-hebs-olunub\/#primaryimage"},"thumbnailUrl":"https:\/\/www.meydan.tv\/wp-content\/uploads\/7989.jpg","datePublished":"2015-04-01T22:32:41+00:00","breadcrumb":{"@id":"https:\/\/www.meydan.tv\/az\/article\/kecmis-hakim-hesen-eliyev-mehkeme-zalinda-hebs-olunub\/#breadcrumb"},"inLanguage":"az","potentialAction":[{"@type":"ReadAction","target":["https:\/\/www.meydan.tv\/az\/article\/kecmis-hakim-hesen-eliyev-mehkeme-zalinda-hebs-olunub\/"]}]},{"@type":"ImageObject","inLanguage":"az","@id":"https:\/\/www.meydan.tv\/az\/article\/kecmis-hakim-hesen-eliyev-mehkeme-zalinda-hebs-olunub\/#primaryimage","url":"https:\/\/www.meydan.tv\/wp-content\/uploads\/7989.jpg","contentUrl":"https:\/\/www.meydan.tv\/wp-content\/uploads\/7989.jpg","width":610,"height":400,"caption":"Source:"},{"@type":"BreadcrumbList","@id":"https:\/\/www.meydan.tv\/az\/article\/kecmis-hakim-hesen-eliyev-mehkeme-zalinda-hebs-olunub\/#breadcrumb","itemListElement":[{"@type":"ListItem","position":1,"name":"Ana s\u0259hif\u0259","item":"https:\/\/www.meydan.tv\/az\/"},{"@type":"ListItem","position":2,"name":"X\u0259b\u0259rl\u0259r","item":"https:\/\/www.meydan.tv\/az\/section\/xeberler\/"},{"@type":"ListItem","position":3,"name":"Ke\u00e7mi\u015f hakim H\u0259s\u0259n \u018fliyev m\u0259hk\u0259m\u0259 zal\u0131nda h\u0259bs olunub"}]},{"@type":"WebSite","@id":"https:\/\/www.meydan.tv\/az\/#website","url":"https:\/\/www.meydan.tv\/az\/","name":"MEYDAN.TV","description":"Meydan TV Az\u0259rbaycan\u0131n media m\u0259kan\u0131ndak\u0131 alternativ s\u0259sidir","publisher":{"@id":"https:\/\/www.meydan.tv\/az\/#organization"},"potentialAction":[{"@type":"SearchAction","target":{"@type":"EntryPoint","urlTemplate":"https:\/\/www.meydan.tv\/az\/?s={search_term_string}"},"query-input":{"@type":"PropertyValueSpecification","valueRequired":true,"valueName":"search_term_string"}}],"inLanguage":"az"},{"@type":"Organization","@id":"https:\/\/www.meydan.tv\/az\/#organization","name":"Meydan TV","url":"https:\/\/www.meydan.tv\/az\/","logo":{"@type":"ImageObject","inLanguage":"az","@id":"https:\/\/www.meydan.tv\/az\/#\/schema\/logo\/image\/","url":"https:\/\/www.meydan.tv\/wp-content\/uploads\/2021\/07\/meydan-logo.svg","contentUrl":"https:\/\/www.meydan.tv\/wp-content\/uploads\/2021\/07\/meydan-logo.svg","width":195,"height":46,"caption":"Meydan TV"},"image":{"@id":"https:\/\/www.meydan.tv\/az\/#\/schema\/logo\/image\/"}},{"@type":"Person","@id":"https:\/\/www.meydan.tv\/az\/#\/schema\/person\/10d11eccf6da3662cf5fdab9806ea91a","name":"user-manager"}]}},"_links":{"self":[{"href":"https:\/\/www.meydan.tv\/az\/wp-json\/wp\/v2\/posts\/167402","targetHints":{"allow":["GET"]}}],"collection":[{"href":"https:\/\/www.meydan.tv\/az\/wp-json\/wp\/v2\/posts"}],"about":[{"href":"https:\/\/www.meydan.tv\/az\/wp-json\/wp\/v2\/types\/post"}],"author":[{"embeddable":true,"href":"https:\/\/www.meydan.tv\/az\/wp-json\/wp\/v2\/users\/11"}],"replies":[{"embeddable":true,"href":"https:\/\/www.meydan.tv\/az\/wp-json\/wp\/v2\/comments?post=167402"}],"version-history":[{"count":0,"href":"https:\/\/www.meydan.tv\/az\/wp-json\/wp\/v2\/posts\/167402\/revisions"}],"wp:featuredmedia":[{"embeddable":true,"href":"https:\/\/www.meydan.tv\/az\/wp-json\/wp\/v2\/media\/22053"}],"wp:attachment":[{"href":"https:\/\/www.meydan.tv\/az\/wp-json\/wp\/v2\/media?parent=167402"}],"wp:term":[{"taxonomy":"category","embeddable":true,"href":"https:\/\/www.meydan.tv\/az\/wp-json\/wp\/v2\/categories?post=167402"},{"taxonomy":"post_tag","embeddable":true,"href":"https:\/\/www.meydan.tv\/az\/wp-json\/wp\/v2\/tags?post=167402"}],"curies":[{"name":"wp","href":"https:\/\/api.w.org\/{rel}","templated":true}]}}