{"id":167400,"date":"2015-04-01T20:22:41","date_gmt":"2015-04-01T20:22:41","guid":{"rendered":"https:\/\/www.meydan.tv\/article\/son-uc-ay-erzinde-herbi-itkilerimiz-infoqrafika\/"},"modified":"2015-04-01T20:22:41","modified_gmt":"2015-04-01T20:22:41","slug":"son-uc-ay-erzinde-herbi-itkilerimiz-infoqrafika","status":"publish","type":"post","link":"https:\/\/www.meydan.tv\/az\/article\/son-uc-ay-erzinde-herbi-itkilerimiz-infoqrafika\/","title":{"rendered":"Son \u00fc\u00e7 ay \u0259rzind\u0259 h\u0259rbi itkil\u0259rimiz (\u0130nfoqrafika)"},"content":{"rendered":"<figure class=\"wp-block-image size-large\">\n  <img decoding=\"async\" src=\"https:\/\/www.meydan.tv\/az\/22068\/\" alt=\"\" class=\"wp-image-22068\"\/><figcaption><\/figcaption><\/figure>\n<p>\n  <b><br \/>\n    2015-ci ilin gerid\u0259 qalan 3 ay \u0259rzind\u0259 Az\u0259rbaycan t\u0259hl\u00fck\u0259sizlik v\u0259 m\u00fcdafi\u0259 sektorunun itkil\u0259ri 19 n\u0259f\u0259r t\u0259\u015fkil edib. Xat\u0131rladaq ki, bu qeyri-r\u0259smi siyah\u0131d\u0131r v\u0259 m\u0259tbuata, bloggerl\u0259r\u0259 m\u0259lum olan itkil\u0259rdir. H\u0259min siyah\u0131n\u0131 a\u015fa\u011f\u0131da sizl\u0259r\u0259 t\u0259qdim edirik:<br \/>\n  <\/b>\n<\/p>\n<p>\n  23 yanvar. M\u00fcdafi\u0259 Nazirliyinin m\u0259lumat\u0131na g\u00f6r\u0259, Silahl\u0131 Q\u00fcvv\u0259l\u0259rin N sayl\u0131 h\u0259rbi hiss\u0259sind\u0259 avtomat silahla ehtiyats\u0131z davran\u0131lmas\u0131 n\u0259tic\u0259sind\u0259 at\u0259\u015f a\u00e7\u0131l\u0131b v\u0259 m\u00fcdd\u0259td\u0259n art\u0131q h\u0259qiqi h\u0259rbi xidm\u0259t qulluq\u00e7usu \u0259sg\u0259r Baba\u015fov Nizami \u015e\u0259mil o\u011flu v\u0259fat edib. Qeyri-d\u00f6y\u00fc\u015f \u015f\u0259raitind\u0259 ba\u015f ver\u0259n hadis\u0259 il\u0259 ba\u011fl\u0131 cinay\u0259t i\u015fi ba\u015flan\u0131b, H\u0259rbi Prokurorluq t\u0259r\u0259find\u0259n ara\u015fd\u0131rma apar\u0131l\u0131r. Qafqazinfo.az sayt\u0131na daxil olan x\u0259b\u0259r\u0259 g\u00f6r\u0259 v\u0259fat ed\u0259n h\u0259rb\u00e7i 26 ya\u015fl\u0131 Baba\u015fov Nizami \u015e\u0259mil o\u011flu F\u00fczuli rayonu, Araz-Z\u0259rg\u0259r k\u0259nd sakinidir. Ad\u0131n\u0131n a\u00e7\u0131qlanmas\u0131n\u0131 ist\u0259m\u0259y\u0259n ba\u015fqa bir m\u0259nb\u0259 Meydan TV-y\u0259 yanvar\u0131n 23-d\u0259 d\u00fcnyas\u0131n\u0131 d\u0259yi\u015fmi\u015f \u0259sg\u0259r Nizami \u015e\u0259mil o\u011flu Baba\u015fovun \u015f\u0259hid oldu\u011fu bar\u0259d\u0259 m\u0259lumat verib.\n<\/p>\n<p>\n  26 yanvar. M\u00fcdafi\u0259 Nazirliyinin m\u0259lumat\u0131na g\u00f6r\u0259, d\u00fc\u015fm\u0259n h\u00fccumlar\u0131n\u0131n qar\u015f\u0131s\u0131 al\u0131nan zaman 3 h\u0259rbi qulluq\u00e7umuz \u015f\u0259hid olub. Nazirlik \u015f\u0259hidl\u0259rin adlar\u0131n\u0131 a\u00e7\u0131qlamay\u0131b. Lakin Almaniyada ya\u015fayan bloqqer H\u0259bib M\u00fcnt\u0259zir \u00f6z \u015f\u0259xsi Facebook s\u0259hif\u0259sind\u0259 \u015f\u0259hid olan h\u0259rb\u00e7il\u0259rin adlar\u0131n\u0131 \u00a0da a\u00e7\u0131qlay\u0131b. Onun yayd\u0131\u011f\u0131 siyah\u0131ya g\u00f6r\u0259, h\u0259rbi\u00e7il\u0259r \u2013 Zaqatala rayonundan \u00a0El\u015f\u0259n \u018ff\u0259ndiyev (20 ya\u015f, Zaqatala), D\u0259v\u0259\u00e7i rayonundan gizir S\u0259nan \u0130sayev (33 ya\u015fl\u0131, D\u0259v\u0259\u00e7i rayonu) v\u0259 Hac\u0131qabul rayonundan \u00a0V\u00fcqar Qas\u0131mov yanvar\u0131n 24-d\u0259 \u015f\u0259hid olublar.\n<\/p>\n<p>\n  31 yanvar. M\u00fcdafi\u0259 Nazirliyinin m\u0259lumat\u0131na g\u00f6r\u0259, Xocav\u0259nd istiqam\u0259tind\u0259 erm\u0259ni silahl\u0131 b\u00f6lm\u0259l\u0259rinin at\u0259\u015fk\u0259s rejimini pozmas\u0131 n\u0259tic\u0259sind\u0259 Silahl\u0131 Q\u00fcvv\u0259l\u0259rimizin h\u0259rbi qulluq\u00e7usu, \u0259sg\u0259r Allahverdiyev E\u015fqin R\u0259him o\u011flu (\u015e\u0259ki rayonundan \u00e7a\u011f\u0131r\u0131l\u0131b) dayaq m\u0259nt\u0259q\u0259sind\u0259 \u015f\u0259hid olub.\n<\/p>\n<p>\n  5 fevral. M\u00fcdafi\u0259 Nazirliyinin m\u0259lumat\u0131na g\u00f6r\u0259, erm\u0259ni silahl\u0131 b\u00f6lm\u0259l\u0259ri il\u0259 at\u0131\u015fmada xidm\u0259ti v\u0259zif\u0259l\u0259rini yerin\u0259 yetir\u0259rk\u0259n Silahl\u0131 Q\u00fcvv\u0259l\u0259rimizin h\u0259rbi qulluq\u00e7usu, \u0259sg\u0259r A\u011fayev F\u0259rid R\u00fcf\u0259t o\u011flu a\u011f\u0131r yaralan\u0131b. Nazirlik bildirir ki, vaxt\u0131nda v\u0259 m\u00fcvafiq tibbi yard\u0131m g\u00f6st\u0259rilm\u0259sin\u0259 baxmayaraq, onu xilas etm\u0259k m\u00fcmk\u00fcn olmay\u0131b.\n<\/p>\n<p>\n  21 fevral. M\u00fcdafi\u0259 Nazirliyinin m\u0259lumat\u0131na g\u00f6r\u0259, d\u00fc\u015fm\u0259nin Az\u0259rbaycan Silahl\u0131 Q\u00fcvv\u0259l\u0259rinin \u00a0b\u00f6lm\u0259l\u0259rinin m\u00f6vqel\u0259rin\u0259 basq\u0131n\u0131 zaman\u0131 \u0259sg\u0259r Cavadov Z\u0259limxan Eybal\u0131 o\u011flu \u015f\u0259hid olub. O, Qobustan rayonundan h\u0259rbi xidm\u0259t\u0259 \u00e7a\u011f\u0131r\u0131l\u0131b.\n<\/p>\n<p>\n  26 fevral. M\u00fcdafi\u0259 Nazirliyi bildirir ki, c\u0259bh\u0259 b\u00f6lg\u0259sind\u0259 Az\u0259rbaycan Ordusunun \u0259sg\u0259ri, O\u011fuz rayonundan h\u0259qiqi h\u0259rbi xidm\u0259t\u0259 \u00e7a\u011f\u0131r\u0131lan Qocayev Cavad C\u0259lil o\u011flu mina partlamas\u0131 n\u0259tic\u0259sind\u0259 d\u00fcnyas\u0131n\u0131 d\u0259yi\u015fib.\n<\/p>\n<p>\n  1 mart. Qazax rayonu \u201cN\u201d sayl\u0131 h\u0259rbi hiss\u0259d\u0259 Pa\u015fayev H\u00fcseyn M\u0259h\u0259mm\u0259d o\u011flu xidm\u0259ti silah\u0131 il\u0259 \u0259sg\u0259r yolda\u015f\u0131 H\u00fcseynov Razi \u0130lqar o\u011flunu ba\u015f\u0131ndan g\u00fcll\u0259yib. N\u0259tic\u0259d\u0259 \u0259sg\u0259r \u00f6lub. (M\u0259nb\u0259: Blogger H\u0259bib M\u00fcnt\u0259zir Facebook s\u0259hif\u0259sind\u0259 bildirib).\n<\/p>\n<p>\n  1 mart. T\u0259rt\u0259r rayonu \u201cN\u201d sayl\u0131 h\u0259rbi hiss\u0259d\u0259 19 ya\u015fl\u0131 \u0259sg\u0259r Mirz\u0259y\u0259v Mehdi N\u0259bi o\u011flu erm\u0259ni snayperind\u0259n a\u00e7\u0131lan at\u0259\u015f n\u0259tic\u0259sind\u0259 \u015f\u0259hid olub. M\u0259rhum ya\u015fad\u0131\u011f\u0131 Ceyranbatan q\u0259s\u0259b\u0259sind\u0259 torpa\u011fa tap\u015f\u0131r\u0131l\u0131b (M\u0259nb\u0259: Blogger H\u0259bib M\u00fcnt\u0259zir Facebook s\u0259hif\u0259sind\u0259 bildirib)\n<\/p>\n<p>\n  2 mart. M\u00fcdafi\u0259 Nazirliyi bildirir ki, G\u0259nc\u0259 \u015f\u0259h\u0259rind\u0259 yerl\u0259\u015f\u0259n N sayl\u0131 h\u0259rbi hiss\u0259d\u0259 xidm\u0259t ed\u0259n 28.08.1990-c\u0131 ild\u0259 anadan olmu\u015f, 07.01.2015-ci ild\u0259 Qusar rayonundan h\u0259rbi xidm\u0259t\u0259 \u00e7a\u011f\u0131r\u0131lm\u0131\u015f \u0259sg\u0259r P\u0259rvanayev Vicay G\u00fclm\u0259t o\u011flu ilkin ara\u015fd\u0131rmaya \u0259sas\u0259n k\u0259skin \u00fcr\u0259k v\u0259 t\u0259n\u0259ff\u00fcs \u00e7at\u0131\u015fmazl\u0131\u011f\u0131 s\u0259b\u0259bind\u0259n v\u0259fat edib.\n<\/p>\n<p>\n  7 mart. Murovda 24 ya\u015fl\u0131 \u0259sg\u0259r Bayramov Anar G\u00fcn\u0259\u015f o\u011flu \u0259sg\u0259r yolda\u015f\u0131 t\u0259r\u0259find\u0259n g\u00fcll\u0259l\u0259n\u0259r\u0259k \u00f6ld\u00fcr\u00fcl\u00fcb. (M\u0259nb\u0259: Blogger H\u0259bib M\u00fcnt\u0259zirin Facebook s\u0259hif\u0259si)\n<\/p>\n<p>\n  11 mart. D\u00fc\u015fm\u0259nl\u0259 d\u00f6y\u00fc\u015fd\u0259 Az\u0259rbaycan Silahl\u0131 Q\u00fcvv\u0259l\u0259rinin m\u00fcdd\u0259td\u0259n art\u0131q h\u0259qiqi h\u0259rbi xidm\u0259t h\u0259rbi qulluq\u00e7usu, \u0259sg\u0259r Atayev Anar Mamed o\u011flu \u015f\u0259hid olub. (M\u0259nb\u0259: M\u00fcdafi\u0259 Nazirliyinin sayt\u0131)\n<\/p>\n<p>\n  12 mart. Bak\u0131n\u0131n Qala q\u0259s\u0259b\u0259si &#8220;N&#8221; sayl\u0131 h\u0259rbi hiss\u0259d\u0259 ba\u015f gizir Osmanov B\u0259hram sirk\u0259 i\u00e7\u0259r\u0259k intihar edib. \u0130ntihar\u0131n s\u0259b\u0259bi m\u0259lum deyil. (M\u0259nb\u0259: Blogger H\u0259bib M\u00fcnt\u0259zirin Facebook s\u0259hif\u0259si)\n<\/p>\n<p>\n  13 mart. Erm\u0259ni silahl\u0131 b\u00f6lm\u0259l\u0259ri at\u0259\u015fk\u0259s rejimini pozaraq m\u00f6vqel\u0259rimizi at\u0259\u015f\u0259 tutublar. N\u0259tic\u0259d\u0259 Silahl\u0131 Q\u00fcvv\u0259l\u0259rimizin h\u0259rbi qulluq\u00e7usu Quliyev Orxan Vaqif o\u011flu d\u00fc\u015fm\u0259n t\u0259r\u0259find\u0259n a\u00e7\u0131lan at\u0259\u015fd\u0259n \u015f\u0259hid olub. (M\u0259nb\u0259: M\u00fcdafi\u0259 Nazirliyinin sayt\u0131)\n<\/p>\n<p>\n  19 mart. C\u0259lilabaddak\u0131 h\u0259rbi hiss\u0259l\u0259rin birind\u0259 Tovuz rayonundan h\u0259rbi xidm\u0259t\u0259 \u00e7a\u011f\u0131r\u0131lm\u0131\u015f, 1995-ci il t\u0259v\u0259ll\u00fcdl\u00fc S\u0259m\u0259rxan Etibar o\u011flu Yusifov ald\u0131\u011f\u0131 g\u00fcll\u0259 yaras\u0131ndan d\u00fcnyas\u0131n\u0131 d\u0259yi\u015fib. (M\u0259nb\u0259: Moderator.az)\n<\/p>\n<p>\n  26 mart. Az\u0259rbaycan Silahl\u0131 Q\u00fcvv\u0259l\u0259rinin h\u0259rb\u00e7isi Kaz\u0131mov Etibar Xudavi o\u011flu mart\u0131n 26-da c\u0259bh\u0259nin T\u0259r-t\u0259r rayonunun Qapanl\u0131 k\u0259ndi istiqam\u0259tind\u0259 \u015f\u0259hid olub. (M\u0259nb\u0259: Trend.az)\n<\/p>\n<p>\n  27 mart. C\u0259bh\u0259nin A\u011fdam istiqam\u0259tind\u0259 \u015f\u0259hid olmu\u015f Az\u0259rbaycan Respublikas\u0131 Silahl\u0131 Q\u00fcvv\u0259l\u0259rinin zabiti, ba\u015f leytenant, 1980-ci il t\u0259v\u0259ll\u00fcdl\u00fc \u018fhm\u0259dov \u0130qbal S\u0259rraf o\u011flunun c\u0259naz\u0259si mart\u0131n 28-d\u0259 do\u011fuldu\u011fu L\u0259nk\u0259ran rayonuna g\u0259tirilib. (M\u0259nb\u0259: AZ\u018fRTAC)\n<\/p>\n<p>\n  28 mart. &#8220;N&#8221; sayl\u0131 h\u0259rbi hiss\u0259nin \u0259sg\u0259ri Nazim \u0130brahimov tabeliyind\u0259ki silahla \u0259sg\u0259r yolda\u015f\u0131 Vasif Firudinlini ba\u015f\u0131ndan g\u00fcll\u0259l\u0259yib. Vasif yerind\u0259c\u0259 ke\u00e7inib. (M\u0259nb\u0259: Blogger H\u0259bib M\u00fcnt\u0259zirin Facebook s\u0259hif\u0259si)<\/p>\n","protected":false},"excerpt":{"rendered":"<p>2015-ci ilin gerid\u0259 qalan 3 ay \u0259rzind\u0259 Az\u0259rbaycan t\u0259hl\u00fck\u0259sizlik v\u0259 m\u00fcdafi\u0259 sektorunun itkil\u0259ri 19 n\u0259f\u0259r t\u0259\u015fkil edib.<\/p>\n","protected":false},"author":11,"featured_media":22068,"comment_status":"closed","ping_status":"open","sticky":false,"template":"","format":"standard","meta":{"_acf_changed":false,"_sitemap_exclude":false,"_sitemap_priority":"","_sitemap_frequency":"","footnotes":""},"categories":[56],"tags":[],"class_list":["post-167400","post","type-post","status-publish","format-standard","has-post-thumbnail","hentry","category-xeberler","infinite-scroll-item","generate-columns","tablet-grid-50","mobile-grid-100","grid-parent","grid-33","no-featured-image-padding"],"acf":[],"yoast_head":"<!-- This site is optimized with the Yoast SEO plugin v28.4 - https:\/\/yoast.com\/product\/yoast-seo-wordpress\/ -->\n<title>Son \u00fc\u00e7 ay \u0259rzind\u0259 h\u0259rbi itkil\u0259rimiz (\u0130nfoqrafika) - MEYDAN.TV<\/title>\n<meta name=\"robots\" content=\"index, follow, max-snippet:-1, max-image-preview:large, max-video-preview:-1\" \/>\n<link rel=\"canonical\" href=\"https:\/\/www.meydan.tv\/az\/article\/son-uc-ay-erzinde-herbi-itkilerimiz-infoqrafika\/\" \/>\n<meta property=\"og:locale\" content=\"az_AZ\" \/>\n<meta property=\"og:type\" content=\"article\" \/>\n<meta property=\"og:title\" content=\"Son \u00fc\u00e7 ay \u0259rzind\u0259 h\u0259rbi itkil\u0259rimiz (\u0130nfoqrafika) - MEYDAN.TV\" \/>\n<meta property=\"og:description\" content=\"2015-ci ilin gerid\u0259 qalan 3 ay \u0259rzind\u0259 Az\u0259rbaycan t\u0259hl\u00fck\u0259sizlik v\u0259 m\u00fcdafi\u0259 sektorunun itkil\u0259ri 19 n\u0259f\u0259r t\u0259\u015fkil edib.\" \/>\n<meta property=\"og:url\" content=\"https:\/\/www.meydan.tv\/az\/article\/son-uc-ay-erzinde-herbi-itkilerimiz-infoqrafika\/\" \/>\n<meta property=\"og:site_name\" content=\"MEYDAN.TV\" \/>\n<meta property=\"article:published_time\" content=\"2015-04-01T20:22:41+00:00\" \/>\n<meta property=\"og:image\" content=\"https:\/\/www.meydan.tv\/wp-content\/uploads\/7985.jpg\" \/>\n\t<meta property=\"og:image:width\" content=\"1800\" \/>\n\t<meta property=\"og:image:height\" content=\"1296\" \/>\n\t<meta property=\"og:image:type\" content=\"image\/jpeg\" \/>\n<meta name=\"twitter:card\" content=\"summary_large_image\" \/>\n<!-- \/ Yoast SEO plugin. -->","yoast_head_json":{"title":"Son \u00fc\u00e7 ay \u0259rzind\u0259 h\u0259rbi itkil\u0259rimiz (\u0130nfoqrafika) - MEYDAN.TV","robots":{"index":"index","follow":"follow","max-snippet":"max-snippet:-1","max-image-preview":"max-image-preview:large","max-video-preview":"max-video-preview:-1"},"canonical":"https:\/\/www.meydan.tv\/az\/article\/son-uc-ay-erzinde-herbi-itkilerimiz-infoqrafika\/","og_locale":"az_AZ","og_type":"article","og_title":"Son \u00fc\u00e7 ay \u0259rzind\u0259 h\u0259rbi itkil\u0259rimiz (\u0130nfoqrafika) - MEYDAN.TV","og_description":"2015-ci ilin gerid\u0259 qalan 3 ay \u0259rzind\u0259 Az\u0259rbaycan t\u0259hl\u00fck\u0259sizlik v\u0259 m\u00fcdafi\u0259 sektorunun itkil\u0259ri 19 n\u0259f\u0259r t\u0259\u015fkil edib.","og_url":"https:\/\/www.meydan.tv\/az\/article\/son-uc-ay-erzinde-herbi-itkilerimiz-infoqrafika\/","og_site_name":"MEYDAN.TV","article_published_time":"2015-04-01T20:22:41+00:00","og_image":[{"width":1800,"height":1296,"url":"https:\/\/www.meydan.tv\/wp-content\/uploads\/7985.jpg","type":"image\/jpeg"}],"twitter_card":"summary_large_image","schema":{"@context":"https:\/\/schema.org","@graph":[{"@type":"Article","@id":"https:\/\/www.meydan.tv\/az\/article\/son-uc-ay-erzinde-herbi-itkilerimiz-infoqrafika\/#article","isPartOf":{"@id":"https:\/\/www.meydan.tv\/az\/article\/son-uc-ay-erzinde-herbi-itkilerimiz-infoqrafika\/"},"author":{"name":"user-manager","@id":"https:\/\/www.meydan.tv\/az\/#\/schema\/person\/10d11eccf6da3662cf5fdab9806ea91a"},"headline":"Son \u00fc\u00e7 ay \u0259rzind\u0259 h\u0259rbi itkil\u0259rimiz (\u0130nfoqrafika)","datePublished":"2015-04-01T20:22:41+00:00","mainEntityOfPage":{"@id":"https:\/\/www.meydan.tv\/az\/article\/son-uc-ay-erzinde-herbi-itkilerimiz-infoqrafika\/"},"wordCount":1125,"publisher":{"@id":"https:\/\/www.meydan.tv\/az\/#organization"},"image":{"@id":"https:\/\/www.meydan.tv\/az\/article\/son-uc-ay-erzinde-herbi-itkilerimiz-infoqrafika\/#primaryimage"},"thumbnailUrl":"https:\/\/www.meydan.tv\/wp-content\/uploads\/7985.jpg","articleSection":["X\u0259b\u0259rl\u0259r"],"inLanguage":"az"},{"@type":"WebPage","@id":"https:\/\/www.meydan.tv\/az\/article\/son-uc-ay-erzinde-herbi-itkilerimiz-infoqrafika\/","url":"https:\/\/www.meydan.tv\/az\/article\/son-uc-ay-erzinde-herbi-itkilerimiz-infoqrafika\/","name":"Son \u00fc\u00e7 ay \u0259rzind\u0259 h\u0259rbi itkil\u0259rimiz (\u0130nfoqrafika) - MEYDAN.TV","isPartOf":{"@id":"https:\/\/www.meydan.tv\/az\/#website"},"primaryImageOfPage":{"@id":"https:\/\/www.meydan.tv\/az\/article\/son-uc-ay-erzinde-herbi-itkilerimiz-infoqrafika\/#primaryimage"},"image":{"@id":"https:\/\/www.meydan.tv\/az\/article\/son-uc-ay-erzinde-herbi-itkilerimiz-infoqrafika\/#primaryimage"},"thumbnailUrl":"https:\/\/www.meydan.tv\/wp-content\/uploads\/7985.jpg","datePublished":"2015-04-01T20:22:41+00:00","breadcrumb":{"@id":"https:\/\/www.meydan.tv\/az\/article\/son-uc-ay-erzinde-herbi-itkilerimiz-infoqrafika\/#breadcrumb"},"inLanguage":"az","potentialAction":[{"@type":"ReadAction","target":["https:\/\/www.meydan.tv\/az\/article\/son-uc-ay-erzinde-herbi-itkilerimiz-infoqrafika\/"]}]},{"@type":"ImageObject","inLanguage":"az","@id":"https:\/\/www.meydan.tv\/az\/article\/son-uc-ay-erzinde-herbi-itkilerimiz-infoqrafika\/#primaryimage","url":"https:\/\/www.meydan.tv\/wp-content\/uploads\/7985.jpg","contentUrl":"https:\/\/www.meydan.tv\/wp-content\/uploads\/7985.jpg","width":1800,"height":1296,"caption":"Source:"},{"@type":"BreadcrumbList","@id":"https:\/\/www.meydan.tv\/az\/article\/son-uc-ay-erzinde-herbi-itkilerimiz-infoqrafika\/#breadcrumb","itemListElement":[{"@type":"ListItem","position":1,"name":"Ana s\u0259hif\u0259","item":"https:\/\/www.meydan.tv\/az\/"},{"@type":"ListItem","position":2,"name":"X\u0259b\u0259rl\u0259r","item":"https:\/\/www.meydan.tv\/az\/section\/xeberler\/"},{"@type":"ListItem","position":3,"name":"Son \u00fc\u00e7 ay \u0259rzind\u0259 h\u0259rbi itkil\u0259rimiz (\u0130nfoqrafika)"}]},{"@type":"WebSite","@id":"https:\/\/www.meydan.tv\/az\/#website","url":"https:\/\/www.meydan.tv\/az\/","name":"MEYDAN.TV","description":"Meydan TV Az\u0259rbaycan\u0131n media m\u0259kan\u0131ndak\u0131 alternativ s\u0259sidir","publisher":{"@id":"https:\/\/www.meydan.tv\/az\/#organization"},"potentialAction":[{"@type":"SearchAction","target":{"@type":"EntryPoint","urlTemplate":"https:\/\/www.meydan.tv\/az\/?s={search_term_string}"},"query-input":{"@type":"PropertyValueSpecification","valueRequired":true,"valueName":"search_term_string"}}],"inLanguage":"az"},{"@type":"Organization","@id":"https:\/\/www.meydan.tv\/az\/#organization","name":"Meydan TV","url":"https:\/\/www.meydan.tv\/az\/","logo":{"@type":"ImageObject","inLanguage":"az","@id":"https:\/\/www.meydan.tv\/az\/#\/schema\/logo\/image\/","url":"https:\/\/www.meydan.tv\/wp-content\/uploads\/2021\/07\/meydan-logo.svg","contentUrl":"https:\/\/www.meydan.tv\/wp-content\/uploads\/2021\/07\/meydan-logo.svg","width":195,"height":46,"caption":"Meydan TV"},"image":{"@id":"https:\/\/www.meydan.tv\/az\/#\/schema\/logo\/image\/"}},{"@type":"Person","@id":"https:\/\/www.meydan.tv\/az\/#\/schema\/person\/10d11eccf6da3662cf5fdab9806ea91a","name":"user-manager"}]}},"_links":{"self":[{"href":"https:\/\/www.meydan.tv\/az\/wp-json\/wp\/v2\/posts\/167400","targetHints":{"allow":["GET"]}}],"collection":[{"href":"https:\/\/www.meydan.tv\/az\/wp-json\/wp\/v2\/posts"}],"about":[{"href":"https:\/\/www.meydan.tv\/az\/wp-json\/wp\/v2\/types\/post"}],"author":[{"embeddable":true,"href":"https:\/\/www.meydan.tv\/az\/wp-json\/wp\/v2\/users\/11"}],"replies":[{"embeddable":true,"href":"https:\/\/www.meydan.tv\/az\/wp-json\/wp\/v2\/comments?post=167400"}],"version-history":[{"count":0,"href":"https:\/\/www.meydan.tv\/az\/wp-json\/wp\/v2\/posts\/167400\/revisions"}],"wp:featuredmedia":[{"embeddable":true,"href":"https:\/\/www.meydan.tv\/az\/wp-json\/wp\/v2\/media\/22068"}],"wp:attachment":[{"href":"https:\/\/www.meydan.tv\/az\/wp-json\/wp\/v2\/media?parent=167400"}],"wp:term":[{"taxonomy":"category","embeddable":true,"href":"https:\/\/www.meydan.tv\/az\/wp-json\/wp\/v2\/categories?post=167400"},{"taxonomy":"post_tag","embeddable":true,"href":"https:\/\/www.meydan.tv\/az\/wp-json\/wp\/v2\/tags?post=167400"}],"curies":[{"name":"wp","href":"https:\/\/api.w.org\/{rel}","templated":true}]}}