{"id":167399,"date":"2015-04-01T18:41:58","date_gmt":"2015-04-01T18:41:58","guid":{"rendered":"https:\/\/www.meydan.tv\/article\/malena-mard-avropa-ittifaqi-ucun-status-kvo-qbuledilmzdir\/"},"modified":"2015-04-01T18:41:58","modified_gmt":"2015-04-01T18:41:58","slug":"malena-mard-avropa-ittifaqi-ucun-status-kvo-qbuledilmzdir","status":"publish","type":"post","link":"https:\/\/www.meydan.tv\/az\/article\/malena-mard-avropa-ittifaqi-ucun-status-kvo-qbuledilmzdir\/","title":{"rendered":"Malena Mard: &#8220;Avropa \u0130ttifaq\u0131 \u00fc\u00e7\u00fcn \u201cstatus-kvo\u201d q\u04d9buledilm\u04d9zdir&#8221;"},"content":{"rendered":"<figure class=\"wp-block-image size-large\">\n  <img decoding=\"async\" src=\"https:\/\/www.meydan.tv\/az\/22047\/\" alt=\"\" class=\"wp-image-22047\"\/><figcaption><\/figcaption><\/figure>\n<figure class=\"wp-block-image size-large\">\n  <img decoding=\"async\" src=\"https:\/\/www.meydan.tv\/az\/22050\/\" alt=\"\" class=\"wp-image-22050\"\/><figcaption><\/figcaption><\/figure>\n<p>\n  <i><br \/>\n    &#8220;Q\u0259buledilm\u0259z olan m\u00f6vcud status-kvonun d\u0259yi\u015fdirilm\u0259si \u00fc\u00e7\u00fcn Erm\u0259nistan qo\u015funlar\u0131n\u0131n i\u015f\u011fal olunmu\u015f \u0259razil\u0259rind\u0259n \u00e7\u0131xar\u0131lmas\u0131 t\u0259min olunmal\u0131d\u0131r&#8221;<br \/>\n  <\/i>\n<\/p>\n<p>\n  &#8220;1999-cu ild\u04d9 Az\u04d9rbaycanla Avropa \u0130ttifaq\u0131 aras\u0131nda t\u04d9r\u04d9fda\u015fl\u0131q v\u04d9 \u04d9m\u04d9kda\u015fl\u0131q haqq\u0131nda s\u04d9n\u04d9d imzalan\u0131b. H\u0259min s\u0259n\u0259dd\u0259 Az\u04d9rbaycan\u0131n \u04d9razi b\u00fct\u00f6vl\u00fcy\u00fc v\u04d9 suverenliyi d\u0259st\u0259kl\u0259nib&#8221;.\n<\/p>\n<p>\n  APA-n\u0131n m\u04d9lumat\u0131na g\u00f6r\u04d9, bunu Avropa \u0130ttifaq\u0131n\u0131n Bak\u0131 ofisinin r\u04d9hb\u04d9ri Malena Mard deyib.\n<\/p>\n<p>\n  Onun s\u00f6zl\u04d9rin\u04d9 g\u00f6r\u04d9, Avropa \u0130ttifaq\u0131 AT\u018fT-in Minsk qrupu h\u04d9ms\u04d9drl\u04d9rinin nizamlanma prosesind\u0259ki s\u04d9yl\u04d9rini d\u04d9st\u04d9kl\u04d9yir: &#8220;Biz uzun m\u00fcdd\u04d9t etimad\u0131n qurulmas\u0131 \u00fc\u00e7\u00fcn ed\u0259 bil\u0259c\u0259yimiz yard\u0131mla ba\u011fl\u0131 dan\u0131\u015f\u0131qlar aparm\u0131\u015f\u0131q&#8221;.\n<\/p>\n<p>\n  Diplomat qeyd edib ki, Avropa \u0130ttifaq\u0131 \u04d9razi b\u00fct\u00f6vl\u00fcy\u00fc v\u04d9 t\u04d9hl\u00fck\u04d9sizlik m\u04d9s\u04d9l\u04d9l\u04d9rin\u04d9 x\u00fcsusi diqq\u04d9t yetirir: &#8220;Bizim \u00fc\u00e7\u00fcn d\u0259 \u201cstatus-kvo\u201d q\u04d9buledilm\u04d9zdir. \u00d6t\u04d9n il prezidentl\u04d9r 3 d\u04d9f\u04d9 g\u00f6r\u00fc\u015f\u00fcbl\u0259r. Y\u00fcks\u04d9k s\u04d9viyy\u04d9li g\u00f6r\u00fc\u015fl\u04d9rin ke\u00e7irilm\u0259si yax\u015f\u0131 hald\u0131r. Avropa \u0130ttifaq\u0131n\u0131n C\u04d9nubi Qafqaz \u00fczr\u04d9 x\u00fcsusi n\u00fcmay\u04d9nd\u04d9si var. O, h\u04d9ms\u04d9drl\u04d9rl\u04d9 daim t\u04d9masda olur&#8221;.\n<\/p>\n<figure class=\"wp-block-image size-large\">\n  <img decoding=\"async\" src=\"https:\/\/www.meydan.tv\/az\/22047\/\" alt=\"\" class=\"wp-image-22047\"\/><figcaption><\/figcaption><\/figure>\n<p>\n  Xarici \u0130\u015fl\u0259r Nazirliyinin m\u0259tbuat katibi Hikm\u0259t Hac\u0131yev Avropa \u0130ttifaq\u0131n\u0131n Bak\u0131 ofisinin r\u0259hb\u0259ri Malena Mard\u0131n status-kvonun q\u0259buledilm\u0259zliyi bar\u0259sind\u0259 fikrini m\u00fcsb\u0259t qar\u015f\u0131lay\u0131b.\n<\/p>\n<p>\n  H.Hac\u0131yevin s\u00f6zl\u0259rin\u0259 g\u00f6r\u0259, m\u00f6vcud status-kvonun \u0259sas\u0131n\u0131 Erm\u0259nistan\u0131n Az\u0259rbaycana qar\u015f\u0131 t\u0259cav\u00fcz\u00fc v\u0259 Az\u0259rbaycan \u0259razil\u0259rini i\u015f\u011fal\u0131 t\u0259\u015fkil edir: \u201cOna g\u00f6r\u0259 d\u0259 q\u0259buledilm\u0259z olan m\u00f6vcud status-kvonun d\u0259yi\u015fdirilm\u0259si \u00fc\u00e7\u00fcn Erm\u0259nistan\u0131n Az\u0259rbaycana qar\u015f\u0131 i\u015f\u011fal v\u0259 t\u0259cav\u00fcz\u00fcn\u00fcn n\u0259tic\u0259l\u0259rinin aradan qald\u0131r\u0131lmas\u0131 v\u0259 Erm\u0259nistan qo\u015funlar\u0131n\u0131n i\u015f\u011fal olunmu\u015f Az\u0259rbaycan \u0259razil\u0259rind\u0259n \u00e7\u0131xar\u0131lmas\u0131 t\u0259min olunmal\u0131d\u0131r. \u0130\u015f\u011fal v\u0259 t\u0259cav\u00fcz fakt\u0131n\u0131n, x\u00fcsusil\u0259 Erm\u0259nistan\u0131n i\u015f\u011fal\u00e7\u0131 q\u00fcvv\u0259l\u0259rinin i\u015f\u011fal olunmu\u015f Az\u0259rbaycan \u0259razil\u0259rind\u0259 m\u00f6vcudlu\u011fu regional s\u00fclh v\u0259 t\u0259hl\u00fck\u0259sizlik \u00fc\u00e7\u00fcn \u0259n ba\u015fl\u0131ca t\u0259hdiddir\u201d<\/p>\n","protected":false},"excerpt":{"rendered":"<p>&#8220;Q\u0259buledilm\u0259z olan m\u00f6vcud status-kvonun d\u0259yi\u015fdirilm\u0259si \u00fc\u00e7\u00fcn Erm\u0259nistan qo\u015funlar\u0131n\u0131n i\u015f\u011fal olunmu\u015f \u0259razil\u0259rind\u0259n \u00e7\u0131xar\u0131lmas\u0131 t\u0259min olunmal\u0131d\u0131r&#8221;<\/p>\n","protected":false},"author":11,"featured_media":22047,"comment_status":"closed","ping_status":"open","sticky":false,"template":"","format":"standard","meta":{"_acf_changed":false,"_sitemap_exclude":false,"_sitemap_priority":"","_sitemap_frequency":"","footnotes":""},"categories":[56],"tags":[],"class_list":["post-167399","post","type-post","status-publish","format-standard","has-post-thumbnail","hentry","category-xeberler","infinite-scroll-item","generate-columns","tablet-grid-50","mobile-grid-100","grid-parent","grid-33","no-featured-image-padding"],"acf":[],"yoast_head":"<!-- This site is optimized with the Yoast SEO plugin v28.4 - https:\/\/yoast.com\/product\/yoast-seo-wordpress\/ -->\n<title>Malena Mard: &quot;Avropa \u0130ttifaq\u0131 \u00fc\u00e7\u00fcn \u201cstatus-kvo\u201d q\u04d9buledilm\u04d9zdir&quot; - MEYDAN.TV<\/title>\n<meta name=\"robots\" content=\"index, follow, max-snippet:-1, max-image-preview:large, max-video-preview:-1\" \/>\n<link rel=\"canonical\" href=\"https:\/\/www.meydan.tv\/az\/article\/malena-mard-avropa-ittifaqi-ucun-status-kvo-qbuledilmzdir\/\" \/>\n<meta property=\"og:locale\" content=\"az_AZ\" \/>\n<meta property=\"og:type\" content=\"article\" \/>\n<meta property=\"og:title\" content=\"Malena Mard: &quot;Avropa \u0130ttifaq\u0131 \u00fc\u00e7\u00fcn \u201cstatus-kvo\u201d q\u04d9buledilm\u04d9zdir&quot; - MEYDAN.TV\" \/>\n<meta property=\"og:description\" content=\"&quot;Q\u0259buledilm\u0259z olan m\u00f6vcud status-kvonun d\u0259yi\u015fdirilm\u0259si \u00fc\u00e7\u00fcn Erm\u0259nistan qo\u015funlar\u0131n\u0131n i\u015f\u011fal olunmu\u015f \u0259razil\u0259rind\u0259n \u00e7\u0131xar\u0131lmas\u0131 t\u0259min olunmal\u0131d\u0131r&quot;\" \/>\n<meta property=\"og:url\" content=\"https:\/\/www.meydan.tv\/az\/article\/malena-mard-avropa-ittifaqi-ucun-status-kvo-qbuledilmzdir\/\" \/>\n<meta property=\"og:site_name\" content=\"MEYDAN.TV\" \/>\n<meta property=\"article:published_time\" content=\"2015-04-01T18:41:58+00:00\" \/>\n<meta property=\"og:image\" content=\"https:\/\/www.meydan.tv\/wp-content\/uploads\/7982.jpg\" \/>\n\t<meta property=\"og:image:width\" content=\"371\" \/>\n\t<meta property=\"og:image:height\" content=\"279\" \/>\n\t<meta property=\"og:image:type\" content=\"image\/jpeg\" \/>\n<meta name=\"twitter:card\" content=\"summary_large_image\" \/>\n<!-- \/ Yoast SEO plugin. -->","yoast_head_json":{"title":"Malena Mard: \"Avropa \u0130ttifaq\u0131 \u00fc\u00e7\u00fcn \u201cstatus-kvo\u201d q\u04d9buledilm\u04d9zdir\" - MEYDAN.TV","robots":{"index":"index","follow":"follow","max-snippet":"max-snippet:-1","max-image-preview":"max-image-preview:large","max-video-preview":"max-video-preview:-1"},"canonical":"https:\/\/www.meydan.tv\/az\/article\/malena-mard-avropa-ittifaqi-ucun-status-kvo-qbuledilmzdir\/","og_locale":"az_AZ","og_type":"article","og_title":"Malena Mard: \"Avropa \u0130ttifaq\u0131 \u00fc\u00e7\u00fcn \u201cstatus-kvo\u201d q\u04d9buledilm\u04d9zdir\" - MEYDAN.TV","og_description":"\"Q\u0259buledilm\u0259z olan m\u00f6vcud status-kvonun d\u0259yi\u015fdirilm\u0259si \u00fc\u00e7\u00fcn Erm\u0259nistan qo\u015funlar\u0131n\u0131n i\u015f\u011fal olunmu\u015f \u0259razil\u0259rind\u0259n \u00e7\u0131xar\u0131lmas\u0131 t\u0259min olunmal\u0131d\u0131r\"","og_url":"https:\/\/www.meydan.tv\/az\/article\/malena-mard-avropa-ittifaqi-ucun-status-kvo-qbuledilmzdir\/","og_site_name":"MEYDAN.TV","article_published_time":"2015-04-01T18:41:58+00:00","og_image":[{"width":371,"height":279,"url":"https:\/\/www.meydan.tv\/wp-content\/uploads\/7982.jpg","type":"image\/jpeg"}],"twitter_card":"summary_large_image","schema":{"@context":"https:\/\/schema.org","@graph":[{"@type":"Article","@id":"https:\/\/www.meydan.tv\/az\/article\/malena-mard-avropa-ittifaqi-ucun-status-kvo-qbuledilmzdir\/#article","isPartOf":{"@id":"https:\/\/www.meydan.tv\/az\/article\/malena-mard-avropa-ittifaqi-ucun-status-kvo-qbuledilmzdir\/"},"author":{"name":"user-manager","@id":"https:\/\/www.meydan.tv\/az\/#\/schema\/person\/10d11eccf6da3662cf5fdab9806ea91a"},"headline":"Malena Mard: &#8220;Avropa \u0130ttifaq\u0131 \u00fc\u00e7\u00fcn \u201cstatus-kvo\u201d q\u04d9buledilm\u04d9zdir&#8221;","datePublished":"2015-04-01T18:41:58+00:00","mainEntityOfPage":{"@id":"https:\/\/www.meydan.tv\/az\/article\/malena-mard-avropa-ittifaqi-ucun-status-kvo-qbuledilmzdir\/"},"wordCount":407,"publisher":{"@id":"https:\/\/www.meydan.tv\/az\/#organization"},"image":{"@id":"https:\/\/www.meydan.tv\/az\/article\/malena-mard-avropa-ittifaqi-ucun-status-kvo-qbuledilmzdir\/#primaryimage"},"thumbnailUrl":"https:\/\/www.meydan.tv\/wp-content\/uploads\/7982.jpg","articleSection":["X\u0259b\u0259rl\u0259r"],"inLanguage":"az"},{"@type":"WebPage","@id":"https:\/\/www.meydan.tv\/az\/article\/malena-mard-avropa-ittifaqi-ucun-status-kvo-qbuledilmzdir\/","url":"https:\/\/www.meydan.tv\/az\/article\/malena-mard-avropa-ittifaqi-ucun-status-kvo-qbuledilmzdir\/","name":"Malena Mard: \"Avropa \u0130ttifaq\u0131 \u00fc\u00e7\u00fcn \u201cstatus-kvo\u201d q\u04d9buledilm\u04d9zdir\" - MEYDAN.TV","isPartOf":{"@id":"https:\/\/www.meydan.tv\/az\/#website"},"primaryImageOfPage":{"@id":"https:\/\/www.meydan.tv\/az\/article\/malena-mard-avropa-ittifaqi-ucun-status-kvo-qbuledilmzdir\/#primaryimage"},"image":{"@id":"https:\/\/www.meydan.tv\/az\/article\/malena-mard-avropa-ittifaqi-ucun-status-kvo-qbuledilmzdir\/#primaryimage"},"thumbnailUrl":"https:\/\/www.meydan.tv\/wp-content\/uploads\/7982.jpg","datePublished":"2015-04-01T18:41:58+00:00","breadcrumb":{"@id":"https:\/\/www.meydan.tv\/az\/article\/malena-mard-avropa-ittifaqi-ucun-status-kvo-qbuledilmzdir\/#breadcrumb"},"inLanguage":"az","potentialAction":[{"@type":"ReadAction","target":["https:\/\/www.meydan.tv\/az\/article\/malena-mard-avropa-ittifaqi-ucun-status-kvo-qbuledilmzdir\/"]}]},{"@type":"ImageObject","inLanguage":"az","@id":"https:\/\/www.meydan.tv\/az\/article\/malena-mard-avropa-ittifaqi-ucun-status-kvo-qbuledilmzdir\/#primaryimage","url":"https:\/\/www.meydan.tv\/wp-content\/uploads\/7982.jpg","contentUrl":"https:\/\/www.meydan.tv\/wp-content\/uploads\/7982.jpg","width":371,"height":279,"caption":"Source:"},{"@type":"BreadcrumbList","@id":"https:\/\/www.meydan.tv\/az\/article\/malena-mard-avropa-ittifaqi-ucun-status-kvo-qbuledilmzdir\/#breadcrumb","itemListElement":[{"@type":"ListItem","position":1,"name":"Ana s\u0259hif\u0259","item":"https:\/\/www.meydan.tv\/az\/"},{"@type":"ListItem","position":2,"name":"X\u0259b\u0259rl\u0259r","item":"https:\/\/www.meydan.tv\/az\/section\/xeberler\/"},{"@type":"ListItem","position":3,"name":"Malena Mard: &#8220;Avropa \u0130ttifaq\u0131 \u00fc\u00e7\u00fcn \u201cstatus-kvo\u201d q\u04d9buledilm\u04d9zdir&#8221;"}]},{"@type":"WebSite","@id":"https:\/\/www.meydan.tv\/az\/#website","url":"https:\/\/www.meydan.tv\/az\/","name":"MEYDAN.TV","description":"Meydan TV Az\u0259rbaycan\u0131n media m\u0259kan\u0131ndak\u0131 alternativ s\u0259sidir","publisher":{"@id":"https:\/\/www.meydan.tv\/az\/#organization"},"potentialAction":[{"@type":"SearchAction","target":{"@type":"EntryPoint","urlTemplate":"https:\/\/www.meydan.tv\/az\/?s={search_term_string}"},"query-input":{"@type":"PropertyValueSpecification","valueRequired":true,"valueName":"search_term_string"}}],"inLanguage":"az"},{"@type":"Organization","@id":"https:\/\/www.meydan.tv\/az\/#organization","name":"Meydan TV","url":"https:\/\/www.meydan.tv\/az\/","logo":{"@type":"ImageObject","inLanguage":"az","@id":"https:\/\/www.meydan.tv\/az\/#\/schema\/logo\/image\/","url":"https:\/\/www.meydan.tv\/wp-content\/uploads\/2021\/07\/meydan-logo.svg","contentUrl":"https:\/\/www.meydan.tv\/wp-content\/uploads\/2021\/07\/meydan-logo.svg","width":195,"height":46,"caption":"Meydan TV"},"image":{"@id":"https:\/\/www.meydan.tv\/az\/#\/schema\/logo\/image\/"}},{"@type":"Person","@id":"https:\/\/www.meydan.tv\/az\/#\/schema\/person\/10d11eccf6da3662cf5fdab9806ea91a","name":"user-manager"}]}},"_links":{"self":[{"href":"https:\/\/www.meydan.tv\/az\/wp-json\/wp\/v2\/posts\/167399","targetHints":{"allow":["GET"]}}],"collection":[{"href":"https:\/\/www.meydan.tv\/az\/wp-json\/wp\/v2\/posts"}],"about":[{"href":"https:\/\/www.meydan.tv\/az\/wp-json\/wp\/v2\/types\/post"}],"author":[{"embeddable":true,"href":"https:\/\/www.meydan.tv\/az\/wp-json\/wp\/v2\/users\/11"}],"replies":[{"embeddable":true,"href":"https:\/\/www.meydan.tv\/az\/wp-json\/wp\/v2\/comments?post=167399"}],"version-history":[{"count":0,"href":"https:\/\/www.meydan.tv\/az\/wp-json\/wp\/v2\/posts\/167399\/revisions"}],"wp:featuredmedia":[{"embeddable":true,"href":"https:\/\/www.meydan.tv\/az\/wp-json\/wp\/v2\/media\/22047"}],"wp:attachment":[{"href":"https:\/\/www.meydan.tv\/az\/wp-json\/wp\/v2\/media?parent=167399"}],"wp:term":[{"taxonomy":"category","embeddable":true,"href":"https:\/\/www.meydan.tv\/az\/wp-json\/wp\/v2\/categories?post=167399"},{"taxonomy":"post_tag","embeddable":true,"href":"https:\/\/www.meydan.tv\/az\/wp-json\/wp\/v2\/tags?post=167399"}],"curies":[{"name":"wp","href":"https:\/\/api.w.org\/{rel}","templated":true}]}}