{"id":167397,"date":"2015-04-01T18:08:00","date_gmt":"2015-04-01T18:08:00","guid":{"rendered":"https:\/\/www.meydan.tv\/article\/elman-rustemov-banklara-dollarla-goturulen-kreditlerle-bagli-tovsiyyeler-edib\/"},"modified":"2015-04-01T18:08:00","modified_gmt":"2015-04-01T18:08:00","slug":"elman-rustemov-banklara-dollarla-goturulen-kreditlerle-bagli-tovsiyyeler-edib","status":"publish","type":"post","link":"https:\/\/www.meydan.tv\/az\/article\/elman-rustemov-banklara-dollarla-goturulen-kreditlerle-bagli-tovsiyyeler-edib\/","title":{"rendered":"Elman R\u00fcst\u0259mov banklara dollarla g\u00f6t\u00fcr\u00fcl\u0259n kreditl\u0259rl\u0259 ba\u011fl\u0131 t\u00f6vsiyy\u0259l\u0259r edib"},"content":{"rendered":"<figure class=\"wp-block-image size-large\">\n  <img decoding=\"async\" src=\"https:\/\/www.meydan.tv\/az\/22035\/\" alt=\"\" class=\"wp-image-22035\"\/><figcaption><\/figcaption><\/figure>\n<figure class=\"wp-block-image size-large\">\n  <img decoding=\"async\" src=\"https:\/\/www.meydan.tv\/az\/22035\/\" alt=\"\" class=\"wp-image-22035\"\/><figcaption><\/figcaption><\/figure>\n<p>\n  <b><br \/>\n    &#8220;B<br \/>\n  <\/b><br \/>\n  <b><br \/>\n    anklara kreditl\u0259rin vaxt\u0131n\u0131 2-5 il v\u0259 daha \u00e7ox m\u00fcdd\u0259t\u0259 q\u0259d\u0259r uzatma\u011f\u0131 m\u0259sl\u0259h\u0259t g\u00f6r\u00fcr\u0259m&#8221;<br \/>\n  <\/b>\n<\/p>\n<p>\n  &#8220;Bankdan kredit hans\u0131 valyuta il\u0259 g\u00f6t\u00fcr\u00fcl\u00fcbs\u0259, onunla da qaytar\u0131lmal\u0131d\u0131r&#8221;, &#8211; bu s\u00f6zl\u0259ri mart\u0131n 31-d\u0259 Milli M\u0259clisin \u0130qtisadi siyas\u0259t komit\u0259sind\u0259 \u00e7\u0131x\u0131\u015f\u0131 zaman\u0131 Az\u0259rbaycan M\u0259rk\u0259zi Bank\u0131n\u0131n (AMB) s\u0259dri Elman R\u00fcst\u0259mov deyib.\n<\/p>\n<p>\n  E. R\u00fcst\u0259mov bununla yana\u015f\u0131 kommersiya banklar\u0131na t\u00f6vsiy\u0259l\u0259r d\u0259 edib: &#8220;T\u00f6vsiy\u0259 edirdim ki, banklar \u00f6z kreditl\u0259rini restrukturizasiya etsinl\u0259r v\u0259 vaxt\u0131n\u0131 uzats\u0131nlar. \u018fg\u0259r banklar bu add\u0131mlar\u0131 atmasalar, onda problemli kreditl\u0259rin h\u0259cmi artacaq. Buna g\u00f6r\u0259, banklara kreditl\u0259rin vaxt\u0131n\u0131 2-5 il v\u0259 daha \u00e7ox m\u00fcdd\u0259t\u0259 q\u0259d\u0259r uzatma\u011f\u0131 m\u0259sl\u0259h\u0259t g\u00f6r\u00fcr\u0259m. Bu g\u00fcn banklar 15-20 faizl\u0259 kredit verirl\u0259r. Burada kifay\u0259t q\u0259d\u0259r g\u0259lirlik var&#8221;.\n<\/p>\n<p>\n  Milli Bank r\u0259hb\u0259ri banklara faiz d\u0259r\u0259c\u0259l\u0259rini a\u015fa\u011f\u0131 salma\u011f\u0131 da t\u00f6vsiy\u0259 edib: &#8220;Bu, banklar\u0131n \u00f6zl\u0259rin\u0259 s\u0259rf ed\u0259c\u0259k v\u0259 banklar\u0131n problemli kreditl\u0259rinin h\u0259cminin artmas\u0131n\u0131n qar\u015f\u0131s\u0131n\u0131 alacaq&#8221;.\n<\/p>\n<p>\n  \u0130qtisad\u00e7\u0131 ekspert V\u00fcqar Bayramov M\u0259rk\u0259zi Bank\u0131n dollar il\u0259 g\u00f6t\u00fcrl\u0259n kreditl\u0259r\u0259 faiz g\u00fcz\u0259\u015ftl\u0259rin t\u0259tbiq edilm\u0259si \u00fc\u00e7\u00fcn a\u015fa\u011f\u0131dak\u0131lar\u0131n h\u0259yata ke\u00e7irilm\u0259sin\u0259 ehtiyac oldu\u011funu deyir:\n<\/p>\n<p>\n  &#8220;\u018fvv\u0259lla, M\u0259rk\u0259zi Bank bel\u0259 g\u00fcz\u0259\u015ftl\u0259rin t\u0259tbiq edilm\u0259si \u00fc\u00e7\u00fcn banklara r\u0259smi v\u0259 yaz\u0131l\u0131 t\u00f6vsiyy\u0259 m\u0259ktubu g\u00f6nd\u0259rm\u0259sin\u0259 ehtiyac var. Ba\u015f bank\u0131n idar\u0259 hey\u0259tini g\u00f6nd\u0259r\u0259c\u0259yi m\u0259ktubda faiz d\u0259r\u0259c\u0259l\u0259rinin a\u015fa\u011f\u0131 sal\u0131nmas\u0131n\u0131n b\u00fct\u00fcn banklara t\u00f6vsiyy\u0259 olundu\u011fu bildirilm\u0259lidir; \u0130kincisi, t\u00f6vsiyy\u0259 m\u0259ktubunda kreditl\u0259r \u00fczr\u0259 t\u00f6vsiyy\u0259 edil\u0259n faiz endiriml\u0259rinin intervallar\u0131 qeyd edilm\u0259lidir. M\u0259s\u0259l\u0259n, indiki halda kredit faizl\u0259rin\u0259 \u00fcmumi faizin 30 faizi h\u0259cmind\u0259 g\u00fcz\u0259\u015ftin edilm\u0259si m\u00fcmk\u00fcnd\u00fcr. Y\u0259ni, \u0259g\u0259r istehlak krediti illik 28 faizl\u0259 verilibs\u0259, o zaman h\u0259min kredit faizi 16.7 faiz\u0259d\u0259k a\u015fa\u011f\u0131 sal\u0131na bil\u0259r. Bu zaman s\u00f6z\u00fcg\u00fcd\u0259n kredit \u00fczr\u0259 9.3 faiz g\u00fc\u015f\u0259t t\u0259tbiq edilmi\u015f olur. Bu is\u0259, h\u0259m kommersiya banklar\u0131n\u0131n m\u0259nf\u0259\u0259t \u0259ld\u0259 etm\u0259sin\u0259, h\u0259m d\u0259 m\u00fc\u015ft\u0259ril\u0259rin \u00f6d\u0259m\u0259 qabiliyy\u0259tinin normalla\u015fmas\u0131na imkan ver\u0259 bil\u0259r&#8221;.\n<\/p>\n<p>\n  Ekspert bildirir ki, b\u00fct\u00f6vl\u00fckd\u0259, M\u0259rk\u0259zi Bank kommersiya banklar\u0131na dollarla kredit g\u00f6t\u00fcr\u0259n v\u0259t\u0259nda\u015flar\u0131n kredit m\u00fcqavil\u0259l\u0259rin\u0259 yenid\u0259n bax\u0131lmas\u0131 v\u0259 h\u0259min v\u0259t\u0259nda\u015flar \u00fc\u00e7\u00fcn ayl\u0131q kredit faizl\u0259rinin t\u00f6vsiyy\u0259 edil\u0259n h\u0259dd\u0259 a\u015fa\u011f\u0131 sal\u0131nmas\u0131 il\u0259 ba\u011fl\u0131 t\u00f6vsiy\u0259 m\u0259ktubu g\u00f6nd\u0259rm\u0259si problemin xeyili yum\u015falmas\u0131na s\u0259b\u0259b ola bil\u0259r: &#8220;Bununla dollar il\u0259 olan kreditl\u0259rin faizl\u0259rind\u0259 hiss edil\u0259n azalma t\u0259tbiq etm\u0259kl\u0259 onlar\u0131n ayl\u0131q \u00f6d\u0259ni\u015fl\u0259rind\u0259 k\u0259skin art\u0131m\u0131n qar\u015f\u0131s\u0131n\u0131 almaq v\u0259 banklar\u0131n da likvidliyinin qorunub saxlmas\u0131 m\u00fcmk\u00fcnd\u00fcr&#8221;.<\/p>\n","protected":false},"excerpt":{"rendered":"<p>&#8220;Banklara kreditl\u0259rin vaxt\u0131n\u0131 2-5 il v\u0259 daha \u00e7ox m\u00fcdd\u0259t\u0259 q\u0259d\u0259r uzatma\u011f\u0131 m\u0259sl\u0259h\u0259t g\u00f6r\u00fcr\u0259m&#8221;<\/p>\n","protected":false},"author":11,"featured_media":22035,"comment_status":"closed","ping_status":"open","sticky":false,"template":"","format":"standard","meta":{"_acf_changed":false,"_sitemap_exclude":false,"_sitemap_priority":"","_sitemap_frequency":"","footnotes":""},"categories":[56],"tags":[],"class_list":["post-167397","post","type-post","status-publish","format-standard","has-post-thumbnail","hentry","category-xeberler","infinite-scroll-item","generate-columns","tablet-grid-50","mobile-grid-100","grid-parent","grid-33","no-featured-image-padding"],"acf":[],"yoast_head":"<!-- This site is optimized with the Yoast SEO plugin v28.4 - https:\/\/yoast.com\/product\/yoast-seo-wordpress\/ -->\n<title>Elman R\u00fcst\u0259mov banklara dollarla g\u00f6t\u00fcr\u00fcl\u0259n kreditl\u0259rl\u0259 ba\u011fl\u0131 t\u00f6vsiyy\u0259l\u0259r edib - MEYDAN.TV<\/title>\n<meta name=\"robots\" content=\"index, follow, max-snippet:-1, max-image-preview:large, max-video-preview:-1\" \/>\n<link rel=\"canonical\" href=\"https:\/\/www.meydan.tv\/az\/article\/elman-rustemov-banklara-dollarla-goturulen-kreditlerle-bagli-tovsiyyeler-edib\/\" \/>\n<meta property=\"og:locale\" content=\"az_AZ\" \/>\n<meta property=\"og:type\" content=\"article\" \/>\n<meta property=\"og:title\" content=\"Elman R\u00fcst\u0259mov banklara dollarla g\u00f6t\u00fcr\u00fcl\u0259n kreditl\u0259rl\u0259 ba\u011fl\u0131 t\u00f6vsiyy\u0259l\u0259r edib - MEYDAN.TV\" \/>\n<meta property=\"og:description\" content=\"&quot;Banklara kreditl\u0259rin vaxt\u0131n\u0131 2-5 il v\u0259 daha \u00e7ox m\u00fcdd\u0259t\u0259 q\u0259d\u0259r uzatma\u011f\u0131 m\u0259sl\u0259h\u0259t g\u00f6r\u00fcr\u0259m&quot;\" \/>\n<meta property=\"og:url\" content=\"https:\/\/www.meydan.tv\/az\/article\/elman-rustemov-banklara-dollarla-goturulen-kreditlerle-bagli-tovsiyyeler-edib\/\" \/>\n<meta property=\"og:site_name\" content=\"MEYDAN.TV\" \/>\n<meta property=\"article:published_time\" content=\"2015-04-01T18:08:00+00:00\" \/>\n<meta property=\"og:image\" content=\"https:\/\/www.meydan.tv\/wp-content\/uploads\/7981.jpg\" \/>\n\t<meta property=\"og:image:width\" content=\"550\" \/>\n\t<meta property=\"og:image:height\" content=\"365\" \/>\n\t<meta property=\"og:image:type\" content=\"image\/jpeg\" \/>\n<meta name=\"twitter:card\" content=\"summary_large_image\" \/>\n<!-- \/ Yoast SEO plugin. -->","yoast_head_json":{"title":"Elman R\u00fcst\u0259mov banklara dollarla g\u00f6t\u00fcr\u00fcl\u0259n kreditl\u0259rl\u0259 ba\u011fl\u0131 t\u00f6vsiyy\u0259l\u0259r edib - MEYDAN.TV","robots":{"index":"index","follow":"follow","max-snippet":"max-snippet:-1","max-image-preview":"max-image-preview:large","max-video-preview":"max-video-preview:-1"},"canonical":"https:\/\/www.meydan.tv\/az\/article\/elman-rustemov-banklara-dollarla-goturulen-kreditlerle-bagli-tovsiyyeler-edib\/","og_locale":"az_AZ","og_type":"article","og_title":"Elman R\u00fcst\u0259mov banklara dollarla g\u00f6t\u00fcr\u00fcl\u0259n kreditl\u0259rl\u0259 ba\u011fl\u0131 t\u00f6vsiyy\u0259l\u0259r edib - MEYDAN.TV","og_description":"\"Banklara kreditl\u0259rin vaxt\u0131n\u0131 2-5 il v\u0259 daha \u00e7ox m\u00fcdd\u0259t\u0259 q\u0259d\u0259r uzatma\u011f\u0131 m\u0259sl\u0259h\u0259t g\u00f6r\u00fcr\u0259m\"","og_url":"https:\/\/www.meydan.tv\/az\/article\/elman-rustemov-banklara-dollarla-goturulen-kreditlerle-bagli-tovsiyyeler-edib\/","og_site_name":"MEYDAN.TV","article_published_time":"2015-04-01T18:08:00+00:00","og_image":[{"width":550,"height":365,"url":"https:\/\/www.meydan.tv\/wp-content\/uploads\/7981.jpg","type":"image\/jpeg"}],"twitter_card":"summary_large_image","schema":{"@context":"https:\/\/schema.org","@graph":[{"@type":"Article","@id":"https:\/\/www.meydan.tv\/az\/article\/elman-rustemov-banklara-dollarla-goturulen-kreditlerle-bagli-tovsiyyeler-edib\/#article","isPartOf":{"@id":"https:\/\/www.meydan.tv\/az\/article\/elman-rustemov-banklara-dollarla-goturulen-kreditlerle-bagli-tovsiyyeler-edib\/"},"author":{"name":"user-manager","@id":"https:\/\/www.meydan.tv\/az\/#\/schema\/person\/10d11eccf6da3662cf5fdab9806ea91a"},"headline":"Elman R\u00fcst\u0259mov banklara dollarla g\u00f6t\u00fcr\u00fcl\u0259n kreditl\u0259rl\u0259 ba\u011fl\u0131 t\u00f6vsiyy\u0259l\u0259r edib","datePublished":"2015-04-01T18:08:00+00:00","mainEntityOfPage":{"@id":"https:\/\/www.meydan.tv\/az\/article\/elman-rustemov-banklara-dollarla-goturulen-kreditlerle-bagli-tovsiyyeler-edib\/"},"wordCount":577,"publisher":{"@id":"https:\/\/www.meydan.tv\/az\/#organization"},"image":{"@id":"https:\/\/www.meydan.tv\/az\/article\/elman-rustemov-banklara-dollarla-goturulen-kreditlerle-bagli-tovsiyyeler-edib\/#primaryimage"},"thumbnailUrl":"https:\/\/www.meydan.tv\/wp-content\/uploads\/7981.jpg","articleSection":["X\u0259b\u0259rl\u0259r"],"inLanguage":"az"},{"@type":"WebPage","@id":"https:\/\/www.meydan.tv\/az\/article\/elman-rustemov-banklara-dollarla-goturulen-kreditlerle-bagli-tovsiyyeler-edib\/","url":"https:\/\/www.meydan.tv\/az\/article\/elman-rustemov-banklara-dollarla-goturulen-kreditlerle-bagli-tovsiyyeler-edib\/","name":"Elman R\u00fcst\u0259mov banklara dollarla g\u00f6t\u00fcr\u00fcl\u0259n kreditl\u0259rl\u0259 ba\u011fl\u0131 t\u00f6vsiyy\u0259l\u0259r edib - MEYDAN.TV","isPartOf":{"@id":"https:\/\/www.meydan.tv\/az\/#website"},"primaryImageOfPage":{"@id":"https:\/\/www.meydan.tv\/az\/article\/elman-rustemov-banklara-dollarla-goturulen-kreditlerle-bagli-tovsiyyeler-edib\/#primaryimage"},"image":{"@id":"https:\/\/www.meydan.tv\/az\/article\/elman-rustemov-banklara-dollarla-goturulen-kreditlerle-bagli-tovsiyyeler-edib\/#primaryimage"},"thumbnailUrl":"https:\/\/www.meydan.tv\/wp-content\/uploads\/7981.jpg","datePublished":"2015-04-01T18:08:00+00:00","breadcrumb":{"@id":"https:\/\/www.meydan.tv\/az\/article\/elman-rustemov-banklara-dollarla-goturulen-kreditlerle-bagli-tovsiyyeler-edib\/#breadcrumb"},"inLanguage":"az","potentialAction":[{"@type":"ReadAction","target":["https:\/\/www.meydan.tv\/az\/article\/elman-rustemov-banklara-dollarla-goturulen-kreditlerle-bagli-tovsiyyeler-edib\/"]}]},{"@type":"ImageObject","inLanguage":"az","@id":"https:\/\/www.meydan.tv\/az\/article\/elman-rustemov-banklara-dollarla-goturulen-kreditlerle-bagli-tovsiyyeler-edib\/#primaryimage","url":"https:\/\/www.meydan.tv\/wp-content\/uploads\/7981.jpg","contentUrl":"https:\/\/www.meydan.tv\/wp-content\/uploads\/7981.jpg","width":550,"height":365,"caption":"Source:"},{"@type":"BreadcrumbList","@id":"https:\/\/www.meydan.tv\/az\/article\/elman-rustemov-banklara-dollarla-goturulen-kreditlerle-bagli-tovsiyyeler-edib\/#breadcrumb","itemListElement":[{"@type":"ListItem","position":1,"name":"Ana s\u0259hif\u0259","item":"https:\/\/www.meydan.tv\/az\/"},{"@type":"ListItem","position":2,"name":"X\u0259b\u0259rl\u0259r","item":"https:\/\/www.meydan.tv\/az\/section\/xeberler\/"},{"@type":"ListItem","position":3,"name":"Elman R\u00fcst\u0259mov banklara dollarla g\u00f6t\u00fcr\u00fcl\u0259n kreditl\u0259rl\u0259 ba\u011fl\u0131 t\u00f6vsiyy\u0259l\u0259r edib"}]},{"@type":"WebSite","@id":"https:\/\/www.meydan.tv\/az\/#website","url":"https:\/\/www.meydan.tv\/az\/","name":"MEYDAN.TV","description":"Meydan TV Az\u0259rbaycan\u0131n media m\u0259kan\u0131ndak\u0131 alternativ s\u0259sidir","publisher":{"@id":"https:\/\/www.meydan.tv\/az\/#organization"},"potentialAction":[{"@type":"SearchAction","target":{"@type":"EntryPoint","urlTemplate":"https:\/\/www.meydan.tv\/az\/?s={search_term_string}"},"query-input":{"@type":"PropertyValueSpecification","valueRequired":true,"valueName":"search_term_string"}}],"inLanguage":"az"},{"@type":"Organization","@id":"https:\/\/www.meydan.tv\/az\/#organization","name":"Meydan TV","url":"https:\/\/www.meydan.tv\/az\/","logo":{"@type":"ImageObject","inLanguage":"az","@id":"https:\/\/www.meydan.tv\/az\/#\/schema\/logo\/image\/","url":"https:\/\/www.meydan.tv\/wp-content\/uploads\/2021\/07\/meydan-logo.svg","contentUrl":"https:\/\/www.meydan.tv\/wp-content\/uploads\/2021\/07\/meydan-logo.svg","width":195,"height":46,"caption":"Meydan TV"},"image":{"@id":"https:\/\/www.meydan.tv\/az\/#\/schema\/logo\/image\/"}},{"@type":"Person","@id":"https:\/\/www.meydan.tv\/az\/#\/schema\/person\/10d11eccf6da3662cf5fdab9806ea91a","name":"user-manager"}]}},"_links":{"self":[{"href":"https:\/\/www.meydan.tv\/az\/wp-json\/wp\/v2\/posts\/167397","targetHints":{"allow":["GET"]}}],"collection":[{"href":"https:\/\/www.meydan.tv\/az\/wp-json\/wp\/v2\/posts"}],"about":[{"href":"https:\/\/www.meydan.tv\/az\/wp-json\/wp\/v2\/types\/post"}],"author":[{"embeddable":true,"href":"https:\/\/www.meydan.tv\/az\/wp-json\/wp\/v2\/users\/11"}],"replies":[{"embeddable":true,"href":"https:\/\/www.meydan.tv\/az\/wp-json\/wp\/v2\/comments?post=167397"}],"version-history":[{"count":0,"href":"https:\/\/www.meydan.tv\/az\/wp-json\/wp\/v2\/posts\/167397\/revisions"}],"wp:featuredmedia":[{"embeddable":true,"href":"https:\/\/www.meydan.tv\/az\/wp-json\/wp\/v2\/media\/22035"}],"wp:attachment":[{"href":"https:\/\/www.meydan.tv\/az\/wp-json\/wp\/v2\/media?parent=167397"}],"wp:term":[{"taxonomy":"category","embeddable":true,"href":"https:\/\/www.meydan.tv\/az\/wp-json\/wp\/v2\/categories?post=167397"},{"taxonomy":"post_tag","embeddable":true,"href":"https:\/\/www.meydan.tv\/az\/wp-json\/wp\/v2\/tags?post=167397"}],"curies":[{"name":"wp","href":"https:\/\/api.w.org\/{rel}","templated":true}]}}