{"id":167396,"date":"2015-04-01T17:53:09","date_gmt":"2015-04-01T17:53:09","guid":{"rendered":"https:\/\/www.meydan.tv\/article\/avropa-oyunlari-zamani-bakida-is-vaxti-deyisdirildi\/"},"modified":"2015-04-01T17:53:09","modified_gmt":"2015-04-01T17:53:09","slug":"avropa-oyunlari-zamani-bakida-is-vaxti-deyisdirildi","status":"publish","type":"post","link":"https:\/\/www.meydan.tv\/az\/article\/avropa-oyunlari-zamani-bakida-is-vaxti-deyisdirildi\/","title":{"rendered":"Avropa Oyunlar\u0131 zaman\u0131 Bak\u0131da i\u015f vaxt\u0131 d\u0259yi\u015fdirildi"},"content":{"rendered":"<figure class=\"wp-block-image size-large\">\n  <img decoding=\"async\" src=\"https:\/\/www.meydan.tv\/az\/22044\/\" alt=\"\" class=\"wp-image-22044\"\/><figcaption><\/figcaption><\/figure>\n<figure class=\"wp-block-image size-large\">\n  <img decoding=\"async\" src=\"https:\/\/www.meydan.tv\/az\/22044\/\" alt=\"\" class=\"wp-image-22044\"\/><figcaption><\/figcaption><\/figure>\n<p>\n  <b><br \/>\n    Nazirl\u0259r Kabineti bununla ba\u011fl\u0131 s\u0259r\u0259ncam verib<br \/>\n  <\/b>\n<\/p>\n<p>\n  Nazirl\u0259r Kabineti Birinci Avropa Oyunlar\u0131n\u0131n ke\u00e7irilm\u0259si il\u0259 \u0259laq\u0259dar Bak\u0131da i\u015f vaxt\u0131 rejiminin d\u0259yi\u015fdirilm\u0259si bar\u0259d\u0259 s\u0259r\u0259ncam verib. Nazirl\u0259r Kabinetind\u0259n Trend-\u0259 bildirilib ki, s\u0259r\u0259ncama \u0259sas\u0259n,\u00a0 2015-ci ild\u0259 Bak\u0131 \u015f\u0259h\u0259rind\u0259 I Avropa Oyunlar\u0131n\u0131n ke\u00e7irilm\u0259si il\u0259 \u0259laq\u0259dar N\u0259qliyyat vasit\u0259l\u0259rinin mane\u0259siz v\u0259 t\u0259hl\u00fck\u0259siz h\u0259r\u0259k\u0259tini t\u0259min etm\u0259k, i\u015f\u00e7i q\u00fcvv\u0259sinin v\u0259 tama\u015fa\u00e7\u0131lar\u0131n ictimai n\u0259qliyyat sisteminin (metro vo avtobus) m\u00f6vcud imkanlar\u0131ndan tam \u015f\u0259kild\u0259 istifad\u0259 etm\u0259l\u0259rin\u0259 \u015f\u0259rait yaratmaq m\u0259qs\u0259di il\u0259 2015-ci il may\u0131n 1-d\u0259n iyulun 1-d\u0259k Bak\u0131 \u015f\u0259h\u0259rind\u0259 f\u0259aliyy\u0259t g\u00f6st\u0259r\u0259n d\u00f6vl\u0259t orqanlar\u0131nda, d\u00f6vl\u0259t m\u00fc\u0259ssis\u0259 v\u0259 t\u0259\u015fkilatlar\u0131nda \u00e7al\u0131san i\u015f\u00e7il\u0259rin (n\u00f6vb\u0259li i\u015f vaxt\u0131 rejimi asas\u0131nda v\u0259 t\u0259hsil m\u00fc\u0259ssis\u0259l\u0259rind\u0259 i\u015fl\u0259y\u0259nlar istisna olmaqla) \u0259m\u0259k funksiyalar\u0131n\u0131 n\u0259z\u0259r\u0259 almaqla, i\u015f vaxt\u0131 rejimi a\u015fa\u011f\u0131da g\u00f6st\u0259rildiyi kimi pill\u0259li \u015f\u0259kild\u0259 t\u0259\u015fkil edilm\u0259lidir:\n<\/p>\n<p>\n  &#8211; iscil\u0259rin 25 faizi \u00fc\u00e7\u00fcn saat 8:00-dan saat 17:00-d\u0259k;\n<\/p>\n<p>\n  &#8211; i\u015f\u00e7il\u0259rin 25 faizi \u00fc\u00e7\u00fcn saat 8:30-dan saat 17:30-d\u0259k;\n<\/p>\n<p>\n  &#8211; i\u015f\u00e7il\u0259rin 25 faizi \u00fc\u00e7\u00fcn saai 9:00-dan saat 18:00-d\u0259k;\n<\/p>\n<p>\n  &#8211; i\u015f\u00e7il\u0259rin 25 faizi \u00fc\u00e7\u00fcn saat 9:30-dan saat 18:30-d\u0259k;\n<\/p>\n<p>\n  \u00a0Bak\u0131 \u015f\u0259h\u0259rind\u0259 f\u0259aliyy\u0259t g\u00f6st\u0259r\u0259n qeyri-d\u00f6vl\u0259t m\u00fc\u0259ssis\u0259 v\u0259 t\u0259\u015fkilatlanda \u00e7al\u0131\u015fan i\u015f\u00e7il\u0259rin is\u0259 (n\u00f6vb\u0259li i\u015f vaxt\u0131 rejimi \u0259sas\u0131nda v\u0259 t\u0259hsil m\u00fc\u0259ssis\u0259l\u0259rind\u0259 i\u015fl\u0259y\u0259nl\u0259r istisna olmaqla) \u0259m\u0259k funksiyalar\u0131n\u0131 n\u0259z\u0259r\u0259 almaqla, i\u015f vaxt\u0131 rejiminin g\u00f6st\u0259rildiyi kimi pill\u0259li \u015f\u0259kild\u0259 t\u0259\u015fkili t\u00f6vsiy\u0259 edilir:\n<\/p>\n<p>\n  \u00a0&#8211; i\u015f\u00e7il\u0259rin 50 faizi \u00fc\u00e7\u00fcn saat 8:00-dan saat 17:00-dak;\n<\/p>\n<p>\n  &#8211; i\u015f\u00e7il\u0259rin 50 faizi \u00fc\u00e7\u00fcn saat 8:30-dan saat 17:30-d\u0259k.\n<\/p>\n<p>\n  S\u0259r\u0259ncama \u0259sas\u0259n, Az\u0259rbaycan Respublikas\u0131 Nazirl\u0259r Kabinetinin 2014-c\u00fc il 24 oktyabr tarixli 342s n\u00f6mr\u0259li s\u0259r\u0259ncam\u0131n\u0131n 2-ci hiss\u0259sind\u0259 &#8220;iyunun 10-dan 30-d\u0259k&#8221; s\u00f6zl\u0259ri &#8220;may\u0131n 1 -d\u0259n iyulun 1 -d\u0259k&#8221; s\u00f6zl\u0259ri il\u0259 \u0259v\u0259z edilir.\n<\/p>\n<p>\n  G\u0259ncl\u0259r v\u0259 \u0130dman Nazirliyi, N\u0259qliyyat Nazirliyi, Bak\u0131 \u015e\u0259h\u0259r \u0130cra Hakimiyy\u0259tin\u0259 tap\u015f\u0131r\u0131l\u0131b ki, bu s\u0259rancamda n\u0259z\u0259rd\u0259 tutulmu\u015f t\u0259dbirl\u0259rl\u0259 ba\u011fl\u0131 \u0259halinin 2015-ci il aprelin 1-d\u0259n etibar\u0259n k\u00fctl\u0259vi informasiya vasit\u0259l\u0259ri il\u0259 m\u0259lumatland\u0131r\u0131lman\u0131 t\u0259min etsinl\u0259r. El\u0259c\u0259 d\u0259, Daxili \u0130\u015fl\u0259r Nazirliyi v\u0259 Bak\u0131 \u015e\u0259h\u0259r \u0130cra Hakimiyy\u0259ti Bak\u0131 \u015f\u0259h\u0259rind\u0259 avton\u0259qliyyat vasit\u0259l\u0259rinin qeyri-qanuni parklanma hallar\u0131n\u0131n aradan qald\u0131r\u0131lmas\u0131 \u00fc\u00e7\u00fcn 2015-ci il aprelin 1-d\u0259n etibar\u0259n k\u00fctl\u0259vi informasiya vasit\u0259l\u0259ri il\u0259 ictimai t\u0259bli\u011fat v\u0259 m\u0259lumatland\u0131rma i\u015fl\u0259rinin apar\u0131lmas\u0131n\u0131 t\u0259min etm\u0259lidirl\u0259r.<\/p>\n","protected":false},"excerpt":{"rendered":"<p>Nazirl\u0259r Kabineti bununla ba\u011fl\u0131 s\u0259r\u0259ncam verib Nazirl\u0259r Kabineti Birinci Avropa &#8230; <\/p>\n<p class=\"read-more-container\"><a title=\"Avropa Oyunlar\u0131 zaman\u0131 Bak\u0131da i\u015f vaxt\u0131 d\u0259yi\u015fdirildi\" class=\"read-more button\" href=\"https:\/\/www.meydan.tv\/az\/article\/avropa-oyunlari-zamani-bakida-is-vaxti-deyisdirildi\/#more-167396\" aria-label=\"Read more about Avropa Oyunlar\u0131 zaman\u0131 Bak\u0131da i\u015f vaxt\u0131 d\u0259yi\u015fdirildi\">Davam\u0131<\/a><\/p>\n","protected":false},"author":11,"featured_media":22044,"comment_status":"closed","ping_status":"open","sticky":false,"template":"","format":"standard","meta":{"_acf_changed":false,"_sitemap_exclude":false,"_sitemap_priority":"","_sitemap_frequency":"","footnotes":""},"categories":[56],"tags":[],"class_list":["post-167396","post","type-post","status-publish","format-standard","has-post-thumbnail","hentry","category-xeberler","infinite-scroll-item","generate-columns","tablet-grid-50","mobile-grid-100","grid-parent","grid-33","no-featured-image-padding"],"acf":[],"yoast_head":"<!-- This site is optimized with the Yoast SEO plugin v28.4 - https:\/\/yoast.com\/product\/yoast-seo-wordpress\/ -->\n<title>Avropa Oyunlar\u0131 zaman\u0131 Bak\u0131da i\u015f vaxt\u0131 d\u0259yi\u015fdirildi - MEYDAN.TV<\/title>\n<meta name=\"robots\" content=\"index, follow, max-snippet:-1, max-image-preview:large, max-video-preview:-1\" \/>\n<link rel=\"canonical\" href=\"https:\/\/www.meydan.tv\/az\/article\/avropa-oyunlari-zamani-bakida-is-vaxti-deyisdirildi\/\" \/>\n<meta property=\"og:locale\" content=\"az_AZ\" \/>\n<meta property=\"og:type\" content=\"article\" \/>\n<meta property=\"og:title\" content=\"Avropa Oyunlar\u0131 zaman\u0131 Bak\u0131da i\u015f vaxt\u0131 d\u0259yi\u015fdirildi - MEYDAN.TV\" \/>\n<meta property=\"og:description\" content=\"Nazirl\u0259r Kabineti bununla ba\u011fl\u0131 s\u0259r\u0259ncam verib Nazirl\u0259r Kabineti Birinci Avropa ... Davam\u0131\" \/>\n<meta property=\"og:url\" content=\"https:\/\/www.meydan.tv\/az\/article\/avropa-oyunlari-zamani-bakida-is-vaxti-deyisdirildi\/\" \/>\n<meta property=\"og:site_name\" content=\"MEYDAN.TV\" \/>\n<meta property=\"article:published_time\" content=\"2015-04-01T17:53:09+00:00\" \/>\n<meta property=\"og:image\" content=\"https:\/\/www.meydan.tv\/wp-content\/uploads\/7980.jpg\" \/>\n\t<meta property=\"og:image:width\" content=\"420\" \/>\n\t<meta property=\"og:image:height\" content=\"250\" \/>\n\t<meta property=\"og:image:type\" content=\"image\/jpeg\" \/>\n<meta name=\"twitter:card\" content=\"summary_large_image\" \/>\n<!-- \/ Yoast SEO plugin. -->","yoast_head_json":{"title":"Avropa Oyunlar\u0131 zaman\u0131 Bak\u0131da i\u015f vaxt\u0131 d\u0259yi\u015fdirildi - MEYDAN.TV","robots":{"index":"index","follow":"follow","max-snippet":"max-snippet:-1","max-image-preview":"max-image-preview:large","max-video-preview":"max-video-preview:-1"},"canonical":"https:\/\/www.meydan.tv\/az\/article\/avropa-oyunlari-zamani-bakida-is-vaxti-deyisdirildi\/","og_locale":"az_AZ","og_type":"article","og_title":"Avropa Oyunlar\u0131 zaman\u0131 Bak\u0131da i\u015f vaxt\u0131 d\u0259yi\u015fdirildi - MEYDAN.TV","og_description":"Nazirl\u0259r Kabineti bununla ba\u011fl\u0131 s\u0259r\u0259ncam verib Nazirl\u0259r Kabineti Birinci Avropa ... Davam\u0131","og_url":"https:\/\/www.meydan.tv\/az\/article\/avropa-oyunlari-zamani-bakida-is-vaxti-deyisdirildi\/","og_site_name":"MEYDAN.TV","article_published_time":"2015-04-01T17:53:09+00:00","og_image":[{"width":420,"height":250,"url":"https:\/\/www.meydan.tv\/wp-content\/uploads\/7980.jpg","type":"image\/jpeg"}],"twitter_card":"summary_large_image","schema":{"@context":"https:\/\/schema.org","@graph":[{"@type":"Article","@id":"https:\/\/www.meydan.tv\/az\/article\/avropa-oyunlari-zamani-bakida-is-vaxti-deyisdirildi\/#article","isPartOf":{"@id":"https:\/\/www.meydan.tv\/az\/article\/avropa-oyunlari-zamani-bakida-is-vaxti-deyisdirildi\/"},"author":{"name":"user-manager","@id":"https:\/\/www.meydan.tv\/az\/#\/schema\/person\/10d11eccf6da3662cf5fdab9806ea91a"},"headline":"Avropa Oyunlar\u0131 zaman\u0131 Bak\u0131da i\u015f vaxt\u0131 d\u0259yi\u015fdirildi","datePublished":"2015-04-01T17:53:09+00:00","mainEntityOfPage":{"@id":"https:\/\/www.meydan.tv\/az\/article\/avropa-oyunlari-zamani-bakida-is-vaxti-deyisdirildi\/"},"wordCount":517,"publisher":{"@id":"https:\/\/www.meydan.tv\/az\/#organization"},"image":{"@id":"https:\/\/www.meydan.tv\/az\/article\/avropa-oyunlari-zamani-bakida-is-vaxti-deyisdirildi\/#primaryimage"},"thumbnailUrl":"https:\/\/www.meydan.tv\/wp-content\/uploads\/7980.jpg","articleSection":["X\u0259b\u0259rl\u0259r"],"inLanguage":"az"},{"@type":"WebPage","@id":"https:\/\/www.meydan.tv\/az\/article\/avropa-oyunlari-zamani-bakida-is-vaxti-deyisdirildi\/","url":"https:\/\/www.meydan.tv\/az\/article\/avropa-oyunlari-zamani-bakida-is-vaxti-deyisdirildi\/","name":"Avropa Oyunlar\u0131 zaman\u0131 Bak\u0131da i\u015f vaxt\u0131 d\u0259yi\u015fdirildi - MEYDAN.TV","isPartOf":{"@id":"https:\/\/www.meydan.tv\/az\/#website"},"primaryImageOfPage":{"@id":"https:\/\/www.meydan.tv\/az\/article\/avropa-oyunlari-zamani-bakida-is-vaxti-deyisdirildi\/#primaryimage"},"image":{"@id":"https:\/\/www.meydan.tv\/az\/article\/avropa-oyunlari-zamani-bakida-is-vaxti-deyisdirildi\/#primaryimage"},"thumbnailUrl":"https:\/\/www.meydan.tv\/wp-content\/uploads\/7980.jpg","datePublished":"2015-04-01T17:53:09+00:00","breadcrumb":{"@id":"https:\/\/www.meydan.tv\/az\/article\/avropa-oyunlari-zamani-bakida-is-vaxti-deyisdirildi\/#breadcrumb"},"inLanguage":"az","potentialAction":[{"@type":"ReadAction","target":["https:\/\/www.meydan.tv\/az\/article\/avropa-oyunlari-zamani-bakida-is-vaxti-deyisdirildi\/"]}]},{"@type":"ImageObject","inLanguage":"az","@id":"https:\/\/www.meydan.tv\/az\/article\/avropa-oyunlari-zamani-bakida-is-vaxti-deyisdirildi\/#primaryimage","url":"https:\/\/www.meydan.tv\/wp-content\/uploads\/7980.jpg","contentUrl":"https:\/\/www.meydan.tv\/wp-content\/uploads\/7980.jpg","width":420,"height":250,"caption":"Source:"},{"@type":"BreadcrumbList","@id":"https:\/\/www.meydan.tv\/az\/article\/avropa-oyunlari-zamani-bakida-is-vaxti-deyisdirildi\/#breadcrumb","itemListElement":[{"@type":"ListItem","position":1,"name":"Ana s\u0259hif\u0259","item":"https:\/\/www.meydan.tv\/az\/"},{"@type":"ListItem","position":2,"name":"X\u0259b\u0259rl\u0259r","item":"https:\/\/www.meydan.tv\/az\/section\/xeberler\/"},{"@type":"ListItem","position":3,"name":"Avropa Oyunlar\u0131 zaman\u0131 Bak\u0131da i\u015f vaxt\u0131 d\u0259yi\u015fdirildi"}]},{"@type":"WebSite","@id":"https:\/\/www.meydan.tv\/az\/#website","url":"https:\/\/www.meydan.tv\/az\/","name":"MEYDAN.TV","description":"Meydan TV Az\u0259rbaycan\u0131n media m\u0259kan\u0131ndak\u0131 alternativ s\u0259sidir","publisher":{"@id":"https:\/\/www.meydan.tv\/az\/#organization"},"potentialAction":[{"@type":"SearchAction","target":{"@type":"EntryPoint","urlTemplate":"https:\/\/www.meydan.tv\/az\/?s={search_term_string}"},"query-input":{"@type":"PropertyValueSpecification","valueRequired":true,"valueName":"search_term_string"}}],"inLanguage":"az"},{"@type":"Organization","@id":"https:\/\/www.meydan.tv\/az\/#organization","name":"Meydan TV","url":"https:\/\/www.meydan.tv\/az\/","logo":{"@type":"ImageObject","inLanguage":"az","@id":"https:\/\/www.meydan.tv\/az\/#\/schema\/logo\/image\/","url":"https:\/\/www.meydan.tv\/wp-content\/uploads\/2021\/07\/meydan-logo.svg","contentUrl":"https:\/\/www.meydan.tv\/wp-content\/uploads\/2021\/07\/meydan-logo.svg","width":195,"height":46,"caption":"Meydan TV"},"image":{"@id":"https:\/\/www.meydan.tv\/az\/#\/schema\/logo\/image\/"}},{"@type":"Person","@id":"https:\/\/www.meydan.tv\/az\/#\/schema\/person\/10d11eccf6da3662cf5fdab9806ea91a","name":"user-manager"}]}},"_links":{"self":[{"href":"https:\/\/www.meydan.tv\/az\/wp-json\/wp\/v2\/posts\/167396","targetHints":{"allow":["GET"]}}],"collection":[{"href":"https:\/\/www.meydan.tv\/az\/wp-json\/wp\/v2\/posts"}],"about":[{"href":"https:\/\/www.meydan.tv\/az\/wp-json\/wp\/v2\/types\/post"}],"author":[{"embeddable":true,"href":"https:\/\/www.meydan.tv\/az\/wp-json\/wp\/v2\/users\/11"}],"replies":[{"embeddable":true,"href":"https:\/\/www.meydan.tv\/az\/wp-json\/wp\/v2\/comments?post=167396"}],"version-history":[{"count":0,"href":"https:\/\/www.meydan.tv\/az\/wp-json\/wp\/v2\/posts\/167396\/revisions"}],"wp:featuredmedia":[{"embeddable":true,"href":"https:\/\/www.meydan.tv\/az\/wp-json\/wp\/v2\/media\/22044"}],"wp:attachment":[{"href":"https:\/\/www.meydan.tv\/az\/wp-json\/wp\/v2\/media?parent=167396"}],"wp:term":[{"taxonomy":"category","embeddable":true,"href":"https:\/\/www.meydan.tv\/az\/wp-json\/wp\/v2\/categories?post=167396"},{"taxonomy":"post_tag","embeddable":true,"href":"https:\/\/www.meydan.tv\/az\/wp-json\/wp\/v2\/tags?post=167396"}],"curies":[{"name":"wp","href":"https:\/\/api.w.org\/{rel}","templated":true}]}}