{"id":167393,"date":"2015-04-01T15:35:02","date_gmt":"2015-04-01T15:35:02","guid":{"rendered":"https:\/\/www.meydan.tv\/article\/onlar-toretdikleri-emellerin-sahidinin-olmasindan-qorxurlar\/"},"modified":"2015-04-01T15:35:02","modified_gmt":"2015-04-01T15:35:02","slug":"onlar-toretdikleri-emellerin-sahidinin-olmasindan-qorxurlar","status":"publish","type":"post","link":"https:\/\/www.meydan.tv\/az\/article\/onlar-toretdikleri-emellerin-sahidinin-olmasindan-qorxurlar\/","title":{"rendered":"&#8220;Onlar t\u00f6r\u0259tdikl\u0259ri \u0259m\u0259ll\u0259rin \u015fahidinin olmas\u0131ndan qorxurlar&#8221;"},"content":{"rendered":"<figure class=\"wp-block-image size-large\">\n  <img decoding=\"async\" src=\"https:\/\/www.meydan.tv\/az\/22027\/\" alt=\"\" class=\"wp-image-22027\"\/><figcaption><\/figcaption><\/figure>\n<figure class=\"wp-block-image size-large\">\n  <img decoding=\"async\" src=\"https:\/\/www.meydan.tv\/az\/22027\/\" alt=\"\" class=\"wp-image-22027\"\/><figcaption><\/figcaption><\/figure>\n<p>\n  Mart\u0131n 31-d\u0259 Human Rights Watch t\u0259\u015fkilat\u0131n\u0131n n\u00fcmay\u0259nd\u0259si Georgi Qoqiyan Az\u0259rbaycanda \u00a0he\u00e7 bir izahat verilm\u0259d\u0259n saxlan\u0131b. Onun yerli h\u00fcquq m\u00fcdafi\u0259\u00e7il\u0259ri R\u0259sul C\u0259f\u0259rov v\u0259 \u0130ntiqam \u018fliyevin m\u0259hk\u0259m\u0259 iclaslar\u0131nda i\u015ftirak etm\u0259k \u00fc\u00e7\u00fcn Bak\u0131ya g\u0259ldiyi deyilir.\n<\/p>\n<p>\n  Human Rights Watch t\u0259\u015fkilat\u0131 bununla ba\u011fl\u0131 b\u0259yanat yay\u0131b. M\u0259lumat\u0131nda deyilir ki, Qoqiya aeroportda 31 saat saxlan\u0131l\u0131b. Bundan sonra onun pasportu qaytar\u0131l\u0131b v\u0259 izahat verilm\u0259d\u0259n g\u0259ldiyi yer\u0259 Tbilisiy\u0259 g\u00f6nd\u0259rilib.\n<\/p>\n<p>\n  &#8220;Qoqiyan\u0131n g\u0259li\u015fin\u0259 qada\u011fan\u0131n olmas\u0131 Az\u0259rbaycanda insan haqlar\u0131n\u0131n pozulmas\u0131n\u0131n \u00e7ox uza\u011fa getdiyini g\u00f6st\u0259rir&#8221;, &#8211; HRW-nin Avropa v\u0259 M\u0259rk\u0259zi Asiya \u00fczr\u0259 direktoru Hyu Vilyamson bildirib.\n<\/p>\n<p>\n  &#8220;Onlar t\u00f6r\u0259tdikl\u0259ri \u0259m\u0259ll\u0259rin \u015fahidinin olmas\u0131ndan qorxurlar. Bu, HRW n\u00fcmay\u0259nd\u0259sinin \u00f6lk\u0259y\u0259 g\u0259li\u015fin\u0259 qada\u011fa qoyulmas\u0131 il\u0259 ba\u011fl\u0131 ilk hadis\u0259dir&#8221;, &#8211; o \u0259lav\u0259 edib.\n<\/p>\n<p>\n  Bak\u0131da ke\u00e7iril\u0259c\u0259k Avropa Oyunlar\u0131 \u0259r\u0259f\u0259sind\u0259 hakimiyy\u0259t \u00f6lk\u0259 daxilind\u0259 t\u0259nqidi \u00a0s\u0259sl\u0259r\u0259 v\u0259 Az\u0259rbaycanda insan h\u00fcquqlar\u0131 m\u0259s\u0259l\u0259sini qald\u0131ran beyn\u0259lxalq t\u0259\u015fkilatlara qar\u015f\u0131 repressyalar\u0131 g\u00fccl\u0259ndirib.\n<\/p>\n<p>\n  Hakimiyy\u0259tin Avropa Oyunlar\u0131na g\u0259l\u0259n qonaqlar\u0131 qar\u015f\u0131lama\u011fa haz\u0131r olmas\u0131, azadl\u0131q v\u0259 t\u0259hl\u00fck\u0259sizlik bar\u0259d\u0259\u00a0 b\u0259yanatlar\u0131 fonunda r\u0259smi Bak\u0131 beyn\u0259lxalq h\u00fcquq-m\u00fcdafi\u0259 t\u0259\u015fkilat\u0131n\u0131n n\u00fcmay\u0259nd\u0259sini \u00f6lk\u0259d\u0259n \u00e7\u0131xar\u0131r, HRW-nin b\u0259yanat\u0131nda deyilir.\n<\/p><\/p>\n","protected":false},"excerpt":{"rendered":"<p>Human Rights Watch t\u0259\u015fkilat\u0131 n\u00fcmay\u0259nd\u0259sinin saxlanmas\u0131 il\u0259 ba\u011fl\u0131 b\u0259yanat yay\u0131b<\/p>\n","protected":false},"author":11,"featured_media":22027,"comment_status":"closed","ping_status":"open","sticky":false,"template":"","format":"standard","meta":{"_acf_changed":false,"_sitemap_exclude":false,"_sitemap_priority":"","_sitemap_frequency":"","footnotes":""},"categories":[56],"tags":[],"class_list":["post-167393","post","type-post","status-publish","format-standard","has-post-thumbnail","hentry","category-xeberler","infinite-scroll-item","generate-columns","tablet-grid-50","mobile-grid-100","grid-parent","grid-33","no-featured-image-padding"],"acf":[],"yoast_head":"<!-- This site is optimized with the Yoast SEO plugin v28.4 - https:\/\/yoast.com\/product\/yoast-seo-wordpress\/ -->\n<title>&quot;Onlar t\u00f6r\u0259tdikl\u0259ri \u0259m\u0259ll\u0259rin \u015fahidinin olmas\u0131ndan qorxurlar&quot; - MEYDAN.TV<\/title>\n<meta name=\"robots\" content=\"index, follow, max-snippet:-1, max-image-preview:large, max-video-preview:-1\" \/>\n<link rel=\"canonical\" href=\"https:\/\/www.meydan.tv\/az\/article\/onlar-toretdikleri-emellerin-sahidinin-olmasindan-qorxurlar\/\" \/>\n<meta property=\"og:locale\" content=\"az_AZ\" \/>\n<meta property=\"og:type\" content=\"article\" \/>\n<meta property=\"og:title\" content=\"&quot;Onlar t\u00f6r\u0259tdikl\u0259ri \u0259m\u0259ll\u0259rin \u015fahidinin olmas\u0131ndan qorxurlar&quot; - MEYDAN.TV\" \/>\n<meta property=\"og:description\" content=\"Human Rights Watch t\u0259\u015fkilat\u0131 n\u00fcmay\u0259nd\u0259sinin saxlanmas\u0131 il\u0259 ba\u011fl\u0131 b\u0259yanat yay\u0131b\" \/>\n<meta property=\"og:url\" content=\"https:\/\/www.meydan.tv\/az\/article\/onlar-toretdikleri-emellerin-sahidinin-olmasindan-qorxurlar\/\" \/>\n<meta property=\"og:site_name\" content=\"MEYDAN.TV\" \/>\n<meta property=\"article:published_time\" content=\"2015-04-01T15:35:02+00:00\" \/>\n<meta property=\"og:image\" content=\"https:\/\/www.meydan.tv\/wp-content\/uploads\/7977.jpg\" \/>\n\t<meta property=\"og:image:width\" content=\"400\" \/>\n\t<meta property=\"og:image:height\" content=\"300\" \/>\n\t<meta property=\"og:image:type\" content=\"image\/jpeg\" \/>\n<meta name=\"twitter:card\" content=\"summary_large_image\" \/>\n<!-- \/ Yoast SEO plugin. -->","yoast_head_json":{"title":"\"Onlar t\u00f6r\u0259tdikl\u0259ri \u0259m\u0259ll\u0259rin \u015fahidinin olmas\u0131ndan qorxurlar\" - MEYDAN.TV","robots":{"index":"index","follow":"follow","max-snippet":"max-snippet:-1","max-image-preview":"max-image-preview:large","max-video-preview":"max-video-preview:-1"},"canonical":"https:\/\/www.meydan.tv\/az\/article\/onlar-toretdikleri-emellerin-sahidinin-olmasindan-qorxurlar\/","og_locale":"az_AZ","og_type":"article","og_title":"\"Onlar t\u00f6r\u0259tdikl\u0259ri \u0259m\u0259ll\u0259rin \u015fahidinin olmas\u0131ndan qorxurlar\" - MEYDAN.TV","og_description":"Human Rights Watch t\u0259\u015fkilat\u0131 n\u00fcmay\u0259nd\u0259sinin saxlanmas\u0131 il\u0259 ba\u011fl\u0131 b\u0259yanat yay\u0131b","og_url":"https:\/\/www.meydan.tv\/az\/article\/onlar-toretdikleri-emellerin-sahidinin-olmasindan-qorxurlar\/","og_site_name":"MEYDAN.TV","article_published_time":"2015-04-01T15:35:02+00:00","og_image":[{"width":400,"height":300,"url":"https:\/\/www.meydan.tv\/wp-content\/uploads\/7977.jpg","type":"image\/jpeg"}],"twitter_card":"summary_large_image","schema":{"@context":"https:\/\/schema.org","@graph":[{"@type":"Article","@id":"https:\/\/www.meydan.tv\/az\/article\/onlar-toretdikleri-emellerin-sahidinin-olmasindan-qorxurlar\/#article","isPartOf":{"@id":"https:\/\/www.meydan.tv\/az\/article\/onlar-toretdikleri-emellerin-sahidinin-olmasindan-qorxurlar\/"},"author":{"name":"user-manager","@id":"https:\/\/www.meydan.tv\/az\/#\/schema\/person\/10d11eccf6da3662cf5fdab9806ea91a"},"headline":"&#8220;Onlar t\u00f6r\u0259tdikl\u0259ri \u0259m\u0259ll\u0259rin \u015fahidinin olmas\u0131ndan qorxurlar&#8221;","datePublished":"2015-04-01T15:35:02+00:00","mainEntityOfPage":{"@id":"https:\/\/www.meydan.tv\/az\/article\/onlar-toretdikleri-emellerin-sahidinin-olmasindan-qorxurlar\/"},"wordCount":279,"publisher":{"@id":"https:\/\/www.meydan.tv\/az\/#organization"},"image":{"@id":"https:\/\/www.meydan.tv\/az\/article\/onlar-toretdikleri-emellerin-sahidinin-olmasindan-qorxurlar\/#primaryimage"},"thumbnailUrl":"https:\/\/www.meydan.tv\/wp-content\/uploads\/7977.jpg","articleSection":["X\u0259b\u0259rl\u0259r"],"inLanguage":"az"},{"@type":"WebPage","@id":"https:\/\/www.meydan.tv\/az\/article\/onlar-toretdikleri-emellerin-sahidinin-olmasindan-qorxurlar\/","url":"https:\/\/www.meydan.tv\/az\/article\/onlar-toretdikleri-emellerin-sahidinin-olmasindan-qorxurlar\/","name":"\"Onlar t\u00f6r\u0259tdikl\u0259ri \u0259m\u0259ll\u0259rin \u015fahidinin olmas\u0131ndan qorxurlar\" - MEYDAN.TV","isPartOf":{"@id":"https:\/\/www.meydan.tv\/az\/#website"},"primaryImageOfPage":{"@id":"https:\/\/www.meydan.tv\/az\/article\/onlar-toretdikleri-emellerin-sahidinin-olmasindan-qorxurlar\/#primaryimage"},"image":{"@id":"https:\/\/www.meydan.tv\/az\/article\/onlar-toretdikleri-emellerin-sahidinin-olmasindan-qorxurlar\/#primaryimage"},"thumbnailUrl":"https:\/\/www.meydan.tv\/wp-content\/uploads\/7977.jpg","datePublished":"2015-04-01T15:35:02+00:00","breadcrumb":{"@id":"https:\/\/www.meydan.tv\/az\/article\/onlar-toretdikleri-emellerin-sahidinin-olmasindan-qorxurlar\/#breadcrumb"},"inLanguage":"az","potentialAction":[{"@type":"ReadAction","target":["https:\/\/www.meydan.tv\/az\/article\/onlar-toretdikleri-emellerin-sahidinin-olmasindan-qorxurlar\/"]}]},{"@type":"ImageObject","inLanguage":"az","@id":"https:\/\/www.meydan.tv\/az\/article\/onlar-toretdikleri-emellerin-sahidinin-olmasindan-qorxurlar\/#primaryimage","url":"https:\/\/www.meydan.tv\/wp-content\/uploads\/7977.jpg","contentUrl":"https:\/\/www.meydan.tv\/wp-content\/uploads\/7977.jpg","width":400,"height":300,"caption":"Source:"},{"@type":"BreadcrumbList","@id":"https:\/\/www.meydan.tv\/az\/article\/onlar-toretdikleri-emellerin-sahidinin-olmasindan-qorxurlar\/#breadcrumb","itemListElement":[{"@type":"ListItem","position":1,"name":"Ana s\u0259hif\u0259","item":"https:\/\/www.meydan.tv\/az\/"},{"@type":"ListItem","position":2,"name":"X\u0259b\u0259rl\u0259r","item":"https:\/\/www.meydan.tv\/az\/section\/xeberler\/"},{"@type":"ListItem","position":3,"name":"&#8220;Onlar t\u00f6r\u0259tdikl\u0259ri \u0259m\u0259ll\u0259rin \u015fahidinin olmas\u0131ndan qorxurlar&#8221;"}]},{"@type":"WebSite","@id":"https:\/\/www.meydan.tv\/az\/#website","url":"https:\/\/www.meydan.tv\/az\/","name":"MEYDAN.TV","description":"Meydan TV Az\u0259rbaycan\u0131n media m\u0259kan\u0131ndak\u0131 alternativ s\u0259sidir","publisher":{"@id":"https:\/\/www.meydan.tv\/az\/#organization"},"potentialAction":[{"@type":"SearchAction","target":{"@type":"EntryPoint","urlTemplate":"https:\/\/www.meydan.tv\/az\/?s={search_term_string}"},"query-input":{"@type":"PropertyValueSpecification","valueRequired":true,"valueName":"search_term_string"}}],"inLanguage":"az"},{"@type":"Organization","@id":"https:\/\/www.meydan.tv\/az\/#organization","name":"Meydan TV","url":"https:\/\/www.meydan.tv\/az\/","logo":{"@type":"ImageObject","inLanguage":"az","@id":"https:\/\/www.meydan.tv\/az\/#\/schema\/logo\/image\/","url":"https:\/\/www.meydan.tv\/wp-content\/uploads\/2021\/07\/meydan-logo.svg","contentUrl":"https:\/\/www.meydan.tv\/wp-content\/uploads\/2021\/07\/meydan-logo.svg","width":195,"height":46,"caption":"Meydan TV"},"image":{"@id":"https:\/\/www.meydan.tv\/az\/#\/schema\/logo\/image\/"}},{"@type":"Person","@id":"https:\/\/www.meydan.tv\/az\/#\/schema\/person\/10d11eccf6da3662cf5fdab9806ea91a","name":"user-manager"}]}},"_links":{"self":[{"href":"https:\/\/www.meydan.tv\/az\/wp-json\/wp\/v2\/posts\/167393","targetHints":{"allow":["GET"]}}],"collection":[{"href":"https:\/\/www.meydan.tv\/az\/wp-json\/wp\/v2\/posts"}],"about":[{"href":"https:\/\/www.meydan.tv\/az\/wp-json\/wp\/v2\/types\/post"}],"author":[{"embeddable":true,"href":"https:\/\/www.meydan.tv\/az\/wp-json\/wp\/v2\/users\/11"}],"replies":[{"embeddable":true,"href":"https:\/\/www.meydan.tv\/az\/wp-json\/wp\/v2\/comments?post=167393"}],"version-history":[{"count":0,"href":"https:\/\/www.meydan.tv\/az\/wp-json\/wp\/v2\/posts\/167393\/revisions"}],"wp:featuredmedia":[{"embeddable":true,"href":"https:\/\/www.meydan.tv\/az\/wp-json\/wp\/v2\/media\/22027"}],"wp:attachment":[{"href":"https:\/\/www.meydan.tv\/az\/wp-json\/wp\/v2\/media?parent=167393"}],"wp:term":[{"taxonomy":"category","embeddable":true,"href":"https:\/\/www.meydan.tv\/az\/wp-json\/wp\/v2\/categories?post=167393"},{"taxonomy":"post_tag","embeddable":true,"href":"https:\/\/www.meydan.tv\/az\/wp-json\/wp\/v2\/tags?post=167393"}],"curies":[{"name":"wp","href":"https:\/\/api.w.org\/{rel}","templated":true}]}}