{"id":167391,"date":"2015-04-01T13:00:45","date_gmt":"2015-04-01T13:00:45","guid":{"rendered":"https:\/\/www.meydan.tv\/article\/allahsukur-pasazadenin-movqeyi-azerbaycanin-tehlukuesizlik-maraqlarina-cavab-vermir\/"},"modified":"2015-04-01T13:00:45","modified_gmt":"2015-04-01T13:00:45","slug":"allahsukur-pasazadenin-movqeyi-azerbaycanin-tehlukuesizlik-maraqlarina-cavab-vermir","status":"publish","type":"post","link":"https:\/\/www.meydan.tv\/az\/article\/allahsukur-pasazadenin-movqeyi-azerbaycanin-tehlukuesizlik-maraqlarina-cavab-vermir\/","title":{"rendered":"&#8220;Allah\u015f\u00fck\u00fcr Pa\u015fazad\u0259nin m\u00f6vqeyi Az\u0259rbaycan\u0131n t\u0259hl\u00fck\u00fc\u0259sizlik maraqlar\u0131na cavab vermir&#8221;"},"content":{"rendered":"<figure class=\"wp-block-image size-large\">\n  <img decoding=\"async\" src=\"https:\/\/www.meydan.tv\/az\/22026\/\" alt=\"\" class=\"wp-image-22026\"\/><figcaption><\/figcaption><\/figure>\n<figure class=\"wp-block-image size-large\">\n  <img decoding=\"async\" src=\"https:\/\/www.meydan.tv\/az\/22026\/\" alt=\"\" class=\"wp-image-22026\"\/><figcaption><\/figcaption><\/figure>\n<p>\n  <i><br \/>\n    &#8220;X\u0130N-nin m\u0259tbuat katibi a\u00e7qlamas\u0131 il\u0259 Pa\u015fazad\u0259y\u0259 ona aid olmayan m\u0259s\u0259l\u0259l\u0259r\u0259 qar\u0131\u015fmama\u011f\u0131 m\u0259sl\u0259h\u0259t g\u00f6r\u00fcr&#8221;<br \/>\n  <\/i>\n<\/p>\n<p>\n  &#8220;Y\u0259m\u0259nd\u0259 m\u00fcharib\u0259: Az\u0259rbaycan kimin t\u0259r\u0259find\u0259dir?&#8221; sual\u0131n\u0131 \u00f6z Facebook s\u0259hif\u0259sind\u0259 &#8220;Atlas&#8221; Ara\u015fd\u0131rmalar M\u0259rk\u0259zinin r\u0259hb\u0259ri Elxan \u015eahino\u011flu yay\u0131b. E.\u015eahino\u011flu hesab edir ki, Az\u0259rbaycan ki\u00e7ik d\u00f6vl\u0259tdir, Yax\u0131n \u015e\u0259rqd\u0259ki hadis\u0259l\u0259r\u0259 m\u00fcdaxil\u0259 etmir. Buna baxmayaraq, Y\u0259m\u0259nd\u0259ki hadis\u0259l\u0259r Az\u0259rbaycan\u0131 \u00e7\u0259tin se\u00e7im qar\u015f\u0131s\u0131nda qoyub.\n<\/p>\n<p>\n  &#8220;Az\u0259rbaycan \u0259halisinin t\u0259xmin\u0259n 70 faizi \u015fi\u0259l\u0259rdir v\u0259 buna g\u00f6r\u0259 d\u0259 S\u0259udiyy\u0259 \u018fr\u0259bistan\u0131n\u0131n \u0259r\u0259b d\u00f6vl\u0259tl\u0259ri il\u0259 birg\u0259 Y\u0259m\u0259nd\u0259 \u015fi\u0259 inqilab\u00e7\u0131lar\u0131n\u0131 bombalamas\u0131 Bak\u0131da r\u0259\u011fb\u0259t do\u011furmur. Ancaq dig\u0259r t\u0259r\u0259fd\u0259n Y\u0259m\u0259nd\u0259 \u015fi\u0259l\u0259r\u0259 qar\u015f\u0131 blok formala\u015fd\u0131ran 3 d\u00f6vl\u0259t \u2013 S\u0259udiyy\u0259 \u018fr\u0259bistan\u0131, T\u00fcrkiy\u0259 v\u0259 Pakistan Az\u0259rbaycan\u0131n m\u00fctt\u0259fiql\u0259ridir. Bu 3 d\u00f6vl\u0259t Az\u0259rbaycan torpaqlar\u0131n\u0131n i\u015f\u011fal\u0131na g\u00f6r\u0259 Erm\u0259nistanla diplomatik m\u00fcnasib\u0259t qurmay\u0131b v\u0259 Da\u011fl\u0131q Qaraba\u011f m\u0259s\u0259l\u0259sind\u0259 Bak\u0131n\u0131n m\u00f6vqeyini m\u00fcdafi\u0259 edirl\u0259r. Bel\u0259 olan halda r\u0259smi Bak\u0131 Y\u0259m\u0259nd\u0259ki m\u0259zh\u0259b m\u00fcharib\u0259sin\u0259 g\u00f6r\u0259 m\u00fctt\u0259fiql\u0259ri il\u0259 problem ya\u015famaq ist\u0259m\u0259z. Ona g\u00f6r\u0259 d\u0259 r\u0259smi Bak\u0131 \u00fc\u00e7\u00fcn \u0259n yax\u015f\u0131s\u0131 Y\u0259m\u0259nd\u0259ki prosesl\u0259r\u0259 m\u00fcnasib\u0259t bildirm\u0259m\u0259kdir. Bak\u0131 \u00fc\u00e7\u00fcn yegan\u0259 tezis bu olmal\u0131d\u0131r: Az\u0259rbaycan qarda\u015f Y\u0259m\u0259nd\u0259 s\u00fclh v\u0259 sabitliyin yaranmas\u0131nda maraql\u0131d\u0131r&#8221;,-dey\u0259 \u015eahino\u011flu yaz\u0131r.\n<\/p>\n<p>\n  O, Qafqaz M\u00fcs\u0259lmanlar\u0131 \u0130dar\u0259sinin s\u0259dri, \u015feyx\u00fclislam Hac\u0131 Allah\u015f\u00fck\u00fcr Pa\u015fazad\u0259 Y\u0259m\u0259n \u015fir\u0259l\u0259rin\u0259 d\u0259st\u0259k verm\u0259sin\u0259 t\u0259nqidi yana\u015f\u0131b: &#8220;Pa\u015fazad\u0259 Y\u0259m\u0259n\u0259 qar\u015f\u0131 m\u00fcharib\u0259ni t\u0259nqid ed\u0259r\u0259k bunlar\u0131 dedi: \u201c\u018fr\u0259b d\u00f6vl\u0259tl\u0259ri F\u0259l\u0259stin m\u0259s\u0259l\u0259sind\u0259 \u0130srail\u0259 qar\u015f\u0131 h\u0259mr\u0259ylik n\u00fcmayi\u015f etdir\u0259 bilmirl\u0259r, ancaq Y\u0259m\u0259nd\u0259ki m\u00fcxalif q\u00fcvv\u0259l\u0259r\u0259 qar\u015f\u0131 koalisiya yarad\u0131blar. Bu t\u0259\u0259ss\u00fcf do\u011furur. B\u00fct\u00fcn bunlar m\u0259zh\u0259b ayr\u0131-se\u00e7kiliyinin \u0259lam\u0259tidir\u201d. Allah\u015f\u00fck\u00fcr Pa\u015fazad\u0259 bu a\u00e7\u0131qlamas\u0131yla faktiki simpatiyas\u0131n\u0131n Y\u0259m\u0259n \u015fir\u0259l\u0259rinin t\u0259r\u0259find\u0259 oldu\u011funu biruz\u0259 verdi. Pa\u015fazad\u0259nin bu m\u00f6vqeyi Tehran\u0131n m\u00f6vqeyi il\u0259 \u00fcst-\u00fcst\u0259 d\u00fc\u015fd\u00fc. Pa\u015fazad\u0259nin a\u00e7\u0131qlamas\u0131nda \u0130srail d\u0259 h\u0259d\u0259f g\u00f6t\u00fcr\u00fcl\u00fcb ki, bu da Az\u0259rbaycan\u0131n t\u0259hl\u00fck\u0259sizlik maraqlar\u0131 il\u0259 \u00fcst-\u00fcst\u0259 d\u00fc\u015fm\u00fcr. \u0130srail Az\u0259rbaycan\u0131n strateji t\u0259r\u0259fda\u015f\u0131d\u0131r, Bak\u0131 ba\u015fqa \u00f6lk\u0259l\u0259rd\u0259n ala bilm\u0259diyi m\u00fcasir silahlar\u0131 \u0130sraild\u0259n al\u0131r v\u0259 bu \u00f6lk\u0259y\u0259 b\u00f6y\u00fck h\u0259cmd\u0259 neft sat\u0131r. Buna g\u00f6r\u0259 d\u0259 Az\u0259rbaycan hakimiyy\u0259ti Pa\u015fazad\u0259nin Y\u0259m\u0259nl\u0259 ba\u011fl\u0131 a\u00e7\u0131qlamas\u0131ndan narahat oldu. Az\u0259rbaycan Xarici \u0130\u015fl\u0259r Nazirliyinin m\u0259tbuat katibi Hikm\u0259t Hac\u0131yev Allah\u015f\u00fck\u00fcr Pa\u015fazad\u0259 t\u0259r\u0259find\u0259n s\u0259sl\u0259ndiril\u0259n fikirl\u0259rin onun \u015f\u0259xsi m\u00f6vqeyi oldu\u011funu v\u0259 Az\u0259rbaycan\u0131n r\u0259smi m\u00f6vqeyini \u0259ks etdirm\u0259diyini bildirdi&#8221;.\n<\/p>\n<p>\n  Elxan \u015eahino\u011flu bildirib ki, bug\u00fcn\u0259 q\u0259d\u0259r hakimiyy\u0259tl\u0259 Qafqaz M\u00fcs\u0259lmanlar\u0131 \u0130dar\u0259sinin s\u0259dri aras\u0131nda fikir ayr\u0131l\u0131\u011f\u0131 a\u00e7\u0131q polemikaya ke\u00e7m\u0259mi\u015fdi. X\u0130N-nin m\u0259tbuat katibinin a\u00e7qlamas\u0131nda h\u0259m d\u0259 o deyilir ki, Az\u0259rbaycan Konstitusiyas\u0131n\u0131n 18-ci madd\u0259sin\u0259 \u0259sas\u0259n Az\u0259rbaycanda din d\u00f6vl\u0259td\u0259n ayr\u0131d\u0131r v\u0259 r\u0259smi m\u00f6vqeyi prezident v\u0259 X\u0130N bildirir. Bununla X\u0130N Pa\u015fazad\u0259y\u0259 ona aid olmayan m\u0259s\u0259l\u0259l\u0259r\u0259 qar\u0131\u015fmama\u011f\u0131 m\u0259sl\u0259h\u0259t g\u00f6r\u00fcr.<\/p>\n","protected":false},"excerpt":{"rendered":"<p>&#8220;X\u0130N-nin m\u0259tbuat katibi a\u00e7qlamas\u0131 il\u0259 Pa\u015fazad\u0259y\u0259 ona aid olmayan m\u0259s\u0259l\u0259l\u0259r\u0259 qar\u0131\u015fmama\u011f\u0131 m\u0259sl\u0259h\u0259t g\u00f6r\u00fcr&#8221;<\/p>\n","protected":false},"author":11,"featured_media":22026,"comment_status":"closed","ping_status":"open","sticky":false,"template":"","format":"standard","meta":{"_acf_changed":false,"_sitemap_exclude":false,"_sitemap_priority":"","_sitemap_frequency":"","footnotes":""},"categories":[56],"tags":[],"class_list":["post-167391","post","type-post","status-publish","format-standard","has-post-thumbnail","hentry","category-xeberler","infinite-scroll-item","generate-columns","tablet-grid-50","mobile-grid-100","grid-parent","grid-33","no-featured-image-padding"],"acf":[],"yoast_head":"<!-- This site is optimized with the Yoast SEO plugin v28.4 - https:\/\/yoast.com\/product\/yoast-seo-wordpress\/ -->\n<title>&quot;Allah\u015f\u00fck\u00fcr Pa\u015fazad\u0259nin m\u00f6vqeyi Az\u0259rbaycan\u0131n t\u0259hl\u00fck\u00fc\u0259sizlik maraqlar\u0131na cavab vermir&quot; - MEYDAN.TV<\/title>\n<meta name=\"robots\" content=\"index, follow, max-snippet:-1, max-image-preview:large, max-video-preview:-1\" \/>\n<link rel=\"canonical\" href=\"https:\/\/www.meydan.tv\/az\/article\/allahsukur-pasazadenin-movqeyi-azerbaycanin-tehlukuesizlik-maraqlarina-cavab-vermir\/\" \/>\n<meta property=\"og:locale\" content=\"az_AZ\" \/>\n<meta property=\"og:type\" content=\"article\" \/>\n<meta property=\"og:title\" content=\"&quot;Allah\u015f\u00fck\u00fcr Pa\u015fazad\u0259nin m\u00f6vqeyi Az\u0259rbaycan\u0131n t\u0259hl\u00fck\u00fc\u0259sizlik maraqlar\u0131na cavab vermir&quot; - MEYDAN.TV\" \/>\n<meta property=\"og:description\" content=\"&quot;X\u0130N-nin m\u0259tbuat katibi a\u00e7qlamas\u0131 il\u0259 Pa\u015fazad\u0259y\u0259 ona aid olmayan m\u0259s\u0259l\u0259l\u0259r\u0259 qar\u0131\u015fmama\u011f\u0131 m\u0259sl\u0259h\u0259t g\u00f6r\u00fcr&quot;\" \/>\n<meta property=\"og:url\" content=\"https:\/\/www.meydan.tv\/az\/article\/allahsukur-pasazadenin-movqeyi-azerbaycanin-tehlukuesizlik-maraqlarina-cavab-vermir\/\" \/>\n<meta property=\"og:site_name\" content=\"MEYDAN.TV\" \/>\n<meta property=\"article:published_time\" content=\"2015-04-01T13:00:45+00:00\" \/>\n<meta property=\"og:image\" content=\"https:\/\/www.meydan.tv\/wp-content\/uploads\/7976.jpg\" \/>\n\t<meta property=\"og:image:width\" content=\"400\" \/>\n\t<meta property=\"og:image:height\" content=\"427\" \/>\n\t<meta property=\"og:image:type\" content=\"image\/jpeg\" \/>\n<meta name=\"twitter:card\" content=\"summary_large_image\" \/>\n<!-- \/ Yoast SEO plugin. -->","yoast_head_json":{"title":"\"Allah\u015f\u00fck\u00fcr Pa\u015fazad\u0259nin m\u00f6vqeyi Az\u0259rbaycan\u0131n t\u0259hl\u00fck\u00fc\u0259sizlik maraqlar\u0131na cavab vermir\" - MEYDAN.TV","robots":{"index":"index","follow":"follow","max-snippet":"max-snippet:-1","max-image-preview":"max-image-preview:large","max-video-preview":"max-video-preview:-1"},"canonical":"https:\/\/www.meydan.tv\/az\/article\/allahsukur-pasazadenin-movqeyi-azerbaycanin-tehlukuesizlik-maraqlarina-cavab-vermir\/","og_locale":"az_AZ","og_type":"article","og_title":"\"Allah\u015f\u00fck\u00fcr Pa\u015fazad\u0259nin m\u00f6vqeyi Az\u0259rbaycan\u0131n t\u0259hl\u00fck\u00fc\u0259sizlik maraqlar\u0131na cavab vermir\" - MEYDAN.TV","og_description":"\"X\u0130N-nin m\u0259tbuat katibi a\u00e7qlamas\u0131 il\u0259 Pa\u015fazad\u0259y\u0259 ona aid olmayan m\u0259s\u0259l\u0259l\u0259r\u0259 qar\u0131\u015fmama\u011f\u0131 m\u0259sl\u0259h\u0259t g\u00f6r\u00fcr\"","og_url":"https:\/\/www.meydan.tv\/az\/article\/allahsukur-pasazadenin-movqeyi-azerbaycanin-tehlukuesizlik-maraqlarina-cavab-vermir\/","og_site_name":"MEYDAN.TV","article_published_time":"2015-04-01T13:00:45+00:00","og_image":[{"width":400,"height":427,"url":"https:\/\/www.meydan.tv\/wp-content\/uploads\/7976.jpg","type":"image\/jpeg"}],"twitter_card":"summary_large_image","schema":{"@context":"https:\/\/schema.org","@graph":[{"@type":"Article","@id":"https:\/\/www.meydan.tv\/az\/article\/allahsukur-pasazadenin-movqeyi-azerbaycanin-tehlukuesizlik-maraqlarina-cavab-vermir\/#article","isPartOf":{"@id":"https:\/\/www.meydan.tv\/az\/article\/allahsukur-pasazadenin-movqeyi-azerbaycanin-tehlukuesizlik-maraqlarina-cavab-vermir\/"},"author":{"name":"user-manager","@id":"https:\/\/www.meydan.tv\/az\/#\/schema\/person\/10d11eccf6da3662cf5fdab9806ea91a"},"headline":"&#8220;Allah\u015f\u00fck\u00fcr Pa\u015fazad\u0259nin m\u00f6vqeyi Az\u0259rbaycan\u0131n t\u0259hl\u00fck\u00fc\u0259sizlik maraqlar\u0131na cavab vermir&#8221;","datePublished":"2015-04-01T13:00:45+00:00","mainEntityOfPage":{"@id":"https:\/\/www.meydan.tv\/az\/article\/allahsukur-pasazadenin-movqeyi-azerbaycanin-tehlukuesizlik-maraqlarina-cavab-vermir\/"},"wordCount":705,"publisher":{"@id":"https:\/\/www.meydan.tv\/az\/#organization"},"image":{"@id":"https:\/\/www.meydan.tv\/az\/article\/allahsukur-pasazadenin-movqeyi-azerbaycanin-tehlukuesizlik-maraqlarina-cavab-vermir\/#primaryimage"},"thumbnailUrl":"https:\/\/www.meydan.tv\/wp-content\/uploads\/7976.jpg","articleSection":["X\u0259b\u0259rl\u0259r"],"inLanguage":"az"},{"@type":"WebPage","@id":"https:\/\/www.meydan.tv\/az\/article\/allahsukur-pasazadenin-movqeyi-azerbaycanin-tehlukuesizlik-maraqlarina-cavab-vermir\/","url":"https:\/\/www.meydan.tv\/az\/article\/allahsukur-pasazadenin-movqeyi-azerbaycanin-tehlukuesizlik-maraqlarina-cavab-vermir\/","name":"\"Allah\u015f\u00fck\u00fcr Pa\u015fazad\u0259nin m\u00f6vqeyi Az\u0259rbaycan\u0131n t\u0259hl\u00fck\u00fc\u0259sizlik maraqlar\u0131na cavab vermir\" - MEYDAN.TV","isPartOf":{"@id":"https:\/\/www.meydan.tv\/az\/#website"},"primaryImageOfPage":{"@id":"https:\/\/www.meydan.tv\/az\/article\/allahsukur-pasazadenin-movqeyi-azerbaycanin-tehlukuesizlik-maraqlarina-cavab-vermir\/#primaryimage"},"image":{"@id":"https:\/\/www.meydan.tv\/az\/article\/allahsukur-pasazadenin-movqeyi-azerbaycanin-tehlukuesizlik-maraqlarina-cavab-vermir\/#primaryimage"},"thumbnailUrl":"https:\/\/www.meydan.tv\/wp-content\/uploads\/7976.jpg","datePublished":"2015-04-01T13:00:45+00:00","breadcrumb":{"@id":"https:\/\/www.meydan.tv\/az\/article\/allahsukur-pasazadenin-movqeyi-azerbaycanin-tehlukuesizlik-maraqlarina-cavab-vermir\/#breadcrumb"},"inLanguage":"az","potentialAction":[{"@type":"ReadAction","target":["https:\/\/www.meydan.tv\/az\/article\/allahsukur-pasazadenin-movqeyi-azerbaycanin-tehlukuesizlik-maraqlarina-cavab-vermir\/"]}]},{"@type":"ImageObject","inLanguage":"az","@id":"https:\/\/www.meydan.tv\/az\/article\/allahsukur-pasazadenin-movqeyi-azerbaycanin-tehlukuesizlik-maraqlarina-cavab-vermir\/#primaryimage","url":"https:\/\/www.meydan.tv\/wp-content\/uploads\/7976.jpg","contentUrl":"https:\/\/www.meydan.tv\/wp-content\/uploads\/7976.jpg","width":400,"height":427,"caption":"Source:"},{"@type":"BreadcrumbList","@id":"https:\/\/www.meydan.tv\/az\/article\/allahsukur-pasazadenin-movqeyi-azerbaycanin-tehlukuesizlik-maraqlarina-cavab-vermir\/#breadcrumb","itemListElement":[{"@type":"ListItem","position":1,"name":"Ana s\u0259hif\u0259","item":"https:\/\/www.meydan.tv\/az\/"},{"@type":"ListItem","position":2,"name":"X\u0259b\u0259rl\u0259r","item":"https:\/\/www.meydan.tv\/az\/section\/xeberler\/"},{"@type":"ListItem","position":3,"name":"&#8220;Allah\u015f\u00fck\u00fcr Pa\u015fazad\u0259nin m\u00f6vqeyi Az\u0259rbaycan\u0131n t\u0259hl\u00fck\u00fc\u0259sizlik maraqlar\u0131na cavab vermir&#8221;"}]},{"@type":"WebSite","@id":"https:\/\/www.meydan.tv\/az\/#website","url":"https:\/\/www.meydan.tv\/az\/","name":"MEYDAN.TV","description":"Meydan TV Az\u0259rbaycan\u0131n media m\u0259kan\u0131ndak\u0131 alternativ s\u0259sidir","publisher":{"@id":"https:\/\/www.meydan.tv\/az\/#organization"},"potentialAction":[{"@type":"SearchAction","target":{"@type":"EntryPoint","urlTemplate":"https:\/\/www.meydan.tv\/az\/?s={search_term_string}"},"query-input":{"@type":"PropertyValueSpecification","valueRequired":true,"valueName":"search_term_string"}}],"inLanguage":"az"},{"@type":"Organization","@id":"https:\/\/www.meydan.tv\/az\/#organization","name":"Meydan TV","url":"https:\/\/www.meydan.tv\/az\/","logo":{"@type":"ImageObject","inLanguage":"az","@id":"https:\/\/www.meydan.tv\/az\/#\/schema\/logo\/image\/","url":"https:\/\/www.meydan.tv\/wp-content\/uploads\/2021\/07\/meydan-logo.svg","contentUrl":"https:\/\/www.meydan.tv\/wp-content\/uploads\/2021\/07\/meydan-logo.svg","width":195,"height":46,"caption":"Meydan TV"},"image":{"@id":"https:\/\/www.meydan.tv\/az\/#\/schema\/logo\/image\/"}},{"@type":"Person","@id":"https:\/\/www.meydan.tv\/az\/#\/schema\/person\/10d11eccf6da3662cf5fdab9806ea91a","name":"user-manager"}]}},"_links":{"self":[{"href":"https:\/\/www.meydan.tv\/az\/wp-json\/wp\/v2\/posts\/167391","targetHints":{"allow":["GET"]}}],"collection":[{"href":"https:\/\/www.meydan.tv\/az\/wp-json\/wp\/v2\/posts"}],"about":[{"href":"https:\/\/www.meydan.tv\/az\/wp-json\/wp\/v2\/types\/post"}],"author":[{"embeddable":true,"href":"https:\/\/www.meydan.tv\/az\/wp-json\/wp\/v2\/users\/11"}],"replies":[{"embeddable":true,"href":"https:\/\/www.meydan.tv\/az\/wp-json\/wp\/v2\/comments?post=167391"}],"version-history":[{"count":0,"href":"https:\/\/www.meydan.tv\/az\/wp-json\/wp\/v2\/posts\/167391\/revisions"}],"wp:featuredmedia":[{"embeddable":true,"href":"https:\/\/www.meydan.tv\/az\/wp-json\/wp\/v2\/media\/22026"}],"wp:attachment":[{"href":"https:\/\/www.meydan.tv\/az\/wp-json\/wp\/v2\/media?parent=167391"}],"wp:term":[{"taxonomy":"category","embeddable":true,"href":"https:\/\/www.meydan.tv\/az\/wp-json\/wp\/v2\/categories?post=167391"},{"taxonomy":"post_tag","embeddable":true,"href":"https:\/\/www.meydan.tv\/az\/wp-json\/wp\/v2\/tags?post=167391"}],"curies":[{"name":"wp","href":"https:\/\/api.w.org\/{rel}","templated":true}]}}