{"id":167390,"date":"2015-04-01T12:17:56","date_gmt":"2015-04-01T12:17:56","guid":{"rendered":"https:\/\/www.meydan.tv\/article\/mehriban-zeynalova-mehkeme-hokmunu-gizletmisdi\/"},"modified":"2015-04-01T12:17:56","modified_gmt":"2015-04-01T12:17:56","slug":"mehriban-zeynalova-mehkeme-hokmunu-gizletmisdi","status":"publish","type":"post","link":"https:\/\/www.meydan.tv\/az\/article\/mehriban-zeynalova-mehkeme-hokmunu-gizletmisdi\/","title":{"rendered":"&#8220;Mehriban Zeynalova m\u0259hk\u0259m\u0259 h\u00f6km\u00fcn\u00fc gizl\u0259tmi\u015fdi&#8221;"},"content":{"rendered":"<figure class=\"wp-block-image size-large\">\n  <img decoding=\"async\" src=\"https:\/\/www.meydan.tv\/az\/22011\/\" alt=\"\" class=\"wp-image-22011\"\/><figcaption><\/figcaption><\/figure>\n<figure class=\"wp-block-image size-large\">\n  <img decoding=\"async\" src=\"https:\/\/www.meydan.tv\/az\/22018\/\" alt=\"\" class=\"wp-image-22018\"\/><figcaption><\/figcaption><\/figure>\n<p>\n  <i><br \/>\n    Az\u0259rbaycandan deportasiya olunan filippinli qad\u0131n ba\u015f\u0131na g\u0259l\u0259nl\u0259ri Meydan TV-y\u0259 dan\u0131\u015fd\u0131<br \/>\n  <\/i>\n<\/p>\n<p>\n  <b><br \/>\n    Bir m\u00fcdd\u0259t \u00f6nc\u0259 Fillipin v\u0259t\u0259nda\u015f\u0131 Llianto Fe Diaz\u0131n ad\u0131 yenid\u0259n m\u0259tbuat\u0131n g\u00fcnd\u0259mini z\u0259bt etdi. S\u0259b\u0259b is\u0259 onun \u00f6lk\u0259d\u0259n getm\u0259si il\u0259 ba\u011fl\u0131 saytlardan birind\u0259 yaz\u0131lan yaz\u0131 oldu. Bunun ard\u0131ndan \u201cT\u0259miz D\u00fcnya\u201d \u0130ctimai Birliyinin r\u0259hb\u0259ri Mehriban Zeynalova m\u0259tbuat konfrans\u0131 ke\u00e7irdi. Ona qar\u015f\u0131 b\u00f6htan at\u0131ld\u0131\u011f\u0131n\u0131 bildirdi. Mill\u0259t v\u0259kili G\u00fclt\u0259kin Hac\u0131b\u0259ylini v\u0259 jurnalist Aynur \u0130mranovan\u0131 m\u0259hk\u0259m\u0259y\u0259 ver\u0259c\u0259yini a\u00e7\u0131qlad\u0131. Fillipin v\u0259t\u0259nda\u015f\u0131n\u0131n Az\u0259rbaycan\u0131 nec\u0259 t\u0259rk etm\u0259si il\u0259 ba\u011fl\u0131 m\u00fcxt\u0259lif fikirl\u0259r s\u0259sl\u0259ndi. Meydan Tv haz\u0131rda Fillipind\u0259 olan Llianto Fe Diazla m\u00fcsahib\u0259ni t\u0259qdim edir.<br \/>\n  <\/b>\n<\/p>\n<p>\n  <b><br \/>\n    M\u00fcsahib\u0259 \u201cFacebook\u201d vasit\u0259si il\u0259 apar\u0131l\u0131b.<br \/>\n  <\/b><\/p>\n<p>  <b><br \/>\n    -Siz Bak\u0131n\u0131 nec\u0259 t\u0259rk etdiniz?<br \/>\n  <\/b>\n<\/p>\n<p>\n  \u00a0-2015-ci ilin yanvar ay\u0131n\u0131n 5-d\u0259 Miqrasiya Xidm\u0259tind\u0259n z\u0259ng etdil\u0259r, Mehriban Zeynalova m\u0259ni \u00f6z i\u015f\u00e7il\u0259rinin biri il\u0259 Miqrasiya \u0130dar\u0259sin\u0259 g\u00f6nd\u0259rdi v\u0259 onlar orada m\u0259ni sor\u011fu-suala tutdular. M\u0259n onlara d\u0259f\u0259l\u0259rl\u0259 dedim ki, Az\u0259rbaycandan getm\u0259k ist\u0259mir\u0259m, \u00e7\u00fcnki Ali M\u0259hk\u0259m\u0259d\u0259 Aynur Mehdiyevaya qar\u015f\u0131 kasassiya \u015fikay\u0259tim\u0259 bax\u0131lmal\u0131d\u0131r v\u0259 m\u0259n m\u0259hk\u0259m\u0259l\u0259rimi davam etdirm\u0259k ist\u0259yir\u0259m.\n<\/p>\n<p>\n  <b><br \/>\n    \u00a0-Siz \u00f6lk\u0259ni t\u0259rk ed\u0259rk\u0259n v\u0259kiliniz El\u00e7in Sad\u0131qovla \u0259laq\u0259 saxlaya bildinizmi?<br \/>\n  <\/b>\n<\/p>\n<p>\n  \u00a0-M\u0259n onlara (Miqrasiya Xidm\u0259tinin \u0259m\u0259kda\u015flar\u0131na) dedim ki, v\u0259kilim El\u00e7in Sad\u0131qova z\u0259ng vurmaq ist\u0259yir\u0259m. H\u0259tta yalvard\u0131m ki, m\u0259n\u0259 he\u00e7 olmasa 3 d\u0259qiq\u0259 icaz\u0259 verin, v\u0259kiliml\u0259 dan\u0131\u015f\u0131m. \u00c7ox xahi\u015f etdim ki, z\u0259ng vurma\u011f\u0131m \u00fc\u00e7\u00fcn \u0259limd\u0259n ald\u0131qlar\u0131 telefonumu v\u0259 batareyan\u0131 geri versinl\u0259r. Lakin bunun \u0259v\u0259zind\u0259, bir n\u0259f\u0259r \u0259m\u0259kda\u015f \u00fcst\u00fcm\u0259 q\u0131\u015fq\u0131rma\u011fa ba\u015flad\u0131 v\u0259 dedi ki, bura m\u0259hk\u0259m\u0259 deyil ki, v\u0259kil ist\u0259y\u0259s\u0259n. Dedi ki, ona z\u0259ng vurma\u011fa ehtiyac yoxdur. El\u00e7in Sad\u0131qov Miqrasiya Xidm\u0259tind\u0259 \u00e7al\u0131\u015fm\u0131r v\u0259 onlar v\u0259kili tan\u0131m\u0131rlar. H\u0259min adam D\u00f6vl\u0259t Miqrasiya Xidm\u0259tind\u0259 \u00e7al\u0131\u015f\u0131r, m\u0259n onun ad\u0131n\u0131 d\u0259qiq xat\u0131rlam\u0131ram, ancaq g\u0259r\u0259k ki, Cavad olmal\u0131d\u0131r. Ar\u0131q v\u0259 \u00e7ox da h\u00fcnd\u00fcr olmayan adamd\u0131r. M\u0259n ona dedim ki, m\u0259nim \u00fcst\u00fcm\u0259 q\u0131\u015fq\u0131rmay\u0131n. O da dedi ki, \u0259g\u0259r bunu ist\u0259mirs\u0259ns\u0259, bu ka\u011f\u0131zlar\u0131 imzalamal\u0131san v\u0259 biz c\u0259ld aeroporta getm\u0259liyik. O, m\u0259nim telefonumun batareyas\u0131n\u0131 g\u00f6t\u00fcrd\u00fc, sonra m\u0259nd\u0259n yen\u0259 ba\u015fqa telefonum olub-olmad\u0131\u011f\u0131n\u0131 soru\u015fdu v\u0259 biz aeroportda olanda m\u0259nim telefonumu s\u0131nd\u0131rd\u0131.\n<\/p>\n<p>\n  <b><br \/>\n    \u00a0-Sizin telefonunuzu konkret kim s\u0131nd\u0131rd\u0131?<br \/>\n  <\/b>\n<\/p>\n<p>\n  \u00a0-M\u0259nim \u00fcst\u00fcm\u0259 q\u0131\u015fq\u0131ran v\u0259 m\u0259n\u0259 v\u0259kilim El\u00e7in Sad\u0131qova z\u0259ng vurma\u011fa icaz\u0259 verm\u0259y\u0259n adam. Ondan sonra m\u0259n telefonumdan istifad\u0259 ed\u0259 bilm\u0259dim, o, yarars\u0131z idi.\n<\/p>\n<p>\n  <b><br \/>\n    -Dostlar\u0131n\u0131za demisiniz ki, Mehriban Zeynalova siz\u0259 Az\u0259rbaycan\u0131 t\u0259rk etm\u0259li oldu\u011funuzu ona Bak\u0131da qal\u0131b burada ail\u0259 qurmaq ist\u0259diyinizi dediyiniz g\u00fcn\u00fcn ert\u0259si bildirib. Sizc\u0259, o, niy\u0259 \u00f6lk\u0259ni t\u0259rk etm\u0259yinizi ist\u0259yib?<br \/>\n  <\/b>\n<\/p>\n<p>\n  -B\u0259li, m\u0259n Mehriban xan\u0131ma 5 yanvar tarixind\u0259 zarafatla demi\u015f\u0259m ki, Az\u0259rbaycanda qalmaq \u00fc\u00e7\u00fcn ail\u0259 qurma\u011fa haradan adam tapa bil\u0259r\u0259m? \u00c7\u00fcnki m\u0259n Aynur Mehdiyevaya qar\u015f\u0131 \u015fikay\u0259tl\u0259rimi davam etdir\u0259c\u0259y\u0259m v\u0259 onun m\u0259n\u0259 etdikl\u0259rinin \u0259v\u0259zind\u0259 xo\u015fb\u0259xt olmas\u0131na imkan verm\u0259y\u0259c\u0259y\u0259m. Mehriban Zeynalova is\u0259 m\u0259n\u0259 dedi ki, \u00f6lk\u0259ni d\u0259rhal t\u0259rk etm\u0259liy\u0259m v\u0259 m\u0259nim m\u0259hk\u0259m\u0259m 2014-c\u00fc ilin 19 may\u0131nda bitib.\n<\/p>\n<p>\n  <b><br \/>\n    -M\u0259hk\u0259m\u0259y\u0259 \u015fikay\u0259t verm\u0259k h\u00fcququnuzun oldu\u011funu kimd\u0259n \u00f6yr\u0259ndiniz?<br \/>\n  <\/b>\n<\/p>\n<p>\n  -M\u0259n Mehriban Zeynalovaya dedim ki, \u018fl\u00f6vs\u0259t \u018fliyev m\u0259n\u0259 Ali M\u0259hk\u0259m\u0259y\u0259 kassasiya \u015fikay\u0259ti ver\u0259 bil\u0259c\u0259yimi izah edib. Mehriban dedi ki, s\u0259n niy\u0259 Ali M\u0259hk\u0259m\u0259y\u0259 \u015fikay\u0259t verirs\u0259n? N\u0259 ist\u0259yirs\u0259n? M\u0259n d\u0259 ona dedim ki, m\u0259n Aynur Mehdiyevan\u0131n c\u0259zaland\u0131r\u0131lmas\u0131n\u0131 v\u0259 bir d\u0259 he\u00e7 vaxt ba\u015fqa \u015f\u0259xsl\u0259r\u0259 qar\u015f\u0131, x\u00fcsusil\u0259 d\u0259, m\u0259nim kimi kas\u0131b v\u0259 k\u00f6m\u0259ksiz insanlara qar\u015f\u0131 bel\u0259 davranmas\u0131na imkan verilm\u0259m\u0259sini ist\u0259yir\u0259m.\n<\/p>\n<p>\n  <b><br \/>\n    \u00a0-B\u0259s cavab n\u0259 oldu?<br \/>\n  <\/b>\n<\/p>\n<p>\n  \u00a0-O dedi ki, m\u0259ni ba\u015fa d\u00fc\u015f\u00fcr, lakin m\u0259n \u00f6z \u00f6lk\u0259m\u0259 qay\u0131tmal\u0131yam, \u00e7\u00fcnki s\u0131\u011f\u0131nacaqda vizas\u0131z qald\u0131\u011f\u0131m \u00fc\u00e7\u00fcn Miqrasiya \u0130dar\u0259si ona irad bildirir. M\u0259n Mehriban xan\u0131ma Az\u0259rbaycandan getm\u0259k ist\u0259m\u0259diyimi dedim v\u0259 ondan burada qalmaq \u00fc\u00e7\u00fcn yard\u0131m ist\u0259dim.\n<\/p>\n<figure class=\"wp-block-image size-large\">\n  <img decoding=\"async\" src=\"https:\/\/www.meydan.tv\/az\/22011\/\" alt=\"\" class=\"wp-image-22011\"\/><figcaption><\/figcaption><\/figure>\n<p>\n  <b><br \/>\n    -Sizc\u0259, o, nec\u0259 k\u00f6m\u0259k ed\u0259 bil\u0259rdi v\u0259 niy\u0259 etm\u0259di?<br \/>\n  <\/b>\n<\/p>\n<p>\n  \u00a0-M\u0259n ondan vizam\u0131n uzad\u0131lmas\u0131na k\u00f6m\u0259k etm\u0259sini xahi\u015f etdim. O dedi ki, bu, m\u00fcmk\u00fcn deyil, m\u0259n \u00f6lk\u0259ni t\u0259rk etm\u0259liy\u0259m v\u0259 bundan sonra m\u0259n\u0259 \u00f6z qona\u011f\u0131 kimi d\u0259v\u0259t g\u00f6nd\u0259r\u0259c\u0259k v\u0259 Az\u0259rbaycana g\u0259l\u0259 bil\u0259c\u0259y\u0259m. M\u0259n, imtina etdim. M\u0259n ona dedim ki, \u0259g\u0259r \u00f6lk\u0259d\u0259n \u00e7\u0131xma\u011f\u0131m vacibdirs\u0259, m\u0259n \u0259vv\u0259lc\u0259 viza al\u0131b sonra rahat qay\u0131tmaq ist\u0259yir\u0259m. \u00c7\u00fcnki buradak\u0131lar hesab edir ki, m\u0259n m\u0259hk\u0259m\u0259y\u0259 m\u00fcraci\u0259t etm\u0259kl\u0259 onlar \u00fc\u00e7\u00fcn probleml\u0259r yarad\u0131ram v\u0259 m\u0259nim \u00f6lk\u0259y\u0259 daxil olma\u011f\u0131ma qada\u011fa qoya v\u0259 m\u0259ni deportasiya ed\u0259 bil\u0259rl\u0259r. Miqrasiya Xidm\u0259tind\u0259 m\u0259ni sor\u011fu-sual ed\u0259n iki n\u0259f\u0259r \u0259m\u0259kda\u015fa da, Mehriban Zeynalovaya da d\u0259f\u0259l\u0259rl\u0259 Az\u0259rbaycandan getm\u0259k ist\u0259m\u0259diyimi, he\u00e7 olmasa, viza alandan sonra gedib, qay\u0131daca\u011f\u0131m\u0131 demi\u015f\u0259m. \u00c7\u00fcnki vizas\u0131z \u00f6lk\u0259ni t\u0259rk ed\u0259c\u0259yim halda, \u00f6lk\u0259y\u0259 giri\u015fim\u0259 yasaq qoyulaca\u011f\u0131n\u0131 bilirdim. Miqrasiya xidm\u0259tinin h\u0259r iki \u0259m\u0259kda\u015f\u0131 da, Mehriban Zeynalova da israrla \u00f6lk\u0259y\u0259 giri\u015fim\u0259 yasaq qoyulaca\u011f\u0131n\u0131 kimd\u0259n e\u015fitdiyimi soru\u015furdular. Miqrasiya Xidm\u0259tind\u0259 m\u0259n\u0259 dedil\u0259r ki, m\u0259n\u0259 k\u00f6m\u0259k etm\u0259k ist\u0259yirl\u0259r. Dedim ki, m\u0259n\u0259 k\u00f6m\u0259k etm\u0259k ist\u0259yirsinizs\u0259, niy\u0259 m\u0259ni m\u0259cbur\u0259n Filippin\u0259 g\u00f6nd\u0259rm\u0259k ist\u0259yirsiniz? Bu, nec\u0259 k\u00f6m\u0259kdir? M\u0259n\u0259 ger\u00e7\u0259kd\u0259n d\u0259 k\u00f6m\u0259k etm\u0259k ist\u0259yirsinizs\u0259, burada qalma\u011f\u0131ma v\u0259 yar\u0131m\u00e7\u0131q m\u0259hk\u0259m\u0259 i\u015fl\u0259rimi davam etm\u0259yim\u0259 k\u00f6m\u0259k edin. Miqrasiya Xidm\u0259ti \u0259m\u0259kda\u015flar\u0131 il\u0259 aram\u0131zda olan s\u00f6hb\u0259ti tam \u015f\u0259kild\u0259 Mehriban xan\u0131ma dan\u0131\u015fd\u0131m. H\u0259min g\u00fcn, yanvar ay\u0131n\u0131n 5-d\u0259 Miqrasiya Xidm\u0259tinin bir \u0259m\u0259kda\u015f\u0131 m\u0259nim pasportumu ald\u0131 v\u0259 sonra onu Mehriban xan\u0131m\u0131n \u201cSeva\u201d adl\u0131 i\u015f\u00e7isin\u0259 qaytard\u0131. Biz ma\u015f\u0131na \u0259yl\u0259\u015f\u0259nd\u0259, m\u0259n \u201cSeva\u201ddan pasportumu ist\u0259dim. O dedi ki, pasportun fotosur\u0259tini \u00e7\u0131xarmal\u0131d\u0131rlar. S\u0131\u011f\u0131naca\u011fa qay\u0131td\u0131qdan sonra Mehribanla s\u00f6hb\u0259t ed\u0259nd\u0259 ondan pasportumun harada oldu\u011funu soru\u015fdum. Mehriban m\u0259n\u0259 &#8220;Pasport s\u0259nin n\u0259yin\u0259 laz\u0131md\u0131r? Hara gedirs\u0259n?&#8221; dedi. &#8220;M\u0259n sad\u0259c\u0259, pasportumun harada oldu\u011funu soru\u015fdum&#8221; dedim. Mehriban m\u0259nim pasportumu g\u00f6t\u00fcrd\u00fc v\u0259 onlar m\u0259nd\u0259n Filippind\u0259ki tam \u00fcnvan\u0131m\u0131, hans\u0131 aeroportun yax\u0131n oldu\u011funu soru\u015fma\u011fa ba\u015flad\u0131lar. M\u0259n onlardan soru\u015fdum: &#8220;Bu m\u0259lumatlar siz\u0259 n\u0259 \u00fc\u00e7\u00fcn laz\u0131md\u0131r? M\u0259n\u0259 bilet al\u0131rs\u0131n\u0131z?&#8221;. Onlar &#8220;Yox, yox, sad\u0259c\u0259, s\u0259nin haqq\u0131nda m\u0259lumat toplamaq \u00fc\u00e7\u00fcn soru\u015furuq&#8221;- dedil\u0259r. Bu zaman \u0130nsan Alveri \u0130dar\u0259sinin \u0259m\u0259kda\u015f\u0131 olan Fuad da orada idi. M\u0259n s\u0131\u011f\u0131naca\u011f\u0131n \u0259m\u0259kda\u015f\u0131ndan da &#8220;m\u0259n\u0259 bilet al\u0131rlar?&#8221; soru\u015fdum, lakin o da bunu q\u0259ti \u015f\u0259kild\u0259 inkar etdi.\n<\/p>\n<p>\n  <b><br \/>\n    \u00a0-M\u0259nd\u0259 olan m\u0259lumata g\u00f6r\u0259, siz yard\u0131m \u00fc\u00e7\u00fcn BMT-y\u0259 m\u00fcraci\u0259t etm\u0259li idiniz. Bu m\u00fcraci\u0259ti ed\u0259 bildinizmi?<br \/>\n  <\/b>\n<\/p>\n<p>\n  \u00a0-Mehriban m\u0259n\u0259 BMT-y\u0259 m\u00fcraci\u0259t etm\u0259y\u0259 imkan vermirdi. O deyirdi ki, bu t\u0259\u015fkilat s\u0259n\u0259 k\u00f6m\u0259k ed\u0259 bilm\u0259z. Lakin m\u0259n n\u0259hay\u0259t ki, onun s\u00f6z\u00fcnd\u0259n \u00e7\u0131x\u0131b, BMT-y\u0259 getdim. Bu m\u0259qs\u0259dl\u0259 m\u0259n ilk d\u0259f\u0259 olaraq Mehriban\u0131n icaz\u0259si olmadan s\u0131\u011f\u0131naca\u011f\u0131 t\u0259rk etdim, \u00e7\u00fcnki m\u0259n \u00f6z\u00fcm\u0259 k\u00f6m\u0259k etm\u0259li idim v\u0259 Aynur Mehdiyevaya qar\u015f\u0131 m\u0259hk\u0259m\u0259l\u0259rim bitm\u0259mi\u015f Az\u0259rbaycandan getm\u0259k ist\u0259mirdim. M\u0259n s\u0131\u011f\u0131naca\u011f\u0131 6 yanvar 2015-ci ild\u0259, s\u0259h\u0259r erk\u0259n t\u0259rk etdim. Lakin 5 yanvarda, Mehribanla s\u00f6hb\u0259td\u0259n sonra m\u0259n \u018fl\u00f6vs\u0259t \u018fliyevl\u0259 dan\u0131\u015fm\u0131\u015fd\u0131m v\u0259 pasportumun \u0259limd\u0259n al\u0131nd\u0131\u011f\u0131n\u0131 ona demi\u015fdim. Bel\u0259 raz\u0131la\u015fd\u0131q ki, m\u0259n BMT-y\u0259 v\u0259 Beyn\u0259lxalq Miqrasiya T\u0259\u015fkilat\u0131na m\u00fcraci\u0259t edim. M\u0259n BMT-y\u0259 m\u0259ktub yazd\u0131m v\u0259 Az\u0259rbaycanda qalma\u011f\u0131ma yard\u0131m ist\u0259dim. 6 yanvar tarixind\u0259, s\u0259h\u0259r BMT m\u0259n\u0259 Az\u0259rbaycanda qalmaq \u00fc\u00e7\u00fcn ilkin iki h\u0259ft\u0259lik himay\u0259 s\u0259n\u0259di ver\u0259nd\u0259 \u00e7ox sevindim. \u00c7\u00fcnki BMT-d\u0259 m\u0259n\u0259 izah etdil\u0259r ki, bu himay\u0259 s\u0259n\u0259di il\u0259 6-21 yanvar tarixl\u0259rind\u0259 he\u00e7 kim m\u0259ni narahat ed\u0259 v\u0259 \u00f6lk\u0259d\u0259n deportasiya ed\u0259 bilm\u0259z. M\u0259n himay\u0259 s\u0259n\u0259dini qar\u015f\u0131la\u015fd\u0131\u011f\u0131m b\u00fct\u00fcn miqrasiya i\u015f\u00e7il\u0259rin\u0259 g\u00f6st\u0259rdim. Lakin onlar m\u0259ni aldatd\u0131lar v\u0259 Bak\u0131ya d\u00f6n\u00fc\u015f \u00fc\u00e7\u00fcn saxta elektron bilet verdil\u0259r. M\u0259n he\u00e7 bir s\u0259n\u0259d\u0259 imza atmaq ist\u0259m\u0259y\u0259nd\u0259 v\u0259 v\u0259kilim El\u00e7in Sad\u0131qova z\u0259ng vurmaq ist\u0259y\u0259nd\u0259 \u00fcst\u00fcm\u0259 q\u0131\u015fq\u0131rd\u0131lar, v\u0259kilimi \u00e7a\u011f\u0131rmayacaqlar\u0131n\u0131 v\u0259 t\u0259cili hava liman\u0131na getm\u0259li oldu\u011fumuzu dedil\u0259r. Onlar h\u0259tta m\u0259n\u0259 h\u0259min bileti Bak\u0131da yoxlama\u011fa imkan verm\u0259dil\u0259r v\u0259 yaln\u0131z Filippin aeroportunda h\u0259min elektron biletin saxta oldu\u011funu \u00f6yr\u0259ndim. Onlar m\u0259ni aldatm\u0131\u015fd\u0131lar! M\u0259n he\u00e7 kim\u0259 qar\u015f\u0131 deyil\u0259m, c\u0259zaland\u0131r\u0131lmas\u0131n\u0131 ist\u0259diyim yegan\u0259 \u015f\u0259xs Aynur Mehdiyevad\u0131r. Lakin h\u0259l\u0259 d\u0259 anlaya bilmir\u0259m ki, niy\u0259 Mehriban Zeynalova m\u0259nim getm\u0259li oldu\u011fumda t\u0259kid edirdi, niy\u0259 pasportumu \u0259limd\u0259n ald\u0131 v\u0259 m\u0259nd\u0259n Filippinl\u0259, y\u0259ni, biletl\u0259 ba\u011fl\u0131 detallar\u0131 soru\u015furdu? M\u0259n bir il yeddi ay vaxt\u0131m\u0131 ona g\u00f6r\u0259 itirdim ki, Aynur Mehdiyevan\u0131n c\u0259zalanaca\u011f\u0131n\u0131 g\u00f6zl\u0259yirdim, lakin o, c\u0259zas\u0131z qald\u0131. B\u0259s Mehriban xan\u0131m niy\u0259 Aynur Mehdiyevan\u0131 m\u00fcdafi\u0259 edir? Bunun s\u0259b\u0259bi n\u0259dir? B\u0259lk\u0259 Aynur Mehdiyeva yax\u015f\u0131 adamd\u0131r, o zaman bu m\u0259hk\u0259m\u0259l\u0259r, bu ittiham n\u0259dir, m\u0259n niy\u0259 \u015fikay\u0259timd\u0259 bel\u0259 t\u0259kid edir\u0259m? M\u0259g\u0259r, m\u0259n yalan dan\u0131\u015f\u0131ram? Ax\u0131 o niy\u0259 Aynur Mehdiyevan\u0131 m\u00fcdafi\u0259 etm\u0259lidir? Mehriban xan\u0131m m\u0259nim ad\u0131ma Bak\u0131 A\u011f\u0131r Cinay\u0259tl\u0259r M\u0259hk\u0259m\u0259sind\u0259n g\u00f6nd\u0259ril\u0259n m\u0259hk\u0259m\u0259 h\u00f6km\u00fcn\u00fc d\u0259 gizl\u0259tmi\u015fdi. \u018fg\u0259r \u018fl\u00f6vs\u0259t \u018fliyevin h\u00fcquq\u015f\u00fcnas\u0131 apellyasiya \u015fikay\u0259ti verm\u0259 m\u00fcdd\u0259tinin bitm\u0259sin\u0259 c\u0259mi \u00fc\u00e7 g\u00fcn qalm\u0131\u015f m\u0259hk\u0259m\u0259 h\u00f6km\u00fcn\u00fc m\u0259nd\u0259n ist\u0259m\u0259s\u0259ydi v\u0259 m\u00fcdd\u0259tin bitm\u0259k \u00fczr\u0259 oldu\u011funu dem\u0259s\u0259 idi, m\u0259n apellyasiya \u015fikay\u0259ti ver\u0259 bilm\u0259y\u0259c\u0259kdim v\u0259 sonradan da \u015fikay\u0259t \u00fc\u00e7\u00fcn b\u00fct\u00fcn h\u00fcquqi imkanlar\u0131 itir\u0259c\u0259kdim. \u00c7\u00fcnki Mehriban xan\u0131m bunu dem\u0259mi\u015f v\u0259 m\u0259ni m\u0259lumatland\u0131rmam\u0131\u015fd\u0131. Lakin m\u0259n 19 may 2014-c\u00fc il tarixli m\u0259hk\u0259m\u0259 h\u00f6km\u00fcnd\u0259n sonra apellyasiya \u015fikay\u0259ti verm\u0259k niyy\u0259tind\u0259 oldu\u011fumu tan\u0131d\u0131\u011f\u0131m h\u0259r k\u0259s\u0259 demi\u015fdim.\n<\/p>\n<p>\n  <b><br \/>\n    -M\u00fcsahib\u0259 \u00fc\u00e7\u00fcn t\u0259\u015f\u0259kk\u00fcr edir\u0259m.<br \/>\n  <\/b>\n<\/p>\n<p>\n  -M\u0259n siz\u0259 t\u0259\u015f\u0259kk\u00fcr edir\u0259m!\n<\/p>\n<figure class=\"wp-block-image size-large\">\n  <img decoding=\"async\" src=\"https:\/\/www.meydan.tv\/az\/22014\/\" alt=\"\" class=\"wp-image-22014\"\/><figcaption><\/figcaption><\/figure>\n<figure class=\"wp-block-image size-large\">\n  <img decoding=\"async\" src=\"https:\/\/www.meydan.tv\/az\/22017\/\" alt=\"\" class=\"wp-image-22017\"\/><figcaption><\/figcaption><\/figure>\n<figure class=\"wp-block-image size-large\">\n  <img decoding=\"async\" src=\"https:\/\/www.meydan.tv\/az\/22023\/\" alt=\"\" class=\"wp-image-22023\"\/><figcaption><\/figcaption><\/figure>\n<p>\n  <\/p>\n","protected":false},"excerpt":{"rendered":"<p>Az\u0259rbaycandan deportasiya olunan filippinli qad\u0131n ba\u015f\u0131na g\u0259l\u0259nl\u0259ri Meydan TV-y\u0259 dan\u0131\u015fd\u0131<\/p>\n","protected":false},"author":11,"featured_media":22011,"comment_status":"closed","ping_status":"open","sticky":false,"template":"","format":"standard","meta":{"_acf_changed":false,"_sitemap_exclude":false,"_sitemap_priority":"","_sitemap_frequency":"","footnotes":""},"categories":[56],"tags":[],"class_list":["post-167390","post","type-post","status-publish","format-standard","has-post-thumbnail","hentry","category-xeberler","infinite-scroll-item","generate-columns","tablet-grid-50","mobile-grid-100","grid-parent","grid-33","no-featured-image-padding"],"acf":[],"yoast_head":"<!-- This site is optimized with the Yoast SEO plugin v28.4 - https:\/\/yoast.com\/product\/yoast-seo-wordpress\/ -->\n<title>&quot;Mehriban Zeynalova m\u0259hk\u0259m\u0259 h\u00f6km\u00fcn\u00fc gizl\u0259tmi\u015fdi&quot; - MEYDAN.TV<\/title>\n<meta name=\"robots\" content=\"index, follow, max-snippet:-1, max-image-preview:large, max-video-preview:-1\" \/>\n<link rel=\"canonical\" href=\"https:\/\/www.meydan.tv\/az\/article\/mehriban-zeynalova-mehkeme-hokmunu-gizletmisdi\/\" \/>\n<meta property=\"og:locale\" content=\"az_AZ\" \/>\n<meta property=\"og:type\" content=\"article\" \/>\n<meta property=\"og:title\" content=\"&quot;Mehriban Zeynalova m\u0259hk\u0259m\u0259 h\u00f6km\u00fcn\u00fc gizl\u0259tmi\u015fdi&quot; - MEYDAN.TV\" \/>\n<meta property=\"og:description\" content=\"Az\u0259rbaycandan deportasiya olunan filippinli qad\u0131n ba\u015f\u0131na g\u0259l\u0259nl\u0259ri Meydan TV-y\u0259 dan\u0131\u015fd\u0131\" \/>\n<meta property=\"og:url\" content=\"https:\/\/www.meydan.tv\/az\/article\/mehriban-zeynalova-mehkeme-hokmunu-gizletmisdi\/\" \/>\n<meta property=\"og:site_name\" content=\"MEYDAN.TV\" \/>\n<meta property=\"article:published_time\" content=\"2015-04-01T12:17:56+00:00\" \/>\n<meta property=\"og:image\" content=\"https:\/\/www.meydan.tv\/wp-content\/uploads\/7969.jpg\" \/>\n\t<meta property=\"og:image:width\" content=\"384\" \/>\n\t<meta property=\"og:image:height\" content=\"384\" \/>\n\t<meta property=\"og:image:type\" content=\"image\/jpeg\" \/>\n<meta name=\"twitter:card\" content=\"summary_large_image\" \/>\n<!-- \/ Yoast SEO plugin. -->","yoast_head_json":{"title":"\"Mehriban Zeynalova m\u0259hk\u0259m\u0259 h\u00f6km\u00fcn\u00fc gizl\u0259tmi\u015fdi\" - MEYDAN.TV","robots":{"index":"index","follow":"follow","max-snippet":"max-snippet:-1","max-image-preview":"max-image-preview:large","max-video-preview":"max-video-preview:-1"},"canonical":"https:\/\/www.meydan.tv\/az\/article\/mehriban-zeynalova-mehkeme-hokmunu-gizletmisdi\/","og_locale":"az_AZ","og_type":"article","og_title":"\"Mehriban Zeynalova m\u0259hk\u0259m\u0259 h\u00f6km\u00fcn\u00fc gizl\u0259tmi\u015fdi\" - MEYDAN.TV","og_description":"Az\u0259rbaycandan deportasiya olunan filippinli qad\u0131n ba\u015f\u0131na g\u0259l\u0259nl\u0259ri Meydan TV-y\u0259 dan\u0131\u015fd\u0131","og_url":"https:\/\/www.meydan.tv\/az\/article\/mehriban-zeynalova-mehkeme-hokmunu-gizletmisdi\/","og_site_name":"MEYDAN.TV","article_published_time":"2015-04-01T12:17:56+00:00","og_image":[{"width":384,"height":384,"url":"https:\/\/www.meydan.tv\/wp-content\/uploads\/7969.jpg","type":"image\/jpeg"}],"twitter_card":"summary_large_image","schema":{"@context":"https:\/\/schema.org","@graph":[{"@type":"Article","@id":"https:\/\/www.meydan.tv\/az\/article\/mehriban-zeynalova-mehkeme-hokmunu-gizletmisdi\/#article","isPartOf":{"@id":"https:\/\/www.meydan.tv\/az\/article\/mehriban-zeynalova-mehkeme-hokmunu-gizletmisdi\/"},"author":{"name":"user-manager","@id":"https:\/\/www.meydan.tv\/az\/#\/schema\/person\/10d11eccf6da3662cf5fdab9806ea91a"},"headline":"&#8220;Mehriban Zeynalova m\u0259hk\u0259m\u0259 h\u00f6km\u00fcn\u00fc gizl\u0259tmi\u015fdi&#8221;","datePublished":"2015-04-01T12:17:56+00:00","mainEntityOfPage":{"@id":"https:\/\/www.meydan.tv\/az\/article\/mehriban-zeynalova-mehkeme-hokmunu-gizletmisdi\/"},"wordCount":2074,"publisher":{"@id":"https:\/\/www.meydan.tv\/az\/#organization"},"image":{"@id":"https:\/\/www.meydan.tv\/az\/article\/mehriban-zeynalova-mehkeme-hokmunu-gizletmisdi\/#primaryimage"},"thumbnailUrl":"https:\/\/www.meydan.tv\/wp-content\/uploads\/7969.jpg","articleSection":["X\u0259b\u0259rl\u0259r"],"inLanguage":"az"},{"@type":"WebPage","@id":"https:\/\/www.meydan.tv\/az\/article\/mehriban-zeynalova-mehkeme-hokmunu-gizletmisdi\/","url":"https:\/\/www.meydan.tv\/az\/article\/mehriban-zeynalova-mehkeme-hokmunu-gizletmisdi\/","name":"\"Mehriban Zeynalova m\u0259hk\u0259m\u0259 h\u00f6km\u00fcn\u00fc gizl\u0259tmi\u015fdi\" - MEYDAN.TV","isPartOf":{"@id":"https:\/\/www.meydan.tv\/az\/#website"},"primaryImageOfPage":{"@id":"https:\/\/www.meydan.tv\/az\/article\/mehriban-zeynalova-mehkeme-hokmunu-gizletmisdi\/#primaryimage"},"image":{"@id":"https:\/\/www.meydan.tv\/az\/article\/mehriban-zeynalova-mehkeme-hokmunu-gizletmisdi\/#primaryimage"},"thumbnailUrl":"https:\/\/www.meydan.tv\/wp-content\/uploads\/7969.jpg","datePublished":"2015-04-01T12:17:56+00:00","breadcrumb":{"@id":"https:\/\/www.meydan.tv\/az\/article\/mehriban-zeynalova-mehkeme-hokmunu-gizletmisdi\/#breadcrumb"},"inLanguage":"az","potentialAction":[{"@type":"ReadAction","target":["https:\/\/www.meydan.tv\/az\/article\/mehriban-zeynalova-mehkeme-hokmunu-gizletmisdi\/"]}]},{"@type":"ImageObject","inLanguage":"az","@id":"https:\/\/www.meydan.tv\/az\/article\/mehriban-zeynalova-mehkeme-hokmunu-gizletmisdi\/#primaryimage","url":"https:\/\/www.meydan.tv\/wp-content\/uploads\/7969.jpg","contentUrl":"https:\/\/www.meydan.tv\/wp-content\/uploads\/7969.jpg","width":384,"height":384,"caption":"Source:"},{"@type":"BreadcrumbList","@id":"https:\/\/www.meydan.tv\/az\/article\/mehriban-zeynalova-mehkeme-hokmunu-gizletmisdi\/#breadcrumb","itemListElement":[{"@type":"ListItem","position":1,"name":"Ana s\u0259hif\u0259","item":"https:\/\/www.meydan.tv\/az\/"},{"@type":"ListItem","position":2,"name":"X\u0259b\u0259rl\u0259r","item":"https:\/\/www.meydan.tv\/az\/section\/xeberler\/"},{"@type":"ListItem","position":3,"name":"&#8220;Mehriban Zeynalova m\u0259hk\u0259m\u0259 h\u00f6km\u00fcn\u00fc gizl\u0259tmi\u015fdi&#8221;"}]},{"@type":"WebSite","@id":"https:\/\/www.meydan.tv\/az\/#website","url":"https:\/\/www.meydan.tv\/az\/","name":"MEYDAN.TV","description":"Meydan TV Az\u0259rbaycan\u0131n media m\u0259kan\u0131ndak\u0131 alternativ s\u0259sidir","publisher":{"@id":"https:\/\/www.meydan.tv\/az\/#organization"},"potentialAction":[{"@type":"SearchAction","target":{"@type":"EntryPoint","urlTemplate":"https:\/\/www.meydan.tv\/az\/?s={search_term_string}"},"query-input":{"@type":"PropertyValueSpecification","valueRequired":true,"valueName":"search_term_string"}}],"inLanguage":"az"},{"@type":"Organization","@id":"https:\/\/www.meydan.tv\/az\/#organization","name":"Meydan TV","url":"https:\/\/www.meydan.tv\/az\/","logo":{"@type":"ImageObject","inLanguage":"az","@id":"https:\/\/www.meydan.tv\/az\/#\/schema\/logo\/image\/","url":"https:\/\/www.meydan.tv\/wp-content\/uploads\/2021\/07\/meydan-logo.svg","contentUrl":"https:\/\/www.meydan.tv\/wp-content\/uploads\/2021\/07\/meydan-logo.svg","width":195,"height":46,"caption":"Meydan TV"},"image":{"@id":"https:\/\/www.meydan.tv\/az\/#\/schema\/logo\/image\/"}},{"@type":"Person","@id":"https:\/\/www.meydan.tv\/az\/#\/schema\/person\/10d11eccf6da3662cf5fdab9806ea91a","name":"user-manager"}]}},"_links":{"self":[{"href":"https:\/\/www.meydan.tv\/az\/wp-json\/wp\/v2\/posts\/167390","targetHints":{"allow":["GET"]}}],"collection":[{"href":"https:\/\/www.meydan.tv\/az\/wp-json\/wp\/v2\/posts"}],"about":[{"href":"https:\/\/www.meydan.tv\/az\/wp-json\/wp\/v2\/types\/post"}],"author":[{"embeddable":true,"href":"https:\/\/www.meydan.tv\/az\/wp-json\/wp\/v2\/users\/11"}],"replies":[{"embeddable":true,"href":"https:\/\/www.meydan.tv\/az\/wp-json\/wp\/v2\/comments?post=167390"}],"version-history":[{"count":0,"href":"https:\/\/www.meydan.tv\/az\/wp-json\/wp\/v2\/posts\/167390\/revisions"}],"wp:featuredmedia":[{"embeddable":true,"href":"https:\/\/www.meydan.tv\/az\/wp-json\/wp\/v2\/media\/22011"}],"wp:attachment":[{"href":"https:\/\/www.meydan.tv\/az\/wp-json\/wp\/v2\/media?parent=167390"}],"wp:term":[{"taxonomy":"category","embeddable":true,"href":"https:\/\/www.meydan.tv\/az\/wp-json\/wp\/v2\/categories?post=167390"},{"taxonomy":"post_tag","embeddable":true,"href":"https:\/\/www.meydan.tv\/az\/wp-json\/wp\/v2\/tags?post=167390"}],"curies":[{"name":"wp","href":"https:\/\/api.w.org\/{rel}","templated":true}]}}