{"id":167387,"date":"2015-03-31T19:44:45","date_gmt":"2015-03-31T19:44:45","guid":{"rendered":"https:\/\/www.meydan.tv\/article\/seymur-hezi-mehkemesine-getirilmedi-video\/"},"modified":"2015-03-31T19:44:45","modified_gmt":"2015-03-31T19:44:45","slug":"seymur-hezi-mehkemesine-getirilmedi-video","status":"publish","type":"post","link":"https:\/\/www.meydan.tv\/az\/article\/seymur-hezi-mehkemesine-getirilmedi-video\/","title":{"rendered":"Seymur H\u0259zi m\u0259hk\u0259m\u0259sin\u0259 g\u0259tirilm\u0259di (V\u0130DEO)"},"content":{"rendered":"<figure class=\"wp-block-embed is-type-video is-provider-youtube wp-block-embed-youtube wp-embed-aspect-16-9 wp-has-aspect-ratio\">\n<div class=\"wp-block-embed__wrapper\">\n    <iframe loading=\"lazy\"\ttitle=\"\" width=\"1200\" height=\"675\" src=\"https:\/\/www.youtube.com\/embed\/qquanjCIyVU\"\tframeborder=\"0\"\tallow=\"accelerometer; autoplay; clipboard-write; encrypted-media; gyroscope; picture-in-picture\" allowfullscreen><\/iframe>\n  <\/div><figcaption><\/figcaption><\/figure>\n<p>\n  31 martda Sumqay\u0131t Apellyasiya M\u0259hk\u0259m\u0259sind\u0259 \u201cAz\u0259rbaycan saat\u0131\u201d verili\u015finin redaktoru Seymur H\u0259zinin h\u0259bsind\u0259n veril\u0259n \u015fikay\u0259t\u0259 bax\u0131l\u0131b. Jurnalist m\u0259hk\u0259m\u0259y\u0259 g\u0259tirilm\u0259yib.\n<\/p>\n<p>\n  Prosesd\u0259 v\u0259kil Adil \u0130smay\u0131lov m\u0259hk\u0259m\u0259 hey\u0259tin\u0259 etiraz edib. O, etiraz\u0131nda bildirib ki, m\u0259hk\u0259m\u0259y\u0259 s\u0259drlik ed\u0259n Nazim M\u00f6vs\u00fcmov v\u0259 hakim M\u00fcbariz Zeynalov daha \u00f6nc\u0259 Seymur H\u0259zinin ev dustaql\u0131\u011f\u0131na burax\u0131lmamas\u0131 il\u0259 ba\u011fl\u0131 q\u0259rar veribl\u0259r. Onlar bu i\u015f\u0259 yenid\u0259n baxacaqlar\u0131 halda v\u0259kil hey\u0259td\u0259n obyektiv ara\u015fd\u0131rma g\u00f6zl\u0259m\u0259y\u0259c\u0259k. Etiraz q\u0259bul edilm\u0259di. V\u0259kil Seymur H\u0259zinin ev dustaql\u0131\u011f\u0131na burax\u0131lmas\u0131 v\u0259 m\u0259hk\u0259m\u0259 istintaq\u0131n\u0131n apar\u0131lmas\u0131 il\u0259 ba\u011fl\u0131 v\u0259sat\u0259t verib. M\u0259hk\u0259m\u0259 hey\u0259ti m\u00fc\u015favir\u0259y\u0259 gedib v\u0259 q\u0259rar\u0131 1 apreld\u0259 a\u00e7\u0131qlayacaqlar\u0131n\u0131 bildiribl\u0259r.\n<\/p>\n<p>\n  Seymur H\u0259zi 29 yanvarda Ab\u015feron rayon M\u0259hk\u0259m\u0259sinin q\u0259rar\u0131 il\u0259 5 il azadl\u0131qdan m\u0259hrum edilib. Jurnalist silah v\u0259 silah kimi istifad\u0259 olunan \u0259\u015fya t\u0259tbiq etm\u0259kl\u0259 xuliqanl\u0131qda ittiham olunur. Amma Seymur H\u0259zi ittihamlar\u0131 q\u0259bul etmir v\u0259 h\u0259bsini jurnalist f\u0259aliyy\u0259ti il\u0259 ba\u011flay\u0131r.\n<\/p><\/p>\n","protected":false},"excerpt":{"rendered":"<p>31 martda Sumqay\u0131t Apellyasiya M\u0259hk\u0259m\u0259sind\u0259 \u201cAz\u0259rbaycan saat\u0131\u201d verili\u015finin redaktoru Seymur H\u0259zinin h\u0259bsind\u0259n veril\u0259n \u015fikay\u0259t\u0259 bax\u0131l\u0131b. Jurnalist m\u0259hk\u0259m\u0259y\u0259 g\u0259tirilm\u0259yib.<\/p>\n","protected":false},"author":11,"featured_media":21996,"comment_status":"closed","ping_status":"open","sticky":false,"template":"","format":"standard","meta":{"_acf_changed":false,"_sitemap_exclude":false,"_sitemap_priority":"","_sitemap_frequency":"","footnotes":""},"categories":[63],"tags":[],"class_list":["post-167387","post","type-post","status-publish","format-standard","has-post-thumbnail","hentry","category-video-2","infinite-scroll-item","generate-columns","tablet-grid-50","mobile-grid-100","grid-parent","grid-33","no-featured-image-padding"],"acf":[],"yoast_head":"<!-- This site is optimized with the Yoast SEO plugin v28.3 - https:\/\/yoast.com\/product\/yoast-seo-wordpress\/ -->\n<title>Seymur H\u0259zi m\u0259hk\u0259m\u0259sin\u0259 g\u0259tirilm\u0259di (V\u0130DEO) - MEYDAN.TV<\/title>\n<meta name=\"robots\" content=\"index, follow, max-snippet:-1, max-image-preview:large, max-video-preview:-1\" \/>\n<link rel=\"canonical\" href=\"https:\/\/www.meydan.tv\/az\/article\/seymur-hezi-mehkemesine-getirilmedi-video\/\" \/>\n<meta property=\"og:locale\" content=\"az_AZ\" \/>\n<meta property=\"og:type\" content=\"article\" \/>\n<meta property=\"og:title\" content=\"Seymur H\u0259zi m\u0259hk\u0259m\u0259sin\u0259 g\u0259tirilm\u0259di (V\u0130DEO) - MEYDAN.TV\" \/>\n<meta property=\"og:description\" content=\"31 martda Sumqay\u0131t Apellyasiya M\u0259hk\u0259m\u0259sind\u0259 \u201cAz\u0259rbaycan saat\u0131\u201d verili\u015finin redaktoru Seymur H\u0259zinin h\u0259bsind\u0259n veril\u0259n \u015fikay\u0259t\u0259 bax\u0131l\u0131b. Jurnalist m\u0259hk\u0259m\u0259y\u0259 g\u0259tirilm\u0259yib.\" \/>\n<meta property=\"og:url\" content=\"https:\/\/www.meydan.tv\/az\/article\/seymur-hezi-mehkemesine-getirilmedi-video\/\" \/>\n<meta property=\"og:site_name\" content=\"MEYDAN.TV\" \/>\n<meta property=\"article:published_time\" content=\"2015-03-31T19:44:45+00:00\" \/>\n<meta property=\"og:image\" content=\"https:\/\/www.meydan.tv\/wp-content\/uploads\/7964.jpg\" \/>\n\t<meta property=\"og:image:width\" content=\"852\" \/>\n\t<meta property=\"og:image:height\" content=\"471\" \/>\n\t<meta property=\"og:image:type\" content=\"image\/jpeg\" \/>\n<meta name=\"twitter:card\" content=\"summary_large_image\" \/>\n<!-- \/ Yoast SEO plugin. -->","yoast_head_json":{"title":"Seymur H\u0259zi m\u0259hk\u0259m\u0259sin\u0259 g\u0259tirilm\u0259di (V\u0130DEO) - MEYDAN.TV","robots":{"index":"index","follow":"follow","max-snippet":"max-snippet:-1","max-image-preview":"max-image-preview:large","max-video-preview":"max-video-preview:-1"},"canonical":"https:\/\/www.meydan.tv\/az\/article\/seymur-hezi-mehkemesine-getirilmedi-video\/","og_locale":"az_AZ","og_type":"article","og_title":"Seymur H\u0259zi m\u0259hk\u0259m\u0259sin\u0259 g\u0259tirilm\u0259di (V\u0130DEO) - MEYDAN.TV","og_description":"31 martda Sumqay\u0131t Apellyasiya M\u0259hk\u0259m\u0259sind\u0259 \u201cAz\u0259rbaycan saat\u0131\u201d verili\u015finin redaktoru Seymur H\u0259zinin h\u0259bsind\u0259n veril\u0259n \u015fikay\u0259t\u0259 bax\u0131l\u0131b. Jurnalist m\u0259hk\u0259m\u0259y\u0259 g\u0259tirilm\u0259yib.","og_url":"https:\/\/www.meydan.tv\/az\/article\/seymur-hezi-mehkemesine-getirilmedi-video\/","og_site_name":"MEYDAN.TV","article_published_time":"2015-03-31T19:44:45+00:00","og_image":[{"width":852,"height":471,"url":"https:\/\/www.meydan.tv\/wp-content\/uploads\/7964.jpg","type":"image\/jpeg"}],"twitter_card":"summary_large_image","schema":{"@context":"https:\/\/schema.org","@graph":[{"@type":"Article","@id":"https:\/\/www.meydan.tv\/az\/article\/seymur-hezi-mehkemesine-getirilmedi-video\/#article","isPartOf":{"@id":"https:\/\/www.meydan.tv\/az\/article\/seymur-hezi-mehkemesine-getirilmedi-video\/"},"author":{"name":"user-manager","@id":"https:\/\/www.meydan.tv\/az\/#\/schema\/person\/10d11eccf6da3662cf5fdab9806ea91a"},"headline":"Seymur H\u0259zi m\u0259hk\u0259m\u0259sin\u0259 g\u0259tirilm\u0259di (V\u0130DEO)","datePublished":"2015-03-31T19:44:45+00:00","mainEntityOfPage":{"@id":"https:\/\/www.meydan.tv\/az\/article\/seymur-hezi-mehkemesine-getirilmedi-video\/"},"wordCount":225,"publisher":{"@id":"https:\/\/www.meydan.tv\/az\/#organization"},"image":{"@id":"https:\/\/www.meydan.tv\/az\/article\/seymur-hezi-mehkemesine-getirilmedi-video\/#primaryimage"},"thumbnailUrl":"https:\/\/www.meydan.tv\/wp-content\/uploads\/7964.jpg","articleSection":["Video"],"inLanguage":"az"},{"@type":"WebPage","@id":"https:\/\/www.meydan.tv\/az\/article\/seymur-hezi-mehkemesine-getirilmedi-video\/","url":"https:\/\/www.meydan.tv\/az\/article\/seymur-hezi-mehkemesine-getirilmedi-video\/","name":"Seymur H\u0259zi m\u0259hk\u0259m\u0259sin\u0259 g\u0259tirilm\u0259di (V\u0130DEO) - MEYDAN.TV","isPartOf":{"@id":"https:\/\/www.meydan.tv\/az\/#website"},"primaryImageOfPage":{"@id":"https:\/\/www.meydan.tv\/az\/article\/seymur-hezi-mehkemesine-getirilmedi-video\/#primaryimage"},"image":{"@id":"https:\/\/www.meydan.tv\/az\/article\/seymur-hezi-mehkemesine-getirilmedi-video\/#primaryimage"},"thumbnailUrl":"https:\/\/www.meydan.tv\/wp-content\/uploads\/7964.jpg","datePublished":"2015-03-31T19:44:45+00:00","breadcrumb":{"@id":"https:\/\/www.meydan.tv\/az\/article\/seymur-hezi-mehkemesine-getirilmedi-video\/#breadcrumb"},"inLanguage":"az","potentialAction":[{"@type":"ReadAction","target":["https:\/\/www.meydan.tv\/az\/article\/seymur-hezi-mehkemesine-getirilmedi-video\/"]}]},{"@type":"ImageObject","inLanguage":"az","@id":"https:\/\/www.meydan.tv\/az\/article\/seymur-hezi-mehkemesine-getirilmedi-video\/#primaryimage","url":"https:\/\/www.meydan.tv\/wp-content\/uploads\/7964.jpg","contentUrl":"https:\/\/www.meydan.tv\/wp-content\/uploads\/7964.jpg","width":852,"height":471,"caption":"Source:"},{"@type":"BreadcrumbList","@id":"https:\/\/www.meydan.tv\/az\/article\/seymur-hezi-mehkemesine-getirilmedi-video\/#breadcrumb","itemListElement":[{"@type":"ListItem","position":1,"name":"Ana s\u0259hif\u0259","item":"https:\/\/www.meydan.tv\/az\/"},{"@type":"ListItem","position":2,"name":"Video","item":"https:\/\/www.meydan.tv\/az\/section\/video-2\/"},{"@type":"ListItem","position":3,"name":"Seymur H\u0259zi m\u0259hk\u0259m\u0259sin\u0259 g\u0259tirilm\u0259di (V\u0130DEO)"}]},{"@type":"WebSite","@id":"https:\/\/www.meydan.tv\/az\/#website","url":"https:\/\/www.meydan.tv\/az\/","name":"MEYDAN.TV","description":"Meydan TV Az\u0259rbaycan\u0131n media m\u0259kan\u0131ndak\u0131 alternativ s\u0259sidir","publisher":{"@id":"https:\/\/www.meydan.tv\/az\/#organization"},"potentialAction":[{"@type":"SearchAction","target":{"@type":"EntryPoint","urlTemplate":"https:\/\/www.meydan.tv\/az\/?s={search_term_string}"},"query-input":{"@type":"PropertyValueSpecification","valueRequired":true,"valueName":"search_term_string"}}],"inLanguage":"az"},{"@type":"Organization","@id":"https:\/\/www.meydan.tv\/az\/#organization","name":"Meydan TV","url":"https:\/\/www.meydan.tv\/az\/","logo":{"@type":"ImageObject","inLanguage":"az","@id":"https:\/\/www.meydan.tv\/az\/#\/schema\/logo\/image\/","url":"https:\/\/www.meydan.tv\/wp-content\/uploads\/2021\/07\/meydan-logo.svg","contentUrl":"https:\/\/www.meydan.tv\/wp-content\/uploads\/2021\/07\/meydan-logo.svg","width":195,"height":46,"caption":"Meydan TV"},"image":{"@id":"https:\/\/www.meydan.tv\/az\/#\/schema\/logo\/image\/"}},{"@type":"Person","@id":"https:\/\/www.meydan.tv\/az\/#\/schema\/person\/10d11eccf6da3662cf5fdab9806ea91a","name":"user-manager"}]}},"_links":{"self":[{"href":"https:\/\/www.meydan.tv\/az\/wp-json\/wp\/v2\/posts\/167387","targetHints":{"allow":["GET"]}}],"collection":[{"href":"https:\/\/www.meydan.tv\/az\/wp-json\/wp\/v2\/posts"}],"about":[{"href":"https:\/\/www.meydan.tv\/az\/wp-json\/wp\/v2\/types\/post"}],"author":[{"embeddable":true,"href":"https:\/\/www.meydan.tv\/az\/wp-json\/wp\/v2\/users\/11"}],"replies":[{"embeddable":true,"href":"https:\/\/www.meydan.tv\/az\/wp-json\/wp\/v2\/comments?post=167387"}],"version-history":[{"count":0,"href":"https:\/\/www.meydan.tv\/az\/wp-json\/wp\/v2\/posts\/167387\/revisions"}],"wp:featuredmedia":[{"embeddable":true,"href":"https:\/\/www.meydan.tv\/az\/wp-json\/wp\/v2\/media\/21996"}],"wp:attachment":[{"href":"https:\/\/www.meydan.tv\/az\/wp-json\/wp\/v2\/media?parent=167387"}],"wp:term":[{"taxonomy":"category","embeddable":true,"href":"https:\/\/www.meydan.tv\/az\/wp-json\/wp\/v2\/categories?post=167387"},{"taxonomy":"post_tag","embeddable":true,"href":"https:\/\/www.meydan.tv\/az\/wp-json\/wp\/v2\/tags?post=167387"}],"curies":[{"name":"wp","href":"https:\/\/api.w.org\/{rel}","templated":true}]}}