{"id":167385,"date":"2015-03-31T19:09:09","date_gmt":"2015-03-31T19:09:09","guid":{"rendered":"https:\/\/www.meydan.tv\/article\/human-rights-watch-un-numayendesi-hava-limaninda-saxlanildi-yenilenib\/"},"modified":"2015-03-31T19:09:09","modified_gmt":"2015-03-31T19:09:09","slug":"human-rights-watch-un-numayendesi-hava-limaninda-saxlanildi-yenilenib","status":"publish","type":"post","link":"https:\/\/www.meydan.tv\/az\/article\/human-rights-watch-un-numayendesi-hava-limaninda-saxlanildi-yenilenib\/","title":{"rendered":"Human Rights Watch-un n\u00fcmay\u0259nd\u0259si hava liman\u0131nda saxlan\u0131ld\u0131 (yenil\u0259nib)"},"content":{"rendered":"<figure class=\"wp-block-image size-large\">\n  <img decoding=\"async\" src=\"https:\/\/www.meydan.tv\/az\/22002\/\" alt=\"\" class=\"wp-image-22002\"\/><figcaption><\/figcaption><\/figure>\n<figure class=\"wp-block-image size-large\">\n  <img decoding=\"async\" src=\"https:\/\/www.meydan.tv\/az\/22002\/\" alt=\"\" class=\"wp-image-22002\"\/><figcaption><\/figcaption><\/figure>\n<p>\n  <i><br \/>\n    Human Rights Watch t\u0259\u015fkilat\u0131n\u0131n n\u00fcmay\u0259nd\u0259si Giorgi Gogia mart\u0131n 31-d\u0259 yerli vaxtla saat 21-d\u0259 Bak\u0131dan Tbilisiy\u0259 deportasiya olunub.<br \/>\n  <\/i>\n<\/p>\n<p>\n  <i><br \/>\n    Bu bar\u0259d\u0259 &#8220;Turan \u0130A&#8221;a Tbilisid\u0259ki m\u0259nb\u0259l\u0259rd\u0259n b\u0259lli olub.<br \/>\n  <\/i>\n<\/p>\n<p>\n  <i><br \/>\n    \u00d6z n\u00f6vb\u0259sind\u0259 \u00a0G\u00fcrc\u00fcstan\u0131n Az\u0259rbaycandak\u0131 s\u0259firliyinin birinci katibi Kaxa Abdeladze bildirib ki, onda olam m\u0259lumata g\u00f6r\u0259, Gogia Bak\u0131 Beyn\u0259lxalq Hava liman\u0131n\u0131n neytral zonas\u0131nda saxlan\u0131l\u0131b v\u0259 AZAL\u0131n saat 21.00 reysil\u0259 Tbilisiy\u0259 qaytar\u0131lmal\u0131 idi.<br \/>\n  <\/i>\n<\/p>\n<p>\n  <i><br \/>\n    Diplomat G\u00fcrc\u00fcstan v\u0259t\u0259nda\u015f\u0131 olan Giorgi Gogian\u0131n saxlanmas\u0131n\u0131n s\u0259b\u0259bl\u0259rinin bilm\u0259diyini\u00a0 deyib.<br \/>\n  <\/i>\n<\/p>\n<p>\n  <i><br \/>\n    Qogian\u0131n Bak\u0131ya g\u0259li\u015finin m\u0259qs\u0259di a\u00e7\u0131qlanm\u0131r. H\u0259m\u00e7inin, onun m\u0259hz haradan g\u0259ldiyi d\u0259 m\u0259lum deyil<br \/>\n  <\/i>\n<\/p>\n<p>\n  Human Rights Watch beyn\u0259lxalq h\u00fcquq m\u00fcdafi\u0259 t\u0259\u015fkilat\u0131n\u0131n n\u00fcmay\u0259nd\u0259si Georgi Qogia mart\u0131n 31-d\u0259 saat 17-d\u0259 Bak\u0131 aeroportunda saxlan\u0131l\u0131b. Bu bar\u0259d\u0259 Avropa \u015euras\u0131n\u0131n insan h\u00fcquqlar\u0131 \u00fczr\u0259 ke\u00e7mi\u015f komissar\u0131 Tomas Hammerberq Tvitterd\u0259ki mikrobloqunda yaz\u0131b.\n<\/p>\n<p>\n  &#8220;Turan \u0130A&#8221;-\u0131n Az\u0259rbaycan X\u0130N-\u0259 sor\u011fusuna cavabda bununla ba\u011fl\u0131 m\u0259lumata malik olmad\u0131qlar\u0131n\u0131 bildiribl\u0259r. S\u0259rh\u0259d Xidm\u0259tind\u0259n \u015f\u0259rh almaq da m\u00fcmk\u00fcn olmay\u0131b.\n<\/p>\n<p>\n  Qogian\u0131n mobil telefonu vasit\u0259sil\u0259 \u0259laq\u0259 saxlamaq da m\u00fcmk\u00fcn olmay\u0131b.\n<\/p>\n<p>\n  Qogian\u0131n Bak\u0131ya g\u0259li\u015finin m\u0259qs\u0259di a\u00e7\u0131qlanm\u0131r. H\u0259m\u00e7inin, onun m\u0259hz haradan g\u0259ldiyi d\u0259 m\u0259lum deyil.\n<\/p>\n<p>\n  Human Rights Watch Az\u0259rbaycan hakimiyy\u0259tini insan h\u00fcquqlar\u0131n\u0131n pozulmas\u0131na g\u00f6r\u0259 \u0259n \u00e7ox t\u0259nqid ed\u0259n h\u00fcquq m\u00fcdafi\u0259 t\u0259\u015fkilatlar\u0131ndan biridir. Bak\u0131da r\u0259smil\u0259r Human Rights Watch-u m\u00fc\u0259yy\u0259n dair\u0259l\u0259r t\u0259r\u0259find\u0259n r\u0259smi Bak\u0131ya t\u0259zyiq m\u0259qs\u0259dil\u0259 istifad\u0259 olunan satq\u0131n, erm\u0259niy\u00f6nl\u00fc v\u0259 d\u00fc\u015fm\u0259n qurum adland\u0131r\u0131r.\n<\/p>\n<p>\n  \u00d6z n\u00f6vb\u0259sind\u0259, Georgi Qogia Human Rights Watch-un Az\u0259rbaycanda pozuntular haqq\u0131nda daim v\u0259 \u00e7ox yazan \u0259m\u0259kda\u015flar\u0131ndan biridir.<\/p>\n","protected":false},"excerpt":{"rendered":"<p>Qogian\u0131n Bak\u0131ya g\u0259li\u015finin m\u0259qs\u0259di a\u00e7\u0131qlanm\u0131r. H\u0259m\u00e7inin, onun m\u0259hz haradan g\u0259ldiyi d\u0259 m\u0259lum deyil<\/p>\n","protected":false},"author":11,"featured_media":22002,"comment_status":"closed","ping_status":"open","sticky":false,"template":"","format":"standard","meta":{"_acf_changed":false,"_sitemap_exclude":false,"_sitemap_priority":"","_sitemap_frequency":"","footnotes":""},"categories":[56],"tags":[],"class_list":["post-167385","post","type-post","status-publish","format-standard","has-post-thumbnail","hentry","category-xeberler","infinite-scroll-item","generate-columns","tablet-grid-50","mobile-grid-100","grid-parent","grid-33","no-featured-image-padding"],"acf":[],"yoast_head":"<!-- This site is optimized with the Yoast SEO plugin v28.4 - https:\/\/yoast.com\/product\/yoast-seo-wordpress\/ -->\n<title>Human Rights Watch-un n\u00fcmay\u0259nd\u0259si hava liman\u0131nda saxlan\u0131ld\u0131 (yenil\u0259nib) - MEYDAN.TV<\/title>\n<meta name=\"robots\" content=\"index, follow, max-snippet:-1, max-image-preview:large, max-video-preview:-1\" \/>\n<link rel=\"canonical\" href=\"https:\/\/www.meydan.tv\/az\/article\/human-rights-watch-un-numayendesi-hava-limaninda-saxlanildi-yenilenib\/\" \/>\n<meta property=\"og:locale\" content=\"az_AZ\" \/>\n<meta property=\"og:type\" content=\"article\" \/>\n<meta property=\"og:title\" content=\"Human Rights Watch-un n\u00fcmay\u0259nd\u0259si hava liman\u0131nda saxlan\u0131ld\u0131 (yenil\u0259nib) - MEYDAN.TV\" \/>\n<meta property=\"og:description\" content=\"Qogian\u0131n Bak\u0131ya g\u0259li\u015finin m\u0259qs\u0259di a\u00e7\u0131qlanm\u0131r. H\u0259m\u00e7inin, onun m\u0259hz haradan g\u0259ldiyi d\u0259 m\u0259lum deyil\" \/>\n<meta property=\"og:url\" content=\"https:\/\/www.meydan.tv\/az\/article\/human-rights-watch-un-numayendesi-hava-limaninda-saxlanildi-yenilenib\/\" \/>\n<meta property=\"og:site_name\" content=\"MEYDAN.TV\" \/>\n<meta property=\"article:published_time\" content=\"2015-03-31T19:09:09+00:00\" \/>\n<meta property=\"og:image\" content=\"https:\/\/www.meydan.tv\/wp-content\/uploads\/7962.jpg\" \/>\n\t<meta property=\"og:image:width\" content=\"400\" \/>\n\t<meta property=\"og:image:height\" content=\"300\" \/>\n\t<meta property=\"og:image:type\" content=\"image\/jpeg\" \/>\n<meta name=\"twitter:card\" content=\"summary_large_image\" \/>\n<!-- \/ Yoast SEO plugin. -->","yoast_head_json":{"title":"Human Rights Watch-un n\u00fcmay\u0259nd\u0259si hava liman\u0131nda saxlan\u0131ld\u0131 (yenil\u0259nib) - MEYDAN.TV","robots":{"index":"index","follow":"follow","max-snippet":"max-snippet:-1","max-image-preview":"max-image-preview:large","max-video-preview":"max-video-preview:-1"},"canonical":"https:\/\/www.meydan.tv\/az\/article\/human-rights-watch-un-numayendesi-hava-limaninda-saxlanildi-yenilenib\/","og_locale":"az_AZ","og_type":"article","og_title":"Human Rights Watch-un n\u00fcmay\u0259nd\u0259si hava liman\u0131nda saxlan\u0131ld\u0131 (yenil\u0259nib) - MEYDAN.TV","og_description":"Qogian\u0131n Bak\u0131ya g\u0259li\u015finin m\u0259qs\u0259di a\u00e7\u0131qlanm\u0131r. H\u0259m\u00e7inin, onun m\u0259hz haradan g\u0259ldiyi d\u0259 m\u0259lum deyil","og_url":"https:\/\/www.meydan.tv\/az\/article\/human-rights-watch-un-numayendesi-hava-limaninda-saxlanildi-yenilenib\/","og_site_name":"MEYDAN.TV","article_published_time":"2015-03-31T19:09:09+00:00","og_image":[{"width":400,"height":300,"url":"https:\/\/www.meydan.tv\/wp-content\/uploads\/7962.jpg","type":"image\/jpeg"}],"twitter_card":"summary_large_image","schema":{"@context":"https:\/\/schema.org","@graph":[{"@type":"Article","@id":"https:\/\/www.meydan.tv\/az\/article\/human-rights-watch-un-numayendesi-hava-limaninda-saxlanildi-yenilenib\/#article","isPartOf":{"@id":"https:\/\/www.meydan.tv\/az\/article\/human-rights-watch-un-numayendesi-hava-limaninda-saxlanildi-yenilenib\/"},"author":{"name":"user-manager","@id":"https:\/\/www.meydan.tv\/az\/#\/schema\/person\/10d11eccf6da3662cf5fdab9806ea91a"},"headline":"Human Rights Watch-un n\u00fcmay\u0259nd\u0259si hava liman\u0131nda saxlan\u0131ld\u0131 (yenil\u0259nib)","datePublished":"2015-03-31T19:09:09+00:00","mainEntityOfPage":{"@id":"https:\/\/www.meydan.tv\/az\/article\/human-rights-watch-un-numayendesi-hava-limaninda-saxlanildi-yenilenib\/"},"wordCount":370,"publisher":{"@id":"https:\/\/www.meydan.tv\/az\/#organization"},"image":{"@id":"https:\/\/www.meydan.tv\/az\/article\/human-rights-watch-un-numayendesi-hava-limaninda-saxlanildi-yenilenib\/#primaryimage"},"thumbnailUrl":"https:\/\/www.meydan.tv\/wp-content\/uploads\/7962.jpg","articleSection":["X\u0259b\u0259rl\u0259r"],"inLanguage":"az"},{"@type":"WebPage","@id":"https:\/\/www.meydan.tv\/az\/article\/human-rights-watch-un-numayendesi-hava-limaninda-saxlanildi-yenilenib\/","url":"https:\/\/www.meydan.tv\/az\/article\/human-rights-watch-un-numayendesi-hava-limaninda-saxlanildi-yenilenib\/","name":"Human Rights Watch-un n\u00fcmay\u0259nd\u0259si hava liman\u0131nda saxlan\u0131ld\u0131 (yenil\u0259nib) - MEYDAN.TV","isPartOf":{"@id":"https:\/\/www.meydan.tv\/az\/#website"},"primaryImageOfPage":{"@id":"https:\/\/www.meydan.tv\/az\/article\/human-rights-watch-un-numayendesi-hava-limaninda-saxlanildi-yenilenib\/#primaryimage"},"image":{"@id":"https:\/\/www.meydan.tv\/az\/article\/human-rights-watch-un-numayendesi-hava-limaninda-saxlanildi-yenilenib\/#primaryimage"},"thumbnailUrl":"https:\/\/www.meydan.tv\/wp-content\/uploads\/7962.jpg","datePublished":"2015-03-31T19:09:09+00:00","breadcrumb":{"@id":"https:\/\/www.meydan.tv\/az\/article\/human-rights-watch-un-numayendesi-hava-limaninda-saxlanildi-yenilenib\/#breadcrumb"},"inLanguage":"az","potentialAction":[{"@type":"ReadAction","target":["https:\/\/www.meydan.tv\/az\/article\/human-rights-watch-un-numayendesi-hava-limaninda-saxlanildi-yenilenib\/"]}]},{"@type":"ImageObject","inLanguage":"az","@id":"https:\/\/www.meydan.tv\/az\/article\/human-rights-watch-un-numayendesi-hava-limaninda-saxlanildi-yenilenib\/#primaryimage","url":"https:\/\/www.meydan.tv\/wp-content\/uploads\/7962.jpg","contentUrl":"https:\/\/www.meydan.tv\/wp-content\/uploads\/7962.jpg","width":400,"height":300,"caption":"Source:"},{"@type":"BreadcrumbList","@id":"https:\/\/www.meydan.tv\/az\/article\/human-rights-watch-un-numayendesi-hava-limaninda-saxlanildi-yenilenib\/#breadcrumb","itemListElement":[{"@type":"ListItem","position":1,"name":"Ana s\u0259hif\u0259","item":"https:\/\/www.meydan.tv\/az\/"},{"@type":"ListItem","position":2,"name":"X\u0259b\u0259rl\u0259r","item":"https:\/\/www.meydan.tv\/az\/section\/xeberler\/"},{"@type":"ListItem","position":3,"name":"Human Rights Watch-un n\u00fcmay\u0259nd\u0259si hava liman\u0131nda saxlan\u0131ld\u0131 (yenil\u0259nib)"}]},{"@type":"WebSite","@id":"https:\/\/www.meydan.tv\/az\/#website","url":"https:\/\/www.meydan.tv\/az\/","name":"MEYDAN.TV","description":"Meydan TV Az\u0259rbaycan\u0131n media m\u0259kan\u0131ndak\u0131 alternativ s\u0259sidir","publisher":{"@id":"https:\/\/www.meydan.tv\/az\/#organization"},"potentialAction":[{"@type":"SearchAction","target":{"@type":"EntryPoint","urlTemplate":"https:\/\/www.meydan.tv\/az\/?s={search_term_string}"},"query-input":{"@type":"PropertyValueSpecification","valueRequired":true,"valueName":"search_term_string"}}],"inLanguage":"az"},{"@type":"Organization","@id":"https:\/\/www.meydan.tv\/az\/#organization","name":"Meydan TV","url":"https:\/\/www.meydan.tv\/az\/","logo":{"@type":"ImageObject","inLanguage":"az","@id":"https:\/\/www.meydan.tv\/az\/#\/schema\/logo\/image\/","url":"https:\/\/www.meydan.tv\/wp-content\/uploads\/2021\/07\/meydan-logo.svg","contentUrl":"https:\/\/www.meydan.tv\/wp-content\/uploads\/2021\/07\/meydan-logo.svg","width":195,"height":46,"caption":"Meydan TV"},"image":{"@id":"https:\/\/www.meydan.tv\/az\/#\/schema\/logo\/image\/"}},{"@type":"Person","@id":"https:\/\/www.meydan.tv\/az\/#\/schema\/person\/10d11eccf6da3662cf5fdab9806ea91a","name":"user-manager"}]}},"_links":{"self":[{"href":"https:\/\/www.meydan.tv\/az\/wp-json\/wp\/v2\/posts\/167385","targetHints":{"allow":["GET"]}}],"collection":[{"href":"https:\/\/www.meydan.tv\/az\/wp-json\/wp\/v2\/posts"}],"about":[{"href":"https:\/\/www.meydan.tv\/az\/wp-json\/wp\/v2\/types\/post"}],"author":[{"embeddable":true,"href":"https:\/\/www.meydan.tv\/az\/wp-json\/wp\/v2\/users\/11"}],"replies":[{"embeddable":true,"href":"https:\/\/www.meydan.tv\/az\/wp-json\/wp\/v2\/comments?post=167385"}],"version-history":[{"count":0,"href":"https:\/\/www.meydan.tv\/az\/wp-json\/wp\/v2\/posts\/167385\/revisions"}],"wp:featuredmedia":[{"embeddable":true,"href":"https:\/\/www.meydan.tv\/az\/wp-json\/wp\/v2\/media\/22002"}],"wp:attachment":[{"href":"https:\/\/www.meydan.tv\/az\/wp-json\/wp\/v2\/media?parent=167385"}],"wp:term":[{"taxonomy":"category","embeddable":true,"href":"https:\/\/www.meydan.tv\/az\/wp-json\/wp\/v2\/categories?post=167385"},{"taxonomy":"post_tag","embeddable":true,"href":"https:\/\/www.meydan.tv\/az\/wp-json\/wp\/v2\/tags?post=167385"}],"curies":[{"name":"wp","href":"https:\/\/api.w.org\/{rel}","templated":true}]}}