{"id":167382,"date":"2015-03-31T17:13:23","date_gmt":"2015-03-31T17:13:23","guid":{"rendered":"https:\/\/www.meydan.tv\/article\/onu-ele-boyutmemisik-ki-gunahkar-olsunvideo\/"},"modified":"2015-03-31T17:13:23","modified_gmt":"2015-03-31T17:13:23","slug":"onu-ele-boyutmemisik-ki-gunahkar-olsunvideo","status":"publish","type":"post","link":"https:\/\/www.meydan.tv\/az\/article\/onu-ele-boyutmemisik-ki-gunahkar-olsunvideo\/","title":{"rendered":"&#8220;Onu el\u0259 b\u00f6y\u00fctm\u0259mi\u015fik ki, g\u00fcnahkar olsun&#8221;(V\u0130DEO)"},"content":{"rendered":"<figure class=\"wp-block-embed is-type-video is-provider-youtube wp-block-embed-youtube wp-embed-aspect-16-9 wp-has-aspect-ratio\">\n<div class=\"wp-block-embed__wrapper\">\n    <iframe loading=\"lazy\"\ttitle=\"\" width=\"1200\" height=\"675\" src=\"https:\/\/www.youtube.com\/embed\/V_uJxR7Dkro\"\tframeborder=\"0\"\tallow=\"accelerometer; autoplay; clipboard-write; encrypted-media; gyroscope; picture-in-picture\" allowfullscreen><\/iframe>\n  <\/div><figcaption><\/figcaption><\/figure>\n<p>\n  <i><br \/>\n    R\u0259sul C\u0259f\u0259rov ev dustaql\u0131\u011f\u0131na burax\u0131lmad\u0131<br \/>\n  <\/i>\n<\/p>\n<p>\n  Mart\u0131n 31-d\u0259 Bak\u0131 A\u011f\u0131r Cinay\u0259tl\u0259r M\u0259hk\u0259m\u0259sind\u0259 hakim Eldar \u0130smay\u0131lovun s\u0259drliyi il\u0259 h\u00fcquq m\u00fcdafi\u0259\u00e7isi R\u0259sul C\u0259f\u0259rovun n\u00f6vb\u0259ti m\u0259hk\u0259m\u0259 prosesi ke\u00e7irilib. R\u0259sul C\u0259f\u0259rovun \u00a0v\u0259kili Fariz Namazl\u0131 bildirib ki, h\u00fcquqlar\u0131n\u0131 m\u00fcdafi\u0259 etdiyi \u015f\u0259xsin ev dustaql\u0131\u011f\u0131na burax\u0131lmas\u0131 il\u0259 ba\u011fl\u0131 v\u0259 dig\u0259r v\u0259sat\u0259tl\u0259ri t\u0259min olunmay\u0131b.\n<\/p>\n<p>\n  M\u0259hk\u0259m\u0259 i\u015ftirak\u00e7\u0131lar\u0131ndan b\u0259zil\u0259ri prosesin siyasi sifari\u015fl\u0259 apar\u0131ld\u0131\u011f\u0131n\u0131 bildiribl\u0259r.\n<\/p>\n<p>\n  R\u0259sul C\u0259f\u0259rovun babas\u0131 bildirib ki, o, n\u0259v\u0259sinin g\u00fcnahs\u0131z oldu\u011fundan \u0259mindir.\n<\/p><\/p>\n","protected":false},"excerpt":{"rendered":"<p>R\u0259sul C\u0259f\u0259rov ev dustaql\u0131\u011f\u0131na burax\u0131lmad\u0131<\/p>\n","protected":false},"author":11,"featured_media":21987,"comment_status":"closed","ping_status":"open","sticky":false,"template":"","format":"standard","meta":{"_acf_changed":false,"_sitemap_exclude":false,"_sitemap_priority":"","_sitemap_frequency":"","footnotes":""},"categories":[63],"tags":[],"class_list":["post-167382","post","type-post","status-publish","format-standard","has-post-thumbnail","hentry","category-video-2","infinite-scroll-item","generate-columns","tablet-grid-50","mobile-grid-100","grid-parent","grid-33","no-featured-image-padding"],"acf":[],"yoast_head":"<!-- This site is optimized with the Yoast SEO plugin v28.3 - https:\/\/yoast.com\/product\/yoast-seo-wordpress\/ -->\n<title>&quot;Onu el\u0259 b\u00f6y\u00fctm\u0259mi\u015fik ki, g\u00fcnahkar olsun&quot;(V\u0130DEO) - MEYDAN.TV<\/title>\n<meta name=\"robots\" content=\"index, follow, max-snippet:-1, max-image-preview:large, max-video-preview:-1\" \/>\n<link rel=\"canonical\" href=\"https:\/\/www.meydan.tv\/az\/article\/onu-ele-boyutmemisik-ki-gunahkar-olsunvideo\/\" \/>\n<meta property=\"og:locale\" content=\"az_AZ\" \/>\n<meta property=\"og:type\" content=\"article\" \/>\n<meta property=\"og:title\" content=\"&quot;Onu el\u0259 b\u00f6y\u00fctm\u0259mi\u015fik ki, g\u00fcnahkar olsun&quot;(V\u0130DEO) - MEYDAN.TV\" \/>\n<meta property=\"og:description\" content=\"R\u0259sul C\u0259f\u0259rov ev dustaql\u0131\u011f\u0131na burax\u0131lmad\u0131\" \/>\n<meta property=\"og:url\" content=\"https:\/\/www.meydan.tv\/az\/article\/onu-ele-boyutmemisik-ki-gunahkar-olsunvideo\/\" \/>\n<meta property=\"og:site_name\" content=\"MEYDAN.TV\" \/>\n<meta property=\"article:published_time\" content=\"2015-03-31T17:13:23+00:00\" \/>\n<meta property=\"og:image\" content=\"https:\/\/www.meydan.tv\/wp-content\/uploads\/7958.png\" \/>\n\t<meta property=\"og:image:width\" content=\"646\" \/>\n\t<meta property=\"og:image:height\" content=\"369\" \/>\n\t<meta property=\"og:image:type\" content=\"image\/png\" \/>\n<meta name=\"twitter:card\" content=\"summary_large_image\" \/>\n<!-- \/ Yoast SEO plugin. -->","yoast_head_json":{"title":"\"Onu el\u0259 b\u00f6y\u00fctm\u0259mi\u015fik ki, g\u00fcnahkar olsun\"(V\u0130DEO) - MEYDAN.TV","robots":{"index":"index","follow":"follow","max-snippet":"max-snippet:-1","max-image-preview":"max-image-preview:large","max-video-preview":"max-video-preview:-1"},"canonical":"https:\/\/www.meydan.tv\/az\/article\/onu-ele-boyutmemisik-ki-gunahkar-olsunvideo\/","og_locale":"az_AZ","og_type":"article","og_title":"\"Onu el\u0259 b\u00f6y\u00fctm\u0259mi\u015fik ki, g\u00fcnahkar olsun\"(V\u0130DEO) - MEYDAN.TV","og_description":"R\u0259sul C\u0259f\u0259rov ev dustaql\u0131\u011f\u0131na burax\u0131lmad\u0131","og_url":"https:\/\/www.meydan.tv\/az\/article\/onu-ele-boyutmemisik-ki-gunahkar-olsunvideo\/","og_site_name":"MEYDAN.TV","article_published_time":"2015-03-31T17:13:23+00:00","og_image":[{"width":646,"height":369,"url":"https:\/\/www.meydan.tv\/wp-content\/uploads\/7958.png","type":"image\/png"}],"twitter_card":"summary_large_image","schema":{"@context":"https:\/\/schema.org","@graph":[{"@type":"Article","@id":"https:\/\/www.meydan.tv\/az\/article\/onu-ele-boyutmemisik-ki-gunahkar-olsunvideo\/#article","isPartOf":{"@id":"https:\/\/www.meydan.tv\/az\/article\/onu-ele-boyutmemisik-ki-gunahkar-olsunvideo\/"},"author":{"name":"user-manager","@id":"https:\/\/www.meydan.tv\/az\/#\/schema\/person\/10d11eccf6da3662cf5fdab9806ea91a"},"headline":"&#8220;Onu el\u0259 b\u00f6y\u00fctm\u0259mi\u015fik ki, g\u00fcnahkar olsun&#8221;(V\u0130DEO)","datePublished":"2015-03-31T17:13:23+00:00","mainEntityOfPage":{"@id":"https:\/\/www.meydan.tv\/az\/article\/onu-ele-boyutmemisik-ki-gunahkar-olsunvideo\/"},"wordCount":136,"publisher":{"@id":"https:\/\/www.meydan.tv\/az\/#organization"},"image":{"@id":"https:\/\/www.meydan.tv\/az\/article\/onu-ele-boyutmemisik-ki-gunahkar-olsunvideo\/#primaryimage"},"thumbnailUrl":"https:\/\/www.meydan.tv\/wp-content\/uploads\/7958.png","articleSection":["Video"],"inLanguage":"az"},{"@type":"WebPage","@id":"https:\/\/www.meydan.tv\/az\/article\/onu-ele-boyutmemisik-ki-gunahkar-olsunvideo\/","url":"https:\/\/www.meydan.tv\/az\/article\/onu-ele-boyutmemisik-ki-gunahkar-olsunvideo\/","name":"\"Onu el\u0259 b\u00f6y\u00fctm\u0259mi\u015fik ki, g\u00fcnahkar olsun\"(V\u0130DEO) - MEYDAN.TV","isPartOf":{"@id":"https:\/\/www.meydan.tv\/az\/#website"},"primaryImageOfPage":{"@id":"https:\/\/www.meydan.tv\/az\/article\/onu-ele-boyutmemisik-ki-gunahkar-olsunvideo\/#primaryimage"},"image":{"@id":"https:\/\/www.meydan.tv\/az\/article\/onu-ele-boyutmemisik-ki-gunahkar-olsunvideo\/#primaryimage"},"thumbnailUrl":"https:\/\/www.meydan.tv\/wp-content\/uploads\/7958.png","datePublished":"2015-03-31T17:13:23+00:00","breadcrumb":{"@id":"https:\/\/www.meydan.tv\/az\/article\/onu-ele-boyutmemisik-ki-gunahkar-olsunvideo\/#breadcrumb"},"inLanguage":"az","potentialAction":[{"@type":"ReadAction","target":["https:\/\/www.meydan.tv\/az\/article\/onu-ele-boyutmemisik-ki-gunahkar-olsunvideo\/"]}]},{"@type":"ImageObject","inLanguage":"az","@id":"https:\/\/www.meydan.tv\/az\/article\/onu-ele-boyutmemisik-ki-gunahkar-olsunvideo\/#primaryimage","url":"https:\/\/www.meydan.tv\/wp-content\/uploads\/7958.png","contentUrl":"https:\/\/www.meydan.tv\/wp-content\/uploads\/7958.png","width":646,"height":369,"caption":"Source:"},{"@type":"BreadcrumbList","@id":"https:\/\/www.meydan.tv\/az\/article\/onu-ele-boyutmemisik-ki-gunahkar-olsunvideo\/#breadcrumb","itemListElement":[{"@type":"ListItem","position":1,"name":"Ana s\u0259hif\u0259","item":"https:\/\/www.meydan.tv\/az\/"},{"@type":"ListItem","position":2,"name":"Video","item":"https:\/\/www.meydan.tv\/az\/section\/video-2\/"},{"@type":"ListItem","position":3,"name":"&#8220;Onu el\u0259 b\u00f6y\u00fctm\u0259mi\u015fik ki, g\u00fcnahkar olsun&#8221;(V\u0130DEO)"}]},{"@type":"WebSite","@id":"https:\/\/www.meydan.tv\/az\/#website","url":"https:\/\/www.meydan.tv\/az\/","name":"MEYDAN.TV","description":"Meydan TV Az\u0259rbaycan\u0131n media m\u0259kan\u0131ndak\u0131 alternativ s\u0259sidir","publisher":{"@id":"https:\/\/www.meydan.tv\/az\/#organization"},"potentialAction":[{"@type":"SearchAction","target":{"@type":"EntryPoint","urlTemplate":"https:\/\/www.meydan.tv\/az\/?s={search_term_string}"},"query-input":{"@type":"PropertyValueSpecification","valueRequired":true,"valueName":"search_term_string"}}],"inLanguage":"az"},{"@type":"Organization","@id":"https:\/\/www.meydan.tv\/az\/#organization","name":"Meydan TV","url":"https:\/\/www.meydan.tv\/az\/","logo":{"@type":"ImageObject","inLanguage":"az","@id":"https:\/\/www.meydan.tv\/az\/#\/schema\/logo\/image\/","url":"https:\/\/www.meydan.tv\/wp-content\/uploads\/2021\/07\/meydan-logo.svg","contentUrl":"https:\/\/www.meydan.tv\/wp-content\/uploads\/2021\/07\/meydan-logo.svg","width":195,"height":46,"caption":"Meydan TV"},"image":{"@id":"https:\/\/www.meydan.tv\/az\/#\/schema\/logo\/image\/"}},{"@type":"Person","@id":"https:\/\/www.meydan.tv\/az\/#\/schema\/person\/10d11eccf6da3662cf5fdab9806ea91a","name":"user-manager"}]}},"_links":{"self":[{"href":"https:\/\/www.meydan.tv\/az\/wp-json\/wp\/v2\/posts\/167382","targetHints":{"allow":["GET"]}}],"collection":[{"href":"https:\/\/www.meydan.tv\/az\/wp-json\/wp\/v2\/posts"}],"about":[{"href":"https:\/\/www.meydan.tv\/az\/wp-json\/wp\/v2\/types\/post"}],"author":[{"embeddable":true,"href":"https:\/\/www.meydan.tv\/az\/wp-json\/wp\/v2\/users\/11"}],"replies":[{"embeddable":true,"href":"https:\/\/www.meydan.tv\/az\/wp-json\/wp\/v2\/comments?post=167382"}],"version-history":[{"count":0,"href":"https:\/\/www.meydan.tv\/az\/wp-json\/wp\/v2\/posts\/167382\/revisions"}],"wp:featuredmedia":[{"embeddable":true,"href":"https:\/\/www.meydan.tv\/az\/wp-json\/wp\/v2\/media\/21987"}],"wp:attachment":[{"href":"https:\/\/www.meydan.tv\/az\/wp-json\/wp\/v2\/media?parent=167382"}],"wp:term":[{"taxonomy":"category","embeddable":true,"href":"https:\/\/www.meydan.tv\/az\/wp-json\/wp\/v2\/categories?post=167382"},{"taxonomy":"post_tag","embeddable":true,"href":"https:\/\/www.meydan.tv\/az\/wp-json\/wp\/v2\/tags?post=167382"}],"curies":[{"name":"wp","href":"https:\/\/api.w.org\/{rel}","templated":true}]}}