{"id":167381,"date":"2015-03-31T17:02:16","date_gmt":"2015-03-31T17:02:16","guid":{"rendered":"https:\/\/www.meydan.tv\/article\/rasim-musabeyov-abs-ipek-yolu-layihesi-cercivesinde-azerbaycana-destek-olmayib\/"},"modified":"2015-03-31T17:02:16","modified_gmt":"2015-03-31T17:02:16","slug":"rasim-musabeyov-abs-ipek-yolu-layihesi-cercivesinde-azerbaycana-destek-olmayib","status":"publish","type":"post","link":"https:\/\/www.meydan.tv\/az\/article\/rasim-musabeyov-abs-ipek-yolu-layihesi-cercivesinde-azerbaycana-destek-olmayib\/","title":{"rendered":"Rasim Musab\u0259yov: &#8220;AB\u015e \u201c\u0130p\u0259k Yolu\u201d layih\u0259si \u00e7\u0259r\u00e7iv\u0259sind\u0259 Az\u0259rbaycana d\u0259st\u0259k olmay\u0131b&#8221;"},"content":{"rendered":"<figure class=\"wp-block-image size-large\">\n  <img decoding=\"async\" src=\"https:\/\/www.meydan.tv\/az\/21984\/\" alt=\"\" class=\"wp-image-21984\"\/><figcaption><\/figcaption><\/figure>\n<figure class=\"wp-block-image size-large\">\n  <img decoding=\"async\" src=\"https:\/\/www.meydan.tv\/az\/21984\/\" alt=\"\" class=\"wp-image-21984\"\/><figcaption><\/figcaption><\/figure>\n<p>\n  <i><br \/>\n    &#8220;T\u0259\u0259ss\u00fcf ki, onun maliyy\u0259 v\u0259 siyasi y\u00fck\u00fcn\u00fc d\u0259 AB\u015e t\u0259kba\u015f\u0131na Az\u0259rbaycan\u0131n \u00e7iynin\u0259 qoyub&#8221;<br \/>\n  <\/i>\n<\/p>\n<p>\n  \u201cYeni \u0130p\u0259k Yolu\u201d \u00a0\u0259slind\u0259 yeni\u00a0 bir strategiya deyil, bu haqda 20 ildir ki, dan\u0131\u015f\u0131l\u0131r.\u00a0 Bunu politoloq, parlamentin deputat\u0131 Rasim Musab\u0259yov Turan-a\u00a0 m\u00fcsahib\u0259sind\u0259 AB\u015e d\u00f6vl\u0259t katibinin k\u00f6m\u0259k\u00e7isi Hoqland\u0131n bu m\u00f6vzuda \u00e7\u0131x\u0131\u015f\u0131n\u0131 \u015f\u0259rh ed\u0259rk\u0259n deyib.\n<\/p>\n<p>\n  <b><br \/>\n    &#8211; Amerika d\u00f6vl\u0259t katibinin\u00a0 k\u00f6m\u0259k\u00e7isi\u00a0 \u201cYeni \u0130p\u0259k Yolu\u201d layih\u0259si il\u0259 ba\u011fl\u0131 Amerika h\u00f6kum\u0259tinin strategiyas\u0131n\u0131 a\u00e7\u0131qlay\u0131b. Bu strategiya reall\u0131\u011f\u0131 \u0259ks etdirirmi?<br \/>\n  <\/b>\n<\/p>\n<p>\n  <b><br \/>\n    &#8211;<br \/>\n  <\/b><br \/>\n  Bu, \u0259slind\u0259 yeni\u00a0 bir strategiya deyil. Az\u0131 bu strategiyan\u0131n 15-\u00a0 20 il \u00f6mr\u00fc var. Orada tan\u0131\u015f oldu\u011fum m\u0259tnd\u0259 g\u00f6st\u0259rilir ki, Amerika daha \u00e7ox\u00a0 M\u0259rk\u0259zi Asiyada\u00a0 olan infrastuktura, orada t\u0259hl\u00fck\u0259sizlikl\u0259 ba\u011fl\u0131 m\u0259s\u0259l\u0259l\u0259r\u0259 diqq\u0259ti art\u0131r\u0131r.\n<\/p>\n<p>\n  <b><br \/>\n    &#8211; Layih\u0259nin realla\u015fd\u0131r\u0131lmas\u0131 \u00fc\u00e7\u00fcn AB\u015e v\u0259 Q\u0259rb d\u00f6vl\u0259tl\u0259rinin siyasi v\u0259 kommersiya d\u0259st\u0259yi hiss olunurmu?<br \/>\n  <\/b>\n<\/p>\n<p>\n  <b><br \/>\n    &#8211;<br \/>\n  <\/b><br \/>\n  Az\u0259rbaycan hiss\u0259sind\u0259 hiss olunmur. Diqq\u0259ti az\u0131 ona c\u0259lb ed\u0259 bil\u0259r\u0259m ki, Bak\u0131-Tblisi-Qars\u00a0 d\u0259miryolu\u00a0 in\u015fa olunma\u011fa ba\u015flayanda\u00a0 Az\u0259rbaycan kifay\u0259t q\u0259d\u0259r \u00f6z maliyy\u0259 imkanlar\u0131 olsa da var AB\u015e-dan d\u0259st\u0259k ist\u0259mi\u015fdi. V\u0259 o d\u0259st\u0259k c\u00fczi olsa bel\u0259 siyasi \u0259h\u0259miyy\u0259t da\u015f\u0131y\u0131rd\u0131. Ancaq t\u0259\u0259ss\u00fcf ki, biz o d\u0259st\u0259yi g\u00f6rm\u0259dik.\n<\/p>\n<p>\n  <b><br \/>\n    &#8211; \u201cYeni \u0130p\u0259k Yolu\u201d layih\u0259sinin realla\u015fd\u0131r\u0131lmas\u0131nda Az\u0259rbaycan\u0131n rolu n\u0259 q\u0259d\u0259r \u00f6n\u0259mlidir?<br \/>\n  <\/b>\n<\/p>\n<p>\n  <b><br \/>\n    &#8211;<br \/>\n  <\/b><br \/>\n  \u018fslind\u0259 Az\u0259rbaycans\u0131z\u00a0 o layih\u0259 yoxdur. Ona g\u00f6r\u0259 ki, x\u0259tt\u00a0 Bak\u0131ya g\u0259lib \u00e7at\u0131r. Bildiyiniz\u00a0 kimi, Az\u0259rbaycan \u018fl\u0259td\u0259 yeni b\u00f6y\u00fck bir layih\u0259ni\u00a0 ger\u00e7\u0259kl\u0259\u015fm\u0259y\u0259 ba\u015flay\u0131b. Onun birinci hiss\u0259si\u00a0 tamamlan\u0131b. Az\u0259rbaycan \u00f6z hiss\u0259sin dem\u0259k olar ki, t\u0259kba\u015f\u0131na\u00a0 haz\u0131r v\u0259ziyy\u0259t\u0259 g\u0259tirir. V\u0259 bu t\u0259kc\u0259\u00a0 limana aid deyil, eyni zamanda, Az\u0259rbaycan boru x\u0259tl\u0259rini, d\u0259mir yolunu da \u00e7\u0259km\u0259y\u0259 haz\u0131rd\u0131r v\u0259 bunlar\u0131 h\u0259yata ke\u00e7irir. Az\u0259rbaycans\u0131z bu layih\u0259 qeyri\u2013m\u00fcmk\u00fcnd\u00fcr. Ancaq t\u0259krar edir\u0259m, t\u0259\u0259ss\u00fcf ki, onun maliyy\u0259 v\u0259 siyasi y\u00fck\u00fcn\u00fc d\u0259 AB\u015e t\u0259kba\u015f\u0131na Az\u0259rbaycan\u0131n \u00e7iynin\u0259 qoyub.\n<\/p>\n<p>\n  <b><br \/>\n    &#8211; D\u00f6vl\u0259t katibinin\u00a0 k\u00f6m\u0259k\u00e7isi\u00a0 Rusiyan\u0131n b\u00f6lg\u0259 il\u0259 ba\u011fl\u0131\u00a0 t\u0259bli\u011fat\u0131n\u0131n\u00a0 Amerika v\u0259 Q\u0259rbin \u0259leyhin\u0259 y\u00f6n\u0259ldiyini bildirir. Fikrinizc\u0259, AB\u015e v\u0259 Q\u0259rb \u00f6lk\u0259l\u0259ri\u00a0 Rusiya t\u0259bli\u011fat\u0131n\u0131 neytralla\u015fd\u0131rmaq \u00fc\u00e7\u00fcn n\u0259 etm\u0259lidir?<br \/>\n  <\/b>\n<\/p>\n<p>\n  <b><br \/>\n    &#8211;<br \/>\n  <\/b><br \/>\n  T\u0259bii ki, ikit\u0259r\u0259fli dialoqlar apar\u0131lmal\u0131d\u0131r. H\u0259r halda Az\u0259rbaycan d\u00fc\u015f\u00fcn\u00fcr ki, n\u0259 q\u0259d\u0259r bu layih\u0259l\u0259r\u00a0 siyasi konteksd\u0259n v\u0259 b\u00f6y\u00fck g\u00fccl\u0259rin r\u0259qab\u0259tind\u0259n k\u0259narda qoymaq m\u00fcmk\u00fcn olsa o q\u0259d\u0259r faydal\u0131d\u0131r. \u018fslind\u0259 M\u0259rk\u0259zi Asiya \u00f6lk\u0259l\u0259rinin Avropaya \u00e7\u0131x\u0131\u015f \u0259ld\u0259 etm\u0259si\u00a0 tam z\u0259ruridir v\u0259 tam m\u0259ntiqlidir. Ancaq o layih\u0259l\u0259rin AB\u015e v\u0259 Rusiya v\u0259 ya AB\u015e v\u0259 \u00c7in aras\u0131nda\u00a0 m\u00fcbariz\u0259 predmetin\u0259 \u00e7evrilm\u0259si \u0259lav\u0259 riskl\u0259r yarad\u0131r.\n<\/p>\n<p>\n  <b><br \/>\n    &#8211; Az\u0259rbaycan\u0131n \u015e\u0259rql\u0259 indiki \u0259laq\u0259l\u0259ri bu layih\u0259nin realla\u015fd\u0131r\u0131lmas\u0131 prespektivl\u0259ri bax\u0131m\u0131ndan Q\u0259rb v\u0259 M\u0259rk\u0259zi Asiya il\u0259\u00a0 m\u00f6vqel\u0259rini m\u00f6hk\u0259ml\u0259ndir\u0259 bil\u0259rmi?<br \/>\n  <\/b>\n<\/p>\n<p>\n  <b><br \/>\n    &#8211;<br \/>\n  <\/b><br \/>\n  B\u00f6y\u00fck m\u0259nada m\u00f6hk\u0259ml\u0259ndir\u0259 bil\u0259r. Ancaq Az\u0259rbaycan daha \u00e7ox \u00f6z strategiyas\u0131n\u0131 formala\u015fd\u0131randa ikit\u0259r\u0259fli \u0259laq\u0259l\u0259r\u0259 \u00fcst\u00fcnl\u00fck verir. Y\u0259ni Az\u0259rbaycan \u00e7al\u0131\u015f\u0131r ki, Qazax\u0131stan, \u00d6zb\u0259kistan, T\u00fcrkm\u0259nistan, G\u00fcrc\u00fcstan,T\u00fcrkiy\u0259 il\u0259 layih\u0259l\u0259rini\u00a0 ikit\u0259r\u0259fli m\u00fcnasib\u0259tl\u0259rini m\u00f6hk\u0259ml\u0259ndirm\u0259kl\u0259 ger\u00e7\u0259kl\u0259\u015fdirsin.\n<\/p>\n<p>\n  <b><br \/>\n    &#8211; D\u00f6vl\u0259t katibinin k\u00f6m\u0259k\u00e7isi Az\u0259rbaycan, G\u00fcrc\u00fcstan v\u0259\u00a0 T\u00fcrkiy\u0259ni g\u00f6mr\u00fck standartlar\u0131n\u0131\u00a0 uy\u011funla\u015fd\u0131rma\u011fa \u00e7a\u011f\u0131r\u0131b. Bu bax\u0131mdan parlament n\u0259 etm\u0259lidir?<br \/>\n  <\/b>\n<\/p>\n<p>\n  <b><br \/>\n    &#8211;<br \/>\n  <\/b><br \/>\n  Bildiyiniz kimi,\u00a0 TRACEKA layih\u0259si var. O\u00a0 layih\u0259nin q\u0259rargah\u0131 Bak\u0131da yerl\u0259\u015fir. Bu layih\u0259 \u00e7\u0259r\u00e7iv\u0259sind\u0259 bu m\u0259s\u0259l\u0259l\u0259ri uy\u011funla\u015fd\u0131rma\u011fa,\u00a0 tarif d\u0259r\u0259c\u0259l\u0259rini\u00a0 a\u015fa\u011f\u0131 salma\u011fa \u00e7al\u0131\u015f\u0131r\u0131q. Y\u0259ni, bunlar ikit\u0259r\u0259fli\u00a0 \u0259laq\u0259l\u0259r \u00fc\u00e7\u00fcn vacibdir. Ancaq biz bunu beyn\u0259lxalq bir x\u0259tt kimi g\u00f6rm\u0259k ist\u0259yiriks\u0259 t\u0259bii ki, burada \u00e7oxt\u0259r\u0259fli raz\u0131la\u015fma \u0259ld\u0259 olunmald\u0131r.<\/p>\n","protected":false},"excerpt":{"rendered":"<p>&#8220;T\u0259\u0259ss\u00fcf ki, onun maliyy\u0259 v\u0259 siyasi y\u00fck\u00fcn\u00fc d\u0259 AB\u015e t\u0259kba\u015f\u0131na Az\u0259rbaycan\u0131n \u00e7iynin\u0259 qoyub&#8221;<\/p>\n","protected":false},"author":11,"featured_media":21984,"comment_status":"closed","ping_status":"open","sticky":false,"template":"","format":"standard","meta":{"_acf_changed":false,"_sitemap_exclude":false,"_sitemap_priority":"","_sitemap_frequency":"","footnotes":""},"categories":[56],"tags":[],"class_list":["post-167381","post","type-post","status-publish","format-standard","has-post-thumbnail","hentry","category-xeberler","infinite-scroll-item","generate-columns","tablet-grid-50","mobile-grid-100","grid-parent","grid-33","no-featured-image-padding"],"acf":[],"yoast_head":"<!-- This site is optimized with the Yoast SEO plugin v28.4 - https:\/\/yoast.com\/product\/yoast-seo-wordpress\/ -->\n<title>Rasim Musab\u0259yov: &quot;AB\u015e \u201c\u0130p\u0259k Yolu\u201d layih\u0259si \u00e7\u0259r\u00e7iv\u0259sind\u0259 Az\u0259rbaycana d\u0259st\u0259k olmay\u0131b&quot; - MEYDAN.TV<\/title>\n<meta name=\"robots\" content=\"index, follow, max-snippet:-1, max-image-preview:large, max-video-preview:-1\" \/>\n<link rel=\"canonical\" href=\"https:\/\/www.meydan.tv\/az\/article\/rasim-musabeyov-abs-ipek-yolu-layihesi-cercivesinde-azerbaycana-destek-olmayib\/\" \/>\n<meta property=\"og:locale\" content=\"az_AZ\" \/>\n<meta property=\"og:type\" content=\"article\" \/>\n<meta property=\"og:title\" content=\"Rasim Musab\u0259yov: &quot;AB\u015e \u201c\u0130p\u0259k Yolu\u201d layih\u0259si \u00e7\u0259r\u00e7iv\u0259sind\u0259 Az\u0259rbaycana d\u0259st\u0259k olmay\u0131b&quot; - MEYDAN.TV\" \/>\n<meta property=\"og:description\" content=\"&quot;T\u0259\u0259ss\u00fcf ki, onun maliyy\u0259 v\u0259 siyasi y\u00fck\u00fcn\u00fc d\u0259 AB\u015e t\u0259kba\u015f\u0131na Az\u0259rbaycan\u0131n \u00e7iynin\u0259 qoyub&quot;\" \/>\n<meta property=\"og:url\" content=\"https:\/\/www.meydan.tv\/az\/article\/rasim-musabeyov-abs-ipek-yolu-layihesi-cercivesinde-azerbaycana-destek-olmayib\/\" \/>\n<meta property=\"og:site_name\" content=\"MEYDAN.TV\" \/>\n<meta property=\"article:published_time\" content=\"2015-03-31T17:02:16+00:00\" \/>\n<meta property=\"og:image\" content=\"https:\/\/www.meydan.tv\/wp-content\/uploads\/7957.jpg\" \/>\n\t<meta property=\"og:image:width\" content=\"410\" \/>\n\t<meta property=\"og:image:height\" content=\"307\" \/>\n\t<meta property=\"og:image:type\" content=\"image\/jpeg\" \/>\n<meta name=\"twitter:card\" content=\"summary_large_image\" \/>\n<!-- \/ Yoast SEO plugin. -->","yoast_head_json":{"title":"Rasim Musab\u0259yov: \"AB\u015e \u201c\u0130p\u0259k Yolu\u201d layih\u0259si \u00e7\u0259r\u00e7iv\u0259sind\u0259 Az\u0259rbaycana d\u0259st\u0259k olmay\u0131b\" - MEYDAN.TV","robots":{"index":"index","follow":"follow","max-snippet":"max-snippet:-1","max-image-preview":"max-image-preview:large","max-video-preview":"max-video-preview:-1"},"canonical":"https:\/\/www.meydan.tv\/az\/article\/rasim-musabeyov-abs-ipek-yolu-layihesi-cercivesinde-azerbaycana-destek-olmayib\/","og_locale":"az_AZ","og_type":"article","og_title":"Rasim Musab\u0259yov: \"AB\u015e \u201c\u0130p\u0259k Yolu\u201d layih\u0259si \u00e7\u0259r\u00e7iv\u0259sind\u0259 Az\u0259rbaycana d\u0259st\u0259k olmay\u0131b\" - MEYDAN.TV","og_description":"\"T\u0259\u0259ss\u00fcf ki, onun maliyy\u0259 v\u0259 siyasi y\u00fck\u00fcn\u00fc d\u0259 AB\u015e t\u0259kba\u015f\u0131na Az\u0259rbaycan\u0131n \u00e7iynin\u0259 qoyub\"","og_url":"https:\/\/www.meydan.tv\/az\/article\/rasim-musabeyov-abs-ipek-yolu-layihesi-cercivesinde-azerbaycana-destek-olmayib\/","og_site_name":"MEYDAN.TV","article_published_time":"2015-03-31T17:02:16+00:00","og_image":[{"width":410,"height":307,"url":"https:\/\/www.meydan.tv\/wp-content\/uploads\/7957.jpg","type":"image\/jpeg"}],"twitter_card":"summary_large_image","schema":{"@context":"https:\/\/schema.org","@graph":[{"@type":"Article","@id":"https:\/\/www.meydan.tv\/az\/article\/rasim-musabeyov-abs-ipek-yolu-layihesi-cercivesinde-azerbaycana-destek-olmayib\/#article","isPartOf":{"@id":"https:\/\/www.meydan.tv\/az\/article\/rasim-musabeyov-abs-ipek-yolu-layihesi-cercivesinde-azerbaycana-destek-olmayib\/"},"author":{"name":"user-manager","@id":"https:\/\/www.meydan.tv\/az\/#\/schema\/person\/10d11eccf6da3662cf5fdab9806ea91a"},"headline":"Rasim Musab\u0259yov: &#8220;AB\u015e \u201c\u0130p\u0259k Yolu\u201d layih\u0259si \u00e7\u0259r\u00e7iv\u0259sind\u0259 Az\u0259rbaycana d\u0259st\u0259k olmay\u0131b&#8221;","datePublished":"2015-03-31T17:02:16+00:00","mainEntityOfPage":{"@id":"https:\/\/www.meydan.tv\/az\/article\/rasim-musabeyov-abs-ipek-yolu-layihesi-cercivesinde-azerbaycana-destek-olmayib\/"},"wordCount":809,"publisher":{"@id":"https:\/\/www.meydan.tv\/az\/#organization"},"image":{"@id":"https:\/\/www.meydan.tv\/az\/article\/rasim-musabeyov-abs-ipek-yolu-layihesi-cercivesinde-azerbaycana-destek-olmayib\/#primaryimage"},"thumbnailUrl":"https:\/\/www.meydan.tv\/wp-content\/uploads\/7957.jpg","articleSection":["X\u0259b\u0259rl\u0259r"],"inLanguage":"az"},{"@type":"WebPage","@id":"https:\/\/www.meydan.tv\/az\/article\/rasim-musabeyov-abs-ipek-yolu-layihesi-cercivesinde-azerbaycana-destek-olmayib\/","url":"https:\/\/www.meydan.tv\/az\/article\/rasim-musabeyov-abs-ipek-yolu-layihesi-cercivesinde-azerbaycana-destek-olmayib\/","name":"Rasim Musab\u0259yov: \"AB\u015e \u201c\u0130p\u0259k Yolu\u201d layih\u0259si \u00e7\u0259r\u00e7iv\u0259sind\u0259 Az\u0259rbaycana d\u0259st\u0259k olmay\u0131b\" - MEYDAN.TV","isPartOf":{"@id":"https:\/\/www.meydan.tv\/az\/#website"},"primaryImageOfPage":{"@id":"https:\/\/www.meydan.tv\/az\/article\/rasim-musabeyov-abs-ipek-yolu-layihesi-cercivesinde-azerbaycana-destek-olmayib\/#primaryimage"},"image":{"@id":"https:\/\/www.meydan.tv\/az\/article\/rasim-musabeyov-abs-ipek-yolu-layihesi-cercivesinde-azerbaycana-destek-olmayib\/#primaryimage"},"thumbnailUrl":"https:\/\/www.meydan.tv\/wp-content\/uploads\/7957.jpg","datePublished":"2015-03-31T17:02:16+00:00","breadcrumb":{"@id":"https:\/\/www.meydan.tv\/az\/article\/rasim-musabeyov-abs-ipek-yolu-layihesi-cercivesinde-azerbaycana-destek-olmayib\/#breadcrumb"},"inLanguage":"az","potentialAction":[{"@type":"ReadAction","target":["https:\/\/www.meydan.tv\/az\/article\/rasim-musabeyov-abs-ipek-yolu-layihesi-cercivesinde-azerbaycana-destek-olmayib\/"]}]},{"@type":"ImageObject","inLanguage":"az","@id":"https:\/\/www.meydan.tv\/az\/article\/rasim-musabeyov-abs-ipek-yolu-layihesi-cercivesinde-azerbaycana-destek-olmayib\/#primaryimage","url":"https:\/\/www.meydan.tv\/wp-content\/uploads\/7957.jpg","contentUrl":"https:\/\/www.meydan.tv\/wp-content\/uploads\/7957.jpg","width":410,"height":307,"caption":"Source:"},{"@type":"BreadcrumbList","@id":"https:\/\/www.meydan.tv\/az\/article\/rasim-musabeyov-abs-ipek-yolu-layihesi-cercivesinde-azerbaycana-destek-olmayib\/#breadcrumb","itemListElement":[{"@type":"ListItem","position":1,"name":"Ana s\u0259hif\u0259","item":"https:\/\/www.meydan.tv\/az\/"},{"@type":"ListItem","position":2,"name":"X\u0259b\u0259rl\u0259r","item":"https:\/\/www.meydan.tv\/az\/section\/xeberler\/"},{"@type":"ListItem","position":3,"name":"Rasim Musab\u0259yov: &#8220;AB\u015e \u201c\u0130p\u0259k Yolu\u201d layih\u0259si \u00e7\u0259r\u00e7iv\u0259sind\u0259 Az\u0259rbaycana d\u0259st\u0259k olmay\u0131b&#8221;"}]},{"@type":"WebSite","@id":"https:\/\/www.meydan.tv\/az\/#website","url":"https:\/\/www.meydan.tv\/az\/","name":"MEYDAN.TV","description":"Meydan TV Az\u0259rbaycan\u0131n media m\u0259kan\u0131ndak\u0131 alternativ s\u0259sidir","publisher":{"@id":"https:\/\/www.meydan.tv\/az\/#organization"},"potentialAction":[{"@type":"SearchAction","target":{"@type":"EntryPoint","urlTemplate":"https:\/\/www.meydan.tv\/az\/?s={search_term_string}"},"query-input":{"@type":"PropertyValueSpecification","valueRequired":true,"valueName":"search_term_string"}}],"inLanguage":"az"},{"@type":"Organization","@id":"https:\/\/www.meydan.tv\/az\/#organization","name":"Meydan TV","url":"https:\/\/www.meydan.tv\/az\/","logo":{"@type":"ImageObject","inLanguage":"az","@id":"https:\/\/www.meydan.tv\/az\/#\/schema\/logo\/image\/","url":"https:\/\/www.meydan.tv\/wp-content\/uploads\/2021\/07\/meydan-logo.svg","contentUrl":"https:\/\/www.meydan.tv\/wp-content\/uploads\/2021\/07\/meydan-logo.svg","width":195,"height":46,"caption":"Meydan TV"},"image":{"@id":"https:\/\/www.meydan.tv\/az\/#\/schema\/logo\/image\/"}},{"@type":"Person","@id":"https:\/\/www.meydan.tv\/az\/#\/schema\/person\/10d11eccf6da3662cf5fdab9806ea91a","name":"user-manager"}]}},"_links":{"self":[{"href":"https:\/\/www.meydan.tv\/az\/wp-json\/wp\/v2\/posts\/167381","targetHints":{"allow":["GET"]}}],"collection":[{"href":"https:\/\/www.meydan.tv\/az\/wp-json\/wp\/v2\/posts"}],"about":[{"href":"https:\/\/www.meydan.tv\/az\/wp-json\/wp\/v2\/types\/post"}],"author":[{"embeddable":true,"href":"https:\/\/www.meydan.tv\/az\/wp-json\/wp\/v2\/users\/11"}],"replies":[{"embeddable":true,"href":"https:\/\/www.meydan.tv\/az\/wp-json\/wp\/v2\/comments?post=167381"}],"version-history":[{"count":0,"href":"https:\/\/www.meydan.tv\/az\/wp-json\/wp\/v2\/posts\/167381\/revisions"}],"wp:featuredmedia":[{"embeddable":true,"href":"https:\/\/www.meydan.tv\/az\/wp-json\/wp\/v2\/media\/21984"}],"wp:attachment":[{"href":"https:\/\/www.meydan.tv\/az\/wp-json\/wp\/v2\/media?parent=167381"}],"wp:term":[{"taxonomy":"category","embeddable":true,"href":"https:\/\/www.meydan.tv\/az\/wp-json\/wp\/v2\/categories?post=167381"},{"taxonomy":"post_tag","embeddable":true,"href":"https:\/\/www.meydan.tv\/az\/wp-json\/wp\/v2\/tags?post=167381"}],"curies":[{"name":"wp","href":"https:\/\/api.w.org\/{rel}","templated":true}]}}