{"id":167379,"date":"2015-03-31T15:02:36","date_gmt":"2015-03-31T15:02:36","guid":{"rendered":"https:\/\/www.meydan.tv\/article\/minsk-qrupunun-hemsedri-hesabat-verecek\/"},"modified":"2015-03-31T15:02:36","modified_gmt":"2015-03-31T15:02:36","slug":"minsk-qrupunun-hemsedri-hesabat-verecek","status":"publish","type":"post","link":"https:\/\/www.meydan.tv\/az\/article\/minsk-qrupunun-hemsedri-hesabat-verecek\/","title":{"rendered":"Minsk qrupunun h\u0259ms\u0259dri hesabat ver\u0259c\u0259k"},"content":{"rendered":"<figure class=\"wp-block-image size-large\">\n  <img decoding=\"async\" src=\"https:\/\/www.meydan.tv\/az\/21972\/\" alt=\"\" class=\"wp-image-21972\"\/><figcaption><\/figcaption><\/figure>\n<figure class=\"wp-block-image size-large\">\n  <img decoding=\"async\" src=\"https:\/\/www.meydan.tv\/az\/21972\/\" alt=\"\" class=\"wp-image-21972\"\/><figcaption><\/figcaption><\/figure>\n<p>\n  <i><br \/>\n    \u018fli Abbasov: &#8220;Hesabat \u0259vv\u0259lki b\u0259yanatlardan f\u0259rql\u0259nm\u0259y\u0259c\u0259k&#8221;<br \/>\n  <\/i>\n<\/p>\n<p>\n  <i><br \/>\n    Elxan \u015eahino\u011flu: &#8220;Son bir ild\u0259 Uorlik m\u00fc\u0259yy\u0259n yenilikl\u0259r ortaya qoydu ki, bunlar Az\u0259rbaycan\u0131n maraqlar\u0131na cavab verir&#8221;<br \/>\n  <\/i>\n<\/p>\n<p>\n  AT\u018fT-in Minsk Qrupunun AB\u015e-dan olan h\u0259ms\u0259dri Ceyms Uorlik bu g\u00fcn Viyanada m\u00fcnaqi\u015f\u0259 il\u0259 ba\u011fl\u0131 apar\u0131lan vasit\u0259\u015filik s\u0259yl\u0259ri il\u0259 ba\u011fl\u0131 hesabat ver\u0259c\u0259k. Modern.az-\u0131n verdiyi m\u0259lumata g\u00f6r\u0259, o, bu haqda \u00f6z Tvitter mikrobloqunda bildirib: \u201cBu g\u00fcn AT\u018fT-in Minsk qrupunun zorak\u0131l\u0131q v\u0259 vasit\u0259\u00e7ilik s\u0259yl\u0259ri haqq\u0131nda hesabat verm\u0259k \u00fc\u00e7\u00fcn Viyanadayam. Biz\u0259 Da\u011fl\u0131q Qaraba\u011f m\u00fcnaqi\u015f\u0259sinin s\u00fclh yolu il\u0259 nizamlanmas\u0131 \u00fc\u00e7\u00fcn prioritet laz\u0131md\u0131r\u201d.\n<\/p>\n<figure class=\"wp-block-image size-large\">\n  <img decoding=\"async\" src=\"https:\/\/www.meydan.tv\/az\/21975\/\" alt=\"\" class=\"wp-image-21975\"\/><figcaption><\/figcaption><\/figure>\n<p>\n  H\u0259ms\u0259drin fikirl\u0259rini Meydan TV-y\u0259 \u015f\u0259rh ed\u0259n professor \u018fli Abbasov g\u00fcman edir ki, hesabat \u0259vv\u0259lki b\u0259yanatlardan f\u0259rql\u0259nm\u0259y\u0259c\u0259k: &#8220;Problem ondad\u0131r ki, h\u0259ms\u0259drl\u0259r t\u0259r\u0259fl\u0259r\u0259 \u00f6zl\u0259ri h\u0259ll yolunu axtarmaq t\u0259klifini veribl\u0259r. Onlar\u0131n sonuncu a\u00e7\u0131qlamas\u0131nda bildirilib ki, qar\u015f\u0131 t\u0259r\u0259fl\u0259r \u00f6zl\u0259ri h\u0259ll variantlar\u0131n\u0131 axtarmal\u0131d\u0131rlar. Y\u0259ni prezidentl\u0259r, yaxud X\u0130N r\u0259hb\u0259rl\u0259ri t\u0259r\u0259find\u0259n yeni t\u0259klifl\u0259r olmal\u0131d\u0131r&#8221;.\n<\/p>\n<p>\n  &#8220;Atlas&#8221; Ara\u015fd\u0131rmalar M\u0259rk\u0259zinin r\u0259hb\u0259ri Elxan \u015eahino\u011flu hesab edir ki, Ceyms Uorlikin hesabat\u0131 \u0259vv\u0259lki amerikal\u0131 h\u0259ms\u0259drl\u0259rin hesabatlar\u0131ndan keyfiyy\u0259tc\u0259 f\u0259rqli olacaq: &#8220;\u00c7\u00fcnki son bir ild\u0259 Uorlik m\u00fc\u0259yy\u0259n yenilikl\u0259r ortaya qoydu ki, bunlar Az\u0259rbaycan\u0131n maraqlar\u0131na cavab verir. M\u0259hz o dedi ki, Da\u011fl\u0131q Qaraba\u011f \u0259traf\u0131ndak\u0131 rayonlar\u0131 bo\u015faltmaq laz\u0131md\u0131r. \u00d6t\u0259n il c\u0259nab Uorlik 6 madd\u0259lik t\u0259klifl\u0259r paketi ir\u0259li s\u00fcrd\u00fc v\u0259 bunlar\u0131n 5-i Az\u0259rbaycan\u0131n xeyrin\u0259 idi. T\u0259klifl\u0259r m\u0259rh\u0259l\u0259li h\u0259ll variant\u0131n\u0131 ehtiva edirdi ki, ilk \u00f6nc\u0259 Qaraba\u011f \u0259traf\u0131 i\u015f\u011fal olunmu\u015f rayonlar bo\u015fald\u0131lmal\u0131, m\u0259cburi k\u00f6\u00e7k\u00fcnl\u0259r geri d\u00f6nm\u0259li, kommunikasiya x\u0259tl\u0259ri a\u00e7\u0131lmal\u0131d\u0131r. Sad\u0259c\u0259, t\u0259klifl\u0259rin bir m\u00fcdd\u0259as\u0131 m\u00fcbahis\u0259li idi, Da\u011fl\u0131q Qaraba\u011f \u00fc\u00e7\u00fcn aral\u0131q status m\u00fcv\u0259qq\u0259ti olmal\u0131d\u0131r. Bu is\u0259 Az\u0259rbaycan\u0131n maraqlar\u0131na cavab vermir. S\u0259b\u0259b statusun m\u00fc\u0259yy\u0259nl\u0259\u015fm\u0259sidir, statusun m\u00fc\u0259yy\u0259nl\u0259\u015fm\u0259si is\u0259 Erm\u0259nistan\u0131n xeyrin\u0259dir. B\u00fct\u00fcn hallarda Uorlikin yana\u015fmalar\u0131nda yenilikl\u0259r var v\u0259 o, girov g\u00f6t\u00fcr\u00fcl\u0259n iki az\u0259rbaycanl\u0131n\u0131n qaytar\u0131lmas\u0131 bar\u0259d\u0259 dan\u0131\u015fd\u0131&#8221;.\n<\/p>\n<figure class=\"wp-block-image size-large\">\n  <img decoding=\"async\" src=\"https:\/\/www.meydan.tv\/az\/21978\/\" alt=\"\" class=\"wp-image-21978\"\/><figcaption><\/figcaption><\/figure>\n<p>\n  Sadalad\u0131qlar\u0131na \u0259sas\u0259n Elxan \u015eahino\u011flu \u00fcmid edir ki, Ceyms Uorlikin hesabat\u0131nda pozitiv m\u0259qamlar yer alacaq. Sad\u0259c\u0259, Erm\u0259nistana t\u0259sir v\u0259 t\u0259zyiql\u0259r g\u00f6r\u00fcnm\u00fcr: &#8220;Bax, bu m\u0259qamlar hesabatda nec\u0259 yer alacaq, bu, m\u0259nim \u00fc\u00e7\u00fcn m\u00fc\u0259mmal\u0131d\u0131r. Q\u0259rb ekspertl\u0259ri birinci m\u0259rh\u0259l\u0259d\u0259 Qaraba\u011f \u0259traf\u0131ndak\u0131 rayonlar\u0131n bo\u015fald\u0131lmas\u0131n\u0131 deyirl\u0259r, amma bu, ba\u015f vermirs\u0259, mexanizmini g\u00f6st\u0259rm\u0259lidirl\u0259r. \u00dcmid edir\u0259m ki, hesabatda prosesi h\u0259r\u0259k\u0259t\u0259 g\u0259tir\u0259n mexanizm g\u00f6st\u0259rilm\u0259lidir, y\u0259ni, ilk n\u00f6vb\u0259d\u0259, hans\u0131 add\u0131mlar at\u0131lmal\u0131d\u0131r v\u0259 Erm\u0259nistandan hans\u0131 q\u0259rarlar g\u00f6zl\u0259nilm\u0259lidir&#8221;.<\/p>\n","protected":false},"excerpt":{"rendered":"<p>\u018fli Abbasov: &#8220;Hesabat \u0259vv\u0259lki b\u0259yanatlardan f\u0259rql\u0259nm\u0259y\u0259c\u0259k&#8221;<\/p>\n<p>Elxan \u015eahino\u011flu: &#8220;Son bir ild\u0259 Uorlik m\u00fc\u0259yy\u0259n yenilikl\u0259r ortaya qoydu ki, bunlar Az\u0259rbaycan\u0131n maraqlar\u0131na cavab verir&#8221;<\/p>\n","protected":false},"author":11,"featured_media":21972,"comment_status":"closed","ping_status":"open","sticky":false,"template":"","format":"standard","meta":{"_acf_changed":false,"_sitemap_exclude":false,"_sitemap_priority":"","_sitemap_frequency":"","footnotes":""},"categories":[56],"tags":[],"class_list":["post-167379","post","type-post","status-publish","format-standard","has-post-thumbnail","hentry","category-xeberler","infinite-scroll-item","generate-columns","tablet-grid-50","mobile-grid-100","grid-parent","grid-33","no-featured-image-padding"],"acf":[],"yoast_head":"<!-- This site is optimized with the Yoast SEO plugin v28.4 - https:\/\/yoast.com\/product\/yoast-seo-wordpress\/ -->\n<title>Minsk qrupunun h\u0259ms\u0259dri hesabat ver\u0259c\u0259k - MEYDAN.TV<\/title>\n<meta name=\"robots\" content=\"index, follow, max-snippet:-1, max-image-preview:large, max-video-preview:-1\" \/>\n<link rel=\"canonical\" href=\"https:\/\/www.meydan.tv\/az\/article\/minsk-qrupunun-hemsedri-hesabat-verecek\/\" \/>\n<meta property=\"og:locale\" content=\"az_AZ\" \/>\n<meta property=\"og:type\" content=\"article\" \/>\n<meta property=\"og:title\" content=\"Minsk qrupunun h\u0259ms\u0259dri hesabat ver\u0259c\u0259k - MEYDAN.TV\" \/>\n<meta property=\"og:description\" content=\"\u018fli Abbasov: &quot;Hesabat \u0259vv\u0259lki b\u0259yanatlardan f\u0259rql\u0259nm\u0259y\u0259c\u0259k&quot;  Elxan \u015eahino\u011flu: &quot;Son bir ild\u0259 Uorlik m\u00fc\u0259yy\u0259n yenilikl\u0259r ortaya qoydu ki, bunlar Az\u0259rbaycan\u0131n maraqlar\u0131na cavab verir&quot;\" \/>\n<meta property=\"og:url\" content=\"https:\/\/www.meydan.tv\/az\/article\/minsk-qrupunun-hemsedri-hesabat-verecek\/\" \/>\n<meta property=\"og:site_name\" content=\"MEYDAN.TV\" \/>\n<meta property=\"article:published_time\" content=\"2015-03-31T15:02:36+00:00\" \/>\n<meta property=\"og:image\" content=\"https:\/\/www.meydan.tv\/wp-content\/uploads\/7953.jpg\" \/>\n\t<meta property=\"og:image:width\" content=\"477\" \/>\n\t<meta property=\"og:image:height\" content=\"337\" \/>\n\t<meta property=\"og:image:type\" content=\"image\/jpeg\" \/>\n<meta name=\"twitter:card\" content=\"summary_large_image\" \/>\n<!-- \/ Yoast SEO plugin. -->","yoast_head_json":{"title":"Minsk qrupunun h\u0259ms\u0259dri hesabat ver\u0259c\u0259k - MEYDAN.TV","robots":{"index":"index","follow":"follow","max-snippet":"max-snippet:-1","max-image-preview":"max-image-preview:large","max-video-preview":"max-video-preview:-1"},"canonical":"https:\/\/www.meydan.tv\/az\/article\/minsk-qrupunun-hemsedri-hesabat-verecek\/","og_locale":"az_AZ","og_type":"article","og_title":"Minsk qrupunun h\u0259ms\u0259dri hesabat ver\u0259c\u0259k - MEYDAN.TV","og_description":"\u018fli Abbasov: \"Hesabat \u0259vv\u0259lki b\u0259yanatlardan f\u0259rql\u0259nm\u0259y\u0259c\u0259k\"  Elxan \u015eahino\u011flu: \"Son bir ild\u0259 Uorlik m\u00fc\u0259yy\u0259n yenilikl\u0259r ortaya qoydu ki, bunlar Az\u0259rbaycan\u0131n maraqlar\u0131na cavab verir\"","og_url":"https:\/\/www.meydan.tv\/az\/article\/minsk-qrupunun-hemsedri-hesabat-verecek\/","og_site_name":"MEYDAN.TV","article_published_time":"2015-03-31T15:02:36+00:00","og_image":[{"width":477,"height":337,"url":"https:\/\/www.meydan.tv\/wp-content\/uploads\/7953.jpg","type":"image\/jpeg"}],"twitter_card":"summary_large_image","schema":{"@context":"https:\/\/schema.org","@graph":[{"@type":"Article","@id":"https:\/\/www.meydan.tv\/az\/article\/minsk-qrupunun-hemsedri-hesabat-verecek\/#article","isPartOf":{"@id":"https:\/\/www.meydan.tv\/az\/article\/minsk-qrupunun-hemsedri-hesabat-verecek\/"},"author":{"name":"user-manager","@id":"https:\/\/www.meydan.tv\/az\/#\/schema\/person\/10d11eccf6da3662cf5fdab9806ea91a"},"headline":"Minsk qrupunun h\u0259ms\u0259dri hesabat ver\u0259c\u0259k","datePublished":"2015-03-31T15:02:36+00:00","mainEntityOfPage":{"@id":"https:\/\/www.meydan.tv\/az\/article\/minsk-qrupunun-hemsedri-hesabat-verecek\/"},"wordCount":578,"publisher":{"@id":"https:\/\/www.meydan.tv\/az\/#organization"},"image":{"@id":"https:\/\/www.meydan.tv\/az\/article\/minsk-qrupunun-hemsedri-hesabat-verecek\/#primaryimage"},"thumbnailUrl":"https:\/\/www.meydan.tv\/wp-content\/uploads\/7953.jpg","articleSection":["X\u0259b\u0259rl\u0259r"],"inLanguage":"az"},{"@type":"WebPage","@id":"https:\/\/www.meydan.tv\/az\/article\/minsk-qrupunun-hemsedri-hesabat-verecek\/","url":"https:\/\/www.meydan.tv\/az\/article\/minsk-qrupunun-hemsedri-hesabat-verecek\/","name":"Minsk qrupunun h\u0259ms\u0259dri hesabat ver\u0259c\u0259k - MEYDAN.TV","isPartOf":{"@id":"https:\/\/www.meydan.tv\/az\/#website"},"primaryImageOfPage":{"@id":"https:\/\/www.meydan.tv\/az\/article\/minsk-qrupunun-hemsedri-hesabat-verecek\/#primaryimage"},"image":{"@id":"https:\/\/www.meydan.tv\/az\/article\/minsk-qrupunun-hemsedri-hesabat-verecek\/#primaryimage"},"thumbnailUrl":"https:\/\/www.meydan.tv\/wp-content\/uploads\/7953.jpg","datePublished":"2015-03-31T15:02:36+00:00","breadcrumb":{"@id":"https:\/\/www.meydan.tv\/az\/article\/minsk-qrupunun-hemsedri-hesabat-verecek\/#breadcrumb"},"inLanguage":"az","potentialAction":[{"@type":"ReadAction","target":["https:\/\/www.meydan.tv\/az\/article\/minsk-qrupunun-hemsedri-hesabat-verecek\/"]}]},{"@type":"ImageObject","inLanguage":"az","@id":"https:\/\/www.meydan.tv\/az\/article\/minsk-qrupunun-hemsedri-hesabat-verecek\/#primaryimage","url":"https:\/\/www.meydan.tv\/wp-content\/uploads\/7953.jpg","contentUrl":"https:\/\/www.meydan.tv\/wp-content\/uploads\/7953.jpg","width":477,"height":337,"caption":"Source:"},{"@type":"BreadcrumbList","@id":"https:\/\/www.meydan.tv\/az\/article\/minsk-qrupunun-hemsedri-hesabat-verecek\/#breadcrumb","itemListElement":[{"@type":"ListItem","position":1,"name":"Ana s\u0259hif\u0259","item":"https:\/\/www.meydan.tv\/az\/"},{"@type":"ListItem","position":2,"name":"X\u0259b\u0259rl\u0259r","item":"https:\/\/www.meydan.tv\/az\/section\/xeberler\/"},{"@type":"ListItem","position":3,"name":"Minsk qrupunun h\u0259ms\u0259dri hesabat ver\u0259c\u0259k"}]},{"@type":"WebSite","@id":"https:\/\/www.meydan.tv\/az\/#website","url":"https:\/\/www.meydan.tv\/az\/","name":"MEYDAN.TV","description":"Meydan TV Az\u0259rbaycan\u0131n media m\u0259kan\u0131ndak\u0131 alternativ s\u0259sidir","publisher":{"@id":"https:\/\/www.meydan.tv\/az\/#organization"},"potentialAction":[{"@type":"SearchAction","target":{"@type":"EntryPoint","urlTemplate":"https:\/\/www.meydan.tv\/az\/?s={search_term_string}"},"query-input":{"@type":"PropertyValueSpecification","valueRequired":true,"valueName":"search_term_string"}}],"inLanguage":"az"},{"@type":"Organization","@id":"https:\/\/www.meydan.tv\/az\/#organization","name":"Meydan TV","url":"https:\/\/www.meydan.tv\/az\/","logo":{"@type":"ImageObject","inLanguage":"az","@id":"https:\/\/www.meydan.tv\/az\/#\/schema\/logo\/image\/","url":"https:\/\/www.meydan.tv\/wp-content\/uploads\/2021\/07\/meydan-logo.svg","contentUrl":"https:\/\/www.meydan.tv\/wp-content\/uploads\/2021\/07\/meydan-logo.svg","width":195,"height":46,"caption":"Meydan TV"},"image":{"@id":"https:\/\/www.meydan.tv\/az\/#\/schema\/logo\/image\/"}},{"@type":"Person","@id":"https:\/\/www.meydan.tv\/az\/#\/schema\/person\/10d11eccf6da3662cf5fdab9806ea91a","name":"user-manager"}]}},"_links":{"self":[{"href":"https:\/\/www.meydan.tv\/az\/wp-json\/wp\/v2\/posts\/167379","targetHints":{"allow":["GET"]}}],"collection":[{"href":"https:\/\/www.meydan.tv\/az\/wp-json\/wp\/v2\/posts"}],"about":[{"href":"https:\/\/www.meydan.tv\/az\/wp-json\/wp\/v2\/types\/post"}],"author":[{"embeddable":true,"href":"https:\/\/www.meydan.tv\/az\/wp-json\/wp\/v2\/users\/11"}],"replies":[{"embeddable":true,"href":"https:\/\/www.meydan.tv\/az\/wp-json\/wp\/v2\/comments?post=167379"}],"version-history":[{"count":0,"href":"https:\/\/www.meydan.tv\/az\/wp-json\/wp\/v2\/posts\/167379\/revisions"}],"wp:featuredmedia":[{"embeddable":true,"href":"https:\/\/www.meydan.tv\/az\/wp-json\/wp\/v2\/media\/21972"}],"wp:attachment":[{"href":"https:\/\/www.meydan.tv\/az\/wp-json\/wp\/v2\/media?parent=167379"}],"wp:term":[{"taxonomy":"category","embeddable":true,"href":"https:\/\/www.meydan.tv\/az\/wp-json\/wp\/v2\/categories?post=167379"},{"taxonomy":"post_tag","embeddable":true,"href":"https:\/\/www.meydan.tv\/az\/wp-json\/wp\/v2\/tags?post=167379"}],"curies":[{"name":"wp","href":"https:\/\/api.w.org\/{rel}","templated":true}]}}