{"id":167377,"date":"2015-03-31T11:52:09","date_gmt":"2015-03-31T11:52:09","guid":{"rendered":"https:\/\/www.meydan.tv\/article\/xedice-ismayil-cagirisina-destek-verenlere-tesekkur-etdi\/"},"modified":"2015-03-31T11:52:09","modified_gmt":"2015-03-31T11:52:09","slug":"xedice-ismayil-cagirisina-destek-verenlere-tesekkur-etdi","status":"publish","type":"post","link":"https:\/\/www.meydan.tv\/az\/article\/xedice-ismayil-cagirisina-destek-verenlere-tesekkur-etdi\/","title":{"rendered":"X\u0259dic\u0259 \u0130smay\u0131l \u00e7a\u011f\u0131r\u0131\u015f\u0131na d\u0259st\u0259k ver\u0259nl\u0259r\u0259 t\u0259\u015f\u0259kk\u00fcr etdi"},"content":{"rendered":"<figure class=\"wp-block-image size-large\">\n  <img decoding=\"async\" src=\"https:\/\/www.meydan.tv\/az\/21966\/\" alt=\"\" class=\"wp-image-21966\"\/><figcaption><\/figcaption><\/figure>\n<figure class=\"wp-block-image size-large\">\n  <img decoding=\"async\" src=\"https:\/\/www.meydan.tv\/az\/21966\/\" alt=\"\" class=\"wp-image-21966\"\/><figcaption><\/figcaption><\/figure>\n<p>\n  H\u0259bsd\u0259 olan tan\u0131nm\u0131\u015f ara\u015fd\u0131rma\u00e7\u0131 jurnalist X\u0259dic\u0259 \u0130smay\u0131l Milli \u015euran\u0131n 15 mart mitinqind\u0259 onun \u0259v\u0259zind\u0259n i\u015ftirak ed\u0259n anas\u0131 Elmira \u0130smay\u0131lovaya, onun \u00e7a\u011f\u0131r\u0131\u015f\u0131na d\u0259st\u0259k verib qat\u0131lanlara, \u00fcmumiyy\u0259tl\u0259, i\u015ftirak\u00e7\u0131lar\u0131na t\u0259\u015f\u0259kk\u00fcr\u00fcn\u00fc bildirib.\n<\/p>\n<p>\n  Bu bar\u0259d\u0259 Meydan TV-y\u0259 jurnalistin yax\u0131nlar\u0131 m\u0259lumat verib.\n<\/p>\n<p>\n  \u00d6t\u0259n ay\u0131n 9-da X\u0259dic\u0259 \u0130smay\u0131l dostlar\u0131n\u0131 15 mart mitinqin\u0259 qat\u0131lma\u011fa \u00e7a\u011f\u0131rm\u0131\u015fd\u0131. Bu bar\u0259d\u0259 blogger Mehman H\u00fcseynov facebook-da mitinql\u0259 ba\u011fl\u0131 yarad\u0131lm\u0131\u015f d\u0259v\u0259t s\u0259hif\u0259sind\u0259 m\u0259lumat payla\u015fm\u0131\u015fd\u0131. \u201cX\u04d9dic\u04d9 \u0130smay\u0131l bu g\u00fcn (mart\u0131n 9-da \u2013 red.) z\u04d9ng el\u04d9mi\u015fdi. Dedi u\u015faqlara \u00e7atd\u0131r\u0131n ki, azadl\u0131qda olsayd\u0131, m\u00fctl\u04d9q bu mitinq\u04d9 bir v\u04d9t\u04d9nda\u015f kimi qat\u0131lard\u0131\u201d.\n<\/p>\n<p>\n  Jurnalistin \u00e7a\u011f\u0131r\u0131\u015f\u0131na anas\u0131 Elmira \u0130smay\u0131lova da 15 mart aksiyas\u0131na qat\u0131lmaqla d\u0259st\u0259k vermi\u015fdi.\n<\/p>\n<p>\n  Jurnalist X\u0259dic\u0259 \u0130smay\u0131l dekabr\u0131n 5-d\u0259 h\u0259bs olunub. S\u0259bail Rayon M\u0259hk\u0259m\u0259sind\u0259 hakim El\u015fad \u015eamayevin s\u0259drliyiyl\u0259 ke\u00e7iril\u0259n prosesd\u0259 ara\u015fd\u0131rma\u00e7\u0131 jurnalist X\u0259dic\u0259 \u0130smay\u0131lova bar\u0259sind\u0259 2 ayl\u0131q h\u0259bs q\u0259timkan t\u0259dbiri se\u00e7ilib. Ona qar\u015f\u0131 CM-nin 125-ci madd\u0259si (\u00f6z\u00fcn\u00fc \u00f6ld\u00fcrm\u0259 h\u0259ddin\u0259 \u00e7atd\u0131rma) il\u0259 ittiham ir\u0259li s\u00fcr\u00fcl\u00fcb.\n<\/p>\n<p>\n  X\u0259dic\u0259 \u0130smay\u0131lova h\u0259bsinin qanunsuz oldu\u011funu bildirib.<\/p>\n","protected":false},"excerpt":{"rendered":"<p>H\u0259bsd\u0259 olan tan\u0131nm\u0131\u015f ara\u015fd\u0131rma\u00e7\u0131 jurnalist X\u0259dic\u0259 \u0130smay\u0131l Milli \u015euran\u0131n 15 &#8230; <\/p>\n<p class=\"read-more-container\"><a title=\"X\u0259dic\u0259 \u0130smay\u0131l \u00e7a\u011f\u0131r\u0131\u015f\u0131na d\u0259st\u0259k ver\u0259nl\u0259r\u0259 t\u0259\u015f\u0259kk\u00fcr etdi\" class=\"read-more button\" href=\"https:\/\/www.meydan.tv\/az\/article\/xedice-ismayil-cagirisina-destek-verenlere-tesekkur-etdi\/#more-167377\" aria-label=\"Read more about X\u0259dic\u0259 \u0130smay\u0131l \u00e7a\u011f\u0131r\u0131\u015f\u0131na d\u0259st\u0259k ver\u0259nl\u0259r\u0259 t\u0259\u015f\u0259kk\u00fcr etdi\">Davam\u0131<\/a><\/p>\n","protected":false},"author":11,"featured_media":21966,"comment_status":"closed","ping_status":"open","sticky":false,"template":"","format":"standard","meta":{"_acf_changed":false,"_sitemap_exclude":false,"_sitemap_priority":"","_sitemap_frequency":"","footnotes":""},"categories":[56],"tags":[],"class_list":["post-167377","post","type-post","status-publish","format-standard","has-post-thumbnail","hentry","category-xeberler","infinite-scroll-item","generate-columns","tablet-grid-50","mobile-grid-100","grid-parent","grid-33","no-featured-image-padding"],"acf":[],"yoast_head":"<!-- This site is optimized with the Yoast SEO plugin v28.4 - https:\/\/yoast.com\/product\/yoast-seo-wordpress\/ -->\n<title>X\u0259dic\u0259 \u0130smay\u0131l \u00e7a\u011f\u0131r\u0131\u015f\u0131na d\u0259st\u0259k ver\u0259nl\u0259r\u0259 t\u0259\u015f\u0259kk\u00fcr etdi - MEYDAN.TV<\/title>\n<meta name=\"robots\" content=\"index, follow, max-snippet:-1, max-image-preview:large, max-video-preview:-1\" \/>\n<link rel=\"canonical\" href=\"https:\/\/www.meydan.tv\/az\/article\/xedice-ismayil-cagirisina-destek-verenlere-tesekkur-etdi\/\" \/>\n<meta property=\"og:locale\" content=\"az_AZ\" \/>\n<meta property=\"og:type\" content=\"article\" \/>\n<meta property=\"og:title\" content=\"X\u0259dic\u0259 \u0130smay\u0131l \u00e7a\u011f\u0131r\u0131\u015f\u0131na d\u0259st\u0259k ver\u0259nl\u0259r\u0259 t\u0259\u015f\u0259kk\u00fcr etdi - MEYDAN.TV\" \/>\n<meta property=\"og:description\" content=\"H\u0259bsd\u0259 olan tan\u0131nm\u0131\u015f ara\u015fd\u0131rma\u00e7\u0131 jurnalist X\u0259dic\u0259 \u0130smay\u0131l Milli \u015euran\u0131n 15 ... Davam\u0131\" \/>\n<meta property=\"og:url\" content=\"https:\/\/www.meydan.tv\/az\/article\/xedice-ismayil-cagirisina-destek-verenlere-tesekkur-etdi\/\" \/>\n<meta property=\"og:site_name\" content=\"MEYDAN.TV\" \/>\n<meta property=\"article:published_time\" content=\"2015-03-31T11:52:09+00:00\" \/>\n<meta property=\"og:image\" content=\"https:\/\/www.meydan.tv\/wp-content\/uploads\/7951.jpg\" \/>\n\t<meta property=\"og:image:width\" content=\"640\" \/>\n\t<meta property=\"og:image:height\" content=\"360\" \/>\n\t<meta property=\"og:image:type\" content=\"image\/jpeg\" \/>\n<meta name=\"twitter:card\" content=\"summary_large_image\" \/>\n<!-- \/ Yoast SEO plugin. -->","yoast_head_json":{"title":"X\u0259dic\u0259 \u0130smay\u0131l \u00e7a\u011f\u0131r\u0131\u015f\u0131na d\u0259st\u0259k ver\u0259nl\u0259r\u0259 t\u0259\u015f\u0259kk\u00fcr etdi - MEYDAN.TV","robots":{"index":"index","follow":"follow","max-snippet":"max-snippet:-1","max-image-preview":"max-image-preview:large","max-video-preview":"max-video-preview:-1"},"canonical":"https:\/\/www.meydan.tv\/az\/article\/xedice-ismayil-cagirisina-destek-verenlere-tesekkur-etdi\/","og_locale":"az_AZ","og_type":"article","og_title":"X\u0259dic\u0259 \u0130smay\u0131l \u00e7a\u011f\u0131r\u0131\u015f\u0131na d\u0259st\u0259k ver\u0259nl\u0259r\u0259 t\u0259\u015f\u0259kk\u00fcr etdi - MEYDAN.TV","og_description":"H\u0259bsd\u0259 olan tan\u0131nm\u0131\u015f ara\u015fd\u0131rma\u00e7\u0131 jurnalist X\u0259dic\u0259 \u0130smay\u0131l Milli \u015euran\u0131n 15 ... Davam\u0131","og_url":"https:\/\/www.meydan.tv\/az\/article\/xedice-ismayil-cagirisina-destek-verenlere-tesekkur-etdi\/","og_site_name":"MEYDAN.TV","article_published_time":"2015-03-31T11:52:09+00:00","og_image":[{"width":640,"height":360,"url":"https:\/\/www.meydan.tv\/wp-content\/uploads\/7951.jpg","type":"image\/jpeg"}],"twitter_card":"summary_large_image","schema":{"@context":"https:\/\/schema.org","@graph":[{"@type":"Article","@id":"https:\/\/www.meydan.tv\/az\/article\/xedice-ismayil-cagirisina-destek-verenlere-tesekkur-etdi\/#article","isPartOf":{"@id":"https:\/\/www.meydan.tv\/az\/article\/xedice-ismayil-cagirisina-destek-verenlere-tesekkur-etdi\/"},"author":{"name":"user-manager","@id":"https:\/\/www.meydan.tv\/az\/#\/schema\/person\/10d11eccf6da3662cf5fdab9806ea91a"},"headline":"X\u0259dic\u0259 \u0130smay\u0131l \u00e7a\u011f\u0131r\u0131\u015f\u0131na d\u0259st\u0259k ver\u0259nl\u0259r\u0259 t\u0259\u015f\u0259kk\u00fcr etdi","datePublished":"2015-03-31T11:52:09+00:00","mainEntityOfPage":{"@id":"https:\/\/www.meydan.tv\/az\/article\/xedice-ismayil-cagirisina-destek-verenlere-tesekkur-etdi\/"},"wordCount":259,"publisher":{"@id":"https:\/\/www.meydan.tv\/az\/#organization"},"image":{"@id":"https:\/\/www.meydan.tv\/az\/article\/xedice-ismayil-cagirisina-destek-verenlere-tesekkur-etdi\/#primaryimage"},"thumbnailUrl":"https:\/\/www.meydan.tv\/wp-content\/uploads\/7951.jpg","articleSection":["X\u0259b\u0259rl\u0259r"],"inLanguage":"az"},{"@type":"WebPage","@id":"https:\/\/www.meydan.tv\/az\/article\/xedice-ismayil-cagirisina-destek-verenlere-tesekkur-etdi\/","url":"https:\/\/www.meydan.tv\/az\/article\/xedice-ismayil-cagirisina-destek-verenlere-tesekkur-etdi\/","name":"X\u0259dic\u0259 \u0130smay\u0131l \u00e7a\u011f\u0131r\u0131\u015f\u0131na d\u0259st\u0259k ver\u0259nl\u0259r\u0259 t\u0259\u015f\u0259kk\u00fcr etdi - MEYDAN.TV","isPartOf":{"@id":"https:\/\/www.meydan.tv\/az\/#website"},"primaryImageOfPage":{"@id":"https:\/\/www.meydan.tv\/az\/article\/xedice-ismayil-cagirisina-destek-verenlere-tesekkur-etdi\/#primaryimage"},"image":{"@id":"https:\/\/www.meydan.tv\/az\/article\/xedice-ismayil-cagirisina-destek-verenlere-tesekkur-etdi\/#primaryimage"},"thumbnailUrl":"https:\/\/www.meydan.tv\/wp-content\/uploads\/7951.jpg","datePublished":"2015-03-31T11:52:09+00:00","breadcrumb":{"@id":"https:\/\/www.meydan.tv\/az\/article\/xedice-ismayil-cagirisina-destek-verenlere-tesekkur-etdi\/#breadcrumb"},"inLanguage":"az","potentialAction":[{"@type":"ReadAction","target":["https:\/\/www.meydan.tv\/az\/article\/xedice-ismayil-cagirisina-destek-verenlere-tesekkur-etdi\/"]}]},{"@type":"ImageObject","inLanguage":"az","@id":"https:\/\/www.meydan.tv\/az\/article\/xedice-ismayil-cagirisina-destek-verenlere-tesekkur-etdi\/#primaryimage","url":"https:\/\/www.meydan.tv\/wp-content\/uploads\/7951.jpg","contentUrl":"https:\/\/www.meydan.tv\/wp-content\/uploads\/7951.jpg","width":640,"height":360,"caption":"Source:"},{"@type":"BreadcrumbList","@id":"https:\/\/www.meydan.tv\/az\/article\/xedice-ismayil-cagirisina-destek-verenlere-tesekkur-etdi\/#breadcrumb","itemListElement":[{"@type":"ListItem","position":1,"name":"Ana s\u0259hif\u0259","item":"https:\/\/www.meydan.tv\/az\/"},{"@type":"ListItem","position":2,"name":"X\u0259b\u0259rl\u0259r","item":"https:\/\/www.meydan.tv\/az\/section\/xeberler\/"},{"@type":"ListItem","position":3,"name":"X\u0259dic\u0259 \u0130smay\u0131l \u00e7a\u011f\u0131r\u0131\u015f\u0131na d\u0259st\u0259k ver\u0259nl\u0259r\u0259 t\u0259\u015f\u0259kk\u00fcr etdi"}]},{"@type":"WebSite","@id":"https:\/\/www.meydan.tv\/az\/#website","url":"https:\/\/www.meydan.tv\/az\/","name":"MEYDAN.TV","description":"Meydan TV Az\u0259rbaycan\u0131n media m\u0259kan\u0131ndak\u0131 alternativ s\u0259sidir","publisher":{"@id":"https:\/\/www.meydan.tv\/az\/#organization"},"potentialAction":[{"@type":"SearchAction","target":{"@type":"EntryPoint","urlTemplate":"https:\/\/www.meydan.tv\/az\/?s={search_term_string}"},"query-input":{"@type":"PropertyValueSpecification","valueRequired":true,"valueName":"search_term_string"}}],"inLanguage":"az"},{"@type":"Organization","@id":"https:\/\/www.meydan.tv\/az\/#organization","name":"Meydan TV","url":"https:\/\/www.meydan.tv\/az\/","logo":{"@type":"ImageObject","inLanguage":"az","@id":"https:\/\/www.meydan.tv\/az\/#\/schema\/logo\/image\/","url":"https:\/\/www.meydan.tv\/wp-content\/uploads\/2021\/07\/meydan-logo.svg","contentUrl":"https:\/\/www.meydan.tv\/wp-content\/uploads\/2021\/07\/meydan-logo.svg","width":195,"height":46,"caption":"Meydan TV"},"image":{"@id":"https:\/\/www.meydan.tv\/az\/#\/schema\/logo\/image\/"}},{"@type":"Person","@id":"https:\/\/www.meydan.tv\/az\/#\/schema\/person\/10d11eccf6da3662cf5fdab9806ea91a","name":"user-manager"}]}},"_links":{"self":[{"href":"https:\/\/www.meydan.tv\/az\/wp-json\/wp\/v2\/posts\/167377","targetHints":{"allow":["GET"]}}],"collection":[{"href":"https:\/\/www.meydan.tv\/az\/wp-json\/wp\/v2\/posts"}],"about":[{"href":"https:\/\/www.meydan.tv\/az\/wp-json\/wp\/v2\/types\/post"}],"author":[{"embeddable":true,"href":"https:\/\/www.meydan.tv\/az\/wp-json\/wp\/v2\/users\/11"}],"replies":[{"embeddable":true,"href":"https:\/\/www.meydan.tv\/az\/wp-json\/wp\/v2\/comments?post=167377"}],"version-history":[{"count":0,"href":"https:\/\/www.meydan.tv\/az\/wp-json\/wp\/v2\/posts\/167377\/revisions"}],"wp:featuredmedia":[{"embeddable":true,"href":"https:\/\/www.meydan.tv\/az\/wp-json\/wp\/v2\/media\/21966"}],"wp:attachment":[{"href":"https:\/\/www.meydan.tv\/az\/wp-json\/wp\/v2\/media?parent=167377"}],"wp:term":[{"taxonomy":"category","embeddable":true,"href":"https:\/\/www.meydan.tv\/az\/wp-json\/wp\/v2\/categories?post=167377"},{"taxonomy":"post_tag","embeddable":true,"href":"https:\/\/www.meydan.tv\/az\/wp-json\/wp\/v2\/tags?post=167377"}],"curies":[{"name":"wp","href":"https:\/\/api.w.org\/{rel}","templated":true}]}}