{"id":167374,"date":"2015-03-31T00:15:51","date_gmt":"2015-03-31T00:15:51","guid":{"rendered":"https:\/\/www.meydan.tv\/article\/arif-hacilinin-plagiat-bassagligi\/"},"modified":"2015-03-31T00:15:51","modified_gmt":"2015-03-31T00:15:51","slug":"arif-hacilinin-plagiat-bassagligi","status":"publish","type":"post","link":"https:\/\/www.meydan.tv\/az\/article\/arif-hacilinin-plagiat-bassagligi\/","title":{"rendered":"Arif Hac\u0131l\u0131n\u0131n plagiat ba\u015fsa\u011fl\u0131\u011f\u0131"},"content":{"rendered":"<figure class=\"wp-block-image size-large\">\n  <img decoding=\"async\" src=\"https:\/\/www.meydan.tv\/az\/21951\/\" alt=\"\" class=\"wp-image-21951\"\/><figcaption><\/figcaption><\/figure>\n<figure class=\"wp-block-image size-large\">\n  <img decoding=\"async\" src=\"https:\/\/www.meydan.tv\/az\/21951\/\" alt=\"\" class=\"wp-image-21951\"\/><figcaption><\/figcaption><\/figure>\n<p>\n  <i><br \/>\n    M\u00fcsavat ba\u015fqan\u0131 \u0130sa Q\u0259mb\u0259rin iki il \u0259vv\u0259l yayd\u0131\u011f\u0131 m\u00fcraci\u0259ti oldu\u011fu kimi \u00f6z ad\u0131ndan yay\u0131b<br \/>\n  <\/i>\n<\/p>\n<p>\n  <b><br \/>\n    <a href=\"http:\/\/musavat.com\/news\/olke\/musavat-bashqani-azerbaycanlilarin-soyqirim-gunu-ile-bagli-xalqa-muraciet-edib_256152.html?welcome=1\"><br \/>\n      M\u00fcsavat Partiyas\u0131n\u0131n ba\u015fqan\u0131 Arif Hac\u0131l\u0131 31 mart &#8211; Soyq\u0131r\u0131m G\u00fcn\u00fc il\u0259 ba\u011fl\u0131 xalqa m\u00fcraci\u0259t edib.<br \/>\n    <\/a><br \/>\n  <\/b><br \/>\n  M\u00fcraci\u0259td\u0259 1918-ci ild\u0259 ba\u015f ver\u0259n hadis\u0259l\u0259r xat\u0131rlan\u0131r, bildirilir ki, o zaman Bak\u0131da 12 mind\u0259n \u00e7ox az\u0259rbaycanl\u0131 \u00f6ld\u00fcr\u00fcl\u00fcb, onminl\u0259rl\u0259 insan itkin d\u00fc\u015f\u00fcb v\u0259 s. Tarixi faktlara s\u00f6yk\u0259n\u0259n m\u00fcraci\u0259t sonda \u015f\u0259hidl\u0259rin ruhuna dua oxumaqla bitir.\n<\/p>\n<p><div>\n    M\u0259s\u0259l\u0259 buras\u0131ndad\u0131r ki,<br \/>\n    <b><br \/>\n      <a href=\"http:\/\/musavat.com\/news\/son-xeber\/musavat-bashqani-31-mart-soyqirim-gunu-ile-bagli-xalqa-muraciet-etdi_147824.html\"><br \/>\n        eyni m\u0259tn iki il \u0259vv\u0259l, daha d\u0259qiq des\u0259k, 30 mart 2013-c\u00fc il, saat 20:03-d\u0259 musavat.com sayt\u0131nda o vaxtk\u0131 M\u00fcsavat ba\u015fqan\u0131 \u0130sa Q\u0259mb\u0259rin ad\u0131ndan yay\u0131mlan\u0131b.<br \/>\n      <\/a><br \/>\n    <\/b>\n  <\/div>\n<\/p>\n<p><div><\/div>\n<\/p>\n<p><div>\n    Eyni m\u0259tnd\u0259 d\u0259yi\u015f\u0259n yaln\u0131z ba\u015fqanlar\u0131n ad\u0131d\u0131r. H\u0259tta c\u00fcml\u0259d\u0259 burax\u0131lm\u0131\u015f h\u0259rf s\u0259hvi d\u0259 oldu\u011fu kimi d\u0259rc olunub. M\u0259s\u0259l\u0259n, &#8220;H\u0259min hadis\u0259l\u0259r vaxt\u0131 Bak\u0131da 12 mind\u0259n \u00e7ox az\u0259rbaycanl\u0131 \u00f6lr\u00fcr\u00fcl\u00fcb, on minl\u0259rl\u0259 insan itkin d\u00fc\u015f\u00fcb&#8221; c\u00fcml\u0259sind\u0259 &#8220;\u00f6ld\u00fcr\u00fcl\u00fcb&#8221; s\u00f6z\u00fc s\u0259hv yaz\u0131l\u0131b. Arif Hac\u0131l\u0131n\u0131n ad\u0131ndan yay\u0131lm\u0131\u015f m\u00fcraci\u0259td\u0259 d\u0259 h\u0259min s\u0259hv d\u00fcz\u0259ldilm\u0259yib.\n  <\/div>\n<\/p>\n<p>\n  M\u0259tnl\u0259r aras\u0131nda yegan\u0259 f\u0259rq sonuncu m\u00fcraci\u0259tin sonundak\u0131 c\u00fcml\u0259nin \u00e7\u0131xar\u0131lmas\u0131d\u0131r. Bel\u0259 ki, \u0130sa Q\u0259mb\u0259rin m\u00fcraci\u0259ti &#8220;Tanr\u0131 \u015f\u0259hidl\u0259rimizin ruhunu \u015fad el\u0259sin.\u00a0Tanr\u0131 Az\u0259rbaycan\u0131m\u0131z\u0131 qorusun!\u201d fikirl\u0259ri il\u0259 bitir. Arif Hac\u0131l\u0131n\u0131n m\u00fcraci\u0259tind\u0259 is\u0259 &#8220;Tanr\u0131 Az\u0259rbaycan\u0131m\u0131z\u0131 qorusun!\u201d c\u00fcml\u0259si \u00e7\u0131xar\u0131l\u0131b.\n<\/p>\n<figure class=\"wp-block-image size-large\">\n  <img decoding=\"async\" src=\"https:\/\/www.meydan.tv\/az\/21954\/\" alt=\"\" class=\"wp-image-21954\"\/><figcaption><\/figcaption><\/figure><\/p>\n","protected":false},"excerpt":{"rendered":"<p>M\u00fcsavat ba\u015fqan\u0131 \u0130sa Q\u0259mb\u0259rin iki il \u0259vv\u0259l yayd\u0131\u011f\u0131 m\u00fcraci\u0259ti oldu\u011fu kimi \u00f6z ad\u0131ndan yay\u0131b<\/p>\n","protected":false},"author":11,"featured_media":21951,"comment_status":"closed","ping_status":"open","sticky":false,"template":"","format":"standard","meta":{"_acf_changed":false,"_sitemap_exclude":false,"_sitemap_priority":"","_sitemap_frequency":"","footnotes":""},"categories":[56],"tags":[],"class_list":["post-167374","post","type-post","status-publish","format-standard","has-post-thumbnail","hentry","category-xeberler","infinite-scroll-item","generate-columns","tablet-grid-50","mobile-grid-100","grid-parent","grid-33","no-featured-image-padding"],"acf":[],"yoast_head":"<!-- This site is optimized with the Yoast SEO plugin v28.4 - https:\/\/yoast.com\/product\/yoast-seo-wordpress\/ -->\n<title>Arif Hac\u0131l\u0131n\u0131n plagiat ba\u015fsa\u011fl\u0131\u011f\u0131 - MEYDAN.TV<\/title>\n<meta name=\"robots\" content=\"index, follow, max-snippet:-1, max-image-preview:large, max-video-preview:-1\" \/>\n<link rel=\"canonical\" href=\"https:\/\/www.meydan.tv\/az\/article\/arif-hacilinin-plagiat-bassagligi\/\" \/>\n<meta property=\"og:locale\" content=\"az_AZ\" \/>\n<meta property=\"og:type\" content=\"article\" \/>\n<meta property=\"og:title\" content=\"Arif Hac\u0131l\u0131n\u0131n plagiat ba\u015fsa\u011fl\u0131\u011f\u0131 - MEYDAN.TV\" \/>\n<meta property=\"og:description\" content=\"M\u00fcsavat ba\u015fqan\u0131 \u0130sa Q\u0259mb\u0259rin iki il \u0259vv\u0259l yayd\u0131\u011f\u0131 m\u00fcraci\u0259ti oldu\u011fu kimi \u00f6z ad\u0131ndan yay\u0131b\" \/>\n<meta property=\"og:url\" content=\"https:\/\/www.meydan.tv\/az\/article\/arif-hacilinin-plagiat-bassagligi\/\" \/>\n<meta property=\"og:site_name\" content=\"MEYDAN.TV\" \/>\n<meta property=\"article:published_time\" content=\"2015-03-31T00:15:51+00:00\" \/>\n<meta property=\"og:image\" content=\"https:\/\/www.meydan.tv\/wp-content\/uploads\/7946.jpg\" \/>\n\t<meta property=\"og:image:width\" content=\"555\" \/>\n\t<meta property=\"og:image:height\" content=\"500\" \/>\n\t<meta property=\"og:image:type\" content=\"image\/jpeg\" \/>\n<meta name=\"twitter:card\" content=\"summary_large_image\" \/>\n<!-- \/ Yoast SEO plugin. -->","yoast_head_json":{"title":"Arif Hac\u0131l\u0131n\u0131n plagiat ba\u015fsa\u011fl\u0131\u011f\u0131 - MEYDAN.TV","robots":{"index":"index","follow":"follow","max-snippet":"max-snippet:-1","max-image-preview":"max-image-preview:large","max-video-preview":"max-video-preview:-1"},"canonical":"https:\/\/www.meydan.tv\/az\/article\/arif-hacilinin-plagiat-bassagligi\/","og_locale":"az_AZ","og_type":"article","og_title":"Arif Hac\u0131l\u0131n\u0131n plagiat ba\u015fsa\u011fl\u0131\u011f\u0131 - MEYDAN.TV","og_description":"M\u00fcsavat ba\u015fqan\u0131 \u0130sa Q\u0259mb\u0259rin iki il \u0259vv\u0259l yayd\u0131\u011f\u0131 m\u00fcraci\u0259ti oldu\u011fu kimi \u00f6z ad\u0131ndan yay\u0131b","og_url":"https:\/\/www.meydan.tv\/az\/article\/arif-hacilinin-plagiat-bassagligi\/","og_site_name":"MEYDAN.TV","article_published_time":"2015-03-31T00:15:51+00:00","og_image":[{"width":555,"height":500,"url":"https:\/\/www.meydan.tv\/wp-content\/uploads\/7946.jpg","type":"image\/jpeg"}],"twitter_card":"summary_large_image","schema":{"@context":"https:\/\/schema.org","@graph":[{"@type":"Article","@id":"https:\/\/www.meydan.tv\/az\/article\/arif-hacilinin-plagiat-bassagligi\/#article","isPartOf":{"@id":"https:\/\/www.meydan.tv\/az\/article\/arif-hacilinin-plagiat-bassagligi\/"},"author":{"name":"user-manager","@id":"https:\/\/www.meydan.tv\/az\/#\/schema\/person\/10d11eccf6da3662cf5fdab9806ea91a"},"headline":"Arif Hac\u0131l\u0131n\u0131n plagiat ba\u015fsa\u011fl\u0131\u011f\u0131","datePublished":"2015-03-31T00:15:51+00:00","mainEntityOfPage":{"@id":"https:\/\/www.meydan.tv\/az\/article\/arif-hacilinin-plagiat-bassagligi\/"},"wordCount":316,"publisher":{"@id":"https:\/\/www.meydan.tv\/az\/#organization"},"image":{"@id":"https:\/\/www.meydan.tv\/az\/article\/arif-hacilinin-plagiat-bassagligi\/#primaryimage"},"thumbnailUrl":"https:\/\/www.meydan.tv\/wp-content\/uploads\/7946.jpg","articleSection":["X\u0259b\u0259rl\u0259r"],"inLanguage":"az"},{"@type":"WebPage","@id":"https:\/\/www.meydan.tv\/az\/article\/arif-hacilinin-plagiat-bassagligi\/","url":"https:\/\/www.meydan.tv\/az\/article\/arif-hacilinin-plagiat-bassagligi\/","name":"Arif Hac\u0131l\u0131n\u0131n plagiat ba\u015fsa\u011fl\u0131\u011f\u0131 - MEYDAN.TV","isPartOf":{"@id":"https:\/\/www.meydan.tv\/az\/#website"},"primaryImageOfPage":{"@id":"https:\/\/www.meydan.tv\/az\/article\/arif-hacilinin-plagiat-bassagligi\/#primaryimage"},"image":{"@id":"https:\/\/www.meydan.tv\/az\/article\/arif-hacilinin-plagiat-bassagligi\/#primaryimage"},"thumbnailUrl":"https:\/\/www.meydan.tv\/wp-content\/uploads\/7946.jpg","datePublished":"2015-03-31T00:15:51+00:00","breadcrumb":{"@id":"https:\/\/www.meydan.tv\/az\/article\/arif-hacilinin-plagiat-bassagligi\/#breadcrumb"},"inLanguage":"az","potentialAction":[{"@type":"ReadAction","target":["https:\/\/www.meydan.tv\/az\/article\/arif-hacilinin-plagiat-bassagligi\/"]}]},{"@type":"ImageObject","inLanguage":"az","@id":"https:\/\/www.meydan.tv\/az\/article\/arif-hacilinin-plagiat-bassagligi\/#primaryimage","url":"https:\/\/www.meydan.tv\/wp-content\/uploads\/7946.jpg","contentUrl":"https:\/\/www.meydan.tv\/wp-content\/uploads\/7946.jpg","width":555,"height":500,"caption":"Source:"},{"@type":"BreadcrumbList","@id":"https:\/\/www.meydan.tv\/az\/article\/arif-hacilinin-plagiat-bassagligi\/#breadcrumb","itemListElement":[{"@type":"ListItem","position":1,"name":"Ana s\u0259hif\u0259","item":"https:\/\/www.meydan.tv\/az\/"},{"@type":"ListItem","position":2,"name":"X\u0259b\u0259rl\u0259r","item":"https:\/\/www.meydan.tv\/az\/section\/xeberler\/"},{"@type":"ListItem","position":3,"name":"Arif Hac\u0131l\u0131n\u0131n plagiat ba\u015fsa\u011fl\u0131\u011f\u0131"}]},{"@type":"WebSite","@id":"https:\/\/www.meydan.tv\/az\/#website","url":"https:\/\/www.meydan.tv\/az\/","name":"MEYDAN.TV","description":"Meydan TV Az\u0259rbaycan\u0131n media m\u0259kan\u0131ndak\u0131 alternativ s\u0259sidir","publisher":{"@id":"https:\/\/www.meydan.tv\/az\/#organization"},"potentialAction":[{"@type":"SearchAction","target":{"@type":"EntryPoint","urlTemplate":"https:\/\/www.meydan.tv\/az\/?s={search_term_string}"},"query-input":{"@type":"PropertyValueSpecification","valueRequired":true,"valueName":"search_term_string"}}],"inLanguage":"az"},{"@type":"Organization","@id":"https:\/\/www.meydan.tv\/az\/#organization","name":"Meydan TV","url":"https:\/\/www.meydan.tv\/az\/","logo":{"@type":"ImageObject","inLanguage":"az","@id":"https:\/\/www.meydan.tv\/az\/#\/schema\/logo\/image\/","url":"https:\/\/www.meydan.tv\/wp-content\/uploads\/2021\/07\/meydan-logo.svg","contentUrl":"https:\/\/www.meydan.tv\/wp-content\/uploads\/2021\/07\/meydan-logo.svg","width":195,"height":46,"caption":"Meydan TV"},"image":{"@id":"https:\/\/www.meydan.tv\/az\/#\/schema\/logo\/image\/"}},{"@type":"Person","@id":"https:\/\/www.meydan.tv\/az\/#\/schema\/person\/10d11eccf6da3662cf5fdab9806ea91a","name":"user-manager"}]}},"_links":{"self":[{"href":"https:\/\/www.meydan.tv\/az\/wp-json\/wp\/v2\/posts\/167374","targetHints":{"allow":["GET"]}}],"collection":[{"href":"https:\/\/www.meydan.tv\/az\/wp-json\/wp\/v2\/posts"}],"about":[{"href":"https:\/\/www.meydan.tv\/az\/wp-json\/wp\/v2\/types\/post"}],"author":[{"embeddable":true,"href":"https:\/\/www.meydan.tv\/az\/wp-json\/wp\/v2\/users\/11"}],"replies":[{"embeddable":true,"href":"https:\/\/www.meydan.tv\/az\/wp-json\/wp\/v2\/comments?post=167374"}],"version-history":[{"count":0,"href":"https:\/\/www.meydan.tv\/az\/wp-json\/wp\/v2\/posts\/167374\/revisions"}],"wp:featuredmedia":[{"embeddable":true,"href":"https:\/\/www.meydan.tv\/az\/wp-json\/wp\/v2\/media\/21951"}],"wp:attachment":[{"href":"https:\/\/www.meydan.tv\/az\/wp-json\/wp\/v2\/media?parent=167374"}],"wp:term":[{"taxonomy":"category","embeddable":true,"href":"https:\/\/www.meydan.tv\/az\/wp-json\/wp\/v2\/categories?post=167374"},{"taxonomy":"post_tag","embeddable":true,"href":"https:\/\/www.meydan.tv\/az\/wp-json\/wp\/v2\/tags?post=167374"}],"curies":[{"name":"wp","href":"https:\/\/api.w.org\/{rel}","templated":true}]}}