{"id":167373,"date":"2015-03-30T19:40:29","date_gmt":"2015-03-30T19:40:29","guid":{"rendered":"https:\/\/www.meydan.tv\/article\/sadiq-sadiqovun-istefasindan-sohbet-gede-bilmez\/"},"modified":"2015-03-30T19:40:29","modified_gmt":"2015-03-30T19:40:29","slug":"sadiq-sadiqovun-istefasindan-sohbet-gede-bilmez","status":"publish","type":"post","link":"https:\/\/www.meydan.tv\/az\/article\/sadiq-sadiqovun-istefasindan-sohbet-gede-bilmez\/","title":{"rendered":"&#8220;Sad\u0131q Sad\u0131qovun istefas\u0131ndan s\u00f6hb\u0259t ged\u0259 bilm\u0259z&#8221;"},"content":{"rendered":"<figure class=\"wp-block-image size-large\">\n  <img decoding=\"async\" src=\"https:\/\/www.meydan.tv\/az\/21963\/\" alt=\"\" class=\"wp-image-21963\"\/><figcaption><\/figcaption><\/figure>\n<figure class=\"wp-block-image size-large\">\n  <img decoding=\"async\" src=\"https:\/\/www.meydan.tv\/az\/21963\/\" alt=\"\" class=\"wp-image-21963\"\/><figcaption><\/figcaption><\/figure>\n<p>\n  SOCAR \u00c7ingiz Abdullayevin t\u0259yinat\u0131 il\u0259 ba\u011fl\u0131 x\u0259b\u0259ri t\u0259kzib edir\n<\/p>\n<p>\n  &#8220;Sad\u0131q Sad\u0131qovun \u201cNeft\u00e7i\u201d idman klubunun prezidenti v\u0259zif\u0259sind\u0259n istefas\u0131ndan s\u00f6hb\u0259t ged\u0259 bilm\u0259z&#8221;. Bunu Trend-\u0259 \u201cNeft\u00e7i\u201dnin ba\u015f sponsoru olan SOCAR-\u0131n m\u0259tbuat xidm\u0259tind\u0259n deyibl\u0259r.\n<\/p>\n<p>\n  M\u0259tbuat xidm\u0259tind\u0259n bildiribl\u0259r ki, S.Sad\u0131qov \u201cNeft\u00e7i\u201d idman klubunun r\u0259hb\u0259ri, eyni zamanda, \u201cNeft\u00e7i\u201d pe\u015f\u0259kar futbol klubunun prezidentidir. \u201cNeft\u00e7i\u201d PFK-n\u0131n \u201cNeft\u00e7i\u201d idman klubunun t\u0259rkibin\u0259 verilm\u0259si il\u0259 \u0259laq\u0259dar bir s\u0131ra struktur v\u0259 nizamnam\u0259 d\u0259yi\u015fiklikl\u0259ri g\u00f6zl\u0259nilir v\u0259 bu bar\u0259d\u0259 daha sonra m\u0259lumat veril\u0259c\u0259k.\n<\/p>\n<p>\n  Daha \u0259vv\u0259l S.Sad\u0131qovun \u201cNeft\u00e7i\u201dnin prezidenti v\u0259zif\u0259sind\u0259n istefas\u0131 v\u0259 yaz\u0131\u00e7\u0131 \u00c7ingiz Abdullayevin bu v\u0259zif\u0259y\u0259 t\u0259yin edilm\u0259si bar\u0259d\u0259 m\u0259lumat yay\u0131lm\u0131\u015fd\u0131.\n<\/p>\n<p>\n  Art\u0131q &#8220;Neft\u00e7i&#8221; futbol klubu da m\u0259s\u0259l\u0259 il\u0259 ba\u011fl\u0131 m\u0259lumat yay\u0131b. M\u0259lumatda deyilir: &#8220;Bu g\u00fcn m\u0259tbuatda Sad\u0131q Sad\u0131qovun istefas\u0131 haqq\u0131nda x\u0259b\u0259rl\u0259r yer al\u0131b. N\u0259z\u0259riniz\u0259 \u00e7atd\u0131r\u0131r\u0131q ki, he\u00e7 bir istefadan s\u00f6hb\u0259t ged\u0259 bilm\u0259z. Sad\u0131q Sad\u0131qov &#8220;Neft\u00e7i&#8221; \u0130dman Klubu \u0130ctimai Birliyinin r\u0259hb\u0259ri, eyni zamanda, &#8220;Neft\u00e7i&#8221; PFK-n\u0131n prezidentidir. &#8220;Neft\u00e7i&#8221; PFK bir m\u00fcdd\u0259t \u0259vv\u0259l &#8220;Neft\u00e7i&#8221; \u0130dman Klubu \u0130ctimai Birliyinin t\u0259rkibin\u0259 verilib. Bununla ba\u011fl\u0131 b\u0259zi nizamnam\u0259 v\u0259 struktur d\u0259yi\u015fiklikl\u0259ri g\u00f6zl\u0259nilir. Bu bar\u0259d\u0259 ictimaiyy\u0259t\u0259 m\u0259lumat veril\u0259c\u0259k&#8221;.\n<\/p>\n<p><div><\/div><\/p>\n","protected":false},"excerpt":{"rendered":"<p>SOCAR \u00c7ingiz Abdullayevin t\u0259yinat\u0131 il\u0259 ba\u011fl\u0131 x\u0259b\u0259ri t\u0259kzib edir<\/p>\n","protected":false},"author":11,"featured_media":21963,"comment_status":"closed","ping_status":"open","sticky":false,"template":"","format":"standard","meta":{"_acf_changed":false,"_sitemap_exclude":false,"_sitemap_priority":"","_sitemap_frequency":"","footnotes":""},"categories":[56],"tags":[],"class_list":["post-167373","post","type-post","status-publish","format-standard","has-post-thumbnail","hentry","category-xeberler","infinite-scroll-item","generate-columns","tablet-grid-50","mobile-grid-100","grid-parent","grid-33","no-featured-image-padding"],"acf":[],"yoast_head":"<!-- This site is optimized with the Yoast SEO plugin v28.4 - https:\/\/yoast.com\/product\/yoast-seo-wordpress\/ -->\n<title>&quot;Sad\u0131q Sad\u0131qovun istefas\u0131ndan s\u00f6hb\u0259t ged\u0259 bilm\u0259z&quot; - MEYDAN.TV<\/title>\n<meta name=\"robots\" content=\"index, follow, max-snippet:-1, max-image-preview:large, max-video-preview:-1\" \/>\n<link rel=\"canonical\" href=\"https:\/\/www.meydan.tv\/az\/article\/sadiq-sadiqovun-istefasindan-sohbet-gede-bilmez\/\" \/>\n<meta property=\"og:locale\" content=\"az_AZ\" \/>\n<meta property=\"og:type\" content=\"article\" \/>\n<meta property=\"og:title\" content=\"&quot;Sad\u0131q Sad\u0131qovun istefas\u0131ndan s\u00f6hb\u0259t ged\u0259 bilm\u0259z&quot; - MEYDAN.TV\" \/>\n<meta property=\"og:description\" content=\"SOCAR \u00c7ingiz Abdullayevin t\u0259yinat\u0131 il\u0259 ba\u011fl\u0131 x\u0259b\u0259ri t\u0259kzib edir\" \/>\n<meta property=\"og:url\" content=\"https:\/\/www.meydan.tv\/az\/article\/sadiq-sadiqovun-istefasindan-sohbet-gede-bilmez\/\" \/>\n<meta property=\"og:site_name\" content=\"MEYDAN.TV\" \/>\n<meta property=\"article:published_time\" content=\"2015-03-30T19:40:29+00:00\" \/>\n<meta property=\"og:image\" content=\"https:\/\/www.meydan.tv\/wp-content\/uploads\/7945.jpg\" \/>\n\t<meta property=\"og:image:width\" content=\"410\" \/>\n\t<meta property=\"og:image:height\" content=\"307\" \/>\n\t<meta property=\"og:image:type\" content=\"image\/jpeg\" \/>\n<meta name=\"twitter:card\" content=\"summary_large_image\" \/>\n<!-- \/ Yoast SEO plugin. -->","yoast_head_json":{"title":"\"Sad\u0131q Sad\u0131qovun istefas\u0131ndan s\u00f6hb\u0259t ged\u0259 bilm\u0259z\" - MEYDAN.TV","robots":{"index":"index","follow":"follow","max-snippet":"max-snippet:-1","max-image-preview":"max-image-preview:large","max-video-preview":"max-video-preview:-1"},"canonical":"https:\/\/www.meydan.tv\/az\/article\/sadiq-sadiqovun-istefasindan-sohbet-gede-bilmez\/","og_locale":"az_AZ","og_type":"article","og_title":"\"Sad\u0131q Sad\u0131qovun istefas\u0131ndan s\u00f6hb\u0259t ged\u0259 bilm\u0259z\" - MEYDAN.TV","og_description":"SOCAR \u00c7ingiz Abdullayevin t\u0259yinat\u0131 il\u0259 ba\u011fl\u0131 x\u0259b\u0259ri t\u0259kzib edir","og_url":"https:\/\/www.meydan.tv\/az\/article\/sadiq-sadiqovun-istefasindan-sohbet-gede-bilmez\/","og_site_name":"MEYDAN.TV","article_published_time":"2015-03-30T19:40:29+00:00","og_image":[{"width":410,"height":307,"url":"https:\/\/www.meydan.tv\/wp-content\/uploads\/7945.jpg","type":"image\/jpeg"}],"twitter_card":"summary_large_image","schema":{"@context":"https:\/\/schema.org","@graph":[{"@type":"Article","@id":"https:\/\/www.meydan.tv\/az\/article\/sadiq-sadiqovun-istefasindan-sohbet-gede-bilmez\/#article","isPartOf":{"@id":"https:\/\/www.meydan.tv\/az\/article\/sadiq-sadiqovun-istefasindan-sohbet-gede-bilmez\/"},"author":{"name":"user-manager","@id":"https:\/\/www.meydan.tv\/az\/#\/schema\/person\/10d11eccf6da3662cf5fdab9806ea91a"},"headline":"&#8220;Sad\u0131q Sad\u0131qovun istefas\u0131ndan s\u00f6hb\u0259t ged\u0259 bilm\u0259z&#8221;","datePublished":"2015-03-30T19:40:29+00:00","mainEntityOfPage":{"@id":"https:\/\/www.meydan.tv\/az\/article\/sadiq-sadiqovun-istefasindan-sohbet-gede-bilmez\/"},"wordCount":283,"publisher":{"@id":"https:\/\/www.meydan.tv\/az\/#organization"},"image":{"@id":"https:\/\/www.meydan.tv\/az\/article\/sadiq-sadiqovun-istefasindan-sohbet-gede-bilmez\/#primaryimage"},"thumbnailUrl":"https:\/\/www.meydan.tv\/wp-content\/uploads\/7945.jpg","articleSection":["X\u0259b\u0259rl\u0259r"],"inLanguage":"az"},{"@type":"WebPage","@id":"https:\/\/www.meydan.tv\/az\/article\/sadiq-sadiqovun-istefasindan-sohbet-gede-bilmez\/","url":"https:\/\/www.meydan.tv\/az\/article\/sadiq-sadiqovun-istefasindan-sohbet-gede-bilmez\/","name":"\"Sad\u0131q Sad\u0131qovun istefas\u0131ndan s\u00f6hb\u0259t ged\u0259 bilm\u0259z\" - MEYDAN.TV","isPartOf":{"@id":"https:\/\/www.meydan.tv\/az\/#website"},"primaryImageOfPage":{"@id":"https:\/\/www.meydan.tv\/az\/article\/sadiq-sadiqovun-istefasindan-sohbet-gede-bilmez\/#primaryimage"},"image":{"@id":"https:\/\/www.meydan.tv\/az\/article\/sadiq-sadiqovun-istefasindan-sohbet-gede-bilmez\/#primaryimage"},"thumbnailUrl":"https:\/\/www.meydan.tv\/wp-content\/uploads\/7945.jpg","datePublished":"2015-03-30T19:40:29+00:00","breadcrumb":{"@id":"https:\/\/www.meydan.tv\/az\/article\/sadiq-sadiqovun-istefasindan-sohbet-gede-bilmez\/#breadcrumb"},"inLanguage":"az","potentialAction":[{"@type":"ReadAction","target":["https:\/\/www.meydan.tv\/az\/article\/sadiq-sadiqovun-istefasindan-sohbet-gede-bilmez\/"]}]},{"@type":"ImageObject","inLanguage":"az","@id":"https:\/\/www.meydan.tv\/az\/article\/sadiq-sadiqovun-istefasindan-sohbet-gede-bilmez\/#primaryimage","url":"https:\/\/www.meydan.tv\/wp-content\/uploads\/7945.jpg","contentUrl":"https:\/\/www.meydan.tv\/wp-content\/uploads\/7945.jpg","width":410,"height":307,"caption":"Source:"},{"@type":"BreadcrumbList","@id":"https:\/\/www.meydan.tv\/az\/article\/sadiq-sadiqovun-istefasindan-sohbet-gede-bilmez\/#breadcrumb","itemListElement":[{"@type":"ListItem","position":1,"name":"Ana s\u0259hif\u0259","item":"https:\/\/www.meydan.tv\/az\/"},{"@type":"ListItem","position":2,"name":"X\u0259b\u0259rl\u0259r","item":"https:\/\/www.meydan.tv\/az\/section\/xeberler\/"},{"@type":"ListItem","position":3,"name":"&#8220;Sad\u0131q Sad\u0131qovun istefas\u0131ndan s\u00f6hb\u0259t ged\u0259 bilm\u0259z&#8221;"}]},{"@type":"WebSite","@id":"https:\/\/www.meydan.tv\/az\/#website","url":"https:\/\/www.meydan.tv\/az\/","name":"MEYDAN.TV","description":"Meydan TV Az\u0259rbaycan\u0131n media m\u0259kan\u0131ndak\u0131 alternativ s\u0259sidir","publisher":{"@id":"https:\/\/www.meydan.tv\/az\/#organization"},"potentialAction":[{"@type":"SearchAction","target":{"@type":"EntryPoint","urlTemplate":"https:\/\/www.meydan.tv\/az\/?s={search_term_string}"},"query-input":{"@type":"PropertyValueSpecification","valueRequired":true,"valueName":"search_term_string"}}],"inLanguage":"az"},{"@type":"Organization","@id":"https:\/\/www.meydan.tv\/az\/#organization","name":"Meydan TV","url":"https:\/\/www.meydan.tv\/az\/","logo":{"@type":"ImageObject","inLanguage":"az","@id":"https:\/\/www.meydan.tv\/az\/#\/schema\/logo\/image\/","url":"https:\/\/www.meydan.tv\/wp-content\/uploads\/2021\/07\/meydan-logo.svg","contentUrl":"https:\/\/www.meydan.tv\/wp-content\/uploads\/2021\/07\/meydan-logo.svg","width":195,"height":46,"caption":"Meydan TV"},"image":{"@id":"https:\/\/www.meydan.tv\/az\/#\/schema\/logo\/image\/"}},{"@type":"Person","@id":"https:\/\/www.meydan.tv\/az\/#\/schema\/person\/10d11eccf6da3662cf5fdab9806ea91a","name":"user-manager"}]}},"_links":{"self":[{"href":"https:\/\/www.meydan.tv\/az\/wp-json\/wp\/v2\/posts\/167373","targetHints":{"allow":["GET"]}}],"collection":[{"href":"https:\/\/www.meydan.tv\/az\/wp-json\/wp\/v2\/posts"}],"about":[{"href":"https:\/\/www.meydan.tv\/az\/wp-json\/wp\/v2\/types\/post"}],"author":[{"embeddable":true,"href":"https:\/\/www.meydan.tv\/az\/wp-json\/wp\/v2\/users\/11"}],"replies":[{"embeddable":true,"href":"https:\/\/www.meydan.tv\/az\/wp-json\/wp\/v2\/comments?post=167373"}],"version-history":[{"count":0,"href":"https:\/\/www.meydan.tv\/az\/wp-json\/wp\/v2\/posts\/167373\/revisions"}],"wp:featuredmedia":[{"embeddable":true,"href":"https:\/\/www.meydan.tv\/az\/wp-json\/wp\/v2\/media\/21963"}],"wp:attachment":[{"href":"https:\/\/www.meydan.tv\/az\/wp-json\/wp\/v2\/media?parent=167373"}],"wp:term":[{"taxonomy":"category","embeddable":true,"href":"https:\/\/www.meydan.tv\/az\/wp-json\/wp\/v2\/categories?post=167373"},{"taxonomy":"post_tag","embeddable":true,"href":"https:\/\/www.meydan.tv\/az\/wp-json\/wp\/v2\/tags?post=167373"}],"curies":[{"name":"wp","href":"https:\/\/api.w.org\/{rel}","templated":true}]}}