{"id":167372,"date":"2015-03-30T19:10:08","date_gmt":"2015-03-30T19:10:08","guid":{"rendered":"https:\/\/www.meydan.tv\/article\/avropa-mehkemesi-murad-edilovun-sikayetini-icraata-goturub\/"},"modified":"2015-03-30T19:10:08","modified_gmt":"2015-03-30T19:10:08","slug":"avropa-mehkemesi-murad-edilovun-sikayetini-icraata-goturub","status":"publish","type":"post","link":"https:\/\/www.meydan.tv\/az\/article\/avropa-mehkemesi-murad-edilovun-sikayetini-icraata-goturub\/","title":{"rendered":"Avropa M\u0259hk\u0259m\u0259si Murad \u018fdilovun \u015fikay\u0259tini icraata g\u00f6t\u00fcr\u00fcb"},"content":{"rendered":"<figure class=\"wp-block-image size-large\">\n  <img decoding=\"async\" src=\"https:\/\/www.meydan.tv\/az\/21957\/\" alt=\"\" class=\"wp-image-21957\"\/><figcaption><\/figcaption><\/figure>\n<figure class=\"wp-block-image size-large\">\n  <img decoding=\"async\" src=\"https:\/\/www.meydan.tv\/az\/21957\/\" alt=\"\" class=\"wp-image-21957\"\/><figcaption><\/figcaption><\/figure>\n<p>\n  <i><br \/>\n    Murad \u018fdilovun pis r\u0259ftara m\u0259ruz qalmas\u0131 il\u0259 ba\u011fl\u0131 da daha bir \u015fikay\u0259t Avropa M\u0259hk\u0259m\u0259sin\u0259 haz\u0131rlan\u0131r<br \/>\n  <\/i>\n<\/p>\n<p>\n  AXCP Sabirabad Rayon \u015e\u00f6b\u0259sinin h\u0259bsd\u0259 olan \u00fczv\u00fc Murad \u018fdilovun haqq\u0131nda se\u00e7ilmi\u015f h\u0259bs-q\u0259timkan t\u0259dbiril\u0259 ba\u011fl\u0131 Avropa \u0130nsan Haqlar\u0131 M\u0259hk\u0259m\u0259sin\u0259 edil\u0259n \u015fikay\u0259t icraata g\u00f6t\u00fcr\u00fcl\u00fcb. M\u0259lumat siyasi m\u0259hbusun v\u0259kili Yal\u00e7\u0131n \u0130manova r\u0259smi m\u0259ktubla g\u00f6nd\u0259rilib.\n<\/p>\n<p>\n  M\u0259hbusun Fransada m\u00fchacir h\u0259yat\u0131 ya\u015fayan qarda\u015f\u0131 Natiq \u018fdilov \u00f6z Facebook s\u0259hif\u0259sind\u0259 payla\u015f\u0131b.\n<\/p>\n<p>\n  Sabirabad rayonu X\u0259lf\u0259li k\u0259nd sakini, AXCP \u00fczv\u00fc Murad \u018fdilov avqustun 11-d\u0259 saxlan\u0131l\u0131b. El\u0259 h\u0259min g\u00fcn evl\u0259rind\u0259 axtar\u0131\u015f apar\u0131l\u0131b v\u0259 ona qar\u015f\u0131 narkotik madd\u0259 saxlamaq ittiham\u0131 ir\u0259li s\u00fcr\u00fcl\u00fcb.\n<\/p>\n<p>\n  Avqustun 13-d\u0259 N\u0259rimanov rayon M\u0259hk\u0259m\u0259si onun haqq\u0131nda 3 ayl\u0131q h\u0259bs q\u0259rar\u0131 \u00e7\u0131xar\u0131b. H\u0259bs-q\u0259timkan t\u0259dbiri se\u00e7il\u0259n\u0259 q\u0259d\u0259r v\u0259 ondan iki g\u00fcn sonrayad\u0259k o Ba\u015f M\u00fct\u0259\u015f\u0259kkil Cinay\u0259tkarl\u0131qla M\u00fcbariz\u0259 \u0130dar\u0259sind\u0259 qanunsuz olaraq saxlan\u0131l\u0131b. Bu m\u00fcdd\u0259td\u0259, el\u0259c\u0259 d\u0259 m\u0259hk\u0259m\u0259y\u0259 \u00e7\u0131xark\u0259n ona \u00f6z v\u0259kill\u0259ri il\u0259 t\u0259mas yaratma\u011fa imkan verilm\u0259yib. Bunun \u0259sas s\u0259b\u0259bi Murad \u018fdilova qar\u015f\u0131 i\u015fg\u0259nc\u0259 idi. Saxlan\u0131lark\u0259n \u00f6z irad\u0259si \u0259leyhin\u0259 ifad\u0259 almaq \u00fc\u00e7\u00fcn Murad \u018fdilova \u015fidd\u0259tli m\u0259n\u0259vi v\u0259 fiziki i\u015fg\u0259nc\u0259l\u0259r verils\u0259 d\u0259 o saxta ittiham v\u0259 izahata imza atmaqdan imtina edib. Murad \u018fdilovun pis r\u0259ftara m\u0259ruz qalmas\u0131 il\u0259 ba\u011fl\u0131 da daha bir \u015fikay\u0259t Avropa M\u0259hk\u0259m\u0259sin\u0259 haz\u0131rlan\u0131r.\n<\/p>\n<p>\n  \u00d6t\u0259n il Murad \u018fdilov Az\u0259rbaycandak\u0131 siyasi m\u0259hbuslarla birg\u0259 Saxarov m\u00fckafat\u0131na layiq bilinib.<\/p>\n","protected":false},"excerpt":{"rendered":"<p>Murad \u018fdilovun pis r\u0259ftara m\u0259ruz qalmas\u0131 il\u0259 ba\u011fl\u0131 da daha bir \u015fikay\u0259t Avropa M\u0259hk\u0259m\u0259sin\u0259 haz\u0131rlan\u0131r<\/p>\n","protected":false},"author":11,"featured_media":21957,"comment_status":"closed","ping_status":"open","sticky":false,"template":"","format":"standard","meta":{"_acf_changed":false,"_sitemap_exclude":false,"_sitemap_priority":"","_sitemap_frequency":"","footnotes":""},"categories":[56],"tags":[],"class_list":["post-167372","post","type-post","status-publish","format-standard","has-post-thumbnail","hentry","category-xeberler","infinite-scroll-item","generate-columns","tablet-grid-50","mobile-grid-100","grid-parent","grid-33","no-featured-image-padding"],"acf":[],"yoast_head":"<!-- This site is optimized with the Yoast SEO plugin v28.4 - https:\/\/yoast.com\/product\/yoast-seo-wordpress\/ -->\n<title>Avropa M\u0259hk\u0259m\u0259si Murad \u018fdilovun \u015fikay\u0259tini icraata g\u00f6t\u00fcr\u00fcb - MEYDAN.TV<\/title>\n<meta name=\"robots\" content=\"index, follow, max-snippet:-1, max-image-preview:large, max-video-preview:-1\" \/>\n<link rel=\"canonical\" href=\"https:\/\/www.meydan.tv\/az\/article\/avropa-mehkemesi-murad-edilovun-sikayetini-icraata-goturub\/\" \/>\n<meta property=\"og:locale\" content=\"az_AZ\" \/>\n<meta property=\"og:type\" content=\"article\" \/>\n<meta property=\"og:title\" content=\"Avropa M\u0259hk\u0259m\u0259si Murad \u018fdilovun \u015fikay\u0259tini icraata g\u00f6t\u00fcr\u00fcb - MEYDAN.TV\" \/>\n<meta property=\"og:description\" content=\"Murad \u018fdilovun pis r\u0259ftara m\u0259ruz qalmas\u0131 il\u0259 ba\u011fl\u0131 da daha bir \u015fikay\u0259t Avropa M\u0259hk\u0259m\u0259sin\u0259 haz\u0131rlan\u0131r\" \/>\n<meta property=\"og:url\" content=\"https:\/\/www.meydan.tv\/az\/article\/avropa-mehkemesi-murad-edilovun-sikayetini-icraata-goturub\/\" \/>\n<meta property=\"og:site_name\" content=\"MEYDAN.TV\" \/>\n<meta property=\"article:published_time\" content=\"2015-03-30T19:10:08+00:00\" \/>\n<meta property=\"og:image\" content=\"https:\/\/www.meydan.tv\/wp-content\/uploads\/7944.jpg\" \/>\n\t<meta property=\"og:image:width\" content=\"351\" \/>\n\t<meta property=\"og:image:height\" content=\"280\" \/>\n\t<meta property=\"og:image:type\" content=\"image\/jpeg\" \/>\n<meta name=\"twitter:card\" content=\"summary_large_image\" \/>\n<!-- \/ Yoast SEO plugin. -->","yoast_head_json":{"title":"Avropa M\u0259hk\u0259m\u0259si Murad \u018fdilovun \u015fikay\u0259tini icraata g\u00f6t\u00fcr\u00fcb - MEYDAN.TV","robots":{"index":"index","follow":"follow","max-snippet":"max-snippet:-1","max-image-preview":"max-image-preview:large","max-video-preview":"max-video-preview:-1"},"canonical":"https:\/\/www.meydan.tv\/az\/article\/avropa-mehkemesi-murad-edilovun-sikayetini-icraata-goturub\/","og_locale":"az_AZ","og_type":"article","og_title":"Avropa M\u0259hk\u0259m\u0259si Murad \u018fdilovun \u015fikay\u0259tini icraata g\u00f6t\u00fcr\u00fcb - MEYDAN.TV","og_description":"Murad \u018fdilovun pis r\u0259ftara m\u0259ruz qalmas\u0131 il\u0259 ba\u011fl\u0131 da daha bir \u015fikay\u0259t Avropa M\u0259hk\u0259m\u0259sin\u0259 haz\u0131rlan\u0131r","og_url":"https:\/\/www.meydan.tv\/az\/article\/avropa-mehkemesi-murad-edilovun-sikayetini-icraata-goturub\/","og_site_name":"MEYDAN.TV","article_published_time":"2015-03-30T19:10:08+00:00","og_image":[{"width":351,"height":280,"url":"https:\/\/www.meydan.tv\/wp-content\/uploads\/7944.jpg","type":"image\/jpeg"}],"twitter_card":"summary_large_image","schema":{"@context":"https:\/\/schema.org","@graph":[{"@type":"Article","@id":"https:\/\/www.meydan.tv\/az\/article\/avropa-mehkemesi-murad-edilovun-sikayetini-icraata-goturub\/#article","isPartOf":{"@id":"https:\/\/www.meydan.tv\/az\/article\/avropa-mehkemesi-murad-edilovun-sikayetini-icraata-goturub\/"},"author":{"name":"user-manager","@id":"https:\/\/www.meydan.tv\/az\/#\/schema\/person\/10d11eccf6da3662cf5fdab9806ea91a"},"headline":"Avropa M\u0259hk\u0259m\u0259si Murad \u018fdilovun \u015fikay\u0259tini icraata g\u00f6t\u00fcr\u00fcb","datePublished":"2015-03-30T19:10:08+00:00","mainEntityOfPage":{"@id":"https:\/\/www.meydan.tv\/az\/article\/avropa-mehkemesi-murad-edilovun-sikayetini-icraata-goturub\/"},"wordCount":323,"publisher":{"@id":"https:\/\/www.meydan.tv\/az\/#organization"},"image":{"@id":"https:\/\/www.meydan.tv\/az\/article\/avropa-mehkemesi-murad-edilovun-sikayetini-icraata-goturub\/#primaryimage"},"thumbnailUrl":"https:\/\/www.meydan.tv\/wp-content\/uploads\/7944.jpg","articleSection":["X\u0259b\u0259rl\u0259r"],"inLanguage":"az"},{"@type":"WebPage","@id":"https:\/\/www.meydan.tv\/az\/article\/avropa-mehkemesi-murad-edilovun-sikayetini-icraata-goturub\/","url":"https:\/\/www.meydan.tv\/az\/article\/avropa-mehkemesi-murad-edilovun-sikayetini-icraata-goturub\/","name":"Avropa M\u0259hk\u0259m\u0259si Murad \u018fdilovun \u015fikay\u0259tini icraata g\u00f6t\u00fcr\u00fcb - MEYDAN.TV","isPartOf":{"@id":"https:\/\/www.meydan.tv\/az\/#website"},"primaryImageOfPage":{"@id":"https:\/\/www.meydan.tv\/az\/article\/avropa-mehkemesi-murad-edilovun-sikayetini-icraata-goturub\/#primaryimage"},"image":{"@id":"https:\/\/www.meydan.tv\/az\/article\/avropa-mehkemesi-murad-edilovun-sikayetini-icraata-goturub\/#primaryimage"},"thumbnailUrl":"https:\/\/www.meydan.tv\/wp-content\/uploads\/7944.jpg","datePublished":"2015-03-30T19:10:08+00:00","breadcrumb":{"@id":"https:\/\/www.meydan.tv\/az\/article\/avropa-mehkemesi-murad-edilovun-sikayetini-icraata-goturub\/#breadcrumb"},"inLanguage":"az","potentialAction":[{"@type":"ReadAction","target":["https:\/\/www.meydan.tv\/az\/article\/avropa-mehkemesi-murad-edilovun-sikayetini-icraata-goturub\/"]}]},{"@type":"ImageObject","inLanguage":"az","@id":"https:\/\/www.meydan.tv\/az\/article\/avropa-mehkemesi-murad-edilovun-sikayetini-icraata-goturub\/#primaryimage","url":"https:\/\/www.meydan.tv\/wp-content\/uploads\/7944.jpg","contentUrl":"https:\/\/www.meydan.tv\/wp-content\/uploads\/7944.jpg","width":351,"height":280,"caption":"Source:"},{"@type":"BreadcrumbList","@id":"https:\/\/www.meydan.tv\/az\/article\/avropa-mehkemesi-murad-edilovun-sikayetini-icraata-goturub\/#breadcrumb","itemListElement":[{"@type":"ListItem","position":1,"name":"Ana s\u0259hif\u0259","item":"https:\/\/www.meydan.tv\/az\/"},{"@type":"ListItem","position":2,"name":"X\u0259b\u0259rl\u0259r","item":"https:\/\/www.meydan.tv\/az\/section\/xeberler\/"},{"@type":"ListItem","position":3,"name":"Avropa M\u0259hk\u0259m\u0259si Murad \u018fdilovun \u015fikay\u0259tini icraata g\u00f6t\u00fcr\u00fcb"}]},{"@type":"WebSite","@id":"https:\/\/www.meydan.tv\/az\/#website","url":"https:\/\/www.meydan.tv\/az\/","name":"MEYDAN.TV","description":"Meydan TV Az\u0259rbaycan\u0131n media m\u0259kan\u0131ndak\u0131 alternativ s\u0259sidir","publisher":{"@id":"https:\/\/www.meydan.tv\/az\/#organization"},"potentialAction":[{"@type":"SearchAction","target":{"@type":"EntryPoint","urlTemplate":"https:\/\/www.meydan.tv\/az\/?s={search_term_string}"},"query-input":{"@type":"PropertyValueSpecification","valueRequired":true,"valueName":"search_term_string"}}],"inLanguage":"az"},{"@type":"Organization","@id":"https:\/\/www.meydan.tv\/az\/#organization","name":"Meydan TV","url":"https:\/\/www.meydan.tv\/az\/","logo":{"@type":"ImageObject","inLanguage":"az","@id":"https:\/\/www.meydan.tv\/az\/#\/schema\/logo\/image\/","url":"https:\/\/www.meydan.tv\/wp-content\/uploads\/2021\/07\/meydan-logo.svg","contentUrl":"https:\/\/www.meydan.tv\/wp-content\/uploads\/2021\/07\/meydan-logo.svg","width":195,"height":46,"caption":"Meydan TV"},"image":{"@id":"https:\/\/www.meydan.tv\/az\/#\/schema\/logo\/image\/"}},{"@type":"Person","@id":"https:\/\/www.meydan.tv\/az\/#\/schema\/person\/10d11eccf6da3662cf5fdab9806ea91a","name":"user-manager"}]}},"_links":{"self":[{"href":"https:\/\/www.meydan.tv\/az\/wp-json\/wp\/v2\/posts\/167372","targetHints":{"allow":["GET"]}}],"collection":[{"href":"https:\/\/www.meydan.tv\/az\/wp-json\/wp\/v2\/posts"}],"about":[{"href":"https:\/\/www.meydan.tv\/az\/wp-json\/wp\/v2\/types\/post"}],"author":[{"embeddable":true,"href":"https:\/\/www.meydan.tv\/az\/wp-json\/wp\/v2\/users\/11"}],"replies":[{"embeddable":true,"href":"https:\/\/www.meydan.tv\/az\/wp-json\/wp\/v2\/comments?post=167372"}],"version-history":[{"count":0,"href":"https:\/\/www.meydan.tv\/az\/wp-json\/wp\/v2\/posts\/167372\/revisions"}],"wp:featuredmedia":[{"embeddable":true,"href":"https:\/\/www.meydan.tv\/az\/wp-json\/wp\/v2\/media\/21957"}],"wp:attachment":[{"href":"https:\/\/www.meydan.tv\/az\/wp-json\/wp\/v2\/media?parent=167372"}],"wp:term":[{"taxonomy":"category","embeddable":true,"href":"https:\/\/www.meydan.tv\/az\/wp-json\/wp\/v2\/categories?post=167372"},{"taxonomy":"post_tag","embeddable":true,"href":"https:\/\/www.meydan.tv\/az\/wp-json\/wp\/v2\/tags?post=167372"}],"curies":[{"name":"wp","href":"https:\/\/api.w.org\/{rel}","templated":true}]}}